{"id":214602,"date":"2026-02-16T11:43:00","date_gmt":"2026-02-16T14:43:00","guid":{"rendered":"https:\/\/portaltela.pt\/noticias\/2026\/02\/16\/jovem-detido-pela-gnr-por-roubo-com-arma-branca-em-vila-do-conde\/"},"modified":"2026-02-16T11:43:00","modified_gmt":"2026-02-16T14:43:00","slug":"jovem-detido-pela-gnr-por-roubo-com-arma-branca-em-vila-do-conde","status":"publish","type":"post","link":"https:\/\/portaltela.pt\/noticias\/2026\/02\/16\/jovem-detido-pela-gnr-por-roubo-com-arma-branca-em-vila-do-conde\/","title":{"rendered":"Jovem detido pela GNR por roubo com arma branca em Vila do Conde"},"content":{"rendered":"<p>Um jovem de 19 anos foi detido pela GNR na quinta-feira, em Vila do Conde, por roubo com recurso a arma branca. A deten\u00e7\u00e3o ocorreu no \u00e2mbito de uma investiga\u00e7\u00e3o em curso, com a guarda a localizar e identificar o suspeito.<\/p>\n<p>A v\u00edtima foi um rapaz de 18 anos, alvo do crime. O suspeito ter\u00e1 amea\u00e7ado e agredido o outro com uma arma branca, levando v\u00e1rios bens. A v\u00edtima sofreu ferimentos num bra\u00e7o e recebeu tratamento hospitalar.<\/p>\n<h3>Detalhes do caso<\/h3>\n<p>O detido tem antecedentes criminais por crimes da mesma natureza. Foi apresentado a primeiro interrogat\u00f3rio judicial no Tribunal de Matosinhos e ficou em pris\u00e3o preventiva.<\/p>\n","protected":false},"excerpt":{"rendered":"<ul>\n<li>A GNR deteve, na quinta-feira, em Vila do Conde, um jovem de 19 anos por roubo com arma branca.<\/li>\n<li>O suspeito abordou a v\u00edtima, um jovem de 18 anos, e, ap\u00f3s amea\u00e7ar com a arma, subtraiu v\u00e1rios bens.<\/li>\n<li>A v\u00edtima ficou com ferimentos no bra\u00e7o e foi encaminhada para tratamento hospitalar.<\/li>\n<li>A deten\u00e7\u00e3o ocorreu no \u00e2mbito de uma investiga\u00e7\u00e3o em curso, com localiza\u00e7\u00e3o e identifica\u00e7\u00e3o do suspeito pelos militares.<\/li>\n<li>O jovem tem antecedentes por crimes da mesma natureza e ficou em pris\u00e3o preventiva ap\u00f3s o primeiro interrogat\u00f3rio judicial no Tribunal de Matosinhos.<\/li>\n<\/ul>\n","protected":false},"author":2,"featured_media":214607,"comment_status":"closed","ping_status":"closed","sticky":false,"template":"","format":"standard","meta":{"footnotes":""},"categories":[1],"tags":[4823,4139,1380,4343,203,1546],"class_list":["post-214602","post","type-post","status-publish","format-standard","has-post-thumbnail","hentry","category-noticias","tag-armas-brancas","tag-detencao","tag-gnr","tag-prisoes","tag-roubo","tag-vila-do-conde"],"yoast_head":"<!-- This site is optimized with the Yoast SEO plugin v27.2 - https:\/\/yoast.com\/product\/yoast-seo-wordpress\/ -->\n<title>Jovem detido pela GNR por roubo com arma branca em Vila do Conde - Portal Tela Portugal<\/title>\n<meta name=\"robots\" content=\"index, follow, max-snippet:-1, max-image-preview:large, max-video-preview:-1\" \/>\n<meta property=\"og:locale\" content=\"pt_PT\" \/>\n<meta property=\"og:type\" content=\"article\" \/>\n<meta property=\"og:title\" content=\"Jovem detido pela GNR por roubo com arma branca em Vila do Conde - Portal Tela Portugal\" \/>\n<meta property=\"og:description\" content=\"A GNR deteve, na quinta-feira, em Vila do Conde, um jovem de 19 anos por roubo com arma branca. O suspeito abordou a v\u00edtima, um jovem de 18 anos, e, ap\u00f3s amea\u00e7ar com a arma, subtraiu v\u00e1rios bens. A v\u00edtima ficou com ferimentos no bra\u00e7o e foi encaminhada para tratamento hospitalar. A deten\u00e7\u00e3o ocorreu no \u00e2mbito de uma investiga\u00e7\u00e3o em curso, com localiza\u00e7\u00e3o e identifica\u00e7\u00e3o do suspeito pelos militares. O jovem tem antecedentes por crimes da mesma natureza e ficou em pris\u00e3o preventiva ap\u00f3s o primeiro interrogat\u00f3rio judicial no Tribunal de Matosinhos.\" \/>\n<meta property=\"og:url\" content=\"https:\/\/portaltela.pt\/noticias\/2026\/02\/16\/jovem-detido-pela-gnr-por-roubo-com-arma-branca-em-vila-do-conde\/\" \/>\n<meta property=\"og:site_name\" content=\"Portal Tela Portugal\" \/>\n<meta property=\"article:published_time\" content=\"2026-02-16T14:43:00+00:00\" \/>\n<meta name=\"author\" content=\"Telinha\" \/>\n<meta name=\"twitter:card\" content=\"summary_large_image\" \/>\n<meta name=\"twitter:label1\" content=\"Escrito por\" \/>\n\t<meta name=\"twitter:data1\" content=\"Telinha\" \/>\n\t<meta name=\"twitter:label2\" content=\"Tempo estimado de leitura\" \/>\n\t<meta name=\"twitter:data2\" content=\"1 minuto\" \/>\n<script type=\"application\/ld+json\" class=\"yoast-schema-graph\">{\"@context\":\"https:\/\/schema.org\",\"@graph\":[{\"@type\":\"Article\",\"@id\":\"https:\/\/portaltela.pt\/noticias\/2026\/02\/16\/jovem-detido-pela-gnr-por-roubo-com-arma-branca-em-vila-do-conde\/#article\",\"isPartOf\":{\"@id\":\"https:\/\/portaltela.pt\/noticias\/2026\/02\/16\/jovem-detido-pela-gnr-por-roubo-com-arma-branca-em-vila-do-conde\/\"},\"author\":{\"name\":\"Telinha\",\"@id\":\"https:\/\/portaltela.pt\/#\/schema\/person\/c4278d4a6028830caff9ee44b42d32ed\"},\"headline\":\"Jovem detido pela GNR por roubo com arma branca em Vila do Conde\",\"datePublished\":\"2026-02-16T14:43:00+00:00\",\"mainEntityOfPage\":{\"@id\":\"https:\/\/portaltela.pt\/noticias\/2026\/02\/16\/jovem-detido-pela-gnr-por-roubo-com-arma-branca-em-vila-do-conde\/\"},\"wordCount\":125,\"image\":{\"@id\":\"https:\/\/portaltela.pt\/noticias\/2026\/02\/16\/jovem-detido-pela-gnr-por-roubo-com-arma-branca-em-vila-do-conde\/#primaryimage\"},\"thumbnailUrl\":\"https:\/\/portaltela.pt\/s.01k8rhncp4jt1\/2026\/02\/img_1500x1000uu2025-10-19-11-57-36-2242573-im-638981111476869310.jpg\",\"keywords\":[\"armas brancas\",\"deten\u00e7\u00e3o\",\"GNR\",\"pris\u00f5es\",\"roubo\",\"Vila do Conde\"],\"articleSection\":[\"Not\u00edcias\"],\"inLanguage\":\"pt-PT\"},{\"@type\":\"WebPage\",\"@id\":\"https:\/\/portaltela.pt\/noticias\/2026\/02\/16\/jovem-detido-pela-gnr-por-roubo-com-arma-branca-em-vila-do-conde\/\",\"url\":\"https:\/\/portaltela.pt\/noticias\/2026\/02\/16\/jovem-detido-pela-gnr-por-roubo-com-arma-branca-em-vila-do-conde\/\",\"name\":\"Jovem detido pela GNR por roubo com arma branca em Vila do Conde - Portal Tela Portugal\",\"isPartOf\":{\"@id\":\"https:\/\/portaltela.pt\/#website\"},\"primaryImageOfPage\":{\"@id\":\"https:\/\/portaltela.pt\/noticias\/2026\/02\/16\/jovem-detido-pela-gnr-por-roubo-com-arma-branca-em-vila-do-conde\/#primaryimage\"},\"image\":{\"@id\":\"https:\/\/portaltela.pt\/noticias\/2026\/02\/16\/jovem-detido-pela-gnr-por-roubo-com-arma-branca-em-vila-do-conde\/#primaryimage\"},\"thumbnailUrl\":\"https:\/\/portaltela.pt\/s.01k8rhncp4jt1\/2026\/02\/img_1500x1000uu2025-10-19-11-57-36-2242573-im-638981111476869310.jpg\",\"datePublished\":\"2026-02-16T14:43:00+00:00\",\"author\":{\"@id\":\"https:\/\/portaltela.pt\/#\/schema\/person\/c4278d4a6028830caff9ee44b42d32ed\"},\"breadcrumb\":{\"@id\":\"https:\/\/portaltela.pt\/noticias\/2026\/02\/16\/jovem-detido-pela-gnr-por-roubo-com-arma-branca-em-vila-do-conde\/#breadcrumb\"},\"inLanguage\":\"pt-PT\",\"potentialAction\":[{\"@type\":\"ReadAction\",\"target\":[\"https:\/\/portaltela.pt\/noticias\/2026\/02\/16\/jovem-detido-pela-gnr-por-roubo-com-arma-branca-em-vila-do-conde\/\"]}]},{\"@type\":\"ImageObject\",\"inLanguage\":\"pt-PT\",\"@id\":\"https:\/\/portaltela.pt\/noticias\/2026\/02\/16\/jovem-detido-pela-gnr-por-roubo-com-arma-branca-em-vila-do-conde\/#primaryimage\",\"url\":\"https:\/\/portaltela.pt\/s.01k8rhncp4jt1\/2026\/02\/img_1500x1000uu2025-10-19-11-57-36-2242573-im-638981111476869310.jpg\",\"contentUrl\":\"https:\/\/portaltela.pt\/s.01k8rhncp4jt1\/2026\/02\/img_1500x1000uu2025-10-19-11-57-36-2242573-im-638981111476869310.jpg\",\"width\":796,\"height\":448,\"caption\":\"Militares da Guarda efetuaram deten\u00e7\u00e3o em Vila do Conde\"},{\"@type\":\"BreadcrumbList\",\"@id\":\"https:\/\/portaltela.pt\/noticias\/2026\/02\/16\/jovem-detido-pela-gnr-por-roubo-com-arma-branca-em-vila-do-conde\/#breadcrumb\",\"itemListElement\":[{\"@type\":\"ListItem\",\"position\":1,\"name\":\"In\u00edcio\",\"item\":\"https:\/\/portaltela.pt\/\"},{\"@type\":\"ListItem\",\"position\":2,\"name\":\"Jovem detido pela GNR por roubo com arma branca em Vila do Conde\"}]},{\"@type\":\"WebSite\",\"@id\":\"https:\/\/portaltela.pt\/#website\",\"url\":\"https:\/\/portaltela.pt\/\",\"name\":\"Portal Tela Portugal\",\"description\":\"\",\"potentialAction\":[{\"@type\":\"SearchAction\",\"target\":{\"@type\":\"EntryPoint\",\"urlTemplate\":\"https:\/\/portaltela.pt\/?s={search_term_string}\"},\"query-input\":{\"@type\":\"PropertyValueSpecification\",\"valueRequired\":true,\"valueName\":\"search_term_string\"}}],\"inLanguage\":\"pt-PT\"},{\"@type\":\"Person\",\"@id\":\"https:\/\/portaltela.pt\/#\/schema\/person\/c4278d4a6028830caff9ee44b42d32ed\",\"name\":\"Telinha\",\"image\":{\"@type\":\"ImageObject\",\"inLanguage\":\"pt-PT\",\"@id\":\"https:\/\/portaltela.pt\/s.01k8rhncp4jt1\/2025\/11\/talking-bot-125x125.png\",\"url\":\"https:\/\/portaltela.pt\/s.01k8rhncp4jt1\/2025\/11\/talking-bot-125x125.png\",\"contentUrl\":\"https:\/\/portaltela.pt\/s.01k8rhncp4jt1\/2025\/11\/talking-bot-125x125.png\",\"caption\":\"Telinha\"},\"sameAs\":[\"https:\/\/portaltela.pt\/\"],\"url\":\"https:\/\/portaltela.pt\/por\/367410592786\/\"}]}<\/script>\n<!-- \/ Yoast SEO plugin. -->","yoast_head_json":{"title":"Jovem detido pela GNR por roubo com arma branca em Vila do Conde - Portal Tela Portugal","robots":{"index":"index","follow":"follow","max-snippet":"max-snippet:-1","max-image-preview":"max-image-preview:large","max-video-preview":"max-video-preview:-1"},"og_locale":"pt_PT","og_type":"article","og_title":"Jovem detido pela GNR por roubo com arma branca em Vila do Conde - Portal Tela Portugal","og_description":"A GNR deteve, na quinta-feira, em Vila do Conde, um jovem de 19 anos por roubo com arma branca. O suspeito abordou a v\u00edtima, um jovem de 18 anos, e, ap\u00f3s amea\u00e7ar com a arma, subtraiu v\u00e1rios bens. A v\u00edtima ficou com ferimentos no bra\u00e7o e foi encaminhada para tratamento hospitalar. A deten\u00e7\u00e3o ocorreu no \u00e2mbito de uma investiga\u00e7\u00e3o em curso, com localiza\u00e7\u00e3o e identifica\u00e7\u00e3o do suspeito pelos militares. O jovem tem antecedentes por crimes da mesma natureza e ficou em pris\u00e3o preventiva ap\u00f3s o primeiro interrogat\u00f3rio judicial no Tribunal de Matosinhos.","og_url":"https:\/\/portaltela.pt\/noticias\/2026\/02\/16\/jovem-detido-pela-gnr-por-roubo-com-arma-branca-em-vila-do-conde\/","og_site_name":"Portal Tela Portugal","article_published_time":"2026-02-16T14:43:00+00:00","author":"Telinha","twitter_card":"summary_large_image","twitter_misc":{"Escrito por":"Telinha","Tempo estimado de leitura":"1 minuto"},"schema":{"@context":"https:\/\/schema.org","@graph":[{"@type":"Article","@id":"https:\/\/portaltela.pt\/noticias\/2026\/02\/16\/jovem-detido-pela-gnr-por-roubo-com-arma-branca-em-vila-do-conde\/#article","isPartOf":{"@id":"https:\/\/portaltela.pt\/noticias\/2026\/02\/16\/jovem-detido-pela-gnr-por-roubo-com-arma-branca-em-vila-do-conde\/"},"author":{"name":"Telinha","@id":"https:\/\/portaltela.pt\/#\/schema\/person\/c4278d4a6028830caff9ee44b42d32ed"},"headline":"Jovem detido pela GNR por roubo com arma branca em Vila do Conde","datePublished":"2026-02-16T14:43:00+00:00","mainEntityOfPage":{"@id":"https:\/\/portaltela.pt\/noticias\/2026\/02\/16\/jovem-detido-pela-gnr-por-roubo-com-arma-branca-em-vila-do-conde\/"},"wordCount":125,"image":{"@id":"https:\/\/portaltela.pt\/noticias\/2026\/02\/16\/jovem-detido-pela-gnr-por-roubo-com-arma-branca-em-vila-do-conde\/#primaryimage"},"thumbnailUrl":"https:\/\/portaltela.pt\/s.01k8rhncp4jt1\/2026\/02\/img_1500x1000uu2025-10-19-11-57-36-2242573-im-638981111476869310.jpg","keywords":["armas brancas","deten\u00e7\u00e3o","GNR","pris\u00f5es","roubo","Vila do Conde"],"articleSection":["Not\u00edcias"],"inLanguage":"pt-PT"},{"@type":"WebPage","@id":"https:\/\/portaltela.pt\/noticias\/2026\/02\/16\/jovem-detido-pela-gnr-por-roubo-com-arma-branca-em-vila-do-conde\/","url":"https:\/\/portaltela.pt\/noticias\/2026\/02\/16\/jovem-detido-pela-gnr-por-roubo-com-arma-branca-em-vila-do-conde\/","name":"Jovem detido pela GNR por roubo com arma branca em Vila do Conde - Portal Tela Portugal","isPartOf":{"@id":"https:\/\/portaltela.pt\/#website"},"primaryImageOfPage":{"@id":"https:\/\/portaltela.pt\/noticias\/2026\/02\/16\/jovem-detido-pela-gnr-por-roubo-com-arma-branca-em-vila-do-conde\/#primaryimage"},"image":{"@id":"https:\/\/portaltela.pt\/noticias\/2026\/02\/16\/jovem-detido-pela-gnr-por-roubo-com-arma-branca-em-vila-do-conde\/#primaryimage"},"thumbnailUrl":"https:\/\/portaltela.pt\/s.01k8rhncp4jt1\/2026\/02\/img_1500x1000uu2025-10-19-11-57-36-2242573-im-638981111476869310.jpg","datePublished":"2026-02-16T14:43:00+00:00","author":{"@id":"https:\/\/portaltela.pt\/#\/schema\/person\/c4278d4a6028830caff9ee44b42d32ed"},"breadcrumb":{"@id":"https:\/\/portaltela.pt\/noticias\/2026\/02\/16\/jovem-detido-pela-gnr-por-roubo-com-arma-branca-em-vila-do-conde\/#breadcrumb"},"inLanguage":"pt-PT","potentialAction":[{"@type":"ReadAction","target":["https:\/\/portaltela.pt\/noticias\/2026\/02\/16\/jovem-detido-pela-gnr-por-roubo-com-arma-branca-em-vila-do-conde\/"]}]},{"@type":"ImageObject","inLanguage":"pt-PT","@id":"https:\/\/portaltela.pt\/noticias\/2026\/02\/16\/jovem-detido-pela-gnr-por-roubo-com-arma-branca-em-vila-do-conde\/#primaryimage","url":"https:\/\/portaltela.pt\/s.01k8rhncp4jt1\/2026\/02\/img_1500x1000uu2025-10-19-11-57-36-2242573-im-638981111476869310.jpg","contentUrl":"https:\/\/portaltela.pt\/s.01k8rhncp4jt1\/2026\/02\/img_1500x1000uu2025-10-19-11-57-36-2242573-im-638981111476869310.jpg","width":796,"height":448,"caption":"Militares da Guarda efetuaram deten\u00e7\u00e3o em Vila do Conde"},{"@type":"BreadcrumbList","@id":"https:\/\/portaltela.pt\/noticias\/2026\/02\/16\/jovem-detido-pela-gnr-por-roubo-com-arma-branca-em-vila-do-conde\/#breadcrumb","itemListElement":[{"@type":"ListItem","position":1,"name":"In\u00edcio","item":"https:\/\/portaltela.pt\/"},{"@type":"ListItem","position":2,"name":"Jovem detido pela GNR por roubo com arma branca em Vila do Conde"}]},{"@type":"WebSite","@id":"https:\/\/portaltela.pt\/#website","url":"https:\/\/portaltela.pt\/","name":"Portal Tela Portugal","description":"","potentialAction":[{"@type":"SearchAction","target":{"@type":"EntryPoint","urlTemplate":"https:\/\/portaltela.pt\/?s={search_term_string}"},"query-input":{"@type":"PropertyValueSpecification","valueRequired":true,"valueName":"search_term_string"}}],"inLanguage":"pt-PT"},{"@type":"Person","@id":"https:\/\/portaltela.pt\/#\/schema\/person\/c4278d4a6028830caff9ee44b42d32ed","name":"Telinha","image":{"@type":"ImageObject","inLanguage":"pt-PT","@id":"https:\/\/portaltela.pt\/s.01k8rhncp4jt1\/2025\/11\/talking-bot-125x125.png","url":"https:\/\/portaltela.pt\/s.01k8rhncp4jt1\/2025\/11\/talking-bot-125x125.png","contentUrl":"https:\/\/portaltela.pt\/s.01k8rhncp4jt1\/2025\/11\/talking-bot-125x125.png","caption":"Telinha"},"sameAs":["https:\/\/portaltela.pt\/"],"url":"https:\/\/portaltela.pt\/por\/367410592786\/"}]}},"_links":{"self":[{"href":"https:\/\/portaltela.pt\/api\/wp\/v2\/posts\/214602","targetHints":{"allow":["GET"]}}],"collection":[{"href":"https:\/\/portaltela.pt\/api\/wp\/v2\/posts"}],"about":[{"href":"https:\/\/portaltela.pt\/api\/wp\/v2\/types\/post"}],"author":[{"embeddable":true,"href":"https:\/\/portaltela.pt\/api\/wp\/v2\/users\/2"}],"replies":[{"embeddable":true,"href":"https:\/\/portaltela.pt\/api\/wp\/v2\/comments?post=214602"}],"version-history":[{"count":0,"href":"https:\/\/portaltela.pt\/api\/wp\/v2\/posts\/214602\/revisions"}],"wp:featuredmedia":[{"embeddable":true,"href":"https:\/\/portaltela.pt\/api\/wp\/v2\/media\/214607"}],"wp:attachment":[{"href":"https:\/\/portaltela.pt\/api\/wp\/v2\/media?parent=214602"}],"wp:term":[{"taxonomy":"category","embeddable":true,"href":"https:\/\/portaltela.pt\/api\/wp\/v2\/categories?post=214602"},{"taxonomy":"post_tag","embeddable":true,"href":"https:\/\/portaltela.pt\/api\/wp\/v2\/tags?post=214602"}],"curies":[{"name":"wp","href":"https:\/\/api.w.org\/{rel}","templated":true}]}}