{"id":214573,"date":"2026-02-16T11:32:17","date_gmt":"2026-02-16T14:32:17","guid":{"rendered":"https:\/\/portaltela.pt\/noticias\/2026\/02\/16\/franca-criancas-expostas-a-metais-pesados-em-alimentos-diarios\/"},"modified":"2026-02-16T11:32:17","modified_gmt":"2026-02-16T14:32:17","slug":"franca-criancas-expostas-a-metais-pesados-em-alimentos-diarios","status":"publish","type":"post","link":"https:\/\/portaltela.pt\/noticias\/2026\/02\/16\/franca-criancas-expostas-a-metais-pesados-em-alimentos-diarios\/","title":{"rendered":"Fran\u00e7a: crian\u00e7as expostas a metais pesados em alimentos di\u00e1rios"},"content":{"rendered":"<p>A Fran\u00e7a est\u00e1 a enfrentar um alerta de sa\u00fade p\u00fablica ligado \u00e0 alimenta\u00e7\u00e3o di\u00e1ria de crian\u00e7as. Um estudo da ANSES, ainda em fase inicial, aponta exposi\u00e7\u00e3o a metais pesados como c\u00e1dmio, alum\u00ednio e merc\u00fario, bem como \u00e0 acrilamida, formada em cozimento a altas temperaturas. Os resultados sugerem riscos potenciais para a sa\u00fade infantil.<\/p>\n<p>A pesquisa, designada TDS3, envolve a recolha de mais de 700 amostras de produtos de supermercados e mercados de tr\u00eas regi\u00f5es francesas entre maio de 2021 e agosto de 2022. As amostras cobriram mais de 90% da dieta t\u00edpica e foram analisadas ap\u00f3s prepara\u00e7\u00e3o para consumo.<\/p>\n<p>Os investigadores relacionam os contaminantes a diferentes categorias alimentares: c\u00e1dmio em cereais de pequeno-almo\u00e7o, alum\u00ednio em pastelaria e bolachas, chumbo em p\u00e3o, merc\u00fario em peixe e acrilamida em fritos. Apesar de quedas em m\u00e9dias, persistem fontes de exposi\u00e7\u00e3o relevantes.<\/p>\n<p>Segundo V\u00e9ronique Sirot e Morgane Champion, h\u00e1 \u00e1reas de preocupa\u00e7\u00e3o, sobretudo com pastelaria e bolachas, que podem conter metais em tra\u00e7os e ter baixo valor nutricional. Legumes apresentaram n\u00fameros ligeiramente superiores, sem invalidar benef\u00edcios nutricionais.<\/p>\n<p>Entre as conclus\u00f5es, 23% a 27% das crian\u00e7as com mais de tr\u00eas anos excederam a dose di\u00e1ria toler\u00e1vel de c\u00e1dmio, segundo a EFSA. J\u00e1 76% estiveram expostas a alum\u00ednio acima do n\u00edvel de refer\u00eancia toxicol\u00f3gico, em compara\u00e7\u00e3o com 39% dos adultos.<\/p>\n<p>Os n\u00edveis de merc\u00fario no peixe mantiveram-se relativamente est\u00e1veis face a estudos anteriores. Champion sublinha que peixes predadores como o atum concentram metilmerc\u00fario, mas refor\u00e7a os benef\u00edcios nutricionais do peixe, recomendando duas por\u00e7\u00f5es semanais, com uma de peixe gordo.<\/p>\n<p>Melhorias observadas incluem a redu\u00e7\u00e3o da exposi\u00e7\u00e3o ao chumbo, em crian\u00e7as e adultos, atribu\u00edda a pol\u00edticas p\u00fablicas como a proibi\u00e7\u00e3o de gasolina com chumbo. Ainda assim, a \u00e1gua continua a ser uma fonte relevante de exposi\u00e7\u00e3o ao chumbo, juntamente com p\u00e3o e legumes.<\/p>\n<p>A exposi\u00e7\u00e3o \u00e0 acrilamida recuou em alimentos-chave como caf\u00e9, mantendo-se, no entanto, em n\u00edveis elevados na exposi\u00e7\u00e3o global. As conclus\u00f5es da ANSES refletem preocupa\u00e7\u00f5es semelhantes em v\u00e1rios estados europeus.<\/p>\n<p>A EFSA aponta que ars\u00e9nio inorg\u00e2nico continua a representar risco por potenciais efeitos nocivos no desenvolvimento e na sa\u00fade cardiovascular. A monitoriza\u00e7\u00e3o europeia mant\u00e9m-se cr\u00edtica para grupos vulner\u00e1veis, como crian\u00e7as e gr\u00e1vidas.<\/p>\n","protected":false},"excerpt":{"rendered":"<ul>\n<li>Um estudo franc\u00eas da Ag\u00eancia Francesa para a Seguran\u00e7a Alimentar, Ambiental e no Trabalho (ANSES) alerta para exposi\u00e7\u00e3o de crian\u00e7as a metais pesados e acrilamida em alimentos do dia a dia, como cereais, pastelaria, p\u00e3o e peixe.<\/li>\n<li>Os metais identificados s\u00e3o c\u00e1dmio, alum\u00ednio e merc\u00fario; o chumbo e a acrilamida (formada com temperaturas altas) tamb\u00e9m s\u00e3o motivo de preocupa\u00e7\u00e3o.<\/li>\n<li>Foram analisadas mais de setecentas amostras de alimentos recolhidas em tr\u00eas regi\u00f5es de Fran\u00e7a (H\u00e9rault, Loiret e Puy-de-D\u00f4me) entre maio de 2021 e agosto de 2022, representando a maioria da dieta t\u00edpica francesa.<\/li>\n<li>Entre tr\u00eas e seis por cento das crian\u00e7as com mais de tr\u00eas anos excederam a dose di\u00e1ria toler\u00e1vel de c\u00e1dmio; 76% estiveram expostas a alum\u00ednio acima do valor de refer\u00eancia toxicol\u00f3gico.<\/li>\n<li>O estudo indica melhorias em rela\u00e7\u00e3o a inqu\u00e9ritos anteriores na exposi\u00e7\u00e3o ao chumbo e mant\u00e9m recomenda\u00e7\u00f5es sobre o consumo de peixe (duas por\u00e7\u00f5es por semana), com aten\u00e7\u00e3o a esp\u00e9cies predadoras.<\/li>\n<\/ul>\n","protected":false},"author":2,"featured_media":214580,"comment_status":"closed","ping_status":"closed","sticky":false,"template":"","format":"standard","meta":{"footnotes":""},"categories":[1],"tags":[86,3953,1856,1759,945,2867],"class_list":["post-214573","post","type-post","status-publish","format-standard","has-post-thumbnail","hentry","category-noticias","tag-alimentacao","tag-criancas","tag-franca","tag-infancia","tag-protecao-alimentar","tag-seguranca-alimentar"],"yoast_head":"<!-- This site is optimized with the Yoast SEO plugin v27.2 - https:\/\/yoast.com\/product\/yoast-seo-wordpress\/ -->\n<title>Fran\u00e7a: crian\u00e7as expostas a metais pesados em alimentos di\u00e1rios - Portal Tela Portugal<\/title>\n<meta name=\"robots\" content=\"index, follow, max-snippet:-1, max-image-preview:large, max-video-preview:-1\" \/>\n<meta property=\"og:locale\" content=\"pt_PT\" \/>\n<meta property=\"og:type\" content=\"article\" \/>\n<meta property=\"og:title\" content=\"Fran\u00e7a: crian\u00e7as expostas a metais pesados em alimentos di\u00e1rios - Portal Tela Portugal\" \/>\n<meta property=\"og:description\" content=\"Um estudo franc\u00eas da Ag\u00eancia Francesa para a Seguran\u00e7a Alimentar, Ambiental e no Trabalho (ANSES) alerta para exposi\u00e7\u00e3o de crian\u00e7as a metais pesados e acrilamida em alimentos do dia a dia, como cereais, pastelaria, p\u00e3o e peixe. Os metais identificados s\u00e3o c\u00e1dmio, alum\u00ednio e merc\u00fario; o chumbo e a acrilamida (formada com temperaturas altas) tamb\u00e9m s\u00e3o motivo de preocupa\u00e7\u00e3o. Foram analisadas mais de setecentas amostras de alimentos recolhidas em tr\u00eas regi\u00f5es de Fran\u00e7a (H\u00e9rault, Loiret e Puy-de-D\u00f4me) entre maio de 2021 e agosto de 2022, representando a maioria da dieta t\u00edpica francesa. Entre tr\u00eas e seis por cento das crian\u00e7as com mais de tr\u00eas anos excederam a dose di\u00e1ria toler\u00e1vel de c\u00e1dmio; 76% estiveram expostas a alum\u00ednio acima do valor de refer\u00eancia toxicol\u00f3gico. O estudo indica melhorias em rela\u00e7\u00e3o a inqu\u00e9ritos anteriores na exposi\u00e7\u00e3o ao chumbo e mant\u00e9m recomenda\u00e7\u00f5es sobre o consumo de peixe (duas por\u00e7\u00f5es por semana), com aten\u00e7\u00e3o a esp\u00e9cies predadoras.\" \/>\n<meta property=\"og:url\" content=\"https:\/\/portaltela.pt\/noticias\/2026\/02\/16\/franca-criancas-expostas-a-metais-pesados-em-alimentos-diarios\/\" \/>\n<meta property=\"og:site_name\" content=\"Portal Tela Portugal\" \/>\n<meta property=\"article:published_time\" content=\"2026-02-16T14:32:17+00:00\" \/>\n<meta name=\"author\" content=\"Telinha\" \/>\n<meta name=\"twitter:card\" content=\"summary_large_image\" \/>\n<meta name=\"twitter:label1\" content=\"Escrito por\" \/>\n\t<meta name=\"twitter:data1\" content=\"Telinha\" \/>\n\t<meta name=\"twitter:label2\" content=\"Tempo estimado de leitura\" \/>\n\t<meta name=\"twitter:data2\" content=\"2 minutos\" \/>\n<script type=\"application\/ld+json\" class=\"yoast-schema-graph\">{\"@context\":\"https:\/\/schema.org\",\"@graph\":[{\"@type\":\"Article\",\"@id\":\"https:\/\/portaltela.pt\/noticias\/2026\/02\/16\/franca-criancas-expostas-a-metais-pesados-em-alimentos-diarios\/#article\",\"isPartOf\":{\"@id\":\"https:\/\/portaltela.pt\/noticias\/2026\/02\/16\/franca-criancas-expostas-a-metais-pesados-em-alimentos-diarios\/\"},\"author\":{\"name\":\"Telinha\",\"@id\":\"https:\/\/portaltela.pt\/#\/schema\/person\/c4278d4a6028830caff9ee44b42d32ed\"},\"headline\":\"Fran\u00e7a: crian\u00e7as expostas a metais pesados em alimentos di\u00e1rios\",\"datePublished\":\"2026-02-16T14:32:17+00:00\",\"mainEntityOfPage\":{\"@id\":\"https:\/\/portaltela.pt\/noticias\/2026\/02\/16\/franca-criancas-expostas-a-metais-pesados-em-alimentos-diarios\/\"},\"wordCount\":428,\"image\":{\"@id\":\"https:\/\/portaltela.pt\/noticias\/2026\/02\/16\/franca-criancas-expostas-a-metais-pesados-em-alimentos-diarios\/#primaryimage\"},\"thumbnailUrl\":\"https:\/\/portaltela.pt\/s.01k8rhncp4jt1\/2026\/02\/1536x864_cmsv2_836edd1b-d0e2-5617-b2ae-81cf3aed284d-9652752.jpg\",\"keywords\":[\"alimenta\u00e7\u00e3o\",\"crian\u00e7as\",\"Fran\u00e7a\",\"inf\u00e2ncia\",\"prote\u00e7\u00e3o alimentar\",\"Seguran\u00e7a Alimentar\"],\"articleSection\":[\"Not\u00edcias\"],\"inLanguage\":\"pt-PT\"},{\"@type\":\"WebPage\",\"@id\":\"https:\/\/portaltela.pt\/noticias\/2026\/02\/16\/franca-criancas-expostas-a-metais-pesados-em-alimentos-diarios\/\",\"url\":\"https:\/\/portaltela.pt\/noticias\/2026\/02\/16\/franca-criancas-expostas-a-metais-pesados-em-alimentos-diarios\/\",\"name\":\"Fran\u00e7a: crian\u00e7as expostas a metais pesados em alimentos di\u00e1rios - Portal Tela Portugal\",\"isPartOf\":{\"@id\":\"https:\/\/portaltela.pt\/#website\"},\"primaryImageOfPage\":{\"@id\":\"https:\/\/portaltela.pt\/noticias\/2026\/02\/16\/franca-criancas-expostas-a-metais-pesados-em-alimentos-diarios\/#primaryimage\"},\"image\":{\"@id\":\"https:\/\/portaltela.pt\/noticias\/2026\/02\/16\/franca-criancas-expostas-a-metais-pesados-em-alimentos-diarios\/#primaryimage\"},\"thumbnailUrl\":\"https:\/\/portaltela.pt\/s.01k8rhncp4jt1\/2026\/02\/1536x864_cmsv2_836edd1b-d0e2-5617-b2ae-81cf3aed284d-9652752.jpg\",\"datePublished\":\"2026-02-16T14:32:17+00:00\",\"author\":{\"@id\":\"https:\/\/portaltela.pt\/#\/schema\/person\/c4278d4a6028830caff9ee44b42d32ed\"},\"breadcrumb\":{\"@id\":\"https:\/\/portaltela.pt\/noticias\/2026\/02\/16\/franca-criancas-expostas-a-metais-pesados-em-alimentos-diarios\/#breadcrumb\"},\"inLanguage\":\"pt-PT\",\"potentialAction\":[{\"@type\":\"ReadAction\",\"target\":[\"https:\/\/portaltela.pt\/noticias\/2026\/02\/16\/franca-criancas-expostas-a-metais-pesados-em-alimentos-diarios\/\"]}]},{\"@type\":\"ImageObject\",\"inLanguage\":\"pt-PT\",\"@id\":\"https:\/\/portaltela.pt\/noticias\/2026\/02\/16\/franca-criancas-expostas-a-metais-pesados-em-alimentos-diarios\/#primaryimage\",\"url\":\"https:\/\/portaltela.pt\/s.01k8rhncp4jt1\/2026\/02\/1536x864_cmsv2_836edd1b-d0e2-5617-b2ae-81cf3aed284d-9652752.jpg\",\"contentUrl\":\"https:\/\/portaltela.pt\/s.01k8rhncp4jt1\/2026\/02\/1536x864_cmsv2_836edd1b-d0e2-5617-b2ae-81cf3aed284d-9652752.jpg\",\"width\":796,\"height\":448,\"caption\":\"Estudo alerta para n\u00edveis elevados de metais pesados na alimenta\u00e7\u00e3o di\u00e1ria das crian\u00e7as em Fran\u00e7a\"},{\"@type\":\"BreadcrumbList\",\"@id\":\"https:\/\/portaltela.pt\/noticias\/2026\/02\/16\/franca-criancas-expostas-a-metais-pesados-em-alimentos-diarios\/#breadcrumb\",\"itemListElement\":[{\"@type\":\"ListItem\",\"position\":1,\"name\":\"In\u00edcio\",\"item\":\"https:\/\/portaltela.pt\/\"},{\"@type\":\"ListItem\",\"position\":2,\"name\":\"Fran\u00e7a: crian\u00e7as expostas a metais pesados em alimentos di\u00e1rios\"}]},{\"@type\":\"WebSite\",\"@id\":\"https:\/\/portaltela.pt\/#website\",\"url\":\"https:\/\/portaltela.pt\/\",\"name\":\"Portal Tela Portugal\",\"description\":\"\",\"potentialAction\":[{\"@type\":\"SearchAction\",\"target\":{\"@type\":\"EntryPoint\",\"urlTemplate\":\"https:\/\/portaltela.pt\/?s={search_term_string}\"},\"query-input\":{\"@type\":\"PropertyValueSpecification\",\"valueRequired\":true,\"valueName\":\"search_term_string\"}}],\"inLanguage\":\"pt-PT\"},{\"@type\":\"Person\",\"@id\":\"https:\/\/portaltela.pt\/#\/schema\/person\/c4278d4a6028830caff9ee44b42d32ed\",\"name\":\"Telinha\",\"image\":{\"@type\":\"ImageObject\",\"inLanguage\":\"pt-PT\",\"@id\":\"https:\/\/portaltela.pt\/s.01k8rhncp4jt1\/2025\/11\/talking-bot-125x125.png\",\"url\":\"https:\/\/portaltela.pt\/s.01k8rhncp4jt1\/2025\/11\/talking-bot-125x125.png\",\"contentUrl\":\"https:\/\/portaltela.pt\/s.01k8rhncp4jt1\/2025\/11\/talking-bot-125x125.png\",\"caption\":\"Telinha\"},\"sameAs\":[\"https:\/\/portaltela.pt\/\"],\"url\":\"https:\/\/portaltela.pt\/por\/367410592786\/\"}]}<\/script>\n<!-- \/ Yoast SEO plugin. -->","yoast_head_json":{"title":"Fran\u00e7a: crian\u00e7as expostas a metais pesados em alimentos di\u00e1rios - Portal Tela Portugal","robots":{"index":"index","follow":"follow","max-snippet":"max-snippet:-1","max-image-preview":"max-image-preview:large","max-video-preview":"max-video-preview:-1"},"og_locale":"pt_PT","og_type":"article","og_title":"Fran\u00e7a: crian\u00e7as expostas a metais pesados em alimentos di\u00e1rios - Portal Tela Portugal","og_description":"Um estudo franc\u00eas da Ag\u00eancia Francesa para a Seguran\u00e7a Alimentar, Ambiental e no Trabalho (ANSES) alerta para exposi\u00e7\u00e3o de crian\u00e7as a metais pesados e acrilamida em alimentos do dia a dia, como cereais, pastelaria, p\u00e3o e peixe. Os metais identificados s\u00e3o c\u00e1dmio, alum\u00ednio e merc\u00fario; o chumbo e a acrilamida (formada com temperaturas altas) tamb\u00e9m s\u00e3o motivo de preocupa\u00e7\u00e3o. Foram analisadas mais de setecentas amostras de alimentos recolhidas em tr\u00eas regi\u00f5es de Fran\u00e7a (H\u00e9rault, Loiret e Puy-de-D\u00f4me) entre maio de 2021 e agosto de 2022, representando a maioria da dieta t\u00edpica francesa. Entre tr\u00eas e seis por cento das crian\u00e7as com mais de tr\u00eas anos excederam a dose di\u00e1ria toler\u00e1vel de c\u00e1dmio; 76% estiveram expostas a alum\u00ednio acima do valor de refer\u00eancia toxicol\u00f3gico. O estudo indica melhorias em rela\u00e7\u00e3o a inqu\u00e9ritos anteriores na exposi\u00e7\u00e3o ao chumbo e mant\u00e9m recomenda\u00e7\u00f5es sobre o consumo de peixe (duas por\u00e7\u00f5es por semana), com aten\u00e7\u00e3o a esp\u00e9cies predadoras.","og_url":"https:\/\/portaltela.pt\/noticias\/2026\/02\/16\/franca-criancas-expostas-a-metais-pesados-em-alimentos-diarios\/","og_site_name":"Portal Tela Portugal","article_published_time":"2026-02-16T14:32:17+00:00","author":"Telinha","twitter_card":"summary_large_image","twitter_misc":{"Escrito por":"Telinha","Tempo estimado de leitura":"2 minutos"},"schema":{"@context":"https:\/\/schema.org","@graph":[{"@type":"Article","@id":"https:\/\/portaltela.pt\/noticias\/2026\/02\/16\/franca-criancas-expostas-a-metais-pesados-em-alimentos-diarios\/#article","isPartOf":{"@id":"https:\/\/portaltela.pt\/noticias\/2026\/02\/16\/franca-criancas-expostas-a-metais-pesados-em-alimentos-diarios\/"},"author":{"name":"Telinha","@id":"https:\/\/portaltela.pt\/#\/schema\/person\/c4278d4a6028830caff9ee44b42d32ed"},"headline":"Fran\u00e7a: crian\u00e7as expostas a metais pesados em alimentos di\u00e1rios","datePublished":"2026-02-16T14:32:17+00:00","mainEntityOfPage":{"@id":"https:\/\/portaltela.pt\/noticias\/2026\/02\/16\/franca-criancas-expostas-a-metais-pesados-em-alimentos-diarios\/"},"wordCount":428,"image":{"@id":"https:\/\/portaltela.pt\/noticias\/2026\/02\/16\/franca-criancas-expostas-a-metais-pesados-em-alimentos-diarios\/#primaryimage"},"thumbnailUrl":"https:\/\/portaltela.pt\/s.01k8rhncp4jt1\/2026\/02\/1536x864_cmsv2_836edd1b-d0e2-5617-b2ae-81cf3aed284d-9652752.jpg","keywords":["alimenta\u00e7\u00e3o","crian\u00e7as","Fran\u00e7a","inf\u00e2ncia","prote\u00e7\u00e3o alimentar","Seguran\u00e7a Alimentar"],"articleSection":["Not\u00edcias"],"inLanguage":"pt-PT"},{"@type":"WebPage","@id":"https:\/\/portaltela.pt\/noticias\/2026\/02\/16\/franca-criancas-expostas-a-metais-pesados-em-alimentos-diarios\/","url":"https:\/\/portaltela.pt\/noticias\/2026\/02\/16\/franca-criancas-expostas-a-metais-pesados-em-alimentos-diarios\/","name":"Fran\u00e7a: crian\u00e7as expostas a metais pesados em alimentos di\u00e1rios - Portal Tela Portugal","isPartOf":{"@id":"https:\/\/portaltela.pt\/#website"},"primaryImageOfPage":{"@id":"https:\/\/portaltela.pt\/noticias\/2026\/02\/16\/franca-criancas-expostas-a-metais-pesados-em-alimentos-diarios\/#primaryimage"},"image":{"@id":"https:\/\/portaltela.pt\/noticias\/2026\/02\/16\/franca-criancas-expostas-a-metais-pesados-em-alimentos-diarios\/#primaryimage"},"thumbnailUrl":"https:\/\/portaltela.pt\/s.01k8rhncp4jt1\/2026\/02\/1536x864_cmsv2_836edd1b-d0e2-5617-b2ae-81cf3aed284d-9652752.jpg","datePublished":"2026-02-16T14:32:17+00:00","author":{"@id":"https:\/\/portaltela.pt\/#\/schema\/person\/c4278d4a6028830caff9ee44b42d32ed"},"breadcrumb":{"@id":"https:\/\/portaltela.pt\/noticias\/2026\/02\/16\/franca-criancas-expostas-a-metais-pesados-em-alimentos-diarios\/#breadcrumb"},"inLanguage":"pt-PT","potentialAction":[{"@type":"ReadAction","target":["https:\/\/portaltela.pt\/noticias\/2026\/02\/16\/franca-criancas-expostas-a-metais-pesados-em-alimentos-diarios\/"]}]},{"@type":"ImageObject","inLanguage":"pt-PT","@id":"https:\/\/portaltela.pt\/noticias\/2026\/02\/16\/franca-criancas-expostas-a-metais-pesados-em-alimentos-diarios\/#primaryimage","url":"https:\/\/portaltela.pt\/s.01k8rhncp4jt1\/2026\/02\/1536x864_cmsv2_836edd1b-d0e2-5617-b2ae-81cf3aed284d-9652752.jpg","contentUrl":"https:\/\/portaltela.pt\/s.01k8rhncp4jt1\/2026\/02\/1536x864_cmsv2_836edd1b-d0e2-5617-b2ae-81cf3aed284d-9652752.jpg","width":796,"height":448,"caption":"Estudo alerta para n\u00edveis elevados de metais pesados na alimenta\u00e7\u00e3o di\u00e1ria das crian\u00e7as em Fran\u00e7a"},{"@type":"BreadcrumbList","@id":"https:\/\/portaltela.pt\/noticias\/2026\/02\/16\/franca-criancas-expostas-a-metais-pesados-em-alimentos-diarios\/#breadcrumb","itemListElement":[{"@type":"ListItem","position":1,"name":"In\u00edcio","item":"https:\/\/portaltela.pt\/"},{"@type":"ListItem","position":2,"name":"Fran\u00e7a: crian\u00e7as expostas a metais pesados em alimentos di\u00e1rios"}]},{"@type":"WebSite","@id":"https:\/\/portaltela.pt\/#website","url":"https:\/\/portaltela.pt\/","name":"Portal Tela Portugal","description":"","potentialAction":[{"@type":"SearchAction","target":{"@type":"EntryPoint","urlTemplate":"https:\/\/portaltela.pt\/?s={search_term_string}"},"query-input":{"@type":"PropertyValueSpecification","valueRequired":true,"valueName":"search_term_string"}}],"inLanguage":"pt-PT"},{"@type":"Person","@id":"https:\/\/portaltela.pt\/#\/schema\/person\/c4278d4a6028830caff9ee44b42d32ed","name":"Telinha","image":{"@type":"ImageObject","inLanguage":"pt-PT","@id":"https:\/\/portaltela.pt\/s.01k8rhncp4jt1\/2025\/11\/talking-bot-125x125.png","url":"https:\/\/portaltela.pt\/s.01k8rhncp4jt1\/2025\/11\/talking-bot-125x125.png","contentUrl":"https:\/\/portaltela.pt\/s.01k8rhncp4jt1\/2025\/11\/talking-bot-125x125.png","caption":"Telinha"},"sameAs":["https:\/\/portaltela.pt\/"],"url":"https:\/\/portaltela.pt\/por\/367410592786\/"}]}},"_links":{"self":[{"href":"https:\/\/portaltela.pt\/api\/wp\/v2\/posts\/214573","targetHints":{"allow":["GET"]}}],"collection":[{"href":"https:\/\/portaltela.pt\/api\/wp\/v2\/posts"}],"about":[{"href":"https:\/\/portaltela.pt\/api\/wp\/v2\/types\/post"}],"author":[{"embeddable":true,"href":"https:\/\/portaltela.pt\/api\/wp\/v2\/users\/2"}],"replies":[{"embeddable":true,"href":"https:\/\/portaltela.pt\/api\/wp\/v2\/comments?post=214573"}],"version-history":[{"count":0,"href":"https:\/\/portaltela.pt\/api\/wp\/v2\/posts\/214573\/revisions"}],"wp:featuredmedia":[{"embeddable":true,"href":"https:\/\/portaltela.pt\/api\/wp\/v2\/media\/214580"}],"wp:attachment":[{"href":"https:\/\/portaltela.pt\/api\/wp\/v2\/media?parent=214573"}],"wp:term":[{"taxonomy":"category","embeddable":true,"href":"https:\/\/portaltela.pt\/api\/wp\/v2\/categories?post=214573"},{"taxonomy":"post_tag","embeddable":true,"href":"https:\/\/portaltela.pt\/api\/wp\/v2\/tags?post=214573"}],"curies":[{"name":"wp","href":"https:\/\/api.w.org\/{rel}","templated":true}]}}