{"id":214560,"date":"2026-02-16T10:39:00","date_gmt":"2026-02-16T13:39:00","guid":{"rendered":"https:\/\/portaltela.pt\/noticias\/2026\/02\/16\/pacto-climatico-europeu-solicita-as-autarquias-aplicar-a-lei-das-beatas\/"},"modified":"2026-02-16T10:39:00","modified_gmt":"2026-02-16T13:39:00","slug":"pacto-climatico-europeu-solicita-as-autarquias-aplicar-a-lei-das-beatas","status":"publish","type":"post","link":"https:\/\/portaltela.pt\/noticias\/2026\/02\/16\/pacto-climatico-europeu-solicita-as-autarquias-aplicar-a-lei-das-beatas\/","title":{"rendered":"Pacto Clim\u00e1tico Europeu solicita \u00e0s autarquias aplicar a lei das beatas"},"content":{"rendered":"<p>Aipesa a cumprir a lei: o Pacto Clim\u00e1tico Europeu (PCE) e a Ecomood exigem \u00e0s autarquias portuguesas que apliquem a legisla\u00e7\u00e3o que pro\u00edbe deitar beatas no espa\u00e7o p\u00fablico. A norma, vigente desde 2019, n\u00e3o tem sido fiscalizada de forma consistente.<\/p>\n<p>Segundo as organiza\u00e7\u00f5es, n\u00e3o h\u00e1 registo de san\u00e7\u00f5es nem fiscaliza\u00e7\u00e3o est\u00e1vel sobre a Lei 88\/2019, que responsabiliza indiv\u00edduos e empresas pela recolha de beatas, cabendo \u00e0s autarquias, \u00e0 ASAE e \u00e0s for\u00e7as de seguran\u00e7a assegurar a fiscaliza\u00e7\u00e3o.<\/p>\n<p>Beatas de cigarro s\u00e3o apontadas como poluentes persistentes: desintegram-se entre dez e doze anos e libertam micropl\u00e1sticos e subst\u00e2ncias t\u00f3xicas. O custo ambiental estimado a partir de um estudo de 2023 fica nos 23,5 mil milh\u00f5es de euros por ano.<\/p>\n<h3>O que est\u00e1 em causa<\/h3>\n<p>O PCE e a Ecomood defendem a aplica\u00e7\u00e3o de coimas a quem descarte pontas de cigarro no ch\u00e3o, bem como a disponibiliza\u00e7\u00e3o de cinzeiros em espa\u00e7os p\u00fablicos. Tamb\u00e9m pedem maior sensibiliza\u00e7\u00e3o e fiscaliza\u00e7\u00e3o coordenada entre autarquias e entidades nacionais.<\/p>\n<p>As organiza\u00e7\u00f5es destacam que a lei continua sem ser aplicada seis anos ap\u00f3s a sua aprova\u00e7\u00e3o, e solicitam que os munic\u00edpios atuem com maior efic\u00e1cia na fiscaliza\u00e7\u00e3o, sem ampliar o volume de regulamentos.<\/p>\n","protected":false},"excerpt":{"rendered":"<ul>\n<li>A lei que pro\u00edbe deitar beatas de cigarro no ch\u00e3o est\u00e1 em vigor h\u00e1 seis anos (Lei 88\/2019), mas \u00e9 pouco aplicada e fiscalizada.<\/li>\n<li>O Pacto Clim\u00e1tico Europeu e a Ecomood pedem \u00e0s autarquias para cumprir a lei, aplicando coimas e responsabilizando quem descartar beatas no espa\u00e7o p\u00fablico.<\/li>\n<li>N\u00e3o h\u00e1 fiscaliza\u00e7\u00e3o consistente nem registo de san\u00e7\u00f5es segundo as organiza\u00e7\u00f5es, que enviaram uma carta \u00e0 Associa\u00e7\u00e3o Nacional de Munic\u00edpios Portugueses (ANMP) para mobilizar as c\u00e2maras.<\/li>\n<li>A beata demora entre dez e doze anos a desintegrar-se, libertando micropl\u00e1sticos e subst\u00e2ncias t\u00f3xicas que poluem \u00e1gua e solo.<\/li>\n<li>Reclamam sensibiliza\u00e7\u00e3o, disponibiliza\u00e7\u00e3o de cinzeiros e fiscaliza\u00e7\u00e3o por entidades como a ASAE, a PSP e a Pol\u00edcia Mar\u00edtima, para apoiar o cumprimento da lei.<\/li>\n<\/ul>\n","protected":false},"author":2,"featured_media":214563,"comment_status":"closed","ping_status":"closed","sticky":false,"template":"","format":"standard","meta":{"footnotes":""},"categories":[1],"tags":[2706,646,5190,5539,45,3750],"class_list":["post-214560","post","type-post","status-publish","format-standard","has-post-thumbnail","hentry","category-noticias","tag-autarquias","tag-fiscalizacao-ambiental","tag-legislacao-ambiental","tag-lei","tag-meio-ambiente","tag-poluicao-ambiental"],"yoast_head":"<!-- This site is optimized with the Yoast SEO plugin v27.2 - https:\/\/yoast.com\/product\/yoast-seo-wordpress\/ -->\n<title>Pacto Clim\u00e1tico Europeu solicita \u00e0s autarquias aplicar a lei das beatas - Portal Tela Portugal<\/title>\n<meta name=\"robots\" content=\"index, follow, max-snippet:-1, max-image-preview:large, max-video-preview:-1\" \/>\n<meta property=\"og:locale\" content=\"pt_PT\" \/>\n<meta property=\"og:type\" content=\"article\" \/>\n<meta property=\"og:title\" content=\"Pacto Clim\u00e1tico Europeu solicita \u00e0s autarquias aplicar a lei das beatas - Portal Tela Portugal\" \/>\n<meta property=\"og:description\" content=\"A lei que pro\u00edbe deitar beatas de cigarro no ch\u00e3o est\u00e1 em vigor h\u00e1 seis anos (Lei 88\/2019), mas \u00e9 pouco aplicada e fiscalizada. O Pacto Clim\u00e1tico Europeu e a Ecomood pedem \u00e0s autarquias para cumprir a lei, aplicando coimas e responsabilizando quem descartar beatas no espa\u00e7o p\u00fablico. N\u00e3o h\u00e1 fiscaliza\u00e7\u00e3o consistente nem registo de san\u00e7\u00f5es segundo as organiza\u00e7\u00f5es, que enviaram uma carta \u00e0 Associa\u00e7\u00e3o Nacional de Munic\u00edpios Portugueses (ANMP) para mobilizar as c\u00e2maras. A beata demora entre dez e doze anos a desintegrar-se, libertando micropl\u00e1sticos e subst\u00e2ncias t\u00f3xicas que poluem \u00e1gua e solo. Reclamam sensibiliza\u00e7\u00e3o, disponibiliza\u00e7\u00e3o de cinzeiros e fiscaliza\u00e7\u00e3o por entidades como a ASAE, a PSP e a Pol\u00edcia Mar\u00edtima, para apoiar o cumprimento da lei.\" \/>\n<meta property=\"og:url\" content=\"https:\/\/portaltela.pt\/noticias\/2026\/02\/16\/pacto-climatico-europeu-solicita-as-autarquias-aplicar-a-lei-das-beatas\/\" \/>\n<meta property=\"og:site_name\" content=\"Portal Tela Portugal\" \/>\n<meta property=\"article:published_time\" content=\"2026-02-16T13:39:00+00:00\" \/>\n<meta name=\"author\" content=\"Telinha\" \/>\n<meta name=\"twitter:card\" content=\"summary_large_image\" \/>\n<meta name=\"twitter:label1\" content=\"Escrito por\" \/>\n\t<meta name=\"twitter:data1\" content=\"Telinha\" \/>\n\t<meta name=\"twitter:label2\" content=\"Tempo estimado de leitura\" \/>\n\t<meta name=\"twitter:data2\" content=\"1 minuto\" \/>\n<script type=\"application\/ld+json\" class=\"yoast-schema-graph\">{\"@context\":\"https:\/\/schema.org\",\"@graph\":[{\"@type\":\"Article\",\"@id\":\"https:\/\/portaltela.pt\/noticias\/2026\/02\/16\/pacto-climatico-europeu-solicita-as-autarquias-aplicar-a-lei-das-beatas\/#article\",\"isPartOf\":{\"@id\":\"https:\/\/portaltela.pt\/noticias\/2026\/02\/16\/pacto-climatico-europeu-solicita-as-autarquias-aplicar-a-lei-das-beatas\/\"},\"author\":{\"name\":\"Telinha\",\"@id\":\"https:\/\/portaltela.pt\/#\/schema\/person\/c4278d4a6028830caff9ee44b42d32ed\"},\"headline\":\"Pacto Clim\u00e1tico Europeu solicita \u00e0s autarquias aplicar a lei das beatas\",\"datePublished\":\"2026-02-16T13:39:00+00:00\",\"mainEntityOfPage\":{\"@id\":\"https:\/\/portaltela.pt\/noticias\/2026\/02\/16\/pacto-climatico-europeu-solicita-as-autarquias-aplicar-a-lei-das-beatas\/\"},\"wordCount\":235,\"image\":{\"@id\":\"https:\/\/portaltela.pt\/noticias\/2026\/02\/16\/pacto-climatico-europeu-solicita-as-autarquias-aplicar-a-lei-das-beatas\/#primaryimage\"},\"thumbnailUrl\":\"https:\/\/portaltela.pt\/s.01k8rhncp4jt1\/2026\/02\/2067599.jpg\",\"keywords\":[\"autarquias\",\"fiscaliza\u00e7\u00e3o ambiental\",\"legisla\u00e7\u00e3o ambiental\",\"lei\",\"meio-ambiente\",\"polui\u00e7\u00e3o ambiental\"],\"articleSection\":[\"Not\u00edcias\"],\"inLanguage\":\"pt-PT\"},{\"@type\":\"WebPage\",\"@id\":\"https:\/\/portaltela.pt\/noticias\/2026\/02\/16\/pacto-climatico-europeu-solicita-as-autarquias-aplicar-a-lei-das-beatas\/\",\"url\":\"https:\/\/portaltela.pt\/noticias\/2026\/02\/16\/pacto-climatico-europeu-solicita-as-autarquias-aplicar-a-lei-das-beatas\/\",\"name\":\"Pacto Clim\u00e1tico Europeu solicita \u00e0s autarquias aplicar a lei das beatas - Portal Tela Portugal\",\"isPartOf\":{\"@id\":\"https:\/\/portaltela.pt\/#website\"},\"primaryImageOfPage\":{\"@id\":\"https:\/\/portaltela.pt\/noticias\/2026\/02\/16\/pacto-climatico-europeu-solicita-as-autarquias-aplicar-a-lei-das-beatas\/#primaryimage\"},\"image\":{\"@id\":\"https:\/\/portaltela.pt\/noticias\/2026\/02\/16\/pacto-climatico-europeu-solicita-as-autarquias-aplicar-a-lei-das-beatas\/#primaryimage\"},\"thumbnailUrl\":\"https:\/\/portaltela.pt\/s.01k8rhncp4jt1\/2026\/02\/2067599.jpg\",\"datePublished\":\"2026-02-16T13:39:00+00:00\",\"author\":{\"@id\":\"https:\/\/portaltela.pt\/#\/schema\/person\/c4278d4a6028830caff9ee44b42d32ed\"},\"breadcrumb\":{\"@id\":\"https:\/\/portaltela.pt\/noticias\/2026\/02\/16\/pacto-climatico-europeu-solicita-as-autarquias-aplicar-a-lei-das-beatas\/#breadcrumb\"},\"inLanguage\":\"pt-PT\",\"potentialAction\":[{\"@type\":\"ReadAction\",\"target\":[\"https:\/\/portaltela.pt\/noticias\/2026\/02\/16\/pacto-climatico-europeu-solicita-as-autarquias-aplicar-a-lei-das-beatas\/\"]}]},{\"@type\":\"ImageObject\",\"inLanguage\":\"pt-PT\",\"@id\":\"https:\/\/portaltela.pt\/noticias\/2026\/02\/16\/pacto-climatico-europeu-solicita-as-autarquias-aplicar-a-lei-das-beatas\/#primaryimage\",\"url\":\"https:\/\/portaltela.pt\/s.01k8rhncp4jt1\/2026\/02\/2067599.jpg\",\"contentUrl\":\"https:\/\/portaltela.pt\/s.01k8rhncp4jt1\/2026\/02\/2067599.jpg\",\"width\":796,\"height\":448,\"caption\":\"Beatas de cigarros nunca se decomp\u00f5em totalmente e libertam subst\u00e2ncias t\u00f3xicas na natureza\"},{\"@type\":\"BreadcrumbList\",\"@id\":\"https:\/\/portaltela.pt\/noticias\/2026\/02\/16\/pacto-climatico-europeu-solicita-as-autarquias-aplicar-a-lei-das-beatas\/#breadcrumb\",\"itemListElement\":[{\"@type\":\"ListItem\",\"position\":1,\"name\":\"In\u00edcio\",\"item\":\"https:\/\/portaltela.pt\/\"},{\"@type\":\"ListItem\",\"position\":2,\"name\":\"Pacto Clim\u00e1tico Europeu solicita \u00e0s autarquias aplicar a lei das beatas\"}]},{\"@type\":\"WebSite\",\"@id\":\"https:\/\/portaltela.pt\/#website\",\"url\":\"https:\/\/portaltela.pt\/\",\"name\":\"Portal Tela Portugal\",\"description\":\"\",\"potentialAction\":[{\"@type\":\"SearchAction\",\"target\":{\"@type\":\"EntryPoint\",\"urlTemplate\":\"https:\/\/portaltela.pt\/?s={search_term_string}\"},\"query-input\":{\"@type\":\"PropertyValueSpecification\",\"valueRequired\":true,\"valueName\":\"search_term_string\"}}],\"inLanguage\":\"pt-PT\"},{\"@type\":\"Person\",\"@id\":\"https:\/\/portaltela.pt\/#\/schema\/person\/c4278d4a6028830caff9ee44b42d32ed\",\"name\":\"Telinha\",\"image\":{\"@type\":\"ImageObject\",\"inLanguage\":\"pt-PT\",\"@id\":\"https:\/\/portaltela.pt\/s.01k8rhncp4jt1\/2025\/11\/talking-bot-125x125.png\",\"url\":\"https:\/\/portaltela.pt\/s.01k8rhncp4jt1\/2025\/11\/talking-bot-125x125.png\",\"contentUrl\":\"https:\/\/portaltela.pt\/s.01k8rhncp4jt1\/2025\/11\/talking-bot-125x125.png\",\"caption\":\"Telinha\"},\"sameAs\":[\"https:\/\/portaltela.pt\/\"],\"url\":\"https:\/\/portaltela.pt\/por\/367410592786\/\"}]}<\/script>\n<!-- \/ Yoast SEO plugin. -->","yoast_head_json":{"title":"Pacto Clim\u00e1tico Europeu solicita \u00e0s autarquias aplicar a lei das beatas - Portal Tela Portugal","robots":{"index":"index","follow":"follow","max-snippet":"max-snippet:-1","max-image-preview":"max-image-preview:large","max-video-preview":"max-video-preview:-1"},"og_locale":"pt_PT","og_type":"article","og_title":"Pacto Clim\u00e1tico Europeu solicita \u00e0s autarquias aplicar a lei das beatas - Portal Tela Portugal","og_description":"A lei que pro\u00edbe deitar beatas de cigarro no ch\u00e3o est\u00e1 em vigor h\u00e1 seis anos (Lei 88\/2019), mas \u00e9 pouco aplicada e fiscalizada. O Pacto Clim\u00e1tico Europeu e a Ecomood pedem \u00e0s autarquias para cumprir a lei, aplicando coimas e responsabilizando quem descartar beatas no espa\u00e7o p\u00fablico. N\u00e3o h\u00e1 fiscaliza\u00e7\u00e3o consistente nem registo de san\u00e7\u00f5es segundo as organiza\u00e7\u00f5es, que enviaram uma carta \u00e0 Associa\u00e7\u00e3o Nacional de Munic\u00edpios Portugueses (ANMP) para mobilizar as c\u00e2maras. A beata demora entre dez e doze anos a desintegrar-se, libertando micropl\u00e1sticos e subst\u00e2ncias t\u00f3xicas que poluem \u00e1gua e solo. Reclamam sensibiliza\u00e7\u00e3o, disponibiliza\u00e7\u00e3o de cinzeiros e fiscaliza\u00e7\u00e3o por entidades como a ASAE, a PSP e a Pol\u00edcia Mar\u00edtima, para apoiar o cumprimento da lei.","og_url":"https:\/\/portaltela.pt\/noticias\/2026\/02\/16\/pacto-climatico-europeu-solicita-as-autarquias-aplicar-a-lei-das-beatas\/","og_site_name":"Portal Tela Portugal","article_published_time":"2026-02-16T13:39:00+00:00","author":"Telinha","twitter_card":"summary_large_image","twitter_misc":{"Escrito por":"Telinha","Tempo estimado de leitura":"1 minuto"},"schema":{"@context":"https:\/\/schema.org","@graph":[{"@type":"Article","@id":"https:\/\/portaltela.pt\/noticias\/2026\/02\/16\/pacto-climatico-europeu-solicita-as-autarquias-aplicar-a-lei-das-beatas\/#article","isPartOf":{"@id":"https:\/\/portaltela.pt\/noticias\/2026\/02\/16\/pacto-climatico-europeu-solicita-as-autarquias-aplicar-a-lei-das-beatas\/"},"author":{"name":"Telinha","@id":"https:\/\/portaltela.pt\/#\/schema\/person\/c4278d4a6028830caff9ee44b42d32ed"},"headline":"Pacto Clim\u00e1tico Europeu solicita \u00e0s autarquias aplicar a lei das beatas","datePublished":"2026-02-16T13:39:00+00:00","mainEntityOfPage":{"@id":"https:\/\/portaltela.pt\/noticias\/2026\/02\/16\/pacto-climatico-europeu-solicita-as-autarquias-aplicar-a-lei-das-beatas\/"},"wordCount":235,"image":{"@id":"https:\/\/portaltela.pt\/noticias\/2026\/02\/16\/pacto-climatico-europeu-solicita-as-autarquias-aplicar-a-lei-das-beatas\/#primaryimage"},"thumbnailUrl":"https:\/\/portaltela.pt\/s.01k8rhncp4jt1\/2026\/02\/2067599.jpg","keywords":["autarquias","fiscaliza\u00e7\u00e3o ambiental","legisla\u00e7\u00e3o ambiental","lei","meio-ambiente","polui\u00e7\u00e3o ambiental"],"articleSection":["Not\u00edcias"],"inLanguage":"pt-PT"},{"@type":"WebPage","@id":"https:\/\/portaltela.pt\/noticias\/2026\/02\/16\/pacto-climatico-europeu-solicita-as-autarquias-aplicar-a-lei-das-beatas\/","url":"https:\/\/portaltela.pt\/noticias\/2026\/02\/16\/pacto-climatico-europeu-solicita-as-autarquias-aplicar-a-lei-das-beatas\/","name":"Pacto Clim\u00e1tico Europeu solicita \u00e0s autarquias aplicar a lei das beatas - Portal Tela Portugal","isPartOf":{"@id":"https:\/\/portaltela.pt\/#website"},"primaryImageOfPage":{"@id":"https:\/\/portaltela.pt\/noticias\/2026\/02\/16\/pacto-climatico-europeu-solicita-as-autarquias-aplicar-a-lei-das-beatas\/#primaryimage"},"image":{"@id":"https:\/\/portaltela.pt\/noticias\/2026\/02\/16\/pacto-climatico-europeu-solicita-as-autarquias-aplicar-a-lei-das-beatas\/#primaryimage"},"thumbnailUrl":"https:\/\/portaltela.pt\/s.01k8rhncp4jt1\/2026\/02\/2067599.jpg","datePublished":"2026-02-16T13:39:00+00:00","author":{"@id":"https:\/\/portaltela.pt\/#\/schema\/person\/c4278d4a6028830caff9ee44b42d32ed"},"breadcrumb":{"@id":"https:\/\/portaltela.pt\/noticias\/2026\/02\/16\/pacto-climatico-europeu-solicita-as-autarquias-aplicar-a-lei-das-beatas\/#breadcrumb"},"inLanguage":"pt-PT","potentialAction":[{"@type":"ReadAction","target":["https:\/\/portaltela.pt\/noticias\/2026\/02\/16\/pacto-climatico-europeu-solicita-as-autarquias-aplicar-a-lei-das-beatas\/"]}]},{"@type":"ImageObject","inLanguage":"pt-PT","@id":"https:\/\/portaltela.pt\/noticias\/2026\/02\/16\/pacto-climatico-europeu-solicita-as-autarquias-aplicar-a-lei-das-beatas\/#primaryimage","url":"https:\/\/portaltela.pt\/s.01k8rhncp4jt1\/2026\/02\/2067599.jpg","contentUrl":"https:\/\/portaltela.pt\/s.01k8rhncp4jt1\/2026\/02\/2067599.jpg","width":796,"height":448,"caption":"Beatas de cigarros nunca se decomp\u00f5em totalmente e libertam subst\u00e2ncias t\u00f3xicas na natureza"},{"@type":"BreadcrumbList","@id":"https:\/\/portaltela.pt\/noticias\/2026\/02\/16\/pacto-climatico-europeu-solicita-as-autarquias-aplicar-a-lei-das-beatas\/#breadcrumb","itemListElement":[{"@type":"ListItem","position":1,"name":"In\u00edcio","item":"https:\/\/portaltela.pt\/"},{"@type":"ListItem","position":2,"name":"Pacto Clim\u00e1tico Europeu solicita \u00e0s autarquias aplicar a lei das beatas"}]},{"@type":"WebSite","@id":"https:\/\/portaltela.pt\/#website","url":"https:\/\/portaltela.pt\/","name":"Portal Tela Portugal","description":"","potentialAction":[{"@type":"SearchAction","target":{"@type":"EntryPoint","urlTemplate":"https:\/\/portaltela.pt\/?s={search_term_string}"},"query-input":{"@type":"PropertyValueSpecification","valueRequired":true,"valueName":"search_term_string"}}],"inLanguage":"pt-PT"},{"@type":"Person","@id":"https:\/\/portaltela.pt\/#\/schema\/person\/c4278d4a6028830caff9ee44b42d32ed","name":"Telinha","image":{"@type":"ImageObject","inLanguage":"pt-PT","@id":"https:\/\/portaltela.pt\/s.01k8rhncp4jt1\/2025\/11\/talking-bot-125x125.png","url":"https:\/\/portaltela.pt\/s.01k8rhncp4jt1\/2025\/11\/talking-bot-125x125.png","contentUrl":"https:\/\/portaltela.pt\/s.01k8rhncp4jt1\/2025\/11\/talking-bot-125x125.png","caption":"Telinha"},"sameAs":["https:\/\/portaltela.pt\/"],"url":"https:\/\/portaltela.pt\/por\/367410592786\/"}]}},"_links":{"self":[{"href":"https:\/\/portaltela.pt\/api\/wp\/v2\/posts\/214560","targetHints":{"allow":["GET"]}}],"collection":[{"href":"https:\/\/portaltela.pt\/api\/wp\/v2\/posts"}],"about":[{"href":"https:\/\/portaltela.pt\/api\/wp\/v2\/types\/post"}],"author":[{"embeddable":true,"href":"https:\/\/portaltela.pt\/api\/wp\/v2\/users\/2"}],"replies":[{"embeddable":true,"href":"https:\/\/portaltela.pt\/api\/wp\/v2\/comments?post=214560"}],"version-history":[{"count":0,"href":"https:\/\/portaltela.pt\/api\/wp\/v2\/posts\/214560\/revisions"}],"wp:featuredmedia":[{"embeddable":true,"href":"https:\/\/portaltela.pt\/api\/wp\/v2\/media\/214563"}],"wp:attachment":[{"href":"https:\/\/portaltela.pt\/api\/wp\/v2\/media?parent=214560"}],"wp:term":[{"taxonomy":"category","embeddable":true,"href":"https:\/\/portaltela.pt\/api\/wp\/v2\/categories?post=214560"},{"taxonomy":"post_tag","embeddable":true,"href":"https:\/\/portaltela.pt\/api\/wp\/v2\/tags?post=214560"}],"curies":[{"name":"wp","href":"https:\/\/api.w.org\/{rel}","templated":true}]}}