{"id":214556,"date":"2026-02-16T10:13:00","date_gmt":"2026-02-16T13:13:00","guid":{"rendered":"https:\/\/portaltela.pt\/noticias\/2026\/02\/16\/espolio-do-tumulo-de-d-dinis-classificado-como-tesouro-nacional-3\/"},"modified":"2026-02-16T10:13:00","modified_gmt":"2026-02-16T13:13:00","slug":"espolio-do-tumulo-de-d-dinis-classificado-como-tesouro-nacional-3","status":"publish","type":"post","link":"https:\/\/portaltela.pt\/noticias\/2026\/02\/16\/espolio-do-tumulo-de-d-dinis-classificado-como-tesouro-nacional-3\/","title":{"rendered":"Esp\u00f3lio do t\u00famulo de D. Dinis classificado como tesouro nacional"},"content":{"rendered":"<p>O esp\u00f3lio do t\u00famulo do rei D. Dinis, localizado no Mosteiro de Odivelas, foi classificado como tesouro nacional. A decis\u00e3o envolve um conjunto diversificado de pe\u00e7as, incluindo uma espada e um manto, que ainda ser\u00e3o estudadas e restauradas.<\/p>\n<p>O processo de classifica\u00e7\u00e3o abriu em 2023, pela Dire\u00e7\u00e3o-Geral do Patrim\u00f3nio Cultural. O objetivo \u00e9 proteger e valorizar este conjunto hist\u00f3rico, considerado testemunho relevante da na\u00e7\u00e3o.<\/p>\n<h3>Classifica\u00e7\u00e3o do esp\u00f3lio<\/h3>\n<p>A decis\u00e3o real\u00e7a o car\u00e1ter matricial dos bens e o seu valor hist\u00f3rico, est\u00e9tico e t\u00e9cnico. O esp\u00f3lio tem import\u00e2ncia para a investiga\u00e7\u00e3o hist\u00f3rica e cient\u00edfica, bem como para a mem\u00f3ria colectiva.<\/p>\n<p>O esp\u00f3lio foi aberto ao estudo em 2023 e envolve ainda an\u00e1lises, data\u00e7\u00f5es e publica\u00e7\u00f5es cient\u00edficas previstas. O tombamento inclui os restos mortais do rei e o neto sepultado no mesmo espa\u00e7o.<\/p>\n<p>A arque\u00f3loga Maria Ant\u00f3nia Amaral indicou que o manto e a espada foram propostos para classifica\u00e7\u00e3o como tesouros nacionais. O conjunto requer prote\u00e7\u00e3o para evitar danos ou perdas de integridade.<\/p>\n<h3>Outros bens classificados hoje<\/h3>\n<p>Foi ainda classificada como tesouro nacional uma pintura flamenga, prov\u00e1vel Escola de Antu\u00e9rpia, representando Nossa Senhora diante de Cristo. Este conjunto integra o patrim\u00f3nio art\u00edstico relevante.<\/p>\n<p>Tamb\u00e9m foi reconhecido um modelo em gesso da est\u00e1tua equestre de Jos\u00e9 I, de Joaquim Machado de Castro, e dois fonogramas relacionados com a senha da revolu\u00e7\u00e3o de 25 de Abril.<\/p>\n<h3>Outras classifica\u00e7\u00f5es associadas<\/h3>\n<p>Al\u00e9m do esp\u00f3lio de D. Dinis, foi confirmado, atrav\u00e9s de decreto equivalente, o conjunto da Capela de S\u00e3o Jo\u00e3o Baptista da Igreja de S\u00e3o Roque, em Lisboa. Este grupo lit\u00fargico do s\u00e9culo XVIII consta entre os bens valorizados.<\/p>\n","protected":false},"excerpt":{"rendered":"<ul>\n<li>Esp\u00f3lio do t\u00famulo de D. Dinis, no Mosteiro de Odivelas, foi classificado como tesouro nacional.<\/li>\n<li>O conjunto inclui uma espada, um manto, uma fivela em prata e v\u00e1rios t\u00eaxteis, com estudo e restaura\u00e7\u00e3o em curso.<\/li>\n<li>O processo de classifica\u00e7\u00e3o abriu em dois mil e vinte e tr\u00eas, e o t\u00famulo tem sido objeto de investiga\u00e7\u00e3o para a prote\u00e7\u00e3o e valoriza\u00e7\u00e3o do patrim\u00f3nio.<\/li>\n<li>O decreto destaca o valor hist\u00f3rico, cient\u00edfico e simb\u00f3lico do esp\u00f3lio, bem como a necessidade de preservar a sua integridade.<\/li>\n<li>Al\u00e9m do esp\u00f3lio de D. Dinis, foi classificada tamb\u00e9m uma pintura flamenga, um modelo em gesso de Jos\u00e9 I e dois fonogramas da senha da revolu\u00e7\u00e3o do vinte e cinco de abril; a not\u00edcia inclui ainda a classifica\u00e7\u00e3o da Capela de S\u00e3o Jo\u00e3o Baptista da Igreja de S\u00e3o Roque.<\/li>\n<\/ul>\n","protected":false},"author":2,"featured_media":214558,"comment_status":"closed","ping_status":"closed","sticky":false,"template":"","format":"standard","meta":{"footnotes":""},"categories":[1],"tags":[5999,249,1281,814,1175,248],"class_list":["post-214556","post","type-post","status-publish","format-standard","has-post-thumbnail","hentry","category-noticias","tag-25-de-abril","tag-escultura","tag-odivelas","tag-patrimonio","tag-patrimonio-cultural","tag-pintura"],"yoast_head":"<!-- This site is optimized with the Yoast SEO plugin v27.2 - https:\/\/yoast.com\/product\/yoast-seo-wordpress\/ -->\n<title>Esp\u00f3lio do t\u00famulo de D. Dinis classificado como tesouro nacional - Portal Tela Portugal<\/title>\n<meta name=\"robots\" content=\"index, follow, max-snippet:-1, max-image-preview:large, max-video-preview:-1\" \/>\n<meta property=\"og:locale\" content=\"pt_PT\" \/>\n<meta property=\"og:type\" content=\"article\" \/>\n<meta property=\"og:title\" content=\"Esp\u00f3lio do t\u00famulo de D. Dinis classificado como tesouro nacional - Portal Tela Portugal\" \/>\n<meta property=\"og:description\" content=\"Esp\u00f3lio do t\u00famulo de D. Dinis, no Mosteiro de Odivelas, foi classificado como tesouro nacional. O conjunto inclui uma espada, um manto, uma fivela em prata e v\u00e1rios t\u00eaxteis, com estudo e restaura\u00e7\u00e3o em curso. O processo de classifica\u00e7\u00e3o abriu em dois mil e vinte e tr\u00eas, e o t\u00famulo tem sido objeto de investiga\u00e7\u00e3o para a prote\u00e7\u00e3o e valoriza\u00e7\u00e3o do patrim\u00f3nio. O decreto destaca o valor hist\u00f3rico, cient\u00edfico e simb\u00f3lico do esp\u00f3lio, bem como a necessidade de preservar a sua integridade. Al\u00e9m do esp\u00f3lio de D. Dinis, foi classificada tamb\u00e9m uma pintura flamenga, um modelo em gesso de Jos\u00e9 I e dois fonogramas da senha da revolu\u00e7\u00e3o do vinte e cinco de abril; a not\u00edcia inclui ainda a classifica\u00e7\u00e3o da Capela de S\u00e3o Jo\u00e3o Baptista da Igreja de S\u00e3o Roque.\" \/>\n<meta property=\"og:url\" content=\"https:\/\/portaltela.pt\/noticias\/2026\/02\/16\/espolio-do-tumulo-de-d-dinis-classificado-como-tesouro-nacional-3\/\" \/>\n<meta property=\"og:site_name\" content=\"Portal Tela Portugal\" \/>\n<meta property=\"article:published_time\" content=\"2026-02-16T13:13:00+00:00\" \/>\n<meta name=\"author\" content=\"Telinha\" \/>\n<meta name=\"twitter:card\" content=\"summary_large_image\" \/>\n<meta name=\"twitter:label1\" content=\"Escrito por\" \/>\n\t<meta name=\"twitter:data1\" content=\"Telinha\" \/>\n\t<meta name=\"twitter:label2\" content=\"Tempo estimado de leitura\" \/>\n\t<meta name=\"twitter:data2\" content=\"2 minutos\" \/>\n<script type=\"application\/ld+json\" class=\"yoast-schema-graph\">{\"@context\":\"https:\/\/schema.org\",\"@graph\":[{\"@type\":\"Article\",\"@id\":\"https:\/\/portaltela.pt\/noticias\/2026\/02\/16\/espolio-do-tumulo-de-d-dinis-classificado-como-tesouro-nacional-3\/#article\",\"isPartOf\":{\"@id\":\"https:\/\/portaltela.pt\/noticias\/2026\/02\/16\/espolio-do-tumulo-de-d-dinis-classificado-como-tesouro-nacional-3\/\"},\"author\":{\"name\":\"Telinha\",\"@id\":\"https:\/\/portaltela.pt\/#\/schema\/person\/c4278d4a6028830caff9ee44b42d32ed\"},\"headline\":\"Esp\u00f3lio do t\u00famulo de D. Dinis classificado como tesouro nacional\",\"datePublished\":\"2026-02-16T13:13:00+00:00\",\"mainEntityOfPage\":{\"@id\":\"https:\/\/portaltela.pt\/noticias\/2026\/02\/16\/espolio-do-tumulo-de-d-dinis-classificado-como-tesouro-nacional-3\/\"},\"wordCount\":321,\"image\":{\"@id\":\"https:\/\/portaltela.pt\/noticias\/2026\/02\/16\/espolio-do-tumulo-de-d-dinis-classificado-como-tesouro-nacional-3\/#primaryimage\"},\"thumbnailUrl\":\"https:\/\/portaltela.pt\/s.01k8rhncp4jt1\/2026\/02\/2067586.jpg\",\"keywords\":[\"25 de Abril\",\"escultura\",\"Odivelas\",\"patrim\u00f3nio\",\"Patrim\u00f3nio Cultural\",\"pintura\"],\"articleSection\":[\"Not\u00edcias\"],\"inLanguage\":\"pt-PT\"},{\"@type\":\"WebPage\",\"@id\":\"https:\/\/portaltela.pt\/noticias\/2026\/02\/16\/espolio-do-tumulo-de-d-dinis-classificado-como-tesouro-nacional-3\/\",\"url\":\"https:\/\/portaltela.pt\/noticias\/2026\/02\/16\/espolio-do-tumulo-de-d-dinis-classificado-como-tesouro-nacional-3\/\",\"name\":\"Esp\u00f3lio do t\u00famulo de D. Dinis classificado como tesouro nacional - Portal Tela Portugal\",\"isPartOf\":{\"@id\":\"https:\/\/portaltela.pt\/#website\"},\"primaryImageOfPage\":{\"@id\":\"https:\/\/portaltela.pt\/noticias\/2026\/02\/16\/espolio-do-tumulo-de-d-dinis-classificado-como-tesouro-nacional-3\/#primaryimage\"},\"image\":{\"@id\":\"https:\/\/portaltela.pt\/noticias\/2026\/02\/16\/espolio-do-tumulo-de-d-dinis-classificado-como-tesouro-nacional-3\/#primaryimage\"},\"thumbnailUrl\":\"https:\/\/portaltela.pt\/s.01k8rhncp4jt1\/2026\/02\/2067586.jpg\",\"datePublished\":\"2026-02-16T13:13:00+00:00\",\"author\":{\"@id\":\"https:\/\/portaltela.pt\/#\/schema\/person\/c4278d4a6028830caff9ee44b42d32ed\"},\"breadcrumb\":{\"@id\":\"https:\/\/portaltela.pt\/noticias\/2026\/02\/16\/espolio-do-tumulo-de-d-dinis-classificado-como-tesouro-nacional-3\/#breadcrumb\"},\"inLanguage\":\"pt-PT\",\"potentialAction\":[{\"@type\":\"ReadAction\",\"target\":[\"https:\/\/portaltela.pt\/noticias\/2026\/02\/16\/espolio-do-tumulo-de-d-dinis-classificado-como-tesouro-nacional-3\/\"]}]},{\"@type\":\"ImageObject\",\"inLanguage\":\"pt-PT\",\"@id\":\"https:\/\/portaltela.pt\/noticias\/2026\/02\/16\/espolio-do-tumulo-de-d-dinis-classificado-como-tesouro-nacional-3\/#primaryimage\",\"url\":\"https:\/\/portaltela.pt\/s.01k8rhncp4jt1\/2026\/02\/2067586.jpg\",\"contentUrl\":\"https:\/\/portaltela.pt\/s.01k8rhncp4jt1\/2026\/02\/2067586.jpg\",\"width\":796,\"height\":448,\"caption\":\"A espada \u00e9 a pe\u00e7a do esp\u00f3lio de D. Dinis que mais apela ao imagin\u00e1rio medieval e \u00e9 uma raridade\"},{\"@type\":\"BreadcrumbList\",\"@id\":\"https:\/\/portaltela.pt\/noticias\/2026\/02\/16\/espolio-do-tumulo-de-d-dinis-classificado-como-tesouro-nacional-3\/#breadcrumb\",\"itemListElement\":[{\"@type\":\"ListItem\",\"position\":1,\"name\":\"In\u00edcio\",\"item\":\"https:\/\/portaltela.pt\/\"},{\"@type\":\"ListItem\",\"position\":2,\"name\":\"Esp\u00f3lio do t\u00famulo de D. Dinis classificado como tesouro nacional\"}]},{\"@type\":\"WebSite\",\"@id\":\"https:\/\/portaltela.pt\/#website\",\"url\":\"https:\/\/portaltela.pt\/\",\"name\":\"Portal Tela Portugal\",\"description\":\"\",\"potentialAction\":[{\"@type\":\"SearchAction\",\"target\":{\"@type\":\"EntryPoint\",\"urlTemplate\":\"https:\/\/portaltela.pt\/?s={search_term_string}\"},\"query-input\":{\"@type\":\"PropertyValueSpecification\",\"valueRequired\":true,\"valueName\":\"search_term_string\"}}],\"inLanguage\":\"pt-PT\"},{\"@type\":\"Person\",\"@id\":\"https:\/\/portaltela.pt\/#\/schema\/person\/c4278d4a6028830caff9ee44b42d32ed\",\"name\":\"Telinha\",\"image\":{\"@type\":\"ImageObject\",\"inLanguage\":\"pt-PT\",\"@id\":\"https:\/\/portaltela.pt\/s.01k8rhncp4jt1\/2025\/11\/talking-bot-125x125.png\",\"url\":\"https:\/\/portaltela.pt\/s.01k8rhncp4jt1\/2025\/11\/talking-bot-125x125.png\",\"contentUrl\":\"https:\/\/portaltela.pt\/s.01k8rhncp4jt1\/2025\/11\/talking-bot-125x125.png\",\"caption\":\"Telinha\"},\"sameAs\":[\"https:\/\/portaltela.pt\/\"],\"url\":\"https:\/\/portaltela.pt\/por\/367410592786\/\"}]}<\/script>\n<!-- \/ Yoast SEO plugin. -->","yoast_head_json":{"title":"Esp\u00f3lio do t\u00famulo de D. Dinis classificado como tesouro nacional - Portal Tela Portugal","robots":{"index":"index","follow":"follow","max-snippet":"max-snippet:-1","max-image-preview":"max-image-preview:large","max-video-preview":"max-video-preview:-1"},"og_locale":"pt_PT","og_type":"article","og_title":"Esp\u00f3lio do t\u00famulo de D. Dinis classificado como tesouro nacional - Portal Tela Portugal","og_description":"Esp\u00f3lio do t\u00famulo de D. Dinis, no Mosteiro de Odivelas, foi classificado como tesouro nacional. O conjunto inclui uma espada, um manto, uma fivela em prata e v\u00e1rios t\u00eaxteis, com estudo e restaura\u00e7\u00e3o em curso. O processo de classifica\u00e7\u00e3o abriu em dois mil e vinte e tr\u00eas, e o t\u00famulo tem sido objeto de investiga\u00e7\u00e3o para a prote\u00e7\u00e3o e valoriza\u00e7\u00e3o do patrim\u00f3nio. O decreto destaca o valor hist\u00f3rico, cient\u00edfico e simb\u00f3lico do esp\u00f3lio, bem como a necessidade de preservar a sua integridade. Al\u00e9m do esp\u00f3lio de D. Dinis, foi classificada tamb\u00e9m uma pintura flamenga, um modelo em gesso de Jos\u00e9 I e dois fonogramas da senha da revolu\u00e7\u00e3o do vinte e cinco de abril; a not\u00edcia inclui ainda a classifica\u00e7\u00e3o da Capela de S\u00e3o Jo\u00e3o Baptista da Igreja de S\u00e3o Roque.","og_url":"https:\/\/portaltela.pt\/noticias\/2026\/02\/16\/espolio-do-tumulo-de-d-dinis-classificado-como-tesouro-nacional-3\/","og_site_name":"Portal Tela Portugal","article_published_time":"2026-02-16T13:13:00+00:00","author":"Telinha","twitter_card":"summary_large_image","twitter_misc":{"Escrito por":"Telinha","Tempo estimado de leitura":"2 minutos"},"schema":{"@context":"https:\/\/schema.org","@graph":[{"@type":"Article","@id":"https:\/\/portaltela.pt\/noticias\/2026\/02\/16\/espolio-do-tumulo-de-d-dinis-classificado-como-tesouro-nacional-3\/#article","isPartOf":{"@id":"https:\/\/portaltela.pt\/noticias\/2026\/02\/16\/espolio-do-tumulo-de-d-dinis-classificado-como-tesouro-nacional-3\/"},"author":{"name":"Telinha","@id":"https:\/\/portaltela.pt\/#\/schema\/person\/c4278d4a6028830caff9ee44b42d32ed"},"headline":"Esp\u00f3lio do t\u00famulo de D. Dinis classificado como tesouro nacional","datePublished":"2026-02-16T13:13:00+00:00","mainEntityOfPage":{"@id":"https:\/\/portaltela.pt\/noticias\/2026\/02\/16\/espolio-do-tumulo-de-d-dinis-classificado-como-tesouro-nacional-3\/"},"wordCount":321,"image":{"@id":"https:\/\/portaltela.pt\/noticias\/2026\/02\/16\/espolio-do-tumulo-de-d-dinis-classificado-como-tesouro-nacional-3\/#primaryimage"},"thumbnailUrl":"https:\/\/portaltela.pt\/s.01k8rhncp4jt1\/2026\/02\/2067586.jpg","keywords":["25 de Abril","escultura","Odivelas","patrim\u00f3nio","Patrim\u00f3nio Cultural","pintura"],"articleSection":["Not\u00edcias"],"inLanguage":"pt-PT"},{"@type":"WebPage","@id":"https:\/\/portaltela.pt\/noticias\/2026\/02\/16\/espolio-do-tumulo-de-d-dinis-classificado-como-tesouro-nacional-3\/","url":"https:\/\/portaltela.pt\/noticias\/2026\/02\/16\/espolio-do-tumulo-de-d-dinis-classificado-como-tesouro-nacional-3\/","name":"Esp\u00f3lio do t\u00famulo de D. Dinis classificado como tesouro nacional - Portal Tela Portugal","isPartOf":{"@id":"https:\/\/portaltela.pt\/#website"},"primaryImageOfPage":{"@id":"https:\/\/portaltela.pt\/noticias\/2026\/02\/16\/espolio-do-tumulo-de-d-dinis-classificado-como-tesouro-nacional-3\/#primaryimage"},"image":{"@id":"https:\/\/portaltela.pt\/noticias\/2026\/02\/16\/espolio-do-tumulo-de-d-dinis-classificado-como-tesouro-nacional-3\/#primaryimage"},"thumbnailUrl":"https:\/\/portaltela.pt\/s.01k8rhncp4jt1\/2026\/02\/2067586.jpg","datePublished":"2026-02-16T13:13:00+00:00","author":{"@id":"https:\/\/portaltela.pt\/#\/schema\/person\/c4278d4a6028830caff9ee44b42d32ed"},"breadcrumb":{"@id":"https:\/\/portaltela.pt\/noticias\/2026\/02\/16\/espolio-do-tumulo-de-d-dinis-classificado-como-tesouro-nacional-3\/#breadcrumb"},"inLanguage":"pt-PT","potentialAction":[{"@type":"ReadAction","target":["https:\/\/portaltela.pt\/noticias\/2026\/02\/16\/espolio-do-tumulo-de-d-dinis-classificado-como-tesouro-nacional-3\/"]}]},{"@type":"ImageObject","inLanguage":"pt-PT","@id":"https:\/\/portaltela.pt\/noticias\/2026\/02\/16\/espolio-do-tumulo-de-d-dinis-classificado-como-tesouro-nacional-3\/#primaryimage","url":"https:\/\/portaltela.pt\/s.01k8rhncp4jt1\/2026\/02\/2067586.jpg","contentUrl":"https:\/\/portaltela.pt\/s.01k8rhncp4jt1\/2026\/02\/2067586.jpg","width":796,"height":448,"caption":"A espada \u00e9 a pe\u00e7a do esp\u00f3lio de D. Dinis que mais apela ao imagin\u00e1rio medieval e \u00e9 uma raridade"},{"@type":"BreadcrumbList","@id":"https:\/\/portaltela.pt\/noticias\/2026\/02\/16\/espolio-do-tumulo-de-d-dinis-classificado-como-tesouro-nacional-3\/#breadcrumb","itemListElement":[{"@type":"ListItem","position":1,"name":"In\u00edcio","item":"https:\/\/portaltela.pt\/"},{"@type":"ListItem","position":2,"name":"Esp\u00f3lio do t\u00famulo de D. Dinis classificado como tesouro nacional"}]},{"@type":"WebSite","@id":"https:\/\/portaltela.pt\/#website","url":"https:\/\/portaltela.pt\/","name":"Portal Tela Portugal","description":"","potentialAction":[{"@type":"SearchAction","target":{"@type":"EntryPoint","urlTemplate":"https:\/\/portaltela.pt\/?s={search_term_string}"},"query-input":{"@type":"PropertyValueSpecification","valueRequired":true,"valueName":"search_term_string"}}],"inLanguage":"pt-PT"},{"@type":"Person","@id":"https:\/\/portaltela.pt\/#\/schema\/person\/c4278d4a6028830caff9ee44b42d32ed","name":"Telinha","image":{"@type":"ImageObject","inLanguage":"pt-PT","@id":"https:\/\/portaltela.pt\/s.01k8rhncp4jt1\/2025\/11\/talking-bot-125x125.png","url":"https:\/\/portaltela.pt\/s.01k8rhncp4jt1\/2025\/11\/talking-bot-125x125.png","contentUrl":"https:\/\/portaltela.pt\/s.01k8rhncp4jt1\/2025\/11\/talking-bot-125x125.png","caption":"Telinha"},"sameAs":["https:\/\/portaltela.pt\/"],"url":"https:\/\/portaltela.pt\/por\/367410592786\/"}]}},"_links":{"self":[{"href":"https:\/\/portaltela.pt\/api\/wp\/v2\/posts\/214556","targetHints":{"allow":["GET"]}}],"collection":[{"href":"https:\/\/portaltela.pt\/api\/wp\/v2\/posts"}],"about":[{"href":"https:\/\/portaltela.pt\/api\/wp\/v2\/types\/post"}],"author":[{"embeddable":true,"href":"https:\/\/portaltela.pt\/api\/wp\/v2\/users\/2"}],"replies":[{"embeddable":true,"href":"https:\/\/portaltela.pt\/api\/wp\/v2\/comments?post=214556"}],"version-history":[{"count":0,"href":"https:\/\/portaltela.pt\/api\/wp\/v2\/posts\/214556\/revisions"}],"wp:featuredmedia":[{"embeddable":true,"href":"https:\/\/portaltela.pt\/api\/wp\/v2\/media\/214558"}],"wp:attachment":[{"href":"https:\/\/portaltela.pt\/api\/wp\/v2\/media?parent=214556"}],"wp:term":[{"taxonomy":"category","embeddable":true,"href":"https:\/\/portaltela.pt\/api\/wp\/v2\/categories?post=214556"},{"taxonomy":"post_tag","embeddable":true,"href":"https:\/\/portaltela.pt\/api\/wp\/v2\/tags?post=214556"}],"curies":[{"name":"wp","href":"https:\/\/api.w.org\/{rel}","templated":true}]}}