{"id":214553,"date":"2026-02-16T09:56:00","date_gmt":"2026-02-16T12:56:00","guid":{"rendered":"https:\/\/portaltela.pt\/noticias\/2026\/02\/16\/alerta-de-cheias-no-rio-tejo-baixa-para-amarelo-apos-descida-dos-caudais\/"},"modified":"2026-02-16T09:56:00","modified_gmt":"2026-02-16T12:56:00","slug":"alerta-de-cheias-no-rio-tejo-baixa-para-amarelo-apos-descida-dos-caudais","status":"publish","type":"post","link":"https:\/\/portaltela.pt\/noticias\/2026\/02\/16\/alerta-de-cheias-no-rio-tejo-baixa-para-amarelo-apos-descida-dos-caudais\/","title":{"rendered":"Alerta de cheias no Rio Tejo baixa para amarelo ap\u00f3s descida dos caudais"},"content":{"rendered":"<p>O n\u00edvel de alerta para cheias na bacia do Rio Tejo baixou de vermelho para amarelo nesta segunda-feira, devido \u00e0 descida sustentada dos caudais e ao regresso gradual do rio ao leito normal. A decis\u00e3o foi anunciada pela Prote\u00e7\u00e3o Civil.<\/p>\n<p>A descida permitiu que grande parte do rio ficasse dentro do leito habitual, permitindo planear a fase de recupera\u00e7\u00e3o. Mant\u00eam-se, no entanto, constrangimentos em estradas e zonas ainda alagadas, sobretudo na Lez\u00edria do Tejo.<\/p>\n<p>Segundo a SVARH, \u00e0s 10h, o caudal em Almourol era de 2.284 m3\/s; as cheias descendem em simult\u00e2neo com as descargas das barragens montante: Castelo de Bode, Fratel e Pracana somavam 2.242 m3\/s. A opera\u00e7\u00e3o decorre com foco na estabilidade do aproveitamento h\u00eddrico.<\/p>\n<h3>Desdobramentos e recupera\u00e7\u00e3o<\/h3>\n<p>O plano especial come\u00e7ou no n\u00edvel amarelo a 24 de janeiro, subiu a vermelho a 5 de fevereiro por precau\u00e7\u00e3o ante previs\u00f5es de descargas espanholas e chuva persistente. Nessa altura, o pico atingiu 9.057 m3\/s em Almourol.<\/p>\n<p>Apesar da melhoria, autoridades reiteram que ainda h\u00e1 zonas alagadas e estradas condicionadas. A coordena\u00e7\u00e3o entre entidades manteve-se, e n\u00e3o foram registadas v\u00edtimas humanas nem ferimentos graves. A vigil\u00e2ncia permanece ativa e a popula\u00e7\u00e3o \u00e9 aconselhada a manter cautela durante a recupera\u00e7\u00e3o.<\/p>\n","protected":false},"excerpt":{"rendered":"<ul>\n<li>O n\u00edvel de alerta para cheias no Tejo baixou de vermelho para amarelo, anunciado pela Prote\u00e7\u00e3o Civil, devido \u00e0 descida sustentada dos caudais e ao regresso do rio ao leito normal.<\/li>\n<li>Mant\u00eam-se constrangimentos em estradas e zonas alagadas, e a fase de recupera\u00e7\u00e3o ainda exige planeamento.<\/li>\n<li>Segundo o SVARH, \u00e0s 10h, o caudal em Almourol era de 2.284 m\u00b3\/s; as somas das barragens montante somavam 2.242 m\u00b3\/s (Castelo de Bode, Pracana e Fratel).<\/li>\n<li>A decis\u00e3o foi tomada \u00e0s 9h, na Comiss\u00e3o Distrital da Prote\u00e7\u00e3o Civil de Santar\u00e9m, mantendo o plano no n\u00edvel amarelo nos pr\u00f3ximos dias.<\/li>\n<li>N\u00e3o houve danos humanos significativos; as autoridades destacam coordena\u00e7\u00e3o entre entidades e apelam \u00e0 prud\u00eancia durante a fase de recupera\u00e7\u00e3o.<\/li>\n<\/ul>\n","protected":false},"author":2,"featured_media":214555,"comment_status":"closed","ping_status":"closed","sticky":false,"template":"","format":"standard","meta":{"footnotes":""},"categories":[1],"tags":[3812,5289,3701,1083,3623,320],"class_list":["post-214553","post","type-post","status-publish","format-standard","has-post-thumbnail","hentry","category-noticias","tag-alagamentos","tag-alerta-amarelo","tag-cheias","tag-estradas","tag-leziria-do-tejo","tag-protecao-civil"],"yoast_head":"<!-- This site is optimized with the Yoast SEO plugin v27.2 - https:\/\/yoast.com\/product\/yoast-seo-wordpress\/ -->\n<title>Alerta de cheias no Rio Tejo baixa para amarelo ap\u00f3s descida dos caudais - Portal Tela Portugal<\/title>\n<meta name=\"robots\" content=\"index, follow, max-snippet:-1, max-image-preview:large, max-video-preview:-1\" \/>\n<meta property=\"og:locale\" content=\"pt_PT\" \/>\n<meta property=\"og:type\" content=\"article\" \/>\n<meta property=\"og:title\" content=\"Alerta de cheias no Rio Tejo baixa para amarelo ap\u00f3s descida dos caudais - Portal Tela Portugal\" \/>\n<meta property=\"og:description\" content=\"O n\u00edvel de alerta para cheias no Tejo baixou de vermelho para amarelo, anunciado pela Prote\u00e7\u00e3o Civil, devido \u00e0 descida sustentada dos caudais e ao regresso do rio ao leito normal. Mant\u00eam-se constrangimentos em estradas e zonas alagadas, e a fase de recupera\u00e7\u00e3o ainda exige planeamento. Segundo o SVARH, \u00e0s 10h, o caudal em Almourol era de 2.284 m\u00b3\/s; as somas das barragens montante somavam 2.242 m\u00b3\/s (Castelo de Bode, Pracana e Fratel). A decis\u00e3o foi tomada \u00e0s 9h, na Comiss\u00e3o Distrital da Prote\u00e7\u00e3o Civil de Santar\u00e9m, mantendo o plano no n\u00edvel amarelo nos pr\u00f3ximos dias. N\u00e3o houve danos humanos significativos; as autoridades destacam coordena\u00e7\u00e3o entre entidades e apelam \u00e0 prud\u00eancia durante a fase de recupera\u00e7\u00e3o.\" \/>\n<meta property=\"og:url\" content=\"https:\/\/portaltela.pt\/noticias\/2026\/02\/16\/alerta-de-cheias-no-rio-tejo-baixa-para-amarelo-apos-descida-dos-caudais\/\" \/>\n<meta property=\"og:site_name\" content=\"Portal Tela Portugal\" \/>\n<meta property=\"article:published_time\" content=\"2026-02-16T12:56:00+00:00\" \/>\n<meta name=\"author\" content=\"Telinha\" \/>\n<meta name=\"twitter:card\" content=\"summary_large_image\" \/>\n<meta name=\"twitter:label1\" content=\"Escrito por\" \/>\n\t<meta name=\"twitter:data1\" content=\"Telinha\" \/>\n\t<meta name=\"twitter:label2\" content=\"Tempo estimado de leitura\" \/>\n\t<meta name=\"twitter:data2\" content=\"1 minuto\" \/>\n<script type=\"application\/ld+json\" class=\"yoast-schema-graph\">{\"@context\":\"https:\/\/schema.org\",\"@graph\":[{\"@type\":\"Article\",\"@id\":\"https:\/\/portaltela.pt\/noticias\/2026\/02\/16\/alerta-de-cheias-no-rio-tejo-baixa-para-amarelo-apos-descida-dos-caudais\/#article\",\"isPartOf\":{\"@id\":\"https:\/\/portaltela.pt\/noticias\/2026\/02\/16\/alerta-de-cheias-no-rio-tejo-baixa-para-amarelo-apos-descida-dos-caudais\/\"},\"author\":{\"name\":\"Telinha\",\"@id\":\"https:\/\/portaltela.pt\/#\/schema\/person\/c4278d4a6028830caff9ee44b42d32ed\"},\"headline\":\"Alerta de cheias no Rio Tejo baixa para amarelo ap\u00f3s descida dos caudais\",\"datePublished\":\"2026-02-16T12:56:00+00:00\",\"mainEntityOfPage\":{\"@id\":\"https:\/\/portaltela.pt\/noticias\/2026\/02\/16\/alerta-de-cheias-no-rio-tejo-baixa-para-amarelo-apos-descida-dos-caudais\/\"},\"wordCount\":229,\"image\":{\"@id\":\"https:\/\/portaltela.pt\/noticias\/2026\/02\/16\/alerta-de-cheias-no-rio-tejo-baixa-para-amarelo-apos-descida-dos-caudais\/#primaryimage\"},\"thumbnailUrl\":\"https:\/\/portaltela.pt\/s.01k8rhncp4jt1\/2026\/02\/2067584.jpg\",\"keywords\":[\"alagamentos\",\"alerta amarelo\",\"cheias\",\"estradas\",\"Lez\u00edria do Tejo\",\"prote\u00e7\u00e3o civil\"],\"articleSection\":[\"Not\u00edcias\"],\"inLanguage\":\"pt-PT\"},{\"@type\":\"WebPage\",\"@id\":\"https:\/\/portaltela.pt\/noticias\/2026\/02\/16\/alerta-de-cheias-no-rio-tejo-baixa-para-amarelo-apos-descida-dos-caudais\/\",\"url\":\"https:\/\/portaltela.pt\/noticias\/2026\/02\/16\/alerta-de-cheias-no-rio-tejo-baixa-para-amarelo-apos-descida-dos-caudais\/\",\"name\":\"Alerta de cheias no Rio Tejo baixa para amarelo ap\u00f3s descida dos caudais - Portal Tela Portugal\",\"isPartOf\":{\"@id\":\"https:\/\/portaltela.pt\/#website\"},\"primaryImageOfPage\":{\"@id\":\"https:\/\/portaltela.pt\/noticias\/2026\/02\/16\/alerta-de-cheias-no-rio-tejo-baixa-para-amarelo-apos-descida-dos-caudais\/#primaryimage\"},\"image\":{\"@id\":\"https:\/\/portaltela.pt\/noticias\/2026\/02\/16\/alerta-de-cheias-no-rio-tejo-baixa-para-amarelo-apos-descida-dos-caudais\/#primaryimage\"},\"thumbnailUrl\":\"https:\/\/portaltela.pt\/s.01k8rhncp4jt1\/2026\/02\/2067584.jpg\",\"datePublished\":\"2026-02-16T12:56:00+00:00\",\"author\":{\"@id\":\"https:\/\/portaltela.pt\/#\/schema\/person\/c4278d4a6028830caff9ee44b42d32ed\"},\"breadcrumb\":{\"@id\":\"https:\/\/portaltela.pt\/noticias\/2026\/02\/16\/alerta-de-cheias-no-rio-tejo-baixa-para-amarelo-apos-descida-dos-caudais\/#breadcrumb\"},\"inLanguage\":\"pt-PT\",\"potentialAction\":[{\"@type\":\"ReadAction\",\"target\":[\"https:\/\/portaltela.pt\/noticias\/2026\/02\/16\/alerta-de-cheias-no-rio-tejo-baixa-para-amarelo-apos-descida-dos-caudais\/\"]}]},{\"@type\":\"ImageObject\",\"inLanguage\":\"pt-PT\",\"@id\":\"https:\/\/portaltela.pt\/noticias\/2026\/02\/16\/alerta-de-cheias-no-rio-tejo-baixa-para-amarelo-apos-descida-dos-caudais\/#primaryimage\",\"url\":\"https:\/\/portaltela.pt\/s.01k8rhncp4jt1\/2026\/02\/2067584.jpg\",\"contentUrl\":\"https:\/\/portaltela.pt\/s.01k8rhncp4jt1\/2026\/02\/2067584.jpg\",\"width\":796,\"height\":448,\"caption\":\"O n\u00edvel foi elevado para vermelho em 5 de Fevereiro, por precau\u00e7\u00e3o, face \u00e0 previs\u00e3o de descargas significativas das barragens espanholas e precipita\u00e7\u00e3o persistente\"},{\"@type\":\"BreadcrumbList\",\"@id\":\"https:\/\/portaltela.pt\/noticias\/2026\/02\/16\/alerta-de-cheias-no-rio-tejo-baixa-para-amarelo-apos-descida-dos-caudais\/#breadcrumb\",\"itemListElement\":[{\"@type\":\"ListItem\",\"position\":1,\"name\":\"In\u00edcio\",\"item\":\"https:\/\/portaltela.pt\/\"},{\"@type\":\"ListItem\",\"position\":2,\"name\":\"Alerta de cheias no Rio Tejo baixa para amarelo ap\u00f3s descida dos caudais\"}]},{\"@type\":\"WebSite\",\"@id\":\"https:\/\/portaltela.pt\/#website\",\"url\":\"https:\/\/portaltela.pt\/\",\"name\":\"Portal Tela Portugal\",\"description\":\"\",\"potentialAction\":[{\"@type\":\"SearchAction\",\"target\":{\"@type\":\"EntryPoint\",\"urlTemplate\":\"https:\/\/portaltela.pt\/?s={search_term_string}\"},\"query-input\":{\"@type\":\"PropertyValueSpecification\",\"valueRequired\":true,\"valueName\":\"search_term_string\"}}],\"inLanguage\":\"pt-PT\"},{\"@type\":\"Person\",\"@id\":\"https:\/\/portaltela.pt\/#\/schema\/person\/c4278d4a6028830caff9ee44b42d32ed\",\"name\":\"Telinha\",\"image\":{\"@type\":\"ImageObject\",\"inLanguage\":\"pt-PT\",\"@id\":\"https:\/\/portaltela.pt\/s.01k8rhncp4jt1\/2025\/11\/talking-bot-125x125.png\",\"url\":\"https:\/\/portaltela.pt\/s.01k8rhncp4jt1\/2025\/11\/talking-bot-125x125.png\",\"contentUrl\":\"https:\/\/portaltela.pt\/s.01k8rhncp4jt1\/2025\/11\/talking-bot-125x125.png\",\"caption\":\"Telinha\"},\"sameAs\":[\"https:\/\/portaltela.pt\/\"],\"url\":\"https:\/\/portaltela.pt\/por\/367410592786\/\"}]}<\/script>\n<!-- \/ Yoast SEO plugin. -->","yoast_head_json":{"title":"Alerta de cheias no Rio Tejo baixa para amarelo ap\u00f3s descida dos caudais - Portal Tela Portugal","robots":{"index":"index","follow":"follow","max-snippet":"max-snippet:-1","max-image-preview":"max-image-preview:large","max-video-preview":"max-video-preview:-1"},"og_locale":"pt_PT","og_type":"article","og_title":"Alerta de cheias no Rio Tejo baixa para amarelo ap\u00f3s descida dos caudais - Portal Tela Portugal","og_description":"O n\u00edvel de alerta para cheias no Tejo baixou de vermelho para amarelo, anunciado pela Prote\u00e7\u00e3o Civil, devido \u00e0 descida sustentada dos caudais e ao regresso do rio ao leito normal. Mant\u00eam-se constrangimentos em estradas e zonas alagadas, e a fase de recupera\u00e7\u00e3o ainda exige planeamento. Segundo o SVARH, \u00e0s 10h, o caudal em Almourol era de 2.284 m\u00b3\/s; as somas das barragens montante somavam 2.242 m\u00b3\/s (Castelo de Bode, Pracana e Fratel). A decis\u00e3o foi tomada \u00e0s 9h, na Comiss\u00e3o Distrital da Prote\u00e7\u00e3o Civil de Santar\u00e9m, mantendo o plano no n\u00edvel amarelo nos pr\u00f3ximos dias. N\u00e3o houve danos humanos significativos; as autoridades destacam coordena\u00e7\u00e3o entre entidades e apelam \u00e0 prud\u00eancia durante a fase de recupera\u00e7\u00e3o.","og_url":"https:\/\/portaltela.pt\/noticias\/2026\/02\/16\/alerta-de-cheias-no-rio-tejo-baixa-para-amarelo-apos-descida-dos-caudais\/","og_site_name":"Portal Tela Portugal","article_published_time":"2026-02-16T12:56:00+00:00","author":"Telinha","twitter_card":"summary_large_image","twitter_misc":{"Escrito por":"Telinha","Tempo estimado de leitura":"1 minuto"},"schema":{"@context":"https:\/\/schema.org","@graph":[{"@type":"Article","@id":"https:\/\/portaltela.pt\/noticias\/2026\/02\/16\/alerta-de-cheias-no-rio-tejo-baixa-para-amarelo-apos-descida-dos-caudais\/#article","isPartOf":{"@id":"https:\/\/portaltela.pt\/noticias\/2026\/02\/16\/alerta-de-cheias-no-rio-tejo-baixa-para-amarelo-apos-descida-dos-caudais\/"},"author":{"name":"Telinha","@id":"https:\/\/portaltela.pt\/#\/schema\/person\/c4278d4a6028830caff9ee44b42d32ed"},"headline":"Alerta de cheias no Rio Tejo baixa para amarelo ap\u00f3s descida dos caudais","datePublished":"2026-02-16T12:56:00+00:00","mainEntityOfPage":{"@id":"https:\/\/portaltela.pt\/noticias\/2026\/02\/16\/alerta-de-cheias-no-rio-tejo-baixa-para-amarelo-apos-descida-dos-caudais\/"},"wordCount":229,"image":{"@id":"https:\/\/portaltela.pt\/noticias\/2026\/02\/16\/alerta-de-cheias-no-rio-tejo-baixa-para-amarelo-apos-descida-dos-caudais\/#primaryimage"},"thumbnailUrl":"https:\/\/portaltela.pt\/s.01k8rhncp4jt1\/2026\/02\/2067584.jpg","keywords":["alagamentos","alerta amarelo","cheias","estradas","Lez\u00edria do Tejo","prote\u00e7\u00e3o civil"],"articleSection":["Not\u00edcias"],"inLanguage":"pt-PT"},{"@type":"WebPage","@id":"https:\/\/portaltela.pt\/noticias\/2026\/02\/16\/alerta-de-cheias-no-rio-tejo-baixa-para-amarelo-apos-descida-dos-caudais\/","url":"https:\/\/portaltela.pt\/noticias\/2026\/02\/16\/alerta-de-cheias-no-rio-tejo-baixa-para-amarelo-apos-descida-dos-caudais\/","name":"Alerta de cheias no Rio Tejo baixa para amarelo ap\u00f3s descida dos caudais - Portal Tela Portugal","isPartOf":{"@id":"https:\/\/portaltela.pt\/#website"},"primaryImageOfPage":{"@id":"https:\/\/portaltela.pt\/noticias\/2026\/02\/16\/alerta-de-cheias-no-rio-tejo-baixa-para-amarelo-apos-descida-dos-caudais\/#primaryimage"},"image":{"@id":"https:\/\/portaltela.pt\/noticias\/2026\/02\/16\/alerta-de-cheias-no-rio-tejo-baixa-para-amarelo-apos-descida-dos-caudais\/#primaryimage"},"thumbnailUrl":"https:\/\/portaltela.pt\/s.01k8rhncp4jt1\/2026\/02\/2067584.jpg","datePublished":"2026-02-16T12:56:00+00:00","author":{"@id":"https:\/\/portaltela.pt\/#\/schema\/person\/c4278d4a6028830caff9ee44b42d32ed"},"breadcrumb":{"@id":"https:\/\/portaltela.pt\/noticias\/2026\/02\/16\/alerta-de-cheias-no-rio-tejo-baixa-para-amarelo-apos-descida-dos-caudais\/#breadcrumb"},"inLanguage":"pt-PT","potentialAction":[{"@type":"ReadAction","target":["https:\/\/portaltela.pt\/noticias\/2026\/02\/16\/alerta-de-cheias-no-rio-tejo-baixa-para-amarelo-apos-descida-dos-caudais\/"]}]},{"@type":"ImageObject","inLanguage":"pt-PT","@id":"https:\/\/portaltela.pt\/noticias\/2026\/02\/16\/alerta-de-cheias-no-rio-tejo-baixa-para-amarelo-apos-descida-dos-caudais\/#primaryimage","url":"https:\/\/portaltela.pt\/s.01k8rhncp4jt1\/2026\/02\/2067584.jpg","contentUrl":"https:\/\/portaltela.pt\/s.01k8rhncp4jt1\/2026\/02\/2067584.jpg","width":796,"height":448,"caption":"O n\u00edvel foi elevado para vermelho em 5 de Fevereiro, por precau\u00e7\u00e3o, face \u00e0 previs\u00e3o de descargas significativas das barragens espanholas e precipita\u00e7\u00e3o persistente"},{"@type":"BreadcrumbList","@id":"https:\/\/portaltela.pt\/noticias\/2026\/02\/16\/alerta-de-cheias-no-rio-tejo-baixa-para-amarelo-apos-descida-dos-caudais\/#breadcrumb","itemListElement":[{"@type":"ListItem","position":1,"name":"In\u00edcio","item":"https:\/\/portaltela.pt\/"},{"@type":"ListItem","position":2,"name":"Alerta de cheias no Rio Tejo baixa para amarelo ap\u00f3s descida dos caudais"}]},{"@type":"WebSite","@id":"https:\/\/portaltela.pt\/#website","url":"https:\/\/portaltela.pt\/","name":"Portal Tela Portugal","description":"","potentialAction":[{"@type":"SearchAction","target":{"@type":"EntryPoint","urlTemplate":"https:\/\/portaltela.pt\/?s={search_term_string}"},"query-input":{"@type":"PropertyValueSpecification","valueRequired":true,"valueName":"search_term_string"}}],"inLanguage":"pt-PT"},{"@type":"Person","@id":"https:\/\/portaltela.pt\/#\/schema\/person\/c4278d4a6028830caff9ee44b42d32ed","name":"Telinha","image":{"@type":"ImageObject","inLanguage":"pt-PT","@id":"https:\/\/portaltela.pt\/s.01k8rhncp4jt1\/2025\/11\/talking-bot-125x125.png","url":"https:\/\/portaltela.pt\/s.01k8rhncp4jt1\/2025\/11\/talking-bot-125x125.png","contentUrl":"https:\/\/portaltela.pt\/s.01k8rhncp4jt1\/2025\/11\/talking-bot-125x125.png","caption":"Telinha"},"sameAs":["https:\/\/portaltela.pt\/"],"url":"https:\/\/portaltela.pt\/por\/367410592786\/"}]}},"_links":{"self":[{"href":"https:\/\/portaltela.pt\/api\/wp\/v2\/posts\/214553","targetHints":{"allow":["GET"]}}],"collection":[{"href":"https:\/\/portaltela.pt\/api\/wp\/v2\/posts"}],"about":[{"href":"https:\/\/portaltela.pt\/api\/wp\/v2\/types\/post"}],"author":[{"embeddable":true,"href":"https:\/\/portaltela.pt\/api\/wp\/v2\/users\/2"}],"replies":[{"embeddable":true,"href":"https:\/\/portaltela.pt\/api\/wp\/v2\/comments?post=214553"}],"version-history":[{"count":0,"href":"https:\/\/portaltela.pt\/api\/wp\/v2\/posts\/214553\/revisions"}],"wp:featuredmedia":[{"embeddable":true,"href":"https:\/\/portaltela.pt\/api\/wp\/v2\/media\/214555"}],"wp:attachment":[{"href":"https:\/\/portaltela.pt\/api\/wp\/v2\/media?parent=214553"}],"wp:term":[{"taxonomy":"category","embeddable":true,"href":"https:\/\/portaltela.pt\/api\/wp\/v2\/categories?post=214553"},{"taxonomy":"post_tag","embeddable":true,"href":"https:\/\/portaltela.pt\/api\/wp\/v2\/tags?post=214553"}],"curies":[{"name":"wp","href":"https:\/\/api.w.org\/{rel}","templated":true}]}}