{"id":214545,"date":"2026-02-16T10:48:00","date_gmt":"2026-02-16T13:48:00","guid":{"rendered":"https:\/\/portaltela.pt\/noticias\/2026\/02\/16\/ex-benfica-b-detido-no-brasil-por-desacatos-e-ameacas-durante-carnaval\/"},"modified":"2026-02-16T10:48:00","modified_gmt":"2026-02-16T13:48:00","slug":"ex-benfica-b-detido-no-brasil-por-desacatos-e-ameacas-durante-carnaval","status":"publish","type":"post","link":"https:\/\/portaltela.pt\/desporto\/futebol\/2026\/02\/16\/ex-benfica-b-detido-no-brasil-por-desacatos-e-ameacas-durante-carnaval\/","title":{"rendered":"Ex-Benfica B detido no Brasil por desacatos e amea\u00e7as durante Carnaval"},"content":{"rendered":"<p>Bryan Garcia, jogador brasileiro que passou pelo Benfica B em 2012\/13, foi detido neste domingo durante um desfile de Carnaval em Belo Horizonte. A interven\u00e7\u00e3o ocorreu quando o grupo de foli\u00f5es entrou em confronto com a seguran\u00e7a e a pol\u00edcia foi acionada para controlar a multid\u00e3o.<\/p>\n<p>Segundo a Pol\u00edcia Militar, o defesa esquerdo de 33 anos recusou colaborar com as autoridades, apresentando sinais de embriaguez e comportamento alterado. Ao ser alvo de abordagem, ter\u00e1 confrontado os agentes, dirigindo-lhe insultos e amea\u00e7as \u00e0s suas fam\u00edlias.<\/p>\n<p>Devido \u00e0 desordem, Garcia foi detido e conduzido \u00e0 esquadra. Foi necess\u00e1rio o uso de t\u00e9cnicas de imobiliza\u00e7\u00e3o e de algemas para controlar a situa\u00e7\u00e3o.<\/p>\n<h3>Carreira de Bryan Garcia<\/h3>\n<p>O brasileiro foi formado no Am\u00e9rica Mineiro e teve uma passagem curta pelo Benfica B, com apenas 6 minutos em 21 anos. Seguiu para clubes brasileiros, destacando-se em equipas como Portuguesa, Ponte Preta e Cruzeiro, onde teve a oportunidade de jogar no Brasileir\u00e3o.<\/p>\n","protected":false},"excerpt":{"rendered":"<ul>\n<li>Bryan Garcia, jogador brasileiro de 33 anos, ex\u2011Benfica B (2012\/13), foi detido em Belo Horizonte durante um desfile de Carnaval.<\/li>\n<li>As equipas de pol\u00edcia foram chamadas para intervir quando grupo de foli\u00f5es iniciou uma sess\u00e3o de pancadaria, incluindo o defesa esquerdo.<\/li>\n<li>Ao ser abordado, Garcia recusou colaborar, apresentando sinais de embriaguez e confrontou os agentes, apontando o dedo e proferindo insultos e amea\u00e7as.<\/li>\n<li>Foi detido e levado para a esquadra, com recurso a t\u00e9cnicas de imobiliza\u00e7\u00e3o e algemas.<\/li>\n<li>A carreira de Garcia inclui apenas seis jogos pelo Benfica B aos 21 anos, seguindo depois para clubes no Brasil, como Am\u00e9rica Mineiro, Portuguesa, Ponte Preta e Cruzeiro.<\/li>\n<\/ul>\n","protected":false},"author":2,"featured_media":214551,"comment_status":"closed","ping_status":"closed","sticky":false,"template":"","format":"standard","meta":{"footnotes":""},"categories":[21,24],"tags":[5744,1946,2547,3527,32,3418],"class_list":["post-214545","post","type-post","status-publish","format-standard","has-post-thumbnail","hentry","category-desporto","category-futebol","tag-ameacas","tag-benfica","tag-brasil","tag-desacatos","tag-futebol","tag-policia-de-seguranca-publica"],"yoast_head":"<!-- This site is optimized with the Yoast SEO plugin v27.2 - https:\/\/yoast.com\/product\/yoast-seo-wordpress\/ -->\n<title>Ex-Benfica B detido no Brasil por desacatos e amea\u00e7as durante Carnaval - Portal Tela Portugal<\/title>\n<meta name=\"robots\" content=\"index, follow, max-snippet:-1, max-image-preview:large, max-video-preview:-1\" \/>\n<meta property=\"og:locale\" content=\"pt_PT\" \/>\n<meta property=\"og:type\" content=\"article\" \/>\n<meta property=\"og:title\" content=\"Ex-Benfica B detido no Brasil por desacatos e amea\u00e7as durante Carnaval - Portal Tela Portugal\" \/>\n<meta property=\"og:description\" content=\"Bryan Garcia, jogador brasileiro de 33 anos, ex\u2011Benfica B (2012\/13), foi detido em Belo Horizonte durante um desfile de Carnaval. As equipas de pol\u00edcia foram chamadas para intervir quando grupo de foli\u00f5es iniciou uma sess\u00e3o de pancadaria, incluindo o defesa esquerdo. Ao ser abordado, Garcia recusou colaborar, apresentando sinais de embriaguez e confrontou os agentes, apontando o dedo e proferindo insultos e amea\u00e7as. Foi detido e levado para a esquadra, com recurso a t\u00e9cnicas de imobiliza\u00e7\u00e3o e algemas. A carreira de Garcia inclui apenas seis jogos pelo Benfica B aos 21 anos, seguindo depois para clubes no Brasil, como Am\u00e9rica Mineiro, Portuguesa, Ponte Preta e Cruzeiro.\" \/>\n<meta property=\"og:url\" content=\"https:\/\/portaltela.pt\/noticias\/2026\/02\/16\/ex-benfica-b-detido-no-brasil-por-desacatos-e-ameacas-durante-carnaval\/\" \/>\n<meta property=\"og:site_name\" content=\"Portal Tela Portugal\" \/>\n<meta property=\"article:published_time\" content=\"2026-02-16T13:48:00+00:00\" \/>\n<meta name=\"author\" content=\"Telinha\" \/>\n<meta name=\"twitter:card\" content=\"summary_large_image\" \/>\n<meta name=\"twitter:label1\" content=\"Escrito por\" \/>\n\t<meta name=\"twitter:data1\" content=\"Telinha\" \/>\n\t<meta name=\"twitter:label2\" content=\"Tempo estimado de leitura\" \/>\n\t<meta name=\"twitter:data2\" content=\"1 minuto\" \/>\n<script type=\"application\/ld+json\" class=\"yoast-schema-graph\">{\"@context\":\"https:\/\/schema.org\",\"@graph\":[{\"@type\":\"Article\",\"@id\":\"https:\/\/portaltela.pt\/noticias\/2026\/02\/16\/ex-benfica-b-detido-no-brasil-por-desacatos-e-ameacas-durante-carnaval\/#article\",\"isPartOf\":{\"@id\":\"https:\/\/portaltela.pt\/noticias\/2026\/02\/16\/ex-benfica-b-detido-no-brasil-por-desacatos-e-ameacas-durante-carnaval\/\"},\"author\":{\"name\":\"Telinha\",\"@id\":\"https:\/\/portaltela.pt\/#\/schema\/person\/c4278d4a6028830caff9ee44b42d32ed\"},\"headline\":\"Ex-Benfica B detido no Brasil por desacatos e amea\u00e7as durante Carnaval\",\"datePublished\":\"2026-02-16T13:48:00+00:00\",\"mainEntityOfPage\":{\"@id\":\"https:\/\/portaltela.pt\/noticias\/2026\/02\/16\/ex-benfica-b-detido-no-brasil-por-desacatos-e-ameacas-durante-carnaval\/\"},\"wordCount\":176,\"image\":{\"@id\":\"https:\/\/portaltela.pt\/noticias\/2026\/02\/16\/ex-benfica-b-detido-no-brasil-por-desacatos-e-ameacas-durante-carnaval\/#primaryimage\"},\"thumbnailUrl\":\"https:\/\/portaltela.pt\/s.01k8rhncp4jt1\/2026\/02\/img_920x518uu2026-02-16-13-32-20-2421952.jpg\",\"keywords\":[\"amea\u00e7as\",\"Benfica\",\"Brasil\",\"desacatos\",\"futebol\",\"Pol\u00edcia de Seguran\u00e7a P\u00fablica\"],\"articleSection\":[\"Desporto\",\"Futebol\"],\"inLanguage\":\"pt-PT\"},{\"@type\":\"WebPage\",\"@id\":\"https:\/\/portaltela.pt\/noticias\/2026\/02\/16\/ex-benfica-b-detido-no-brasil-por-desacatos-e-ameacas-durante-carnaval\/\",\"url\":\"https:\/\/portaltela.pt\/noticias\/2026\/02\/16\/ex-benfica-b-detido-no-brasil-por-desacatos-e-ameacas-durante-carnaval\/\",\"name\":\"Ex-Benfica B detido no Brasil por desacatos e amea\u00e7as durante Carnaval - Portal Tela Portugal\",\"isPartOf\":{\"@id\":\"https:\/\/portaltela.pt\/#website\"},\"primaryImageOfPage\":{\"@id\":\"https:\/\/portaltela.pt\/noticias\/2026\/02\/16\/ex-benfica-b-detido-no-brasil-por-desacatos-e-ameacas-durante-carnaval\/#primaryimage\"},\"image\":{\"@id\":\"https:\/\/portaltela.pt\/noticias\/2026\/02\/16\/ex-benfica-b-detido-no-brasil-por-desacatos-e-ameacas-durante-carnaval\/#primaryimage\"},\"thumbnailUrl\":\"https:\/\/portaltela.pt\/s.01k8rhncp4jt1\/2026\/02\/img_920x518uu2026-02-16-13-32-20-2421952.jpg\",\"datePublished\":\"2026-02-16T13:48:00+00:00\",\"author\":{\"@id\":\"https:\/\/portaltela.pt\/#\/schema\/person\/c4278d4a6028830caff9ee44b42d32ed\"},\"breadcrumb\":{\"@id\":\"https:\/\/portaltela.pt\/noticias\/2026\/02\/16\/ex-benfica-b-detido-no-brasil-por-desacatos-e-ameacas-durante-carnaval\/#breadcrumb\"},\"inLanguage\":\"pt-PT\",\"potentialAction\":[{\"@type\":\"ReadAction\",\"target\":[\"https:\/\/portaltela.pt\/noticias\/2026\/02\/16\/ex-benfica-b-detido-no-brasil-por-desacatos-e-ameacas-durante-carnaval\/\"]}]},{\"@type\":\"ImageObject\",\"inLanguage\":\"pt-PT\",\"@id\":\"https:\/\/portaltela.pt\/noticias\/2026\/02\/16\/ex-benfica-b-detido-no-brasil-por-desacatos-e-ameacas-durante-carnaval\/#primaryimage\",\"url\":\"https:\/\/portaltela.pt\/s.01k8rhncp4jt1\/2026\/02\/img_920x518uu2026-02-16-13-32-20-2421952.jpg\",\"contentUrl\":\"https:\/\/portaltela.pt\/s.01k8rhncp4jt1\/2026\/02\/img_920x518uu2026-02-16-13-32-20-2421952.jpg\",\"width\":796,\"height\":448,\"caption\":\"Bryan Garcia pelo Benfica em 2012\/13\"},{\"@type\":\"BreadcrumbList\",\"@id\":\"https:\/\/portaltela.pt\/noticias\/2026\/02\/16\/ex-benfica-b-detido-no-brasil-por-desacatos-e-ameacas-durante-carnaval\/#breadcrumb\",\"itemListElement\":[{\"@type\":\"ListItem\",\"position\":1,\"name\":\"In\u00edcio\",\"item\":\"https:\/\/portaltela.pt\/\"},{\"@type\":\"ListItem\",\"position\":2,\"name\":\"Ex-Benfica B detido no Brasil por desacatos e amea\u00e7as durante Carnaval\"}]},{\"@type\":\"WebSite\",\"@id\":\"https:\/\/portaltela.pt\/#website\",\"url\":\"https:\/\/portaltela.pt\/\",\"name\":\"Portal Tela Portugal\",\"description\":\"\",\"potentialAction\":[{\"@type\":\"SearchAction\",\"target\":{\"@type\":\"EntryPoint\",\"urlTemplate\":\"https:\/\/portaltela.pt\/?s={search_term_string}\"},\"query-input\":{\"@type\":\"PropertyValueSpecification\",\"valueRequired\":true,\"valueName\":\"search_term_string\"}}],\"inLanguage\":\"pt-PT\"},{\"@type\":\"Person\",\"@id\":\"https:\/\/portaltela.pt\/#\/schema\/person\/c4278d4a6028830caff9ee44b42d32ed\",\"name\":\"Telinha\",\"image\":{\"@type\":\"ImageObject\",\"inLanguage\":\"pt-PT\",\"@id\":\"https:\/\/portaltela.pt\/s.01k8rhncp4jt1\/2025\/11\/talking-bot-125x125.png\",\"url\":\"https:\/\/portaltela.pt\/s.01k8rhncp4jt1\/2025\/11\/talking-bot-125x125.png\",\"contentUrl\":\"https:\/\/portaltela.pt\/s.01k8rhncp4jt1\/2025\/11\/talking-bot-125x125.png\",\"caption\":\"Telinha\"},\"sameAs\":[\"https:\/\/portaltela.pt\/\"],\"url\":\"https:\/\/portaltela.pt\/por\/367410592786\/\"}]}<\/script>\n<!-- \/ Yoast SEO plugin. -->","yoast_head_json":{"title":"Ex-Benfica B detido no Brasil por desacatos e amea\u00e7as durante Carnaval - Portal Tela Portugal","robots":{"index":"index","follow":"follow","max-snippet":"max-snippet:-1","max-image-preview":"max-image-preview:large","max-video-preview":"max-video-preview:-1"},"og_locale":"pt_PT","og_type":"article","og_title":"Ex-Benfica B detido no Brasil por desacatos e amea\u00e7as durante Carnaval - Portal Tela Portugal","og_description":"Bryan Garcia, jogador brasileiro de 33 anos, ex\u2011Benfica B (2012\/13), foi detido em Belo Horizonte durante um desfile de Carnaval. As equipas de pol\u00edcia foram chamadas para intervir quando grupo de foli\u00f5es iniciou uma sess\u00e3o de pancadaria, incluindo o defesa esquerdo. Ao ser abordado, Garcia recusou colaborar, apresentando sinais de embriaguez e confrontou os agentes, apontando o dedo e proferindo insultos e amea\u00e7as. Foi detido e levado para a esquadra, com recurso a t\u00e9cnicas de imobiliza\u00e7\u00e3o e algemas. A carreira de Garcia inclui apenas seis jogos pelo Benfica B aos 21 anos, seguindo depois para clubes no Brasil, como Am\u00e9rica Mineiro, Portuguesa, Ponte Preta e Cruzeiro.","og_url":"https:\/\/portaltela.pt\/noticias\/2026\/02\/16\/ex-benfica-b-detido-no-brasil-por-desacatos-e-ameacas-durante-carnaval\/","og_site_name":"Portal Tela Portugal","article_published_time":"2026-02-16T13:48:00+00:00","author":"Telinha","twitter_card":"summary_large_image","twitter_misc":{"Escrito por":"Telinha","Tempo estimado de leitura":"1 minuto"},"schema":{"@context":"https:\/\/schema.org","@graph":[{"@type":"Article","@id":"https:\/\/portaltela.pt\/noticias\/2026\/02\/16\/ex-benfica-b-detido-no-brasil-por-desacatos-e-ameacas-durante-carnaval\/#article","isPartOf":{"@id":"https:\/\/portaltela.pt\/noticias\/2026\/02\/16\/ex-benfica-b-detido-no-brasil-por-desacatos-e-ameacas-durante-carnaval\/"},"author":{"name":"Telinha","@id":"https:\/\/portaltela.pt\/#\/schema\/person\/c4278d4a6028830caff9ee44b42d32ed"},"headline":"Ex-Benfica B detido no Brasil por desacatos e amea\u00e7as durante Carnaval","datePublished":"2026-02-16T13:48:00+00:00","mainEntityOfPage":{"@id":"https:\/\/portaltela.pt\/noticias\/2026\/02\/16\/ex-benfica-b-detido-no-brasil-por-desacatos-e-ameacas-durante-carnaval\/"},"wordCount":176,"image":{"@id":"https:\/\/portaltela.pt\/noticias\/2026\/02\/16\/ex-benfica-b-detido-no-brasil-por-desacatos-e-ameacas-durante-carnaval\/#primaryimage"},"thumbnailUrl":"https:\/\/portaltela.pt\/s.01k8rhncp4jt1\/2026\/02\/img_920x518uu2026-02-16-13-32-20-2421952.jpg","keywords":["amea\u00e7as","Benfica","Brasil","desacatos","futebol","Pol\u00edcia de Seguran\u00e7a P\u00fablica"],"articleSection":["Desporto","Futebol"],"inLanguage":"pt-PT"},{"@type":"WebPage","@id":"https:\/\/portaltela.pt\/noticias\/2026\/02\/16\/ex-benfica-b-detido-no-brasil-por-desacatos-e-ameacas-durante-carnaval\/","url":"https:\/\/portaltela.pt\/noticias\/2026\/02\/16\/ex-benfica-b-detido-no-brasil-por-desacatos-e-ameacas-durante-carnaval\/","name":"Ex-Benfica B detido no Brasil por desacatos e amea\u00e7as durante Carnaval - Portal Tela Portugal","isPartOf":{"@id":"https:\/\/portaltela.pt\/#website"},"primaryImageOfPage":{"@id":"https:\/\/portaltela.pt\/noticias\/2026\/02\/16\/ex-benfica-b-detido-no-brasil-por-desacatos-e-ameacas-durante-carnaval\/#primaryimage"},"image":{"@id":"https:\/\/portaltela.pt\/noticias\/2026\/02\/16\/ex-benfica-b-detido-no-brasil-por-desacatos-e-ameacas-durante-carnaval\/#primaryimage"},"thumbnailUrl":"https:\/\/portaltela.pt\/s.01k8rhncp4jt1\/2026\/02\/img_920x518uu2026-02-16-13-32-20-2421952.jpg","datePublished":"2026-02-16T13:48:00+00:00","author":{"@id":"https:\/\/portaltela.pt\/#\/schema\/person\/c4278d4a6028830caff9ee44b42d32ed"},"breadcrumb":{"@id":"https:\/\/portaltela.pt\/noticias\/2026\/02\/16\/ex-benfica-b-detido-no-brasil-por-desacatos-e-ameacas-durante-carnaval\/#breadcrumb"},"inLanguage":"pt-PT","potentialAction":[{"@type":"ReadAction","target":["https:\/\/portaltela.pt\/noticias\/2026\/02\/16\/ex-benfica-b-detido-no-brasil-por-desacatos-e-ameacas-durante-carnaval\/"]}]},{"@type":"ImageObject","inLanguage":"pt-PT","@id":"https:\/\/portaltela.pt\/noticias\/2026\/02\/16\/ex-benfica-b-detido-no-brasil-por-desacatos-e-ameacas-durante-carnaval\/#primaryimage","url":"https:\/\/portaltela.pt\/s.01k8rhncp4jt1\/2026\/02\/img_920x518uu2026-02-16-13-32-20-2421952.jpg","contentUrl":"https:\/\/portaltela.pt\/s.01k8rhncp4jt1\/2026\/02\/img_920x518uu2026-02-16-13-32-20-2421952.jpg","width":796,"height":448,"caption":"Bryan Garcia pelo Benfica em 2012\/13"},{"@type":"BreadcrumbList","@id":"https:\/\/portaltela.pt\/noticias\/2026\/02\/16\/ex-benfica-b-detido-no-brasil-por-desacatos-e-ameacas-durante-carnaval\/#breadcrumb","itemListElement":[{"@type":"ListItem","position":1,"name":"In\u00edcio","item":"https:\/\/portaltela.pt\/"},{"@type":"ListItem","position":2,"name":"Ex-Benfica B detido no Brasil por desacatos e amea\u00e7as durante Carnaval"}]},{"@type":"WebSite","@id":"https:\/\/portaltela.pt\/#website","url":"https:\/\/portaltela.pt\/","name":"Portal Tela Portugal","description":"","potentialAction":[{"@type":"SearchAction","target":{"@type":"EntryPoint","urlTemplate":"https:\/\/portaltela.pt\/?s={search_term_string}"},"query-input":{"@type":"PropertyValueSpecification","valueRequired":true,"valueName":"search_term_string"}}],"inLanguage":"pt-PT"},{"@type":"Person","@id":"https:\/\/portaltela.pt\/#\/schema\/person\/c4278d4a6028830caff9ee44b42d32ed","name":"Telinha","image":{"@type":"ImageObject","inLanguage":"pt-PT","@id":"https:\/\/portaltela.pt\/s.01k8rhncp4jt1\/2025\/11\/talking-bot-125x125.png","url":"https:\/\/portaltela.pt\/s.01k8rhncp4jt1\/2025\/11\/talking-bot-125x125.png","contentUrl":"https:\/\/portaltela.pt\/s.01k8rhncp4jt1\/2025\/11\/talking-bot-125x125.png","caption":"Telinha"},"sameAs":["https:\/\/portaltela.pt\/"],"url":"https:\/\/portaltela.pt\/por\/367410592786\/"}]}},"_links":{"self":[{"href":"https:\/\/portaltela.pt\/api\/wp\/v2\/posts\/214545","targetHints":{"allow":["GET"]}}],"collection":[{"href":"https:\/\/portaltela.pt\/api\/wp\/v2\/posts"}],"about":[{"href":"https:\/\/portaltela.pt\/api\/wp\/v2\/types\/post"}],"author":[{"embeddable":true,"href":"https:\/\/portaltela.pt\/api\/wp\/v2\/users\/2"}],"replies":[{"embeddable":true,"href":"https:\/\/portaltela.pt\/api\/wp\/v2\/comments?post=214545"}],"version-history":[{"count":0,"href":"https:\/\/portaltela.pt\/api\/wp\/v2\/posts\/214545\/revisions"}],"wp:featuredmedia":[{"embeddable":true,"href":"https:\/\/portaltela.pt\/api\/wp\/v2\/media\/214551"}],"wp:attachment":[{"href":"https:\/\/portaltela.pt\/api\/wp\/v2\/media?parent=214545"}],"wp:term":[{"taxonomy":"category","embeddable":true,"href":"https:\/\/portaltela.pt\/api\/wp\/v2\/categories?post=214545"},{"taxonomy":"post_tag","embeddable":true,"href":"https:\/\/portaltela.pt\/api\/wp\/v2\/tags?post=214545"}],"curies":[{"name":"wp","href":"https:\/\/api.w.org\/{rel}","templated":true}]}}