{"id":214507,"date":"2026-02-16T10:23:00","date_gmt":"2026-02-16T13:23:00","guid":{"rendered":"https:\/\/portaltela.pt\/noticias\/2026\/02\/16\/sete-mortos-em-incendio-numa-fabrica-de-fogos-de-artificio-em-nova-delhi\/"},"modified":"2026-02-16T10:23:00","modified_gmt":"2026-02-16T13:23:00","slug":"sete-mortos-em-incendio-numa-fabrica-de-fogos-de-artificio-em-nova-delhi","status":"publish","type":"post","link":"https:\/\/portaltela.pt\/noticias\/2026\/02\/16\/sete-mortos-em-incendio-numa-fabrica-de-fogos-de-artificio-em-nova-delhi\/","title":{"rendered":"Sete mortos em inc\u00eandio numa f\u00e1brica de fogos de artif\u00edcio em Nova D\u00e9lhi"},"content":{"rendered":"<p>O fogo atingiu uma f\u00e1brica clandestina de fogo-de-artif\u00edcio em Nova Deli, causando pelo menos sete mortos. O incidente ocorreu na manh\u00e3 de hoje, com explos\u00f5es e fumo pesado a marcar o local. As causas est\u00e3o a ser investigadas pelas autoridades.<\/p>\n<p>Bombeiros, pol\u00edcia e per\u00edcia trabalham no terreno para assegurar a \u00e1rea e evacuar resid\u00eancias pr\u00f3ximas. O espa\u00e7o operava sem licenciamento, conforme apuramento inicial das autoridades. Ningu\u00e9m foi ainda responsabilizado publicamente.<\/p>\n<p>Ainda n\u00e3o foram identificadas todas as v\u00edtimas, e os familiares de algumas pessoas podem ter sido contactados. As circunst\u00e2ncias que levaram ao inc\u00eandio permanecem sob an\u00e1lise, com foco em normas de seguran\u00e7a e armazenamento de materiais pirot\u00e9cnicos.<\/p>\n<h3>Investiga\u00e7\u00e3o em curso<\/h3>\n<p>As investiga\u00e7\u00f5es visam determinar se houve falha de seguran\u00e7a, neglig\u00eancia ou outros fatores que contribu\u00edram para o inc\u00eandio. Autoridades dever\u00e3o divulgar novos detalhes assim que dispon\u00edveis.<\/p>\n","protected":false},"excerpt":{"rendered":"<ul>\n<li>Um inc\u00eandio numa f\u00e1brica clandestina de fogo-de-artif\u00edcio em Nova Deli fez pelo menos sete mortos.<\/li>\n<li>O fogo ocorreu numa instala\u00e7\u00e3o n\u00e3o autorizada de fabrico de fogo-de-artif\u00edcio na regi\u00e3o de Nova Deli.<\/li>\n<li>As autoridades n\u00e3o confirmaram ainda detalhes sobre a causa do fogo nem sobre o estado do local.<\/li>\n<li>N\u00e3o foram divulgados dados adicionais sobre v\u00edtimas ou feridos no momento.<\/li>\n<li>A informa\u00e7\u00e3o \u00e9 reportada pela ag\u00eancia Lusa.<\/li>\n<\/ul>\n","protected":false},"author":2,"featured_media":214509,"comment_status":"closed","ping_status":"closed","sticky":false,"template":"","format":"standard","meta":{"footnotes":""},"categories":[1],"tags":[3571,1959,1438,5470,215,250],"class_list":["post-214507","post","type-post","status-publish","format-standard","has-post-thumbnail","hentry","category-noticias","tag-explosoes","tag-fogo-de-artificio","tag-incendio","tag-india","tag-investigacao","tag-seguranca-publica"],"yoast_head":"<!-- This site is optimized with the Yoast SEO plugin v27.2 - https:\/\/yoast.com\/product\/yoast-seo-wordpress\/ -->\n<title>Sete mortos em inc\u00eandio numa f\u00e1brica de fogos de artif\u00edcio em Nova D\u00e9lhi - Portal Tela Portugal<\/title>\n<meta name=\"robots\" content=\"index, follow, max-snippet:-1, max-image-preview:large, max-video-preview:-1\" \/>\n<meta property=\"og:locale\" content=\"pt_PT\" \/>\n<meta property=\"og:type\" content=\"article\" \/>\n<meta property=\"og:title\" content=\"Sete mortos em inc\u00eandio numa f\u00e1brica de fogos de artif\u00edcio em Nova D\u00e9lhi - Portal Tela Portugal\" \/>\n<meta property=\"og:description\" content=\"Um inc\u00eandio numa f\u00e1brica clandestina de fogo-de-artif\u00edcio em Nova Deli fez pelo menos sete mortos. O fogo ocorreu numa instala\u00e7\u00e3o n\u00e3o autorizada de fabrico de fogo-de-artif\u00edcio na regi\u00e3o de Nova Deli. As autoridades n\u00e3o confirmaram ainda detalhes sobre a causa do fogo nem sobre o estado do local. N\u00e3o foram divulgados dados adicionais sobre v\u00edtimas ou feridos no momento. A informa\u00e7\u00e3o \u00e9 reportada pela ag\u00eancia Lusa.\" \/>\n<meta property=\"og:url\" content=\"https:\/\/portaltela.pt\/noticias\/2026\/02\/16\/sete-mortos-em-incendio-numa-fabrica-de-fogos-de-artificio-em-nova-delhi\/\" \/>\n<meta property=\"og:site_name\" content=\"Portal Tela Portugal\" \/>\n<meta property=\"article:published_time\" content=\"2026-02-16T13:23:00+00:00\" \/>\n<meta name=\"author\" content=\"Telinha\" \/>\n<meta name=\"twitter:card\" content=\"summary_large_image\" \/>\n<meta name=\"twitter:label1\" content=\"Escrito por\" \/>\n\t<meta name=\"twitter:data1\" content=\"Telinha\" \/>\n\t<meta name=\"twitter:label2\" content=\"Tempo estimado de leitura\" \/>\n\t<meta name=\"twitter:data2\" content=\"1 minuto\" \/>\n<script type=\"application\/ld+json\" class=\"yoast-schema-graph\">{\"@context\":\"https:\/\/schema.org\",\"@graph\":[{\"@type\":\"Article\",\"@id\":\"https:\/\/portaltela.pt\/noticias\/2026\/02\/16\/sete-mortos-em-incendio-numa-fabrica-de-fogos-de-artificio-em-nova-delhi\/#article\",\"isPartOf\":{\"@id\":\"https:\/\/portaltela.pt\/noticias\/2026\/02\/16\/sete-mortos-em-incendio-numa-fabrica-de-fogos-de-artificio-em-nova-delhi\/\"},\"author\":{\"name\":\"Telinha\",\"@id\":\"https:\/\/portaltela.pt\/#\/schema\/person\/c4278d4a6028830caff9ee44b42d32ed\"},\"headline\":\"Sete mortos em inc\u00eandio numa f\u00e1brica de fogos de artif\u00edcio em Nova D\u00e9lhi\",\"datePublished\":\"2026-02-16T13:23:00+00:00\",\"mainEntityOfPage\":{\"@id\":\"https:\/\/portaltela.pt\/noticias\/2026\/02\/16\/sete-mortos-em-incendio-numa-fabrica-de-fogos-de-artificio-em-nova-delhi\/\"},\"wordCount\":178,\"image\":{\"@id\":\"https:\/\/portaltela.pt\/noticias\/2026\/02\/16\/sete-mortos-em-incendio-numa-fabrica-de-fogos-de-artificio-em-nova-delhi\/#primaryimage\"},\"thumbnailUrl\":\"https:\/\/portaltela.pt\/s.01k8rhncp4jt1\/2026\/02\/CACHE_780X1200_ANALOG_WATERMARKED_26969499_294147222118477.jpg\",\"keywords\":[\"explos\u00f5es\",\"fogo de artif\u00edcio\",\"inc\u00eandio\",\"\u00cdndia\",\"investiga\u00e7\u00e3o\",\"seguran\u00e7a p\u00fablica\"],\"articleSection\":[\"Not\u00edcias\"],\"inLanguage\":\"pt-PT\"},{\"@type\":\"WebPage\",\"@id\":\"https:\/\/portaltela.pt\/noticias\/2026\/02\/16\/sete-mortos-em-incendio-numa-fabrica-de-fogos-de-artificio-em-nova-delhi\/\",\"url\":\"https:\/\/portaltela.pt\/noticias\/2026\/02\/16\/sete-mortos-em-incendio-numa-fabrica-de-fogos-de-artificio-em-nova-delhi\/\",\"name\":\"Sete mortos em inc\u00eandio numa f\u00e1brica de fogos de artif\u00edcio em Nova D\u00e9lhi - Portal Tela Portugal\",\"isPartOf\":{\"@id\":\"https:\/\/portaltela.pt\/#website\"},\"primaryImageOfPage\":{\"@id\":\"https:\/\/portaltela.pt\/noticias\/2026\/02\/16\/sete-mortos-em-incendio-numa-fabrica-de-fogos-de-artificio-em-nova-delhi\/#primaryimage\"},\"image\":{\"@id\":\"https:\/\/portaltela.pt\/noticias\/2026\/02\/16\/sete-mortos-em-incendio-numa-fabrica-de-fogos-de-artificio-em-nova-delhi\/#primaryimage\"},\"thumbnailUrl\":\"https:\/\/portaltela.pt\/s.01k8rhncp4jt1\/2026\/02\/CACHE_780X1200_ANALOG_WATERMARKED_26969499_294147222118477.jpg\",\"datePublished\":\"2026-02-16T13:23:00+00:00\",\"author\":{\"@id\":\"https:\/\/portaltela.pt\/#\/schema\/person\/c4278d4a6028830caff9ee44b42d32ed\"},\"breadcrumb\":{\"@id\":\"https:\/\/portaltela.pt\/noticias\/2026\/02\/16\/sete-mortos-em-incendio-numa-fabrica-de-fogos-de-artificio-em-nova-delhi\/#breadcrumb\"},\"inLanguage\":\"pt-PT\",\"potentialAction\":[{\"@type\":\"ReadAction\",\"target\":[\"https:\/\/portaltela.pt\/noticias\/2026\/02\/16\/sete-mortos-em-incendio-numa-fabrica-de-fogos-de-artificio-em-nova-delhi\/\"]}]},{\"@type\":\"ImageObject\",\"inLanguage\":\"pt-PT\",\"@id\":\"https:\/\/portaltela.pt\/noticias\/2026\/02\/16\/sete-mortos-em-incendio-numa-fabrica-de-fogos-de-artificio-em-nova-delhi\/#primaryimage\",\"url\":\"https:\/\/portaltela.pt\/s.01k8rhncp4jt1\/2026\/02\/CACHE_780X1200_ANALOG_WATERMARKED_26969499_294147222118477.jpg\",\"contentUrl\":\"https:\/\/portaltela.pt\/s.01k8rhncp4jt1\/2026\/02\/CACHE_780X1200_ANALOG_WATERMARKED_26969499_294147222118477.jpg\",\"width\":796,\"height\":448,\"caption\":\"Pelo menos sete mortos em inc\u00eandio numa f\u00e1brica clandestina de fogo-de-artif\u00edcio em Nova Deli\"},{\"@type\":\"BreadcrumbList\",\"@id\":\"https:\/\/portaltela.pt\/noticias\/2026\/02\/16\/sete-mortos-em-incendio-numa-fabrica-de-fogos-de-artificio-em-nova-delhi\/#breadcrumb\",\"itemListElement\":[{\"@type\":\"ListItem\",\"position\":1,\"name\":\"In\u00edcio\",\"item\":\"https:\/\/portaltela.pt\/\"},{\"@type\":\"ListItem\",\"position\":2,\"name\":\"Sete mortos em inc\u00eandio numa f\u00e1brica de fogos de artif\u00edcio em Nova D\u00e9lhi\"}]},{\"@type\":\"WebSite\",\"@id\":\"https:\/\/portaltela.pt\/#website\",\"url\":\"https:\/\/portaltela.pt\/\",\"name\":\"Portal Tela Portugal\",\"description\":\"\",\"potentialAction\":[{\"@type\":\"SearchAction\",\"target\":{\"@type\":\"EntryPoint\",\"urlTemplate\":\"https:\/\/portaltela.pt\/?s={search_term_string}\"},\"query-input\":{\"@type\":\"PropertyValueSpecification\",\"valueRequired\":true,\"valueName\":\"search_term_string\"}}],\"inLanguage\":\"pt-PT\"},{\"@type\":\"Person\",\"@id\":\"https:\/\/portaltela.pt\/#\/schema\/person\/c4278d4a6028830caff9ee44b42d32ed\",\"name\":\"Telinha\",\"image\":{\"@type\":\"ImageObject\",\"inLanguage\":\"pt-PT\",\"@id\":\"https:\/\/portaltela.pt\/s.01k8rhncp4jt1\/2025\/11\/talking-bot-125x125.png\",\"url\":\"https:\/\/portaltela.pt\/s.01k8rhncp4jt1\/2025\/11\/talking-bot-125x125.png\",\"contentUrl\":\"https:\/\/portaltela.pt\/s.01k8rhncp4jt1\/2025\/11\/talking-bot-125x125.png\",\"caption\":\"Telinha\"},\"sameAs\":[\"https:\/\/portaltela.pt\/\"],\"url\":\"https:\/\/portaltela.pt\/por\/367410592786\/\"}]}<\/script>\n<!-- \/ Yoast SEO plugin. -->","yoast_head_json":{"title":"Sete mortos em inc\u00eandio numa f\u00e1brica de fogos de artif\u00edcio em Nova D\u00e9lhi - Portal Tela Portugal","robots":{"index":"index","follow":"follow","max-snippet":"max-snippet:-1","max-image-preview":"max-image-preview:large","max-video-preview":"max-video-preview:-1"},"og_locale":"pt_PT","og_type":"article","og_title":"Sete mortos em inc\u00eandio numa f\u00e1brica de fogos de artif\u00edcio em Nova D\u00e9lhi - Portal Tela Portugal","og_description":"Um inc\u00eandio numa f\u00e1brica clandestina de fogo-de-artif\u00edcio em Nova Deli fez pelo menos sete mortos. O fogo ocorreu numa instala\u00e7\u00e3o n\u00e3o autorizada de fabrico de fogo-de-artif\u00edcio na regi\u00e3o de Nova Deli. As autoridades n\u00e3o confirmaram ainda detalhes sobre a causa do fogo nem sobre o estado do local. N\u00e3o foram divulgados dados adicionais sobre v\u00edtimas ou feridos no momento. A informa\u00e7\u00e3o \u00e9 reportada pela ag\u00eancia Lusa.","og_url":"https:\/\/portaltela.pt\/noticias\/2026\/02\/16\/sete-mortos-em-incendio-numa-fabrica-de-fogos-de-artificio-em-nova-delhi\/","og_site_name":"Portal Tela Portugal","article_published_time":"2026-02-16T13:23:00+00:00","author":"Telinha","twitter_card":"summary_large_image","twitter_misc":{"Escrito por":"Telinha","Tempo estimado de leitura":"1 minuto"},"schema":{"@context":"https:\/\/schema.org","@graph":[{"@type":"Article","@id":"https:\/\/portaltela.pt\/noticias\/2026\/02\/16\/sete-mortos-em-incendio-numa-fabrica-de-fogos-de-artificio-em-nova-delhi\/#article","isPartOf":{"@id":"https:\/\/portaltela.pt\/noticias\/2026\/02\/16\/sete-mortos-em-incendio-numa-fabrica-de-fogos-de-artificio-em-nova-delhi\/"},"author":{"name":"Telinha","@id":"https:\/\/portaltela.pt\/#\/schema\/person\/c4278d4a6028830caff9ee44b42d32ed"},"headline":"Sete mortos em inc\u00eandio numa f\u00e1brica de fogos de artif\u00edcio em Nova D\u00e9lhi","datePublished":"2026-02-16T13:23:00+00:00","mainEntityOfPage":{"@id":"https:\/\/portaltela.pt\/noticias\/2026\/02\/16\/sete-mortos-em-incendio-numa-fabrica-de-fogos-de-artificio-em-nova-delhi\/"},"wordCount":178,"image":{"@id":"https:\/\/portaltela.pt\/noticias\/2026\/02\/16\/sete-mortos-em-incendio-numa-fabrica-de-fogos-de-artificio-em-nova-delhi\/#primaryimage"},"thumbnailUrl":"https:\/\/portaltela.pt\/s.01k8rhncp4jt1\/2026\/02\/CACHE_780X1200_ANALOG_WATERMARKED_26969499_294147222118477.jpg","keywords":["explos\u00f5es","fogo de artif\u00edcio","inc\u00eandio","\u00cdndia","investiga\u00e7\u00e3o","seguran\u00e7a p\u00fablica"],"articleSection":["Not\u00edcias"],"inLanguage":"pt-PT"},{"@type":"WebPage","@id":"https:\/\/portaltela.pt\/noticias\/2026\/02\/16\/sete-mortos-em-incendio-numa-fabrica-de-fogos-de-artificio-em-nova-delhi\/","url":"https:\/\/portaltela.pt\/noticias\/2026\/02\/16\/sete-mortos-em-incendio-numa-fabrica-de-fogos-de-artificio-em-nova-delhi\/","name":"Sete mortos em inc\u00eandio numa f\u00e1brica de fogos de artif\u00edcio em Nova D\u00e9lhi - Portal Tela Portugal","isPartOf":{"@id":"https:\/\/portaltela.pt\/#website"},"primaryImageOfPage":{"@id":"https:\/\/portaltela.pt\/noticias\/2026\/02\/16\/sete-mortos-em-incendio-numa-fabrica-de-fogos-de-artificio-em-nova-delhi\/#primaryimage"},"image":{"@id":"https:\/\/portaltela.pt\/noticias\/2026\/02\/16\/sete-mortos-em-incendio-numa-fabrica-de-fogos-de-artificio-em-nova-delhi\/#primaryimage"},"thumbnailUrl":"https:\/\/portaltela.pt\/s.01k8rhncp4jt1\/2026\/02\/CACHE_780X1200_ANALOG_WATERMARKED_26969499_294147222118477.jpg","datePublished":"2026-02-16T13:23:00+00:00","author":{"@id":"https:\/\/portaltela.pt\/#\/schema\/person\/c4278d4a6028830caff9ee44b42d32ed"},"breadcrumb":{"@id":"https:\/\/portaltela.pt\/noticias\/2026\/02\/16\/sete-mortos-em-incendio-numa-fabrica-de-fogos-de-artificio-em-nova-delhi\/#breadcrumb"},"inLanguage":"pt-PT","potentialAction":[{"@type":"ReadAction","target":["https:\/\/portaltela.pt\/noticias\/2026\/02\/16\/sete-mortos-em-incendio-numa-fabrica-de-fogos-de-artificio-em-nova-delhi\/"]}]},{"@type":"ImageObject","inLanguage":"pt-PT","@id":"https:\/\/portaltela.pt\/noticias\/2026\/02\/16\/sete-mortos-em-incendio-numa-fabrica-de-fogos-de-artificio-em-nova-delhi\/#primaryimage","url":"https:\/\/portaltela.pt\/s.01k8rhncp4jt1\/2026\/02\/CACHE_780X1200_ANALOG_WATERMARKED_26969499_294147222118477.jpg","contentUrl":"https:\/\/portaltela.pt\/s.01k8rhncp4jt1\/2026\/02\/CACHE_780X1200_ANALOG_WATERMARKED_26969499_294147222118477.jpg","width":796,"height":448,"caption":"Pelo menos sete mortos em inc\u00eandio numa f\u00e1brica clandestina de fogo-de-artif\u00edcio em Nova Deli"},{"@type":"BreadcrumbList","@id":"https:\/\/portaltela.pt\/noticias\/2026\/02\/16\/sete-mortos-em-incendio-numa-fabrica-de-fogos-de-artificio-em-nova-delhi\/#breadcrumb","itemListElement":[{"@type":"ListItem","position":1,"name":"In\u00edcio","item":"https:\/\/portaltela.pt\/"},{"@type":"ListItem","position":2,"name":"Sete mortos em inc\u00eandio numa f\u00e1brica de fogos de artif\u00edcio em Nova D\u00e9lhi"}]},{"@type":"WebSite","@id":"https:\/\/portaltela.pt\/#website","url":"https:\/\/portaltela.pt\/","name":"Portal Tela Portugal","description":"","potentialAction":[{"@type":"SearchAction","target":{"@type":"EntryPoint","urlTemplate":"https:\/\/portaltela.pt\/?s={search_term_string}"},"query-input":{"@type":"PropertyValueSpecification","valueRequired":true,"valueName":"search_term_string"}}],"inLanguage":"pt-PT"},{"@type":"Person","@id":"https:\/\/portaltela.pt\/#\/schema\/person\/c4278d4a6028830caff9ee44b42d32ed","name":"Telinha","image":{"@type":"ImageObject","inLanguage":"pt-PT","@id":"https:\/\/portaltela.pt\/s.01k8rhncp4jt1\/2025\/11\/talking-bot-125x125.png","url":"https:\/\/portaltela.pt\/s.01k8rhncp4jt1\/2025\/11\/talking-bot-125x125.png","contentUrl":"https:\/\/portaltela.pt\/s.01k8rhncp4jt1\/2025\/11\/talking-bot-125x125.png","caption":"Telinha"},"sameAs":["https:\/\/portaltela.pt\/"],"url":"https:\/\/portaltela.pt\/por\/367410592786\/"}]}},"_links":{"self":[{"href":"https:\/\/portaltela.pt\/api\/wp\/v2\/posts\/214507","targetHints":{"allow":["GET"]}}],"collection":[{"href":"https:\/\/portaltela.pt\/api\/wp\/v2\/posts"}],"about":[{"href":"https:\/\/portaltela.pt\/api\/wp\/v2\/types\/post"}],"author":[{"embeddable":true,"href":"https:\/\/portaltela.pt\/api\/wp\/v2\/users\/2"}],"replies":[{"embeddable":true,"href":"https:\/\/portaltela.pt\/api\/wp\/v2\/comments?post=214507"}],"version-history":[{"count":0,"href":"https:\/\/portaltela.pt\/api\/wp\/v2\/posts\/214507\/revisions"}],"wp:featuredmedia":[{"embeddable":true,"href":"https:\/\/portaltela.pt\/api\/wp\/v2\/media\/214509"}],"wp:attachment":[{"href":"https:\/\/portaltela.pt\/api\/wp\/v2\/media?parent=214507"}],"wp:term":[{"taxonomy":"category","embeddable":true,"href":"https:\/\/portaltela.pt\/api\/wp\/v2\/categories?post=214507"},{"taxonomy":"post_tag","embeddable":true,"href":"https:\/\/portaltela.pt\/api\/wp\/v2\/tags?post=214507"}],"curies":[{"name":"wp","href":"https:\/\/api.w.org\/{rel}","templated":true}]}}