{"id":214494,"date":"2026-02-16T10:10:00","date_gmt":"2026-02-16T13:10:00","guid":{"rendered":"https:\/\/portaltela.pt\/noticias\/2026\/02\/16\/susana-romana-denuncia-ronaldo-apontado-ao-cgtp-e-montenegro-no-caso-volksvargas\/"},"modified":"2026-02-16T10:10:00","modified_gmt":"2026-02-16T13:10:00","slug":"susana-romana-denuncia-ronaldo-apontado-ao-cgtp-e-montenegro-no-caso-volksvargas","status":"publish","type":"post","link":"https:\/\/portaltela.pt\/noticias\/politica\/2026\/02\/16\/susana-romana-denuncia-ronaldo-apontado-ao-cgtp-e-montenegro-no-caso-volksvargas\/","title":{"rendered":"Susana Romana denuncia Ronaldo apontado ao CGTP e Montenegro no caso Volksvargas"},"content":{"rendered":"<p>O programa \u201cPartida, Largada, Fugida\u201d da radialista Susana Romana gerou uma s\u00e9rie de notas que misturam pol\u00edtica, desporto e atualidade, em tom sat\u00edrico. Entre os temas, destacam-se previs\u00f5es meteorol\u00f3gicas, afirma\u00e7\u00f5es pol\u00edticas e coment\u00e1rios sobre figuras p\u00fablicas. O conte\u00fado circula como uma rubrica de coment\u00e1rio de humor.<\/p>\n<p>Segundo a rubrica, Portugal dever\u00e1 enfrentar chuva recorde nas pr\u00f3ximas duas semanas, num conjunto de precipita\u00e7\u00e3o sem precedentes no pa\u00eds. A apresenta\u00e7\u00e3o sugere ainda que os recordes anteriores eram de natureza distinta, com uma nota de humor associada.<\/p>\n<p>Tamb\u00e9m ficou viral uma frase atribu\u00edda a Montenegro sobre mortos causados pelo mau tempo, sem indicar fontes oficiais ou confirma\u00e7\u00e3o. A refer\u00eancia envolve cr\u00edtica institucional no tom de s\u00e1tira habitual no programa.<\/p>\n<h3>Contexto e temas abordados<\/h3>\n<p>Castro Almeida, ministro da Economia, \u00e9 citado numa sugest\u00e3o para fam\u00edlias atingidas pela depress\u00e3o Kristin, recomendando uso do ordenado de janeiro at\u00e9 surgirem verbas de emerg\u00eancia. A alus\u00e3o envolve linguagem cr\u00edtica sobre apoio social.<\/p>\n<p>Marcelo aparece numa refer\u00eancia a uma visita ao que \u00e9 identificado como o Papa Le\u00e3o XIV, com compara\u00e7\u00e3o ao Papa Francisco. A rela\u00e7\u00e3o entre personalidades \u00e9 apresentada em tom de humor, sem an\u00e1lise oficial.<\/p>\n<p>O PSD \u00e9 citado ao defender limites ao acesso de menores \u00e0s redes sociais, propondo consentimento parental autenticado pela chave m\u00f3vel digital. A ideia \u00e9 apresentada como medida regulat\u00f3ria, sem detalhe de implementa\u00e7\u00e3o.<\/p>\n<h3>Continuidade de temas internacionais e legisla\u00e7\u00e3o<\/h3>\n<p>Ronaldo, segundo a rubrica, n\u00e3o atuou pelo Al-Nassr em protesto contra condi\u00e7\u00f5es de contrata\u00e7\u00e3o entre clubes \u00e1rabes, em especula\u00e7\u00e3o sobre quest\u00f5es laborais. A narrativa associa o extremo financeiro a uma posi\u00e7\u00e3o p\u00fablica.<\/p>\n<p>Donald Trump \u00e9 mencionado com a inten\u00e7\u00e3o de processar Trevor Noah por uma piada sobre Epstein na cerim\u00f3nia dos Grammy Awards, num registo de controv\u00e9rsia entre humor e pol\u00edtica.<\/p>\n<p>Um epis\u00f3dio pouco habitual envolve um homem que foi admitido nas urg\u00eancias de um hospital franc\u00eas com uma pe\u00e7a de artilharia da Primeira Guerra Mundial introduzida de forma inusitada. O objetivo aparente \u00e9 ilustrar conte\u00fado hist\u00f3rico com abordagem dram\u00e1tica.<\/p>\n","protected":false},"excerpt":{"rendered":"<ul>\n<li>Portugal enfrenta previs\u00e3o de chuva recorde nas pr\u00f3ximas duas semanas, algo sem registo anterior no pa\u00eds.<\/li>\n<li>Viralizou a frase usada por Montenegro para n\u00e3o falar em mortos: \u201cAqueles que n\u00e3o evitaram a trag\u00e9dia de perder a vida\u201d.<\/li>\n<li>O ministro da Economia sugeriu que fam\u00edlias sem telhado por causa da depress\u00e3o Kristin usem o ordenado de janeiro at\u00e9 chegarem verbas de emerg\u00eancia.<\/li>\n<li>O primeiro ministro Marcelo Rebelo de Sousa visitou o papa Le\u00e3o XIV e comparou-o com o Papa Francisco; houve, desta vez, menos refer\u00eancias a r\u00f3tulos geogr\u00e1ficos.<\/li>\n<li>O Partido Social Democrata prop\u00f5e limitar o acesso de adolescentes \u00e0s redes sociais entre 13 e 16 anos, com consentimento parental via chave m\u00f3vel digital.<\/li>\n<\/ul>\n","protected":false},"author":2,"featured_media":214498,"comment_status":"closed","ping_status":"closed","sticky":false,"template":"","format":"standard","meta":{"footnotes":""},"categories":[1,5],"tags":[5918,32,5661,2832,5698,88],"class_list":["post-214494","post","type-post","status-publish","format-standard","has-post-thumbnail","hentry","category-noticias","category-politica","tag-consentimento","tag-futebol","tag-pessoas-publicas","tag-politica","tag-politica-internacional","tag-redes-sociais"],"yoast_head":"<!-- This site is optimized with the Yoast SEO plugin v27.2 - https:\/\/yoast.com\/product\/yoast-seo-wordpress\/ -->\n<title>Susana Romana denuncia Ronaldo apontado ao CGTP e Montenegro no caso Volksvargas - Portal Tela Portugal<\/title>\n<meta name=\"robots\" content=\"index, follow, max-snippet:-1, max-image-preview:large, max-video-preview:-1\" \/>\n<meta property=\"og:locale\" content=\"pt_PT\" \/>\n<meta property=\"og:type\" content=\"article\" \/>\n<meta property=\"og:title\" content=\"Susana Romana denuncia Ronaldo apontado ao CGTP e Montenegro no caso Volksvargas - Portal Tela Portugal\" \/>\n<meta property=\"og:description\" content=\"Portugal enfrenta previs\u00e3o de chuva recorde nas pr\u00f3ximas duas semanas, algo sem registo anterior no pa\u00eds. Viralizou a frase usada por Montenegro para n\u00e3o falar em mortos: \u201cAqueles que n\u00e3o evitaram a trag\u00e9dia de perder a vida\u201d. O ministro da Economia sugeriu que fam\u00edlias sem telhado por causa da depress\u00e3o Kristin usem o ordenado de janeiro at\u00e9 chegarem verbas de emerg\u00eancia. O primeiro ministro Marcelo Rebelo de Sousa visitou o papa Le\u00e3o XIV e comparou-o com o Papa Francisco; houve, desta vez, menos refer\u00eancias a r\u00f3tulos geogr\u00e1ficos. O Partido Social Democrata prop\u00f5e limitar o acesso de adolescentes \u00e0s redes sociais entre 13 e 16 anos, com consentimento parental via chave m\u00f3vel digital.\" \/>\n<meta property=\"og:url\" content=\"https:\/\/portaltela.pt\/noticias\/2026\/02\/16\/susana-romana-denuncia-ronaldo-apontado-ao-cgtp-e-montenegro-no-caso-volksvargas\/\" \/>\n<meta property=\"og:site_name\" content=\"Portal Tela Portugal\" \/>\n<meta property=\"article:published_time\" content=\"2026-02-16T13:10:00+00:00\" \/>\n<meta name=\"author\" content=\"Telinha\" \/>\n<meta name=\"twitter:card\" content=\"summary_large_image\" \/>\n<meta name=\"twitter:label1\" content=\"Escrito por\" \/>\n\t<meta name=\"twitter:data1\" content=\"Telinha\" \/>\n\t<meta name=\"twitter:label2\" content=\"Tempo estimado de leitura\" \/>\n\t<meta name=\"twitter:data2\" content=\"2 minutos\" \/>\n<script type=\"application\/ld+json\" class=\"yoast-schema-graph\">{\"@context\":\"https:\/\/schema.org\",\"@graph\":[{\"@type\":\"Article\",\"@id\":\"https:\/\/portaltela.pt\/noticias\/2026\/02\/16\/susana-romana-denuncia-ronaldo-apontado-ao-cgtp-e-montenegro-no-caso-volksvargas\/#article\",\"isPartOf\":{\"@id\":\"https:\/\/portaltela.pt\/noticias\/2026\/02\/16\/susana-romana-denuncia-ronaldo-apontado-ao-cgtp-e-montenegro-no-caso-volksvargas\/\"},\"author\":{\"name\":\"Telinha\",\"@id\":\"https:\/\/portaltela.pt\/#\/schema\/person\/c4278d4a6028830caff9ee44b42d32ed\"},\"headline\":\"Susana Romana denuncia Ronaldo apontado ao CGTP e Montenegro no caso Volksvargas\",\"datePublished\":\"2026-02-16T13:10:00+00:00\",\"mainEntityOfPage\":{\"@id\":\"https:\/\/portaltela.pt\/noticias\/2026\/02\/16\/susana-romana-denuncia-ronaldo-apontado-ao-cgtp-e-montenegro-no-caso-volksvargas\/\"},\"wordCount\":386,\"image\":{\"@id\":\"https:\/\/portaltela.pt\/noticias\/2026\/02\/16\/susana-romana-denuncia-ronaldo-apontado-ao-cgtp-e-montenegro-no-caso-volksvargas\/#primaryimage\"},\"thumbnailUrl\":\"https:\/\/portaltela.pt\/s.01k8rhncp4jt1\/2026\/02\/image-1248.jpg\",\"keywords\":[\"consentimento\",\"futebol\",\"pessoas p\u00fablicas\",\"pol\u00edtica\",\"pol\u00edtica internacional\",\"redes sociais\"],\"articleSection\":[\"Not\u00edcias\",\"Pol\u00edtica\"],\"inLanguage\":\"pt-PT\"},{\"@type\":\"WebPage\",\"@id\":\"https:\/\/portaltela.pt\/noticias\/2026\/02\/16\/susana-romana-denuncia-ronaldo-apontado-ao-cgtp-e-montenegro-no-caso-volksvargas\/\",\"url\":\"https:\/\/portaltela.pt\/noticias\/2026\/02\/16\/susana-romana-denuncia-ronaldo-apontado-ao-cgtp-e-montenegro-no-caso-volksvargas\/\",\"name\":\"Susana Romana denuncia Ronaldo apontado ao CGTP e Montenegro no caso Volksvargas - Portal Tela Portugal\",\"isPartOf\":{\"@id\":\"https:\/\/portaltela.pt\/#website\"},\"primaryImageOfPage\":{\"@id\":\"https:\/\/portaltela.pt\/noticias\/2026\/02\/16\/susana-romana-denuncia-ronaldo-apontado-ao-cgtp-e-montenegro-no-caso-volksvargas\/#primaryimage\"},\"image\":{\"@id\":\"https:\/\/portaltela.pt\/noticias\/2026\/02\/16\/susana-romana-denuncia-ronaldo-apontado-ao-cgtp-e-montenegro-no-caso-volksvargas\/#primaryimage\"},\"thumbnailUrl\":\"https:\/\/portaltela.pt\/s.01k8rhncp4jt1\/2026\/02\/image-1248.jpg\",\"datePublished\":\"2026-02-16T13:10:00+00:00\",\"author\":{\"@id\":\"https:\/\/portaltela.pt\/#\/schema\/person\/c4278d4a6028830caff9ee44b42d32ed\"},\"breadcrumb\":{\"@id\":\"https:\/\/portaltela.pt\/noticias\/2026\/02\/16\/susana-romana-denuncia-ronaldo-apontado-ao-cgtp-e-montenegro-no-caso-volksvargas\/#breadcrumb\"},\"inLanguage\":\"pt-PT\",\"potentialAction\":[{\"@type\":\"ReadAction\",\"target\":[\"https:\/\/portaltela.pt\/noticias\/2026\/02\/16\/susana-romana-denuncia-ronaldo-apontado-ao-cgtp-e-montenegro-no-caso-volksvargas\/\"]}]},{\"@type\":\"ImageObject\",\"inLanguage\":\"pt-PT\",\"@id\":\"https:\/\/portaltela.pt\/noticias\/2026\/02\/16\/susana-romana-denuncia-ronaldo-apontado-ao-cgtp-e-montenegro-no-caso-volksvargas\/#primaryimage\",\"url\":\"https:\/\/portaltela.pt\/s.01k8rhncp4jt1\/2026\/02\/image-1248.jpg\",\"contentUrl\":\"https:\/\/portaltela.pt\/s.01k8rhncp4jt1\/2026\/02\/image-1248.jpg\",\"width\":796,\"height\":448,\"caption\":\"Imagem de contexto do artigo Susana Romana. Ronaldo apontado ao CGTP FC e Montenegro a fazer escola com o caso Volksvargas\"},{\"@type\":\"BreadcrumbList\",\"@id\":\"https:\/\/portaltela.pt\/noticias\/2026\/02\/16\/susana-romana-denuncia-ronaldo-apontado-ao-cgtp-e-montenegro-no-caso-volksvargas\/#breadcrumb\",\"itemListElement\":[{\"@type\":\"ListItem\",\"position\":1,\"name\":\"In\u00edcio\",\"item\":\"https:\/\/portaltela.pt\/\"},{\"@type\":\"ListItem\",\"position\":2,\"name\":\"Susana Romana denuncia Ronaldo apontado ao CGTP e Montenegro no caso Volksvargas\"}]},{\"@type\":\"WebSite\",\"@id\":\"https:\/\/portaltela.pt\/#website\",\"url\":\"https:\/\/portaltela.pt\/\",\"name\":\"Portal Tela Portugal\",\"description\":\"\",\"potentialAction\":[{\"@type\":\"SearchAction\",\"target\":{\"@type\":\"EntryPoint\",\"urlTemplate\":\"https:\/\/portaltela.pt\/?s={search_term_string}\"},\"query-input\":{\"@type\":\"PropertyValueSpecification\",\"valueRequired\":true,\"valueName\":\"search_term_string\"}}],\"inLanguage\":\"pt-PT\"},{\"@type\":\"Person\",\"@id\":\"https:\/\/portaltela.pt\/#\/schema\/person\/c4278d4a6028830caff9ee44b42d32ed\",\"name\":\"Telinha\",\"image\":{\"@type\":\"ImageObject\",\"inLanguage\":\"pt-PT\",\"@id\":\"https:\/\/portaltela.pt\/s.01k8rhncp4jt1\/2025\/11\/talking-bot-125x125.png\",\"url\":\"https:\/\/portaltela.pt\/s.01k8rhncp4jt1\/2025\/11\/talking-bot-125x125.png\",\"contentUrl\":\"https:\/\/portaltela.pt\/s.01k8rhncp4jt1\/2025\/11\/talking-bot-125x125.png\",\"caption\":\"Telinha\"},\"sameAs\":[\"https:\/\/portaltela.pt\/\"],\"url\":\"https:\/\/portaltela.pt\/por\/367410592786\/\"}]}<\/script>\n<!-- \/ Yoast SEO plugin. -->","yoast_head_json":{"title":"Susana Romana denuncia Ronaldo apontado ao CGTP e Montenegro no caso Volksvargas - Portal Tela Portugal","robots":{"index":"index","follow":"follow","max-snippet":"max-snippet:-1","max-image-preview":"max-image-preview:large","max-video-preview":"max-video-preview:-1"},"og_locale":"pt_PT","og_type":"article","og_title":"Susana Romana denuncia Ronaldo apontado ao CGTP e Montenegro no caso Volksvargas - Portal Tela Portugal","og_description":"Portugal enfrenta previs\u00e3o de chuva recorde nas pr\u00f3ximas duas semanas, algo sem registo anterior no pa\u00eds. Viralizou a frase usada por Montenegro para n\u00e3o falar em mortos: \u201cAqueles que n\u00e3o evitaram a trag\u00e9dia de perder a vida\u201d. O ministro da Economia sugeriu que fam\u00edlias sem telhado por causa da depress\u00e3o Kristin usem o ordenado de janeiro at\u00e9 chegarem verbas de emerg\u00eancia. O primeiro ministro Marcelo Rebelo de Sousa visitou o papa Le\u00e3o XIV e comparou-o com o Papa Francisco; houve, desta vez, menos refer\u00eancias a r\u00f3tulos geogr\u00e1ficos. O Partido Social Democrata prop\u00f5e limitar o acesso de adolescentes \u00e0s redes sociais entre 13 e 16 anos, com consentimento parental via chave m\u00f3vel digital.","og_url":"https:\/\/portaltela.pt\/noticias\/2026\/02\/16\/susana-romana-denuncia-ronaldo-apontado-ao-cgtp-e-montenegro-no-caso-volksvargas\/","og_site_name":"Portal Tela Portugal","article_published_time":"2026-02-16T13:10:00+00:00","author":"Telinha","twitter_card":"summary_large_image","twitter_misc":{"Escrito por":"Telinha","Tempo estimado de leitura":"2 minutos"},"schema":{"@context":"https:\/\/schema.org","@graph":[{"@type":"Article","@id":"https:\/\/portaltela.pt\/noticias\/2026\/02\/16\/susana-romana-denuncia-ronaldo-apontado-ao-cgtp-e-montenegro-no-caso-volksvargas\/#article","isPartOf":{"@id":"https:\/\/portaltela.pt\/noticias\/2026\/02\/16\/susana-romana-denuncia-ronaldo-apontado-ao-cgtp-e-montenegro-no-caso-volksvargas\/"},"author":{"name":"Telinha","@id":"https:\/\/portaltela.pt\/#\/schema\/person\/c4278d4a6028830caff9ee44b42d32ed"},"headline":"Susana Romana denuncia Ronaldo apontado ao CGTP e Montenegro no caso Volksvargas","datePublished":"2026-02-16T13:10:00+00:00","mainEntityOfPage":{"@id":"https:\/\/portaltela.pt\/noticias\/2026\/02\/16\/susana-romana-denuncia-ronaldo-apontado-ao-cgtp-e-montenegro-no-caso-volksvargas\/"},"wordCount":386,"image":{"@id":"https:\/\/portaltela.pt\/noticias\/2026\/02\/16\/susana-romana-denuncia-ronaldo-apontado-ao-cgtp-e-montenegro-no-caso-volksvargas\/#primaryimage"},"thumbnailUrl":"https:\/\/portaltela.pt\/s.01k8rhncp4jt1\/2026\/02\/image-1248.jpg","keywords":["consentimento","futebol","pessoas p\u00fablicas","pol\u00edtica","pol\u00edtica internacional","redes sociais"],"articleSection":["Not\u00edcias","Pol\u00edtica"],"inLanguage":"pt-PT"},{"@type":"WebPage","@id":"https:\/\/portaltela.pt\/noticias\/2026\/02\/16\/susana-romana-denuncia-ronaldo-apontado-ao-cgtp-e-montenegro-no-caso-volksvargas\/","url":"https:\/\/portaltela.pt\/noticias\/2026\/02\/16\/susana-romana-denuncia-ronaldo-apontado-ao-cgtp-e-montenegro-no-caso-volksvargas\/","name":"Susana Romana denuncia Ronaldo apontado ao CGTP e Montenegro no caso Volksvargas - Portal Tela Portugal","isPartOf":{"@id":"https:\/\/portaltela.pt\/#website"},"primaryImageOfPage":{"@id":"https:\/\/portaltela.pt\/noticias\/2026\/02\/16\/susana-romana-denuncia-ronaldo-apontado-ao-cgtp-e-montenegro-no-caso-volksvargas\/#primaryimage"},"image":{"@id":"https:\/\/portaltela.pt\/noticias\/2026\/02\/16\/susana-romana-denuncia-ronaldo-apontado-ao-cgtp-e-montenegro-no-caso-volksvargas\/#primaryimage"},"thumbnailUrl":"https:\/\/portaltela.pt\/s.01k8rhncp4jt1\/2026\/02\/image-1248.jpg","datePublished":"2026-02-16T13:10:00+00:00","author":{"@id":"https:\/\/portaltela.pt\/#\/schema\/person\/c4278d4a6028830caff9ee44b42d32ed"},"breadcrumb":{"@id":"https:\/\/portaltela.pt\/noticias\/2026\/02\/16\/susana-romana-denuncia-ronaldo-apontado-ao-cgtp-e-montenegro-no-caso-volksvargas\/#breadcrumb"},"inLanguage":"pt-PT","potentialAction":[{"@type":"ReadAction","target":["https:\/\/portaltela.pt\/noticias\/2026\/02\/16\/susana-romana-denuncia-ronaldo-apontado-ao-cgtp-e-montenegro-no-caso-volksvargas\/"]}]},{"@type":"ImageObject","inLanguage":"pt-PT","@id":"https:\/\/portaltela.pt\/noticias\/2026\/02\/16\/susana-romana-denuncia-ronaldo-apontado-ao-cgtp-e-montenegro-no-caso-volksvargas\/#primaryimage","url":"https:\/\/portaltela.pt\/s.01k8rhncp4jt1\/2026\/02\/image-1248.jpg","contentUrl":"https:\/\/portaltela.pt\/s.01k8rhncp4jt1\/2026\/02\/image-1248.jpg","width":796,"height":448,"caption":"Imagem de contexto do artigo Susana Romana. Ronaldo apontado ao CGTP FC e Montenegro a fazer escola com o caso Volksvargas"},{"@type":"BreadcrumbList","@id":"https:\/\/portaltela.pt\/noticias\/2026\/02\/16\/susana-romana-denuncia-ronaldo-apontado-ao-cgtp-e-montenegro-no-caso-volksvargas\/#breadcrumb","itemListElement":[{"@type":"ListItem","position":1,"name":"In\u00edcio","item":"https:\/\/portaltela.pt\/"},{"@type":"ListItem","position":2,"name":"Susana Romana denuncia Ronaldo apontado ao CGTP e Montenegro no caso Volksvargas"}]},{"@type":"WebSite","@id":"https:\/\/portaltela.pt\/#website","url":"https:\/\/portaltela.pt\/","name":"Portal Tela Portugal","description":"","potentialAction":[{"@type":"SearchAction","target":{"@type":"EntryPoint","urlTemplate":"https:\/\/portaltela.pt\/?s={search_term_string}"},"query-input":{"@type":"PropertyValueSpecification","valueRequired":true,"valueName":"search_term_string"}}],"inLanguage":"pt-PT"},{"@type":"Person","@id":"https:\/\/portaltela.pt\/#\/schema\/person\/c4278d4a6028830caff9ee44b42d32ed","name":"Telinha","image":{"@type":"ImageObject","inLanguage":"pt-PT","@id":"https:\/\/portaltela.pt\/s.01k8rhncp4jt1\/2025\/11\/talking-bot-125x125.png","url":"https:\/\/portaltela.pt\/s.01k8rhncp4jt1\/2025\/11\/talking-bot-125x125.png","contentUrl":"https:\/\/portaltela.pt\/s.01k8rhncp4jt1\/2025\/11\/talking-bot-125x125.png","caption":"Telinha"},"sameAs":["https:\/\/portaltela.pt\/"],"url":"https:\/\/portaltela.pt\/por\/367410592786\/"}]}},"_links":{"self":[{"href":"https:\/\/portaltela.pt\/api\/wp\/v2\/posts\/214494","targetHints":{"allow":["GET"]}}],"collection":[{"href":"https:\/\/portaltela.pt\/api\/wp\/v2\/posts"}],"about":[{"href":"https:\/\/portaltela.pt\/api\/wp\/v2\/types\/post"}],"author":[{"embeddable":true,"href":"https:\/\/portaltela.pt\/api\/wp\/v2\/users\/2"}],"replies":[{"embeddable":true,"href":"https:\/\/portaltela.pt\/api\/wp\/v2\/comments?post=214494"}],"version-history":[{"count":0,"href":"https:\/\/portaltela.pt\/api\/wp\/v2\/posts\/214494\/revisions"}],"wp:featuredmedia":[{"embeddable":true,"href":"https:\/\/portaltela.pt\/api\/wp\/v2\/media\/214498"}],"wp:attachment":[{"href":"https:\/\/portaltela.pt\/api\/wp\/v2\/media?parent=214494"}],"wp:term":[{"taxonomy":"category","embeddable":true,"href":"https:\/\/portaltela.pt\/api\/wp\/v2\/categories?post=214494"},{"taxonomy":"post_tag","embeddable":true,"href":"https:\/\/portaltela.pt\/api\/wp\/v2\/tags?post=214494"}],"curies":[{"name":"wp","href":"https:\/\/api.w.org\/{rel}","templated":true}]}}