{"id":214490,"date":"2026-02-16T10:08:00","date_gmt":"2026-02-16T13:08:00","guid":{"rendered":"https:\/\/portaltela.pt\/noticias\/2026\/02\/16\/ordem-dos-medicos-alerta-sobre-restricoes-na-prescricao-de-diabetes\/"},"modified":"2026-02-16T10:08:00","modified_gmt":"2026-02-16T13:08:00","slug":"ordem-dos-medicos-alerta-sobre-restricoes-na-prescricao-de-diabetes","status":"publish","type":"post","link":"https:\/\/portaltela.pt\/noticias\/2026\/02\/16\/ordem-dos-medicos-alerta-sobre-restricoes-na-prescricao-de-diabetes\/","title":{"rendered":"Ordem dos M\u00e9dicos alerta sobre restri\u00e7\u00f5es na prescri\u00e7\u00e3o de diabetes"},"content":{"rendered":"<p>A Ordem dos M\u00e9dicos expressou preocupa\u00e7\u00e3o com uma portaria que condiciona a prescri\u00e7\u00e3o de sensores de glicemia e de determinados medicamentos para diabetes a especialidades espec\u00edficas. A institui\u00e7\u00e3o sustenta que a norma cria barreiras desnecess\u00e1rias ao acesso dos doentes, fragiliza a continuidade de cuidados e aumenta constrangimentos organizacionais num sistema j\u00e1 sob press\u00e3o.<\/p>\n<p>A portaria, publicada em abril do ano passado, estabelece um regime excecional de comparticipa\u00e7\u00e3o de tecnologias de sa\u00fade para automonitoriza\u00e7\u00e3o da glicemia e controlo da diabetes mellitus. Ela restringe a prescri\u00e7\u00e3o aos m\u00e9dicos especializados em Endocrinologia e Nutri\u00e7\u00e3o, Medicina Interna, Pediatria e Medicina Geral e Familiar.<\/p>\n<p>A Ordem argumenta que limitar a prescri\u00e7\u00e3o a estas especialidades impede quem est\u00e1 clinicamente est\u00e1vel de renovar terap\u00eauticas no seguimento regular, gera atrasos e sobrecarrega servi\u00e7os hospitalares e consultas especializadas. Al\u00e9m disso, aponta que solicita\u00e7\u00f5es formais para efeitos administrativos n\u00e3o aumentam a qualidade nem a seguran\u00e7a cl\u00ednica.<\/p>\n<p>A OM recorda que a prescri\u00e7\u00e3o \u00e9 um ato m\u00e9dico, baseado na avalia\u00e7\u00e3o individual e na responsabilidade cient\u00edfica do m\u00e9dico, e considera que a restri\u00e7\u00e3o da autonomia cl\u00ednica n\u00e3o serve o interesse superior do doente. A organiza\u00e7\u00e3o solicita uma revis\u00e3o urgente da portaria para assegurar sustentabilidade, acesso, qualidade e seguran\u00e7a.<\/p>\n<p>A institui\u00e7\u00e3o afirma estar disposta a colaborar tecnicamente na defini\u00e7\u00e3o de solu\u00e7\u00f5es equilibradas, centradas nos pacientes com diabetes. Na semana passada, a Sociedade Portuguesa de Cardiologia j\u00e1 tinha apelado \u00e0 elimina\u00e7\u00e3o dessas restri\u00e7\u00f5es de prescri\u00e7\u00e3o.<\/p>\n","protected":false},"excerpt":{"rendered":"<ul>\n<li>A Ordem dos M\u00e9dicos expressou preocupa\u00e7\u00e3o com uma portaria que condiciona a prescri\u00e7\u00e3o de sensores de glicemia e de determinados medicamentos para diabetes a v\u00e1rias especialidades.<\/li>\n<li>Afirma que a norma cria barreiras desnecess\u00e1rias ao acesso dos doentes, fragiliza a continuidade assistencial e gera constrangimentos organizacionais num sistema j\u00e1 sob press\u00e3o.<\/li>\n<li>Diz que obriga refer\u00eancias formais apenas para efeitos administrativos, aumentando a burocracia, atrasos e sobrecarga de servi\u00e7os hospitalares e consultas especializadas.<\/li>\n<li>Refor\u00e7a que a prescri\u00e7\u00e3o \u00e9 ato m\u00e9dico baseado na avalia\u00e7\u00e3o individual e que a restri\u00e7\u00e3o gen\u00e9rica prejudica a autonomia cl\u00ednica sem fundamenta\u00e7\u00e3o t\u00e9cnico-cient\u00edfica robusta.<\/li>\n<li>Pede revis\u00e3o urgente da portaria, oferecendo colabora\u00e7\u00e3o t\u00e9cnica e lembrando que a Sociedade Portuguesa de Cardiologia j\u00e1 pediu acabar com estas restri\u00e7\u00f5es.<\/li>\n<\/ul>\n","protected":false},"author":2,"featured_media":214495,"comment_status":"closed","ping_status":"closed","sticky":false,"template":"","format":"standard","meta":{"footnotes":""},"categories":[1],"tags":[5814,1863,482,1401,172,271],"class_list":["post-214490","post","type-post","status-publish","format-standard","has-post-thumbnail","hentry","category-noticias","tag-diabetes","tag-endocrinologia","tag-medicina-geral-e-familiar","tag-medicina-interna","tag-saude","tag-saude-publica"],"yoast_head":"<!-- This site is optimized with the Yoast SEO plugin v27.2 - https:\/\/yoast.com\/product\/yoast-seo-wordpress\/ -->\n<title>Ordem dos M\u00e9dicos alerta sobre restri\u00e7\u00f5es na prescri\u00e7\u00e3o de diabetes - Portal Tela Portugal<\/title>\n<meta name=\"robots\" content=\"index, follow, max-snippet:-1, max-image-preview:large, max-video-preview:-1\" \/>\n<meta property=\"og:locale\" content=\"pt_PT\" \/>\n<meta property=\"og:type\" content=\"article\" \/>\n<meta property=\"og:title\" content=\"Ordem dos M\u00e9dicos alerta sobre restri\u00e7\u00f5es na prescri\u00e7\u00e3o de diabetes - Portal Tela Portugal\" \/>\n<meta property=\"og:description\" content=\"A Ordem dos M\u00e9dicos expressou preocupa\u00e7\u00e3o com uma portaria que condiciona a prescri\u00e7\u00e3o de sensores de glicemia e de determinados medicamentos para diabetes a v\u00e1rias especialidades. Afirma que a norma cria barreiras desnecess\u00e1rias ao acesso dos doentes, fragiliza a continuidade assistencial e gera constrangimentos organizacionais num sistema j\u00e1 sob press\u00e3o. Diz que obriga refer\u00eancias formais apenas para efeitos administrativos, aumentando a burocracia, atrasos e sobrecarga de servi\u00e7os hospitalares e consultas especializadas. Refor\u00e7a que a prescri\u00e7\u00e3o \u00e9 ato m\u00e9dico baseado na avalia\u00e7\u00e3o individual e que a restri\u00e7\u00e3o gen\u00e9rica prejudica a autonomia cl\u00ednica sem fundamenta\u00e7\u00e3o t\u00e9cnico-cient\u00edfica robusta. Pede revis\u00e3o urgente da portaria, oferecendo colabora\u00e7\u00e3o t\u00e9cnica e lembrando que a Sociedade Portuguesa de Cardiologia j\u00e1 pediu acabar com estas restri\u00e7\u00f5es.\" \/>\n<meta property=\"og:url\" content=\"https:\/\/portaltela.pt\/noticias\/2026\/02\/16\/ordem-dos-medicos-alerta-sobre-restricoes-na-prescricao-de-diabetes\/\" \/>\n<meta property=\"og:site_name\" content=\"Portal Tela Portugal\" \/>\n<meta property=\"article:published_time\" content=\"2026-02-16T13:08:00+00:00\" \/>\n<meta name=\"author\" content=\"Telinha\" \/>\n<meta name=\"twitter:card\" content=\"summary_large_image\" \/>\n<meta name=\"twitter:label1\" content=\"Escrito por\" \/>\n\t<meta name=\"twitter:data1\" content=\"Telinha\" \/>\n\t<meta name=\"twitter:label2\" content=\"Tempo estimado de leitura\" \/>\n\t<meta name=\"twitter:data2\" content=\"1 minuto\" \/>\n<script type=\"application\/ld+json\" class=\"yoast-schema-graph\">{\"@context\":\"https:\/\/schema.org\",\"@graph\":[{\"@type\":\"Article\",\"@id\":\"https:\/\/portaltela.pt\/noticias\/2026\/02\/16\/ordem-dos-medicos-alerta-sobre-restricoes-na-prescricao-de-diabetes\/#article\",\"isPartOf\":{\"@id\":\"https:\/\/portaltela.pt\/noticias\/2026\/02\/16\/ordem-dos-medicos-alerta-sobre-restricoes-na-prescricao-de-diabetes\/\"},\"author\":{\"name\":\"Telinha\",\"@id\":\"https:\/\/portaltela.pt\/#\/schema\/person\/c4278d4a6028830caff9ee44b42d32ed\"},\"headline\":\"Ordem dos M\u00e9dicos alerta sobre restri\u00e7\u00f5es na prescri\u00e7\u00e3o de diabetes\",\"datePublished\":\"2026-02-16T13:08:00+00:00\",\"mainEntityOfPage\":{\"@id\":\"https:\/\/portaltela.pt\/noticias\/2026\/02\/16\/ordem-dos-medicos-alerta-sobre-restricoes-na-prescricao-de-diabetes\/\"},\"wordCount\":281,\"image\":{\"@id\":\"https:\/\/portaltela.pt\/noticias\/2026\/02\/16\/ordem-dos-medicos-alerta-sobre-restricoes-na-prescricao-de-diabetes\/#primaryimage\"},\"thumbnailUrl\":\"https:\/\/portaltela.pt\/s.01k8rhncp4jt1\/2026\/02\/image-1247.jpg\",\"keywords\":[\"diabetes\",\"endocrinologia\",\"Medicina Geral e Familiar\",\"Medicina Interna\",\"sa\u00fade\",\"sa\u00fade p\u00fablica\"],\"articleSection\":[\"Not\u00edcias\"],\"inLanguage\":\"pt-PT\"},{\"@type\":\"WebPage\",\"@id\":\"https:\/\/portaltela.pt\/noticias\/2026\/02\/16\/ordem-dos-medicos-alerta-sobre-restricoes-na-prescricao-de-diabetes\/\",\"url\":\"https:\/\/portaltela.pt\/noticias\/2026\/02\/16\/ordem-dos-medicos-alerta-sobre-restricoes-na-prescricao-de-diabetes\/\",\"name\":\"Ordem dos M\u00e9dicos alerta sobre restri\u00e7\u00f5es na prescri\u00e7\u00e3o de diabetes - Portal Tela Portugal\",\"isPartOf\":{\"@id\":\"https:\/\/portaltela.pt\/#website\"},\"primaryImageOfPage\":{\"@id\":\"https:\/\/portaltela.pt\/noticias\/2026\/02\/16\/ordem-dos-medicos-alerta-sobre-restricoes-na-prescricao-de-diabetes\/#primaryimage\"},\"image\":{\"@id\":\"https:\/\/portaltela.pt\/noticias\/2026\/02\/16\/ordem-dos-medicos-alerta-sobre-restricoes-na-prescricao-de-diabetes\/#primaryimage\"},\"thumbnailUrl\":\"https:\/\/portaltela.pt\/s.01k8rhncp4jt1\/2026\/02\/image-1247.jpg\",\"datePublished\":\"2026-02-16T13:08:00+00:00\",\"author\":{\"@id\":\"https:\/\/portaltela.pt\/#\/schema\/person\/c4278d4a6028830caff9ee44b42d32ed\"},\"breadcrumb\":{\"@id\":\"https:\/\/portaltela.pt\/noticias\/2026\/02\/16\/ordem-dos-medicos-alerta-sobre-restricoes-na-prescricao-de-diabetes\/#breadcrumb\"},\"inLanguage\":\"pt-PT\",\"potentialAction\":[{\"@type\":\"ReadAction\",\"target\":[\"https:\/\/portaltela.pt\/noticias\/2026\/02\/16\/ordem-dos-medicos-alerta-sobre-restricoes-na-prescricao-de-diabetes\/\"]}]},{\"@type\":\"ImageObject\",\"inLanguage\":\"pt-PT\",\"@id\":\"https:\/\/portaltela.pt\/noticias\/2026\/02\/16\/ordem-dos-medicos-alerta-sobre-restricoes-na-prescricao-de-diabetes\/#primaryimage\",\"url\":\"https:\/\/portaltela.pt\/s.01k8rhncp4jt1\/2026\/02\/image-1247.jpg\",\"contentUrl\":\"https:\/\/portaltela.pt\/s.01k8rhncp4jt1\/2026\/02\/image-1247.jpg\",\"width\":796,\"height\":448,\"caption\":\"Ordem dos M\u00e9dicos apela \u00e0 \\\"revis\u00e3o urgente\\\" desta portaria\"},{\"@type\":\"BreadcrumbList\",\"@id\":\"https:\/\/portaltela.pt\/noticias\/2026\/02\/16\/ordem-dos-medicos-alerta-sobre-restricoes-na-prescricao-de-diabetes\/#breadcrumb\",\"itemListElement\":[{\"@type\":\"ListItem\",\"position\":1,\"name\":\"In\u00edcio\",\"item\":\"https:\/\/portaltela.pt\/\"},{\"@type\":\"ListItem\",\"position\":2,\"name\":\"Ordem dos M\u00e9dicos alerta sobre restri\u00e7\u00f5es na prescri\u00e7\u00e3o de diabetes\"}]},{\"@type\":\"WebSite\",\"@id\":\"https:\/\/portaltela.pt\/#website\",\"url\":\"https:\/\/portaltela.pt\/\",\"name\":\"Portal Tela Portugal\",\"description\":\"\",\"potentialAction\":[{\"@type\":\"SearchAction\",\"target\":{\"@type\":\"EntryPoint\",\"urlTemplate\":\"https:\/\/portaltela.pt\/?s={search_term_string}\"},\"query-input\":{\"@type\":\"PropertyValueSpecification\",\"valueRequired\":true,\"valueName\":\"search_term_string\"}}],\"inLanguage\":\"pt-PT\"},{\"@type\":\"Person\",\"@id\":\"https:\/\/portaltela.pt\/#\/schema\/person\/c4278d4a6028830caff9ee44b42d32ed\",\"name\":\"Telinha\",\"image\":{\"@type\":\"ImageObject\",\"inLanguage\":\"pt-PT\",\"@id\":\"https:\/\/portaltela.pt\/s.01k8rhncp4jt1\/2025\/11\/talking-bot-125x125.png\",\"url\":\"https:\/\/portaltela.pt\/s.01k8rhncp4jt1\/2025\/11\/talking-bot-125x125.png\",\"contentUrl\":\"https:\/\/portaltela.pt\/s.01k8rhncp4jt1\/2025\/11\/talking-bot-125x125.png\",\"caption\":\"Telinha\"},\"sameAs\":[\"https:\/\/portaltela.pt\/\"],\"url\":\"https:\/\/portaltela.pt\/por\/367410592786\/\"}]}<\/script>\n<!-- \/ Yoast SEO plugin. -->","yoast_head_json":{"title":"Ordem dos M\u00e9dicos alerta sobre restri\u00e7\u00f5es na prescri\u00e7\u00e3o de diabetes - Portal Tela Portugal","robots":{"index":"index","follow":"follow","max-snippet":"max-snippet:-1","max-image-preview":"max-image-preview:large","max-video-preview":"max-video-preview:-1"},"og_locale":"pt_PT","og_type":"article","og_title":"Ordem dos M\u00e9dicos alerta sobre restri\u00e7\u00f5es na prescri\u00e7\u00e3o de diabetes - Portal Tela Portugal","og_description":"A Ordem dos M\u00e9dicos expressou preocupa\u00e7\u00e3o com uma portaria que condiciona a prescri\u00e7\u00e3o de sensores de glicemia e de determinados medicamentos para diabetes a v\u00e1rias especialidades. Afirma que a norma cria barreiras desnecess\u00e1rias ao acesso dos doentes, fragiliza a continuidade assistencial e gera constrangimentos organizacionais num sistema j\u00e1 sob press\u00e3o. Diz que obriga refer\u00eancias formais apenas para efeitos administrativos, aumentando a burocracia, atrasos e sobrecarga de servi\u00e7os hospitalares e consultas especializadas. Refor\u00e7a que a prescri\u00e7\u00e3o \u00e9 ato m\u00e9dico baseado na avalia\u00e7\u00e3o individual e que a restri\u00e7\u00e3o gen\u00e9rica prejudica a autonomia cl\u00ednica sem fundamenta\u00e7\u00e3o t\u00e9cnico-cient\u00edfica robusta. Pede revis\u00e3o urgente da portaria, oferecendo colabora\u00e7\u00e3o t\u00e9cnica e lembrando que a Sociedade Portuguesa de Cardiologia j\u00e1 pediu acabar com estas restri\u00e7\u00f5es.","og_url":"https:\/\/portaltela.pt\/noticias\/2026\/02\/16\/ordem-dos-medicos-alerta-sobre-restricoes-na-prescricao-de-diabetes\/","og_site_name":"Portal Tela Portugal","article_published_time":"2026-02-16T13:08:00+00:00","author":"Telinha","twitter_card":"summary_large_image","twitter_misc":{"Escrito por":"Telinha","Tempo estimado de leitura":"1 minuto"},"schema":{"@context":"https:\/\/schema.org","@graph":[{"@type":"Article","@id":"https:\/\/portaltela.pt\/noticias\/2026\/02\/16\/ordem-dos-medicos-alerta-sobre-restricoes-na-prescricao-de-diabetes\/#article","isPartOf":{"@id":"https:\/\/portaltela.pt\/noticias\/2026\/02\/16\/ordem-dos-medicos-alerta-sobre-restricoes-na-prescricao-de-diabetes\/"},"author":{"name":"Telinha","@id":"https:\/\/portaltela.pt\/#\/schema\/person\/c4278d4a6028830caff9ee44b42d32ed"},"headline":"Ordem dos M\u00e9dicos alerta sobre restri\u00e7\u00f5es na prescri\u00e7\u00e3o de diabetes","datePublished":"2026-02-16T13:08:00+00:00","mainEntityOfPage":{"@id":"https:\/\/portaltela.pt\/noticias\/2026\/02\/16\/ordem-dos-medicos-alerta-sobre-restricoes-na-prescricao-de-diabetes\/"},"wordCount":281,"image":{"@id":"https:\/\/portaltela.pt\/noticias\/2026\/02\/16\/ordem-dos-medicos-alerta-sobre-restricoes-na-prescricao-de-diabetes\/#primaryimage"},"thumbnailUrl":"https:\/\/portaltela.pt\/s.01k8rhncp4jt1\/2026\/02\/image-1247.jpg","keywords":["diabetes","endocrinologia","Medicina Geral e Familiar","Medicina Interna","sa\u00fade","sa\u00fade p\u00fablica"],"articleSection":["Not\u00edcias"],"inLanguage":"pt-PT"},{"@type":"WebPage","@id":"https:\/\/portaltela.pt\/noticias\/2026\/02\/16\/ordem-dos-medicos-alerta-sobre-restricoes-na-prescricao-de-diabetes\/","url":"https:\/\/portaltela.pt\/noticias\/2026\/02\/16\/ordem-dos-medicos-alerta-sobre-restricoes-na-prescricao-de-diabetes\/","name":"Ordem dos M\u00e9dicos alerta sobre restri\u00e7\u00f5es na prescri\u00e7\u00e3o de diabetes - Portal Tela Portugal","isPartOf":{"@id":"https:\/\/portaltela.pt\/#website"},"primaryImageOfPage":{"@id":"https:\/\/portaltela.pt\/noticias\/2026\/02\/16\/ordem-dos-medicos-alerta-sobre-restricoes-na-prescricao-de-diabetes\/#primaryimage"},"image":{"@id":"https:\/\/portaltela.pt\/noticias\/2026\/02\/16\/ordem-dos-medicos-alerta-sobre-restricoes-na-prescricao-de-diabetes\/#primaryimage"},"thumbnailUrl":"https:\/\/portaltela.pt\/s.01k8rhncp4jt1\/2026\/02\/image-1247.jpg","datePublished":"2026-02-16T13:08:00+00:00","author":{"@id":"https:\/\/portaltela.pt\/#\/schema\/person\/c4278d4a6028830caff9ee44b42d32ed"},"breadcrumb":{"@id":"https:\/\/portaltela.pt\/noticias\/2026\/02\/16\/ordem-dos-medicos-alerta-sobre-restricoes-na-prescricao-de-diabetes\/#breadcrumb"},"inLanguage":"pt-PT","potentialAction":[{"@type":"ReadAction","target":["https:\/\/portaltela.pt\/noticias\/2026\/02\/16\/ordem-dos-medicos-alerta-sobre-restricoes-na-prescricao-de-diabetes\/"]}]},{"@type":"ImageObject","inLanguage":"pt-PT","@id":"https:\/\/portaltela.pt\/noticias\/2026\/02\/16\/ordem-dos-medicos-alerta-sobre-restricoes-na-prescricao-de-diabetes\/#primaryimage","url":"https:\/\/portaltela.pt\/s.01k8rhncp4jt1\/2026\/02\/image-1247.jpg","contentUrl":"https:\/\/portaltela.pt\/s.01k8rhncp4jt1\/2026\/02\/image-1247.jpg","width":796,"height":448,"caption":"Ordem dos M\u00e9dicos apela \u00e0 \"revis\u00e3o urgente\" desta portaria"},{"@type":"BreadcrumbList","@id":"https:\/\/portaltela.pt\/noticias\/2026\/02\/16\/ordem-dos-medicos-alerta-sobre-restricoes-na-prescricao-de-diabetes\/#breadcrumb","itemListElement":[{"@type":"ListItem","position":1,"name":"In\u00edcio","item":"https:\/\/portaltela.pt\/"},{"@type":"ListItem","position":2,"name":"Ordem dos M\u00e9dicos alerta sobre restri\u00e7\u00f5es na prescri\u00e7\u00e3o de diabetes"}]},{"@type":"WebSite","@id":"https:\/\/portaltela.pt\/#website","url":"https:\/\/portaltela.pt\/","name":"Portal Tela Portugal","description":"","potentialAction":[{"@type":"SearchAction","target":{"@type":"EntryPoint","urlTemplate":"https:\/\/portaltela.pt\/?s={search_term_string}"},"query-input":{"@type":"PropertyValueSpecification","valueRequired":true,"valueName":"search_term_string"}}],"inLanguage":"pt-PT"},{"@type":"Person","@id":"https:\/\/portaltela.pt\/#\/schema\/person\/c4278d4a6028830caff9ee44b42d32ed","name":"Telinha","image":{"@type":"ImageObject","inLanguage":"pt-PT","@id":"https:\/\/portaltela.pt\/s.01k8rhncp4jt1\/2025\/11\/talking-bot-125x125.png","url":"https:\/\/portaltela.pt\/s.01k8rhncp4jt1\/2025\/11\/talking-bot-125x125.png","contentUrl":"https:\/\/portaltela.pt\/s.01k8rhncp4jt1\/2025\/11\/talking-bot-125x125.png","caption":"Telinha"},"sameAs":["https:\/\/portaltela.pt\/"],"url":"https:\/\/portaltela.pt\/por\/367410592786\/"}]}},"_links":{"self":[{"href":"https:\/\/portaltela.pt\/api\/wp\/v2\/posts\/214490","targetHints":{"allow":["GET"]}}],"collection":[{"href":"https:\/\/portaltela.pt\/api\/wp\/v2\/posts"}],"about":[{"href":"https:\/\/portaltela.pt\/api\/wp\/v2\/types\/post"}],"author":[{"embeddable":true,"href":"https:\/\/portaltela.pt\/api\/wp\/v2\/users\/2"}],"replies":[{"embeddable":true,"href":"https:\/\/portaltela.pt\/api\/wp\/v2\/comments?post=214490"}],"version-history":[{"count":0,"href":"https:\/\/portaltela.pt\/api\/wp\/v2\/posts\/214490\/revisions"}],"wp:featuredmedia":[{"embeddable":true,"href":"https:\/\/portaltela.pt\/api\/wp\/v2\/media\/214495"}],"wp:attachment":[{"href":"https:\/\/portaltela.pt\/api\/wp\/v2\/media?parent=214490"}],"wp:term":[{"taxonomy":"category","embeddable":true,"href":"https:\/\/portaltela.pt\/api\/wp\/v2\/categories?post=214490"},{"taxonomy":"post_tag","embeddable":true,"href":"https:\/\/portaltela.pt\/api\/wp\/v2\/tags?post=214490"}],"curies":[{"name":"wp","href":"https:\/\/api.w.org\/{rel}","templated":true}]}}