{"id":214475,"date":"2026-02-16T09:42:00","date_gmt":"2026-02-16T12:42:00","guid":{"rendered":"https:\/\/portaltela.pt\/noticias\/2026\/02\/16\/pena-de-homem-que-matou-amigo-e-pediu-ajuda-a-tvde-para-atirar-o-corpo-no-douro-reduzida\/"},"modified":"2026-02-16T09:42:00","modified_gmt":"2026-02-16T12:42:00","slug":"pena-de-homem-que-matou-amigo-e-pediu-ajuda-a-tvde-para-atirar-o-corpo-no-douro-reduzida","status":"publish","type":"post","link":"https:\/\/portaltela.pt\/noticias\/2026\/02\/16\/pena-de-homem-que-matou-amigo-e-pediu-ajuda-a-tvde-para-atirar-o-corpo-no-douro-reduzida\/","title":{"rendered":"Pena de homem que matou amigo e pediu ajuda \u00e0 TVDE para atirar o corpo no Douro reduzida"},"content":{"rendered":"<p>O Supremo Tribunal de Justi\u00e7a manteve, em fevereiro, as condena\u00e7\u00f5es do arguido por homic\u00eddio qualificado agravado e profana\u00e7\u00e3o de cad\u00e1ver na forma tentada, mas absolveu-o do crime de deten\u00e7\u00e3o de arma proibida. A pena final fixou-se em 22 anos e seis meses de pris\u00e3o, al\u00e9m da expuls\u00e3o de Portugal.<\/p>\n<p>A decis\u00e3o confirma que o arguido usou uma faca de p\u00e3o de cozinha para assassinar o amigo, no apartamento na Rua do Bonfim, no Porto, em abril de 2024. O tribunal entendeu que a faca, por ser utens\u00edlio dom\u00e9stico, n\u00e3o configura automaticamente arma proibida, apesar da l\u00e2mina ter mais de dez cent\u00edmetros.<\/p>\n<p>Acordo da Rela\u00e7\u00e3o com o TRP assenta no uso da faca de cozinha como instrumento de homic\u00eddio, n\u00e3o como arma proibida aut\u00f3noma. O ac\u00f3rd\u00e3o ressalva que o simples desvio do uso n\u00e3o transforma o utens\u00edlio na arma prevista na lei.<\/p>\n<h3>A decis\u00e3o do Supremo<\/h3>\n<p>A Justi\u00e7a entendeu que o plano para o crime indica premedita\u00e7\u00e3o, sem que tenha havido compra direta de uma faca para o homic\u00eddio. A arma utilizada foi uma faca de p\u00e3o da marca IKEA, dispon\u00edvel no apartamento alugado pelo arguido, que planeou a execu\u00e7\u00e3o dentro do seu pr\u00f3prio espa\u00e7o.<\/p>\n<h3>Detalhes do crime e desenrolar dos acontecimentos<\/h3>\n<p>Os factos mostram que o ataque ocorreu a 19 de abril, no apartamento, com m\u00faltiplos golpes na cabe\u00e7a, tronco e membros superiores, seguido de mordidas e danos \u00e0 v\u00edtima. O arguido deslocou-se de madrugada para comprar um saco de viagem para transportar o corpo.<\/p>\n<p>O autor do crime pediu ajuda a um motorista de TVDE para atirar o corpo ao Douro. O motorista levou-o \u00e0 esquadra da PSP de Campanh\u00e3, ap\u00f3s a den\u00fancia, em vez de cumprir a solicita\u00e7\u00e3o do arguido. O ve\u00edculo foi orientado para a pol\u00edcia pela pr\u00f3pria v\u00edtima.<\/p>\n<p>Durante o julgamento, o arguido negou rela\u00e7\u00f5es amorosas com o amigo, afirmando serem apenas colegas de estudo. Questionado sobre vest\u00edgios de sextas com outra pessoa, n\u00e3o soube justificar a presen\u00e7a de material de encontros online e de preservativo aberto.<\/p>\n","protected":false},"excerpt":{"rendered":"<ul>\n<li>O Supremo Tribunal de Justi\u00e7a manteve as condena\u00e7\u00f5es por homic\u00eddio qualificado agravado e profana\u00e7\u00e3o de cad\u00e1ver, mas absolveu o arguido de deten\u00e7\u00e3o de arma proibida, fixando a pena em 22 anos e seis meses de pris\u00e3o.<\/li>\n<li>A decis\u00e3o baseia-se na an\u00e1lise de que uma faca de p\u00e3o, retirada da cozinha do apartamento, n\u00e3o configura arma proibida quando usada no homic\u00eddio, mantendo-se o crime de homic\u00eddio qualificado.<\/li>\n<li>O crime ocorreu em abril de 2024, no apartamento na Rua do Bonfim, no Porto, onde o arguido atacou o amigo com golpes graves, mordidas e arrancou-lhe o polegar, depois planeou desfazer o corpo nas \u00e1guas do Douro.<\/li>\n<li>Na mesma noite, o arguido solicitou um TVDE para transportar o corpo, limpou o espa\u00e7o e desligou as c\u00e2maras de videovigil\u00e2ncia; o motorista acabou por denunciar o crime \u00e0s autoridades.<\/li>\n<li>Durante o julgamento, o arguido negou ser homossexual, alegando que os sinais encontrados n\u00e3o comprovavam rela\u00e7\u00e3o amorosa; a defesa questionou o uso de Grindr e outros vest\u00edgios, sem conseguir explicar algumas evid\u00eancias.<\/li>\n<\/ul>\n","protected":false},"author":2,"featured_media":214478,"comment_status":"closed","ping_status":"closed","sticky":false,"template":"","format":"standard","meta":{"footnotes":""},"categories":[1],"tags":[2660,147,1194,1189,982,1096],"class_list":["post-214475","post","type-post","status-publish","format-standard","has-post-thumbnail","hentry","category-noticias","tag-arma-proibida","tag-crime","tag-douro","tag-homicidio-qualificado","tag-porto","tag-profanacao-de-cadaver"],"yoast_head":"<!-- This site is optimized with the Yoast SEO plugin v27.2 - https:\/\/yoast.com\/product\/yoast-seo-wordpress\/ -->\n<title>Pena de homem que matou amigo e pediu ajuda \u00e0 TVDE para atirar o corpo no Douro reduzida - Portal Tela Portugal<\/title>\n<meta name=\"robots\" content=\"index, follow, max-snippet:-1, max-image-preview:large, max-video-preview:-1\" \/>\n<meta property=\"og:locale\" content=\"pt_PT\" \/>\n<meta property=\"og:type\" content=\"article\" \/>\n<meta property=\"og:title\" content=\"Pena de homem que matou amigo e pediu ajuda \u00e0 TVDE para atirar o corpo no Douro reduzida - Portal Tela Portugal\" \/>\n<meta property=\"og:description\" content=\"O Supremo Tribunal de Justi\u00e7a manteve as condena\u00e7\u00f5es por homic\u00eddio qualificado agravado e profana\u00e7\u00e3o de cad\u00e1ver, mas absolveu o arguido de deten\u00e7\u00e3o de arma proibida, fixando a pena em 22 anos e seis meses de pris\u00e3o. A decis\u00e3o baseia-se na an\u00e1lise de que uma faca de p\u00e3o, retirada da cozinha do apartamento, n\u00e3o configura arma proibida quando usada no homic\u00eddio, mantendo-se o crime de homic\u00eddio qualificado. O crime ocorreu em abril de 2024, no apartamento na Rua do Bonfim, no Porto, onde o arguido atacou o amigo com golpes graves, mordidas e arrancou-lhe o polegar, depois planeou desfazer o corpo nas \u00e1guas do Douro. Na mesma noite, o arguido solicitou um TVDE para transportar o corpo, limpou o espa\u00e7o e desligou as c\u00e2maras de videovigil\u00e2ncia; o motorista acabou por denunciar o crime \u00e0s autoridades. Durante o julgamento, o arguido negou ser homossexual, alegando que os sinais encontrados n\u00e3o comprovavam rela\u00e7\u00e3o amorosa; a defesa questionou o uso de Grindr e outros vest\u00edgios, sem conseguir explicar algumas evid\u00eancias.\" \/>\n<meta property=\"og:url\" content=\"https:\/\/portaltela.pt\/noticias\/2026\/02\/16\/pena-de-homem-que-matou-amigo-e-pediu-ajuda-a-tvde-para-atirar-o-corpo-no-douro-reduzida\/\" \/>\n<meta property=\"og:site_name\" content=\"Portal Tela Portugal\" \/>\n<meta property=\"article:published_time\" content=\"2026-02-16T12:42:00+00:00\" \/>\n<meta name=\"author\" content=\"Telinha\" \/>\n<meta name=\"twitter:card\" content=\"summary_large_image\" \/>\n<meta name=\"twitter:label1\" content=\"Escrito por\" \/>\n\t<meta name=\"twitter:data1\" content=\"Telinha\" \/>\n\t<meta name=\"twitter:label2\" content=\"Tempo estimado de leitura\" \/>\n\t<meta name=\"twitter:data2\" content=\"2 minutos\" \/>\n<script type=\"application\/ld+json\" class=\"yoast-schema-graph\">{\"@context\":\"https:\/\/schema.org\",\"@graph\":[{\"@type\":\"Article\",\"@id\":\"https:\/\/portaltela.pt\/noticias\/2026\/02\/16\/pena-de-homem-que-matou-amigo-e-pediu-ajuda-a-tvde-para-atirar-o-corpo-no-douro-reduzida\/#article\",\"isPartOf\":{\"@id\":\"https:\/\/portaltela.pt\/noticias\/2026\/02\/16\/pena-de-homem-que-matou-amigo-e-pediu-ajuda-a-tvde-para-atirar-o-corpo-no-douro-reduzida\/\"},\"author\":{\"name\":\"Telinha\",\"@id\":\"https:\/\/portaltela.pt\/#\/schema\/person\/c4278d4a6028830caff9ee44b42d32ed\"},\"headline\":\"Pena de homem que matou amigo e pediu ajuda \u00e0 TVDE para atirar o corpo no Douro reduzida\",\"datePublished\":\"2026-02-16T12:42:00+00:00\",\"mainEntityOfPage\":{\"@id\":\"https:\/\/portaltela.pt\/noticias\/2026\/02\/16\/pena-de-homem-que-matou-amigo-e-pediu-ajuda-a-tvde-para-atirar-o-corpo-no-douro-reduzida\/\"},\"wordCount\":390,\"image\":{\"@id\":\"https:\/\/portaltela.pt\/noticias\/2026\/02\/16\/pena-de-homem-que-matou-amigo-e-pediu-ajuda-a-tvde-para-atirar-o-corpo-no-douro-reduzida\/#primaryimage\"},\"thumbnailUrl\":\"https:\/\/portaltela.pt\/s.01k8rhncp4jt1\/2026\/02\/image-1246.jpg\",\"keywords\":[\"arma proibida\",\"crime\",\"Douro\",\"homic\u00eddio qualificado\",\"Porto\",\"profana\u00e7\u00e3o de cad\u00e1ver\"],\"articleSection\":[\"Not\u00edcias\"],\"inLanguage\":\"pt-PT\"},{\"@type\":\"WebPage\",\"@id\":\"https:\/\/portaltela.pt\/noticias\/2026\/02\/16\/pena-de-homem-que-matou-amigo-e-pediu-ajuda-a-tvde-para-atirar-o-corpo-no-douro-reduzida\/\",\"url\":\"https:\/\/portaltela.pt\/noticias\/2026\/02\/16\/pena-de-homem-que-matou-amigo-e-pediu-ajuda-a-tvde-para-atirar-o-corpo-no-douro-reduzida\/\",\"name\":\"Pena de homem que matou amigo e pediu ajuda \u00e0 TVDE para atirar o corpo no Douro reduzida - Portal Tela Portugal\",\"isPartOf\":{\"@id\":\"https:\/\/portaltela.pt\/#website\"},\"primaryImageOfPage\":{\"@id\":\"https:\/\/portaltela.pt\/noticias\/2026\/02\/16\/pena-de-homem-que-matou-amigo-e-pediu-ajuda-a-tvde-para-atirar-o-corpo-no-douro-reduzida\/#primaryimage\"},\"image\":{\"@id\":\"https:\/\/portaltela.pt\/noticias\/2026\/02\/16\/pena-de-homem-que-matou-amigo-e-pediu-ajuda-a-tvde-para-atirar-o-corpo-no-douro-reduzida\/#primaryimage\"},\"thumbnailUrl\":\"https:\/\/portaltela.pt\/s.01k8rhncp4jt1\/2026\/02\/image-1246.jpg\",\"datePublished\":\"2026-02-16T12:42:00+00:00\",\"author\":{\"@id\":\"https:\/\/portaltela.pt\/#\/schema\/person\/c4278d4a6028830caff9ee44b42d32ed\"},\"breadcrumb\":{\"@id\":\"https:\/\/portaltela.pt\/noticias\/2026\/02\/16\/pena-de-homem-que-matou-amigo-e-pediu-ajuda-a-tvde-para-atirar-o-corpo-no-douro-reduzida\/#breadcrumb\"},\"inLanguage\":\"pt-PT\",\"potentialAction\":[{\"@type\":\"ReadAction\",\"target\":[\"https:\/\/portaltela.pt\/noticias\/2026\/02\/16\/pena-de-homem-que-matou-amigo-e-pediu-ajuda-a-tvde-para-atirar-o-corpo-no-douro-reduzida\/\"]}]},{\"@type\":\"ImageObject\",\"inLanguage\":\"pt-PT\",\"@id\":\"https:\/\/portaltela.pt\/noticias\/2026\/02\/16\/pena-de-homem-que-matou-amigo-e-pediu-ajuda-a-tvde-para-atirar-o-corpo-no-douro-reduzida\/#primaryimage\",\"url\":\"https:\/\/portaltela.pt\/s.01k8rhncp4jt1\/2026\/02\/image-1246.jpg\",\"contentUrl\":\"https:\/\/portaltela.pt\/s.01k8rhncp4jt1\/2026\/02\/image-1246.jpg\",\"width\":796,\"height\":448,\"caption\":\"Foto: Jos\u00e9 Carmo\/Arquivo\"},{\"@type\":\"BreadcrumbList\",\"@id\":\"https:\/\/portaltela.pt\/noticias\/2026\/02\/16\/pena-de-homem-que-matou-amigo-e-pediu-ajuda-a-tvde-para-atirar-o-corpo-no-douro-reduzida\/#breadcrumb\",\"itemListElement\":[{\"@type\":\"ListItem\",\"position\":1,\"name\":\"In\u00edcio\",\"item\":\"https:\/\/portaltela.pt\/\"},{\"@type\":\"ListItem\",\"position\":2,\"name\":\"Pena de homem que matou amigo e pediu ajuda \u00e0 TVDE para atirar o corpo no Douro reduzida\"}]},{\"@type\":\"WebSite\",\"@id\":\"https:\/\/portaltela.pt\/#website\",\"url\":\"https:\/\/portaltela.pt\/\",\"name\":\"Portal Tela Portugal\",\"description\":\"\",\"potentialAction\":[{\"@type\":\"SearchAction\",\"target\":{\"@type\":\"EntryPoint\",\"urlTemplate\":\"https:\/\/portaltela.pt\/?s={search_term_string}\"},\"query-input\":{\"@type\":\"PropertyValueSpecification\",\"valueRequired\":true,\"valueName\":\"search_term_string\"}}],\"inLanguage\":\"pt-PT\"},{\"@type\":\"Person\",\"@id\":\"https:\/\/portaltela.pt\/#\/schema\/person\/c4278d4a6028830caff9ee44b42d32ed\",\"name\":\"Telinha\",\"image\":{\"@type\":\"ImageObject\",\"inLanguage\":\"pt-PT\",\"@id\":\"https:\/\/portaltela.pt\/s.01k8rhncp4jt1\/2025\/11\/talking-bot-125x125.png\",\"url\":\"https:\/\/portaltela.pt\/s.01k8rhncp4jt1\/2025\/11\/talking-bot-125x125.png\",\"contentUrl\":\"https:\/\/portaltela.pt\/s.01k8rhncp4jt1\/2025\/11\/talking-bot-125x125.png\",\"caption\":\"Telinha\"},\"sameAs\":[\"https:\/\/portaltela.pt\/\"],\"url\":\"https:\/\/portaltela.pt\/por\/367410592786\/\"}]}<\/script>\n<!-- \/ Yoast SEO plugin. -->","yoast_head_json":{"title":"Pena de homem que matou amigo e pediu ajuda \u00e0 TVDE para atirar o corpo no Douro reduzida - Portal Tela Portugal","robots":{"index":"index","follow":"follow","max-snippet":"max-snippet:-1","max-image-preview":"max-image-preview:large","max-video-preview":"max-video-preview:-1"},"og_locale":"pt_PT","og_type":"article","og_title":"Pena de homem que matou amigo e pediu ajuda \u00e0 TVDE para atirar o corpo no Douro reduzida - Portal Tela Portugal","og_description":"O Supremo Tribunal de Justi\u00e7a manteve as condena\u00e7\u00f5es por homic\u00eddio qualificado agravado e profana\u00e7\u00e3o de cad\u00e1ver, mas absolveu o arguido de deten\u00e7\u00e3o de arma proibida, fixando a pena em 22 anos e seis meses de pris\u00e3o. A decis\u00e3o baseia-se na an\u00e1lise de que uma faca de p\u00e3o, retirada da cozinha do apartamento, n\u00e3o configura arma proibida quando usada no homic\u00eddio, mantendo-se o crime de homic\u00eddio qualificado. O crime ocorreu em abril de 2024, no apartamento na Rua do Bonfim, no Porto, onde o arguido atacou o amigo com golpes graves, mordidas e arrancou-lhe o polegar, depois planeou desfazer o corpo nas \u00e1guas do Douro. Na mesma noite, o arguido solicitou um TVDE para transportar o corpo, limpou o espa\u00e7o e desligou as c\u00e2maras de videovigil\u00e2ncia; o motorista acabou por denunciar o crime \u00e0s autoridades. Durante o julgamento, o arguido negou ser homossexual, alegando que os sinais encontrados n\u00e3o comprovavam rela\u00e7\u00e3o amorosa; a defesa questionou o uso de Grindr e outros vest\u00edgios, sem conseguir explicar algumas evid\u00eancias.","og_url":"https:\/\/portaltela.pt\/noticias\/2026\/02\/16\/pena-de-homem-que-matou-amigo-e-pediu-ajuda-a-tvde-para-atirar-o-corpo-no-douro-reduzida\/","og_site_name":"Portal Tela Portugal","article_published_time":"2026-02-16T12:42:00+00:00","author":"Telinha","twitter_card":"summary_large_image","twitter_misc":{"Escrito por":"Telinha","Tempo estimado de leitura":"2 minutos"},"schema":{"@context":"https:\/\/schema.org","@graph":[{"@type":"Article","@id":"https:\/\/portaltela.pt\/noticias\/2026\/02\/16\/pena-de-homem-que-matou-amigo-e-pediu-ajuda-a-tvde-para-atirar-o-corpo-no-douro-reduzida\/#article","isPartOf":{"@id":"https:\/\/portaltela.pt\/noticias\/2026\/02\/16\/pena-de-homem-que-matou-amigo-e-pediu-ajuda-a-tvde-para-atirar-o-corpo-no-douro-reduzida\/"},"author":{"name":"Telinha","@id":"https:\/\/portaltela.pt\/#\/schema\/person\/c4278d4a6028830caff9ee44b42d32ed"},"headline":"Pena de homem que matou amigo e pediu ajuda \u00e0 TVDE para atirar o corpo no Douro reduzida","datePublished":"2026-02-16T12:42:00+00:00","mainEntityOfPage":{"@id":"https:\/\/portaltela.pt\/noticias\/2026\/02\/16\/pena-de-homem-que-matou-amigo-e-pediu-ajuda-a-tvde-para-atirar-o-corpo-no-douro-reduzida\/"},"wordCount":390,"image":{"@id":"https:\/\/portaltela.pt\/noticias\/2026\/02\/16\/pena-de-homem-que-matou-amigo-e-pediu-ajuda-a-tvde-para-atirar-o-corpo-no-douro-reduzida\/#primaryimage"},"thumbnailUrl":"https:\/\/portaltela.pt\/s.01k8rhncp4jt1\/2026\/02\/image-1246.jpg","keywords":["arma proibida","crime","Douro","homic\u00eddio qualificado","Porto","profana\u00e7\u00e3o de cad\u00e1ver"],"articleSection":["Not\u00edcias"],"inLanguage":"pt-PT"},{"@type":"WebPage","@id":"https:\/\/portaltela.pt\/noticias\/2026\/02\/16\/pena-de-homem-que-matou-amigo-e-pediu-ajuda-a-tvde-para-atirar-o-corpo-no-douro-reduzida\/","url":"https:\/\/portaltela.pt\/noticias\/2026\/02\/16\/pena-de-homem-que-matou-amigo-e-pediu-ajuda-a-tvde-para-atirar-o-corpo-no-douro-reduzida\/","name":"Pena de homem que matou amigo e pediu ajuda \u00e0 TVDE para atirar o corpo no Douro reduzida - Portal Tela Portugal","isPartOf":{"@id":"https:\/\/portaltela.pt\/#website"},"primaryImageOfPage":{"@id":"https:\/\/portaltela.pt\/noticias\/2026\/02\/16\/pena-de-homem-que-matou-amigo-e-pediu-ajuda-a-tvde-para-atirar-o-corpo-no-douro-reduzida\/#primaryimage"},"image":{"@id":"https:\/\/portaltela.pt\/noticias\/2026\/02\/16\/pena-de-homem-que-matou-amigo-e-pediu-ajuda-a-tvde-para-atirar-o-corpo-no-douro-reduzida\/#primaryimage"},"thumbnailUrl":"https:\/\/portaltela.pt\/s.01k8rhncp4jt1\/2026\/02\/image-1246.jpg","datePublished":"2026-02-16T12:42:00+00:00","author":{"@id":"https:\/\/portaltela.pt\/#\/schema\/person\/c4278d4a6028830caff9ee44b42d32ed"},"breadcrumb":{"@id":"https:\/\/portaltela.pt\/noticias\/2026\/02\/16\/pena-de-homem-que-matou-amigo-e-pediu-ajuda-a-tvde-para-atirar-o-corpo-no-douro-reduzida\/#breadcrumb"},"inLanguage":"pt-PT","potentialAction":[{"@type":"ReadAction","target":["https:\/\/portaltela.pt\/noticias\/2026\/02\/16\/pena-de-homem-que-matou-amigo-e-pediu-ajuda-a-tvde-para-atirar-o-corpo-no-douro-reduzida\/"]}]},{"@type":"ImageObject","inLanguage":"pt-PT","@id":"https:\/\/portaltela.pt\/noticias\/2026\/02\/16\/pena-de-homem-que-matou-amigo-e-pediu-ajuda-a-tvde-para-atirar-o-corpo-no-douro-reduzida\/#primaryimage","url":"https:\/\/portaltela.pt\/s.01k8rhncp4jt1\/2026\/02\/image-1246.jpg","contentUrl":"https:\/\/portaltela.pt\/s.01k8rhncp4jt1\/2026\/02\/image-1246.jpg","width":796,"height":448,"caption":"Foto: Jos\u00e9 Carmo\/Arquivo"},{"@type":"BreadcrumbList","@id":"https:\/\/portaltela.pt\/noticias\/2026\/02\/16\/pena-de-homem-que-matou-amigo-e-pediu-ajuda-a-tvde-para-atirar-o-corpo-no-douro-reduzida\/#breadcrumb","itemListElement":[{"@type":"ListItem","position":1,"name":"In\u00edcio","item":"https:\/\/portaltela.pt\/"},{"@type":"ListItem","position":2,"name":"Pena de homem que matou amigo e pediu ajuda \u00e0 TVDE para atirar o corpo no Douro reduzida"}]},{"@type":"WebSite","@id":"https:\/\/portaltela.pt\/#website","url":"https:\/\/portaltela.pt\/","name":"Portal Tela Portugal","description":"","potentialAction":[{"@type":"SearchAction","target":{"@type":"EntryPoint","urlTemplate":"https:\/\/portaltela.pt\/?s={search_term_string}"},"query-input":{"@type":"PropertyValueSpecification","valueRequired":true,"valueName":"search_term_string"}}],"inLanguage":"pt-PT"},{"@type":"Person","@id":"https:\/\/portaltela.pt\/#\/schema\/person\/c4278d4a6028830caff9ee44b42d32ed","name":"Telinha","image":{"@type":"ImageObject","inLanguage":"pt-PT","@id":"https:\/\/portaltela.pt\/s.01k8rhncp4jt1\/2025\/11\/talking-bot-125x125.png","url":"https:\/\/portaltela.pt\/s.01k8rhncp4jt1\/2025\/11\/talking-bot-125x125.png","contentUrl":"https:\/\/portaltela.pt\/s.01k8rhncp4jt1\/2025\/11\/talking-bot-125x125.png","caption":"Telinha"},"sameAs":["https:\/\/portaltela.pt\/"],"url":"https:\/\/portaltela.pt\/por\/367410592786\/"}]}},"_links":{"self":[{"href":"https:\/\/portaltela.pt\/api\/wp\/v2\/posts\/214475","targetHints":{"allow":["GET"]}}],"collection":[{"href":"https:\/\/portaltela.pt\/api\/wp\/v2\/posts"}],"about":[{"href":"https:\/\/portaltela.pt\/api\/wp\/v2\/types\/post"}],"author":[{"embeddable":true,"href":"https:\/\/portaltela.pt\/api\/wp\/v2\/users\/2"}],"replies":[{"embeddable":true,"href":"https:\/\/portaltela.pt\/api\/wp\/v2\/comments?post=214475"}],"version-history":[{"count":0,"href":"https:\/\/portaltela.pt\/api\/wp\/v2\/posts\/214475\/revisions"}],"wp:featuredmedia":[{"embeddable":true,"href":"https:\/\/portaltela.pt\/api\/wp\/v2\/media\/214478"}],"wp:attachment":[{"href":"https:\/\/portaltela.pt\/api\/wp\/v2\/media?parent=214475"}],"wp:term":[{"taxonomy":"category","embeddable":true,"href":"https:\/\/portaltela.pt\/api\/wp\/v2\/categories?post=214475"},{"taxonomy":"post_tag","embeddable":true,"href":"https:\/\/portaltela.pt\/api\/wp\/v2\/tags?post=214475"}],"curies":[{"name":"wp","href":"https:\/\/api.w.org\/{rel}","templated":true}]}}