{"id":214447,"date":"2026-02-16T09:35:56","date_gmt":"2026-02-16T12:35:56","guid":{"rendered":"https:\/\/portaltela.pt\/noticias\/2026\/02\/16\/pj-constitui-arguido-por-difamacao-via-e-mail-em-viana-do-castelo\/"},"modified":"2026-02-16T09:35:56","modified_gmt":"2026-02-16T12:35:56","slug":"pj-constitui-arguido-por-difamacao-via-e-mail-em-viana-do-castelo","status":"publish","type":"post","link":"https:\/\/portaltela.pt\/noticias\/2026\/02\/16\/pj-constitui-arguido-por-difamacao-via-e-mail-em-viana-do-castelo\/","title":{"rendered":"PJ constitui arguido por difama\u00e7\u00e3o via e-mail em Viana do Castelo"},"content":{"rendered":"<p>A Pol\u00edcia Judici\u00e1ria constituiu arguido um homem de Viana do Castelo suspeito de criar e usar uma conta de correio eletr\u00f3nico para difamar. Os factos ocorreram em territ\u00f3rio nacional, segundo o comunicado da PJ.<\/p>\n<p>Os conte\u00fados difundidos cont\u00eam imputa\u00e7\u00f5es falsas que poder\u00e1 afectar o bom nome e reputa\u00e7\u00e3o do ofendido, prejudicando-o pessoal e profissionalmente. As mensagens teriam sido enviadas a diversos destinat\u00e1rios.<\/p>\n<p>A opera\u00e7\u00e3o \u201cMaledic\u00eancia\u201d incluiu uma busca realizada na quinta-feira na resid\u00eancia do arguido, no concelho de Viana do Castelo, com apreens\u00e3o de telem\u00f3vel descart\u00e1vel e de equipamento inform\u00e1tico utilizado na pr\u00e1tica dos factos.<\/p>\n<h3>Peritos e pr\u00f3ximos passos<\/h3>\n<p>Peritos inform\u00e1ticos da PJ realizaram uma an\u00e1lise preliminar dos documentos e equipamentos, preparando uma avalia\u00e7\u00e3o t\u00e9cnico-pericial mais detalhada para o cabal apuramento da verdade material.<\/p>\n<p>O arguido est\u00e1 indiciado por difama\u00e7\u00e3o, den\u00fancia caluniosa e falsidade inform\u00e1tica. O inqu\u00e9rito \u00e9 dirigido pelo Minist\u00e9rio P\u00fablico de Viana do Castelo.<\/p>\n","protected":false},"excerpt":{"rendered":"<ul>\n<li>A Pol\u00edcia Judici\u00e1ria constituiu arguido um homem de Viana do Castelo suspeito de criar e usar uma conta de correio eletr\u00f3nico para difamar.<\/li>\n<li>Os conte\u00fados difundidos visavam prejudicar o bom nome e reputa\u00e7\u00e3o da pessoa ofendida e teriam sido enviados a v\u00e1rios destinat\u00e1rios, incluindo \u00f3rg\u00e3os de comunica\u00e7\u00e3o social.<\/li>\n<li>A investiga\u00e7\u00e3o, no \u00e2mbito da opera\u00e7\u00e3o batizada de Maledic\u00eancia, incluiu uma busca na quinta-feira na resid\u00eancia do arguido, com apreens\u00e3o de telem\u00f3vel descart\u00e1vel e equipamento inform\u00e1tico.<\/li>\n<li>Peritos inform\u00e1ticos da PJ v\u00e3o realizar uma an\u00e1lise t\u00e9cnico-pericial mais minuciosa para apurar a verdade material.<\/li>\n<li>O arguido est\u00e1 indiciado por difama\u00e7\u00e3o, den\u00fancia caluniosa e falsidade inform\u00e1tica; o inqu\u00e9rito \u00e9 dirigido pelo Minist\u00e9rio P\u00fablico de Viana do Castelo.<\/li>\n<\/ul>\n","protected":false},"author":2,"featured_media":214451,"comment_status":"closed","ping_status":"closed","sticky":false,"template":"","format":"standard","meta":{"footnotes":""},"categories":[1],"tags":[2861,2442,220,215,1802,1530],"class_list":["post-214447","post","type-post","status-publish","format-standard","has-post-thumbnail","hentry","category-noticias","tag-denuncia-crime","tag-difamacao","tag-falsidade-informatica","tag-investigacao","tag-policia-judiciaria","tag-viana-do-castelo"],"yoast_head":"<!-- This site is optimized with the Yoast SEO plugin v27.2 - https:\/\/yoast.com\/product\/yoast-seo-wordpress\/ -->\n<title>PJ constitui arguido por difama\u00e7\u00e3o via e-mail em Viana do Castelo - Portal Tela Portugal<\/title>\n<meta name=\"robots\" content=\"index, follow, max-snippet:-1, max-image-preview:large, max-video-preview:-1\" \/>\n<meta property=\"og:locale\" content=\"pt_PT\" \/>\n<meta property=\"og:type\" content=\"article\" \/>\n<meta property=\"og:title\" content=\"PJ constitui arguido por difama\u00e7\u00e3o via e-mail em Viana do Castelo - Portal Tela Portugal\" \/>\n<meta property=\"og:description\" content=\"A Pol\u00edcia Judici\u00e1ria constituiu arguido um homem de Viana do Castelo suspeito de criar e usar uma conta de correio eletr\u00f3nico para difamar. Os conte\u00fados difundidos visavam prejudicar o bom nome e reputa\u00e7\u00e3o da pessoa ofendida e teriam sido enviados a v\u00e1rios destinat\u00e1rios, incluindo \u00f3rg\u00e3os de comunica\u00e7\u00e3o social. A investiga\u00e7\u00e3o, no \u00e2mbito da opera\u00e7\u00e3o batizada de Maledic\u00eancia, incluiu uma busca na quinta-feira na resid\u00eancia do arguido, com apreens\u00e3o de telem\u00f3vel descart\u00e1vel e equipamento inform\u00e1tico. Peritos inform\u00e1ticos da PJ v\u00e3o realizar uma an\u00e1lise t\u00e9cnico-pericial mais minuciosa para apurar a verdade material. O arguido est\u00e1 indiciado por difama\u00e7\u00e3o, den\u00fancia caluniosa e falsidade inform\u00e1tica; o inqu\u00e9rito \u00e9 dirigido pelo Minist\u00e9rio P\u00fablico de Viana do Castelo.\" \/>\n<meta property=\"og:url\" content=\"https:\/\/portaltela.pt\/noticias\/2026\/02\/16\/pj-constitui-arguido-por-difamacao-via-e-mail-em-viana-do-castelo\/\" \/>\n<meta property=\"og:site_name\" content=\"Portal Tela Portugal\" \/>\n<meta property=\"article:published_time\" content=\"2026-02-16T12:35:56+00:00\" \/>\n<meta name=\"author\" content=\"Telinha\" \/>\n<meta name=\"twitter:card\" content=\"summary_large_image\" \/>\n<meta name=\"twitter:label1\" content=\"Escrito por\" \/>\n\t<meta name=\"twitter:data1\" content=\"Telinha\" \/>\n\t<meta name=\"twitter:label2\" content=\"Tempo estimado de leitura\" \/>\n\t<meta name=\"twitter:data2\" content=\"1 minuto\" \/>\n<script type=\"application\/ld+json\" class=\"yoast-schema-graph\">{\"@context\":\"https:\/\/schema.org\",\"@graph\":[{\"@type\":\"Article\",\"@id\":\"https:\/\/portaltela.pt\/noticias\/2026\/02\/16\/pj-constitui-arguido-por-difamacao-via-e-mail-em-viana-do-castelo\/#article\",\"isPartOf\":{\"@id\":\"https:\/\/portaltela.pt\/noticias\/2026\/02\/16\/pj-constitui-arguido-por-difamacao-via-e-mail-em-viana-do-castelo\/\"},\"author\":{\"name\":\"Telinha\",\"@id\":\"https:\/\/portaltela.pt\/#\/schema\/person\/c4278d4a6028830caff9ee44b42d32ed\"},\"headline\":\"PJ constitui arguido por difama\u00e7\u00e3o via e-mail em Viana do Castelo\",\"datePublished\":\"2026-02-16T12:35:56+00:00\",\"mainEntityOfPage\":{\"@id\":\"https:\/\/portaltela.pt\/noticias\/2026\/02\/16\/pj-constitui-arguido-por-difamacao-via-e-mail-em-viana-do-castelo\/\"},\"wordCount\":185,\"image\":{\"@id\":\"https:\/\/portaltela.pt\/noticias\/2026\/02\/16\/pj-constitui-arguido-por-difamacao-via-e-mail-em-viana-do-castelo\/#primaryimage\"},\"thumbnailUrl\":\"https:\/\/portaltela.pt\/s.01k8rhncp4jt1\/2026\/02\/img_1500x1000uu2023-11-12-09-23-00-1490932-8.jpg\",\"keywords\":[\"den\u00fancia-crime\",\"difama\u00e7\u00e3o\",\"falsidade inform\u00e1tica\",\"investiga\u00e7\u00e3o\",\"Pol\u00edcia Judici\u00e1ria\",\"Viana do Castelo\"],\"articleSection\":[\"Not\u00edcias\"],\"inLanguage\":\"pt-PT\"},{\"@type\":\"WebPage\",\"@id\":\"https:\/\/portaltela.pt\/noticias\/2026\/02\/16\/pj-constitui-arguido-por-difamacao-via-e-mail-em-viana-do-castelo\/\",\"url\":\"https:\/\/portaltela.pt\/noticias\/2026\/02\/16\/pj-constitui-arguido-por-difamacao-via-e-mail-em-viana-do-castelo\/\",\"name\":\"PJ constitui arguido por difama\u00e7\u00e3o via e-mail em Viana do Castelo - Portal Tela Portugal\",\"isPartOf\":{\"@id\":\"https:\/\/portaltela.pt\/#website\"},\"primaryImageOfPage\":{\"@id\":\"https:\/\/portaltela.pt\/noticias\/2026\/02\/16\/pj-constitui-arguido-por-difamacao-via-e-mail-em-viana-do-castelo\/#primaryimage\"},\"image\":{\"@id\":\"https:\/\/portaltela.pt\/noticias\/2026\/02\/16\/pj-constitui-arguido-por-difamacao-via-e-mail-em-viana-do-castelo\/#primaryimage\"},\"thumbnailUrl\":\"https:\/\/portaltela.pt\/s.01k8rhncp4jt1\/2026\/02\/img_1500x1000uu2023-11-12-09-23-00-1490932-8.jpg\",\"datePublished\":\"2026-02-16T12:35:56+00:00\",\"author\":{\"@id\":\"https:\/\/portaltela.pt\/#\/schema\/person\/c4278d4a6028830caff9ee44b42d32ed\"},\"breadcrumb\":{\"@id\":\"https:\/\/portaltela.pt\/noticias\/2026\/02\/16\/pj-constitui-arguido-por-difamacao-via-e-mail-em-viana-do-castelo\/#breadcrumb\"},\"inLanguage\":\"pt-PT\",\"potentialAction\":[{\"@type\":\"ReadAction\",\"target\":[\"https:\/\/portaltela.pt\/noticias\/2026\/02\/16\/pj-constitui-arguido-por-difamacao-via-e-mail-em-viana-do-castelo\/\"]}]},{\"@type\":\"ImageObject\",\"inLanguage\":\"pt-PT\",\"@id\":\"https:\/\/portaltela.pt\/noticias\/2026\/02\/16\/pj-constitui-arguido-por-difamacao-via-e-mail-em-viana-do-castelo\/#primaryimage\",\"url\":\"https:\/\/portaltela.pt\/s.01k8rhncp4jt1\/2026\/02\/img_1500x1000uu2023-11-12-09-23-00-1490932-8.jpg\",\"contentUrl\":\"https:\/\/portaltela.pt\/s.01k8rhncp4jt1\/2026\/02\/img_1500x1000uu2023-11-12-09-23-00-1490932-8.jpg\",\"width\":796,\"height\":448,\"caption\":\"PJ\"},{\"@type\":\"BreadcrumbList\",\"@id\":\"https:\/\/portaltela.pt\/noticias\/2026\/02\/16\/pj-constitui-arguido-por-difamacao-via-e-mail-em-viana-do-castelo\/#breadcrumb\",\"itemListElement\":[{\"@type\":\"ListItem\",\"position\":1,\"name\":\"In\u00edcio\",\"item\":\"https:\/\/portaltela.pt\/\"},{\"@type\":\"ListItem\",\"position\":2,\"name\":\"PJ constitui arguido por difama\u00e7\u00e3o via e-mail em Viana do Castelo\"}]},{\"@type\":\"WebSite\",\"@id\":\"https:\/\/portaltela.pt\/#website\",\"url\":\"https:\/\/portaltela.pt\/\",\"name\":\"Portal Tela Portugal\",\"description\":\"\",\"potentialAction\":[{\"@type\":\"SearchAction\",\"target\":{\"@type\":\"EntryPoint\",\"urlTemplate\":\"https:\/\/portaltela.pt\/?s={search_term_string}\"},\"query-input\":{\"@type\":\"PropertyValueSpecification\",\"valueRequired\":true,\"valueName\":\"search_term_string\"}}],\"inLanguage\":\"pt-PT\"},{\"@type\":\"Person\",\"@id\":\"https:\/\/portaltela.pt\/#\/schema\/person\/c4278d4a6028830caff9ee44b42d32ed\",\"name\":\"Telinha\",\"image\":{\"@type\":\"ImageObject\",\"inLanguage\":\"pt-PT\",\"@id\":\"https:\/\/portaltela.pt\/s.01k8rhncp4jt1\/2025\/11\/talking-bot-125x125.png\",\"url\":\"https:\/\/portaltela.pt\/s.01k8rhncp4jt1\/2025\/11\/talking-bot-125x125.png\",\"contentUrl\":\"https:\/\/portaltela.pt\/s.01k8rhncp4jt1\/2025\/11\/talking-bot-125x125.png\",\"caption\":\"Telinha\"},\"sameAs\":[\"https:\/\/portaltela.pt\/\"],\"url\":\"https:\/\/portaltela.pt\/por\/367410592786\/\"}]}<\/script>\n<!-- \/ Yoast SEO plugin. -->","yoast_head_json":{"title":"PJ constitui arguido por difama\u00e7\u00e3o via e-mail em Viana do Castelo - Portal Tela Portugal","robots":{"index":"index","follow":"follow","max-snippet":"max-snippet:-1","max-image-preview":"max-image-preview:large","max-video-preview":"max-video-preview:-1"},"og_locale":"pt_PT","og_type":"article","og_title":"PJ constitui arguido por difama\u00e7\u00e3o via e-mail em Viana do Castelo - Portal Tela Portugal","og_description":"A Pol\u00edcia Judici\u00e1ria constituiu arguido um homem de Viana do Castelo suspeito de criar e usar uma conta de correio eletr\u00f3nico para difamar. Os conte\u00fados difundidos visavam prejudicar o bom nome e reputa\u00e7\u00e3o da pessoa ofendida e teriam sido enviados a v\u00e1rios destinat\u00e1rios, incluindo \u00f3rg\u00e3os de comunica\u00e7\u00e3o social. A investiga\u00e7\u00e3o, no \u00e2mbito da opera\u00e7\u00e3o batizada de Maledic\u00eancia, incluiu uma busca na quinta-feira na resid\u00eancia do arguido, com apreens\u00e3o de telem\u00f3vel descart\u00e1vel e equipamento inform\u00e1tico. Peritos inform\u00e1ticos da PJ v\u00e3o realizar uma an\u00e1lise t\u00e9cnico-pericial mais minuciosa para apurar a verdade material. O arguido est\u00e1 indiciado por difama\u00e7\u00e3o, den\u00fancia caluniosa e falsidade inform\u00e1tica; o inqu\u00e9rito \u00e9 dirigido pelo Minist\u00e9rio P\u00fablico de Viana do Castelo.","og_url":"https:\/\/portaltela.pt\/noticias\/2026\/02\/16\/pj-constitui-arguido-por-difamacao-via-e-mail-em-viana-do-castelo\/","og_site_name":"Portal Tela Portugal","article_published_time":"2026-02-16T12:35:56+00:00","author":"Telinha","twitter_card":"summary_large_image","twitter_misc":{"Escrito por":"Telinha","Tempo estimado de leitura":"1 minuto"},"schema":{"@context":"https:\/\/schema.org","@graph":[{"@type":"Article","@id":"https:\/\/portaltela.pt\/noticias\/2026\/02\/16\/pj-constitui-arguido-por-difamacao-via-e-mail-em-viana-do-castelo\/#article","isPartOf":{"@id":"https:\/\/portaltela.pt\/noticias\/2026\/02\/16\/pj-constitui-arguido-por-difamacao-via-e-mail-em-viana-do-castelo\/"},"author":{"name":"Telinha","@id":"https:\/\/portaltela.pt\/#\/schema\/person\/c4278d4a6028830caff9ee44b42d32ed"},"headline":"PJ constitui arguido por difama\u00e7\u00e3o via e-mail em Viana do Castelo","datePublished":"2026-02-16T12:35:56+00:00","mainEntityOfPage":{"@id":"https:\/\/portaltela.pt\/noticias\/2026\/02\/16\/pj-constitui-arguido-por-difamacao-via-e-mail-em-viana-do-castelo\/"},"wordCount":185,"image":{"@id":"https:\/\/portaltela.pt\/noticias\/2026\/02\/16\/pj-constitui-arguido-por-difamacao-via-e-mail-em-viana-do-castelo\/#primaryimage"},"thumbnailUrl":"https:\/\/portaltela.pt\/s.01k8rhncp4jt1\/2026\/02\/img_1500x1000uu2023-11-12-09-23-00-1490932-8.jpg","keywords":["den\u00fancia-crime","difama\u00e7\u00e3o","falsidade inform\u00e1tica","investiga\u00e7\u00e3o","Pol\u00edcia Judici\u00e1ria","Viana do Castelo"],"articleSection":["Not\u00edcias"],"inLanguage":"pt-PT"},{"@type":"WebPage","@id":"https:\/\/portaltela.pt\/noticias\/2026\/02\/16\/pj-constitui-arguido-por-difamacao-via-e-mail-em-viana-do-castelo\/","url":"https:\/\/portaltela.pt\/noticias\/2026\/02\/16\/pj-constitui-arguido-por-difamacao-via-e-mail-em-viana-do-castelo\/","name":"PJ constitui arguido por difama\u00e7\u00e3o via e-mail em Viana do Castelo - Portal Tela Portugal","isPartOf":{"@id":"https:\/\/portaltela.pt\/#website"},"primaryImageOfPage":{"@id":"https:\/\/portaltela.pt\/noticias\/2026\/02\/16\/pj-constitui-arguido-por-difamacao-via-e-mail-em-viana-do-castelo\/#primaryimage"},"image":{"@id":"https:\/\/portaltela.pt\/noticias\/2026\/02\/16\/pj-constitui-arguido-por-difamacao-via-e-mail-em-viana-do-castelo\/#primaryimage"},"thumbnailUrl":"https:\/\/portaltela.pt\/s.01k8rhncp4jt1\/2026\/02\/img_1500x1000uu2023-11-12-09-23-00-1490932-8.jpg","datePublished":"2026-02-16T12:35:56+00:00","author":{"@id":"https:\/\/portaltela.pt\/#\/schema\/person\/c4278d4a6028830caff9ee44b42d32ed"},"breadcrumb":{"@id":"https:\/\/portaltela.pt\/noticias\/2026\/02\/16\/pj-constitui-arguido-por-difamacao-via-e-mail-em-viana-do-castelo\/#breadcrumb"},"inLanguage":"pt-PT","potentialAction":[{"@type":"ReadAction","target":["https:\/\/portaltela.pt\/noticias\/2026\/02\/16\/pj-constitui-arguido-por-difamacao-via-e-mail-em-viana-do-castelo\/"]}]},{"@type":"ImageObject","inLanguage":"pt-PT","@id":"https:\/\/portaltela.pt\/noticias\/2026\/02\/16\/pj-constitui-arguido-por-difamacao-via-e-mail-em-viana-do-castelo\/#primaryimage","url":"https:\/\/portaltela.pt\/s.01k8rhncp4jt1\/2026\/02\/img_1500x1000uu2023-11-12-09-23-00-1490932-8.jpg","contentUrl":"https:\/\/portaltela.pt\/s.01k8rhncp4jt1\/2026\/02\/img_1500x1000uu2023-11-12-09-23-00-1490932-8.jpg","width":796,"height":448,"caption":"PJ"},{"@type":"BreadcrumbList","@id":"https:\/\/portaltela.pt\/noticias\/2026\/02\/16\/pj-constitui-arguido-por-difamacao-via-e-mail-em-viana-do-castelo\/#breadcrumb","itemListElement":[{"@type":"ListItem","position":1,"name":"In\u00edcio","item":"https:\/\/portaltela.pt\/"},{"@type":"ListItem","position":2,"name":"PJ constitui arguido por difama\u00e7\u00e3o via e-mail em Viana do Castelo"}]},{"@type":"WebSite","@id":"https:\/\/portaltela.pt\/#website","url":"https:\/\/portaltela.pt\/","name":"Portal Tela Portugal","description":"","potentialAction":[{"@type":"SearchAction","target":{"@type":"EntryPoint","urlTemplate":"https:\/\/portaltela.pt\/?s={search_term_string}"},"query-input":{"@type":"PropertyValueSpecification","valueRequired":true,"valueName":"search_term_string"}}],"inLanguage":"pt-PT"},{"@type":"Person","@id":"https:\/\/portaltela.pt\/#\/schema\/person\/c4278d4a6028830caff9ee44b42d32ed","name":"Telinha","image":{"@type":"ImageObject","inLanguage":"pt-PT","@id":"https:\/\/portaltela.pt\/s.01k8rhncp4jt1\/2025\/11\/talking-bot-125x125.png","url":"https:\/\/portaltela.pt\/s.01k8rhncp4jt1\/2025\/11\/talking-bot-125x125.png","contentUrl":"https:\/\/portaltela.pt\/s.01k8rhncp4jt1\/2025\/11\/talking-bot-125x125.png","caption":"Telinha"},"sameAs":["https:\/\/portaltela.pt\/"],"url":"https:\/\/portaltela.pt\/por\/367410592786\/"}]}},"_links":{"self":[{"href":"https:\/\/portaltela.pt\/api\/wp\/v2\/posts\/214447","targetHints":{"allow":["GET"]}}],"collection":[{"href":"https:\/\/portaltela.pt\/api\/wp\/v2\/posts"}],"about":[{"href":"https:\/\/portaltela.pt\/api\/wp\/v2\/types\/post"}],"author":[{"embeddable":true,"href":"https:\/\/portaltela.pt\/api\/wp\/v2\/users\/2"}],"replies":[{"embeddable":true,"href":"https:\/\/portaltela.pt\/api\/wp\/v2\/comments?post=214447"}],"version-history":[{"count":0,"href":"https:\/\/portaltela.pt\/api\/wp\/v2\/posts\/214447\/revisions"}],"wp:featuredmedia":[{"embeddable":true,"href":"https:\/\/portaltela.pt\/api\/wp\/v2\/media\/214451"}],"wp:attachment":[{"href":"https:\/\/portaltela.pt\/api\/wp\/v2\/media?parent=214447"}],"wp:term":[{"taxonomy":"category","embeddable":true,"href":"https:\/\/portaltela.pt\/api\/wp\/v2\/categories?post=214447"},{"taxonomy":"post_tag","embeddable":true,"href":"https:\/\/portaltela.pt\/api\/wp\/v2\/tags?post=214447"}],"curies":[{"name":"wp","href":"https:\/\/api.w.org\/{rel}","templated":true}]}}