{"id":214442,"date":"2026-02-16T09:38:51","date_gmt":"2026-02-16T12:38:51","guid":{"rendered":"https:\/\/portaltela.pt\/noticias\/2026\/02\/16\/pericia-identifica-anomalia-em-crime-com-30-facadas-cometido-por-amante\/"},"modified":"2026-02-16T09:38:51","modified_gmt":"2026-02-16T12:38:51","slug":"pericia-identifica-anomalia-em-crime-com-30-facadas-cometido-por-amante","status":"publish","type":"post","link":"https:\/\/portaltela.pt\/noticias\/politica\/2026\/02\/16\/pericia-identifica-anomalia-em-crime-com-30-facadas-cometido-por-amante\/","title":{"rendered":"Per\u00edcia identifica anomalia em crime com 30 facadas cometido por amante"},"content":{"rendered":"<p>Em Alverca, no distrito de Lisboa, Filipe Jorge foi assassinado em 2023 numa interven\u00e7\u00e3o violenta que envolveu 30 facadas. A acusa\u00e7\u00e3o aponta que a ex-mulher de Filipe e o amante dele est\u00e3o a ser julgados em maio, no \u00e2mbito de um processo que investiga o homic\u00eddio.<\/p>\n<p>Uma per\u00edcia forense concluiu que o alegado assassino sofreu uma \u201canomalia\u201d durante o ataque, segundo fonte ligada ao caso. A conclus\u00e3o t\u00e9cnico-cient\u00edfica poder\u00e1 influenciar a defesa e a forma como o tribunal encara o crime.<\/p>\n<p>O julgamento est\u00e1 marcado para maio, no tribunal competente da \u00e1rea de Lisboa. As duas r\u00e9s respondem por homic\u00eddio qualificado, entre outros crimes, num processo que tem gerado grande aten\u00e7\u00e3o p\u00fablica.<\/p>\n","protected":false},"excerpt":{"rendered":"<ul>\n<li>Per\u00edcia aponta que o assassino do caso Filipe Jorge, em Alverca, em 2023, sofreu \u201canomalia\u201d ao matar com trinta facadas.<\/li>\n<li>Filipe Jorge foi morto em Alverca em 2023; a ex-mulher e o amante come\u00e7am a ser julgados em maio.<\/li>\n<li>Um homem foi resgatado ap\u00f3s ser atingido por avalanche no norte de It\u00e1lia.<\/li>\n<li>Restos mortais de palestinianos n\u00e3o identificados foram sepultados em vala comum no centro de Gaza.<\/li>\n<li>Pedro Passos Coelho comenta situa\u00e7\u00e3o de calamidade em Portugal, afirmando que h\u00e1 momentos em que o Estado falha.<\/li>\n<\/ul>\n","protected":false},"author":2,"featured_media":214448,"comment_status":"closed","ping_status":"closed","sticky":false,"template":"","format":"standard","meta":{"footnotes":""},"categories":[1,5],"tags":[147,1345,5197,217,981,3667],"class_list":["post-214442","post","type-post","status-publish","format-standard","has-post-thumbnail","hentry","category-noticias","category-politica","tag-crime","tag-homicidio","tag-homicidio-agravado","tag-investigacao-criminal","tag-lisboa","tag-processos"],"yoast_head":"<!-- This site is optimized with the Yoast SEO plugin v27.2 - https:\/\/yoast.com\/product\/yoast-seo-wordpress\/ -->\n<title>Per\u00edcia identifica anomalia em crime com 30 facadas cometido por amante - Portal Tela Portugal<\/title>\n<meta name=\"robots\" content=\"index, follow, max-snippet:-1, max-image-preview:large, max-video-preview:-1\" \/>\n<meta property=\"og:locale\" content=\"pt_PT\" \/>\n<meta property=\"og:type\" content=\"article\" \/>\n<meta property=\"og:title\" content=\"Per\u00edcia identifica anomalia em crime com 30 facadas cometido por amante - Portal Tela Portugal\" \/>\n<meta property=\"og:description\" content=\"Per\u00edcia aponta que o assassino do caso Filipe Jorge, em Alverca, em 2023, sofreu \u201canomalia\u201d ao matar com trinta facadas. Filipe Jorge foi morto em Alverca em 2023; a ex-mulher e o amante come\u00e7am a ser julgados em maio. Um homem foi resgatado ap\u00f3s ser atingido por avalanche no norte de It\u00e1lia. Restos mortais de palestinianos n\u00e3o identificados foram sepultados em vala comum no centro de Gaza. Pedro Passos Coelho comenta situa\u00e7\u00e3o de calamidade em Portugal, afirmando que h\u00e1 momentos em que o Estado falha.\" \/>\n<meta property=\"og:url\" content=\"https:\/\/portaltela.pt\/noticias\/2026\/02\/16\/pericia-identifica-anomalia-em-crime-com-30-facadas-cometido-por-amante\/\" \/>\n<meta property=\"og:site_name\" content=\"Portal Tela Portugal\" \/>\n<meta property=\"article:published_time\" content=\"2026-02-16T12:38:51+00:00\" \/>\n<meta name=\"author\" content=\"Telinha\" \/>\n<meta name=\"twitter:card\" content=\"summary_large_image\" \/>\n<meta name=\"twitter:label1\" content=\"Escrito por\" \/>\n\t<meta name=\"twitter:data1\" content=\"Telinha\" \/>\n\t<meta name=\"twitter:label2\" content=\"Tempo estimado de leitura\" \/>\n\t<meta name=\"twitter:data2\" content=\"1 minuto\" \/>\n<script type=\"application\/ld+json\" class=\"yoast-schema-graph\">{\"@context\":\"https:\/\/schema.org\",\"@graph\":[{\"@type\":\"Article\",\"@id\":\"https:\/\/portaltela.pt\/noticias\/2026\/02\/16\/pericia-identifica-anomalia-em-crime-com-30-facadas-cometido-por-amante\/#article\",\"isPartOf\":{\"@id\":\"https:\/\/portaltela.pt\/noticias\/2026\/02\/16\/pericia-identifica-anomalia-em-crime-com-30-facadas-cometido-por-amante\/\"},\"author\":{\"name\":\"Telinha\",\"@id\":\"https:\/\/portaltela.pt\/#\/schema\/person\/c4278d4a6028830caff9ee44b42d32ed\"},\"headline\":\"Per\u00edcia identifica anomalia em crime com 30 facadas cometido por amante\",\"datePublished\":\"2026-02-16T12:38:51+00:00\",\"mainEntityOfPage\":{\"@id\":\"https:\/\/portaltela.pt\/noticias\/2026\/02\/16\/pericia-identifica-anomalia-em-crime-com-30-facadas-cometido-por-amante\/\"},\"wordCount\":133,\"image\":{\"@id\":\"https:\/\/portaltela.pt\/noticias\/2026\/02\/16\/pericia-identifica-anomalia-em-crime-com-30-facadas-cometido-por-amante\/#primaryimage\"},\"thumbnailUrl\":\"https:\/\/portaltela.pt\/s.01k8rhncp4jt1\/2026\/02\/img_1280x722uu2025-07-29-21-22-44-2225935.jpg\",\"keywords\":[\"crime\",\"homic\u00eddio\",\"homic\u00eddio agravado\",\"investiga\u00e7\u00e3o criminal\",\"Lisboa\",\"processos\"],\"articleSection\":[\"Not\u00edcias\",\"Pol\u00edtica\"],\"inLanguage\":\"pt-PT\"},{\"@type\":\"WebPage\",\"@id\":\"https:\/\/portaltela.pt\/noticias\/2026\/02\/16\/pericia-identifica-anomalia-em-crime-com-30-facadas-cometido-por-amante\/\",\"url\":\"https:\/\/portaltela.pt\/noticias\/2026\/02\/16\/pericia-identifica-anomalia-em-crime-com-30-facadas-cometido-por-amante\/\",\"name\":\"Per\u00edcia identifica anomalia em crime com 30 facadas cometido por amante - Portal Tela Portugal\",\"isPartOf\":{\"@id\":\"https:\/\/portaltela.pt\/#website\"},\"primaryImageOfPage\":{\"@id\":\"https:\/\/portaltela.pt\/noticias\/2026\/02\/16\/pericia-identifica-anomalia-em-crime-com-30-facadas-cometido-por-amante\/#primaryimage\"},\"image\":{\"@id\":\"https:\/\/portaltela.pt\/noticias\/2026\/02\/16\/pericia-identifica-anomalia-em-crime-com-30-facadas-cometido-por-amante\/#primaryimage\"},\"thumbnailUrl\":\"https:\/\/portaltela.pt\/s.01k8rhncp4jt1\/2026\/02\/img_1280x722uu2025-07-29-21-22-44-2225935.jpg\",\"datePublished\":\"2026-02-16T12:38:51+00:00\",\"author\":{\"@id\":\"https:\/\/portaltela.pt\/#\/schema\/person\/c4278d4a6028830caff9ee44b42d32ed\"},\"breadcrumb\":{\"@id\":\"https:\/\/portaltela.pt\/noticias\/2026\/02\/16\/pericia-identifica-anomalia-em-crime-com-30-facadas-cometido-por-amante\/#breadcrumb\"},\"inLanguage\":\"pt-PT\",\"potentialAction\":[{\"@type\":\"ReadAction\",\"target\":[\"https:\/\/portaltela.pt\/noticias\/2026\/02\/16\/pericia-identifica-anomalia-em-crime-com-30-facadas-cometido-por-amante\/\"]}]},{\"@type\":\"ImageObject\",\"inLanguage\":\"pt-PT\",\"@id\":\"https:\/\/portaltela.pt\/noticias\/2026\/02\/16\/pericia-identifica-anomalia-em-crime-com-30-facadas-cometido-por-amante\/#primaryimage\",\"url\":\"https:\/\/portaltela.pt\/s.01k8rhncp4jt1\/2026\/02\/img_1280x722uu2025-07-29-21-22-44-2225935.jpg\",\"contentUrl\":\"https:\/\/portaltela.pt\/s.01k8rhncp4jt1\/2026\/02\/img_1280x722uu2025-07-29-21-22-44-2225935.jpg\",\"width\":796,\"height\":448,\"caption\":\"Photo\"},{\"@type\":\"BreadcrumbList\",\"@id\":\"https:\/\/portaltela.pt\/noticias\/2026\/02\/16\/pericia-identifica-anomalia-em-crime-com-30-facadas-cometido-por-amante\/#breadcrumb\",\"itemListElement\":[{\"@type\":\"ListItem\",\"position\":1,\"name\":\"In\u00edcio\",\"item\":\"https:\/\/portaltela.pt\/\"},{\"@type\":\"ListItem\",\"position\":2,\"name\":\"Per\u00edcia identifica anomalia em crime com 30 facadas cometido por amante\"}]},{\"@type\":\"WebSite\",\"@id\":\"https:\/\/portaltela.pt\/#website\",\"url\":\"https:\/\/portaltela.pt\/\",\"name\":\"Portal Tela Portugal\",\"description\":\"\",\"potentialAction\":[{\"@type\":\"SearchAction\",\"target\":{\"@type\":\"EntryPoint\",\"urlTemplate\":\"https:\/\/portaltela.pt\/?s={search_term_string}\"},\"query-input\":{\"@type\":\"PropertyValueSpecification\",\"valueRequired\":true,\"valueName\":\"search_term_string\"}}],\"inLanguage\":\"pt-PT\"},{\"@type\":\"Person\",\"@id\":\"https:\/\/portaltela.pt\/#\/schema\/person\/c4278d4a6028830caff9ee44b42d32ed\",\"name\":\"Telinha\",\"image\":{\"@type\":\"ImageObject\",\"inLanguage\":\"pt-PT\",\"@id\":\"https:\/\/portaltela.pt\/s.01k8rhncp4jt1\/2025\/11\/talking-bot-125x125.png\",\"url\":\"https:\/\/portaltela.pt\/s.01k8rhncp4jt1\/2025\/11\/talking-bot-125x125.png\",\"contentUrl\":\"https:\/\/portaltela.pt\/s.01k8rhncp4jt1\/2025\/11\/talking-bot-125x125.png\",\"caption\":\"Telinha\"},\"sameAs\":[\"https:\/\/portaltela.pt\/\"],\"url\":\"https:\/\/portaltela.pt\/por\/367410592786\/\"}]}<\/script>\n<!-- \/ Yoast SEO plugin. -->","yoast_head_json":{"title":"Per\u00edcia identifica anomalia em crime com 30 facadas cometido por amante - Portal Tela Portugal","robots":{"index":"index","follow":"follow","max-snippet":"max-snippet:-1","max-image-preview":"max-image-preview:large","max-video-preview":"max-video-preview:-1"},"og_locale":"pt_PT","og_type":"article","og_title":"Per\u00edcia identifica anomalia em crime com 30 facadas cometido por amante - Portal Tela Portugal","og_description":"Per\u00edcia aponta que o assassino do caso Filipe Jorge, em Alverca, em 2023, sofreu \u201canomalia\u201d ao matar com trinta facadas. Filipe Jorge foi morto em Alverca em 2023; a ex-mulher e o amante come\u00e7am a ser julgados em maio. Um homem foi resgatado ap\u00f3s ser atingido por avalanche no norte de It\u00e1lia. Restos mortais de palestinianos n\u00e3o identificados foram sepultados em vala comum no centro de Gaza. Pedro Passos Coelho comenta situa\u00e7\u00e3o de calamidade em Portugal, afirmando que h\u00e1 momentos em que o Estado falha.","og_url":"https:\/\/portaltela.pt\/noticias\/2026\/02\/16\/pericia-identifica-anomalia-em-crime-com-30-facadas-cometido-por-amante\/","og_site_name":"Portal Tela Portugal","article_published_time":"2026-02-16T12:38:51+00:00","author":"Telinha","twitter_card":"summary_large_image","twitter_misc":{"Escrito por":"Telinha","Tempo estimado de leitura":"1 minuto"},"schema":{"@context":"https:\/\/schema.org","@graph":[{"@type":"Article","@id":"https:\/\/portaltela.pt\/noticias\/2026\/02\/16\/pericia-identifica-anomalia-em-crime-com-30-facadas-cometido-por-amante\/#article","isPartOf":{"@id":"https:\/\/portaltela.pt\/noticias\/2026\/02\/16\/pericia-identifica-anomalia-em-crime-com-30-facadas-cometido-por-amante\/"},"author":{"name":"Telinha","@id":"https:\/\/portaltela.pt\/#\/schema\/person\/c4278d4a6028830caff9ee44b42d32ed"},"headline":"Per\u00edcia identifica anomalia em crime com 30 facadas cometido por amante","datePublished":"2026-02-16T12:38:51+00:00","mainEntityOfPage":{"@id":"https:\/\/portaltela.pt\/noticias\/2026\/02\/16\/pericia-identifica-anomalia-em-crime-com-30-facadas-cometido-por-amante\/"},"wordCount":133,"image":{"@id":"https:\/\/portaltela.pt\/noticias\/2026\/02\/16\/pericia-identifica-anomalia-em-crime-com-30-facadas-cometido-por-amante\/#primaryimage"},"thumbnailUrl":"https:\/\/portaltela.pt\/s.01k8rhncp4jt1\/2026\/02\/img_1280x722uu2025-07-29-21-22-44-2225935.jpg","keywords":["crime","homic\u00eddio","homic\u00eddio agravado","investiga\u00e7\u00e3o criminal","Lisboa","processos"],"articleSection":["Not\u00edcias","Pol\u00edtica"],"inLanguage":"pt-PT"},{"@type":"WebPage","@id":"https:\/\/portaltela.pt\/noticias\/2026\/02\/16\/pericia-identifica-anomalia-em-crime-com-30-facadas-cometido-por-amante\/","url":"https:\/\/portaltela.pt\/noticias\/2026\/02\/16\/pericia-identifica-anomalia-em-crime-com-30-facadas-cometido-por-amante\/","name":"Per\u00edcia identifica anomalia em crime com 30 facadas cometido por amante - Portal Tela Portugal","isPartOf":{"@id":"https:\/\/portaltela.pt\/#website"},"primaryImageOfPage":{"@id":"https:\/\/portaltela.pt\/noticias\/2026\/02\/16\/pericia-identifica-anomalia-em-crime-com-30-facadas-cometido-por-amante\/#primaryimage"},"image":{"@id":"https:\/\/portaltela.pt\/noticias\/2026\/02\/16\/pericia-identifica-anomalia-em-crime-com-30-facadas-cometido-por-amante\/#primaryimage"},"thumbnailUrl":"https:\/\/portaltela.pt\/s.01k8rhncp4jt1\/2026\/02\/img_1280x722uu2025-07-29-21-22-44-2225935.jpg","datePublished":"2026-02-16T12:38:51+00:00","author":{"@id":"https:\/\/portaltela.pt\/#\/schema\/person\/c4278d4a6028830caff9ee44b42d32ed"},"breadcrumb":{"@id":"https:\/\/portaltela.pt\/noticias\/2026\/02\/16\/pericia-identifica-anomalia-em-crime-com-30-facadas-cometido-por-amante\/#breadcrumb"},"inLanguage":"pt-PT","potentialAction":[{"@type":"ReadAction","target":["https:\/\/portaltela.pt\/noticias\/2026\/02\/16\/pericia-identifica-anomalia-em-crime-com-30-facadas-cometido-por-amante\/"]}]},{"@type":"ImageObject","inLanguage":"pt-PT","@id":"https:\/\/portaltela.pt\/noticias\/2026\/02\/16\/pericia-identifica-anomalia-em-crime-com-30-facadas-cometido-por-amante\/#primaryimage","url":"https:\/\/portaltela.pt\/s.01k8rhncp4jt1\/2026\/02\/img_1280x722uu2025-07-29-21-22-44-2225935.jpg","contentUrl":"https:\/\/portaltela.pt\/s.01k8rhncp4jt1\/2026\/02\/img_1280x722uu2025-07-29-21-22-44-2225935.jpg","width":796,"height":448,"caption":"Photo"},{"@type":"BreadcrumbList","@id":"https:\/\/portaltela.pt\/noticias\/2026\/02\/16\/pericia-identifica-anomalia-em-crime-com-30-facadas-cometido-por-amante\/#breadcrumb","itemListElement":[{"@type":"ListItem","position":1,"name":"In\u00edcio","item":"https:\/\/portaltela.pt\/"},{"@type":"ListItem","position":2,"name":"Per\u00edcia identifica anomalia em crime com 30 facadas cometido por amante"}]},{"@type":"WebSite","@id":"https:\/\/portaltela.pt\/#website","url":"https:\/\/portaltela.pt\/","name":"Portal Tela Portugal","description":"","potentialAction":[{"@type":"SearchAction","target":{"@type":"EntryPoint","urlTemplate":"https:\/\/portaltela.pt\/?s={search_term_string}"},"query-input":{"@type":"PropertyValueSpecification","valueRequired":true,"valueName":"search_term_string"}}],"inLanguage":"pt-PT"},{"@type":"Person","@id":"https:\/\/portaltela.pt\/#\/schema\/person\/c4278d4a6028830caff9ee44b42d32ed","name":"Telinha","image":{"@type":"ImageObject","inLanguage":"pt-PT","@id":"https:\/\/portaltela.pt\/s.01k8rhncp4jt1\/2025\/11\/talking-bot-125x125.png","url":"https:\/\/portaltela.pt\/s.01k8rhncp4jt1\/2025\/11\/talking-bot-125x125.png","contentUrl":"https:\/\/portaltela.pt\/s.01k8rhncp4jt1\/2025\/11\/talking-bot-125x125.png","caption":"Telinha"},"sameAs":["https:\/\/portaltela.pt\/"],"url":"https:\/\/portaltela.pt\/por\/367410592786\/"}]}},"_links":{"self":[{"href":"https:\/\/portaltela.pt\/api\/wp\/v2\/posts\/214442","targetHints":{"allow":["GET"]}}],"collection":[{"href":"https:\/\/portaltela.pt\/api\/wp\/v2\/posts"}],"about":[{"href":"https:\/\/portaltela.pt\/api\/wp\/v2\/types\/post"}],"author":[{"embeddable":true,"href":"https:\/\/portaltela.pt\/api\/wp\/v2\/users\/2"}],"replies":[{"embeddable":true,"href":"https:\/\/portaltela.pt\/api\/wp\/v2\/comments?post=214442"}],"version-history":[{"count":0,"href":"https:\/\/portaltela.pt\/api\/wp\/v2\/posts\/214442\/revisions"}],"wp:featuredmedia":[{"embeddable":true,"href":"https:\/\/portaltela.pt\/api\/wp\/v2\/media\/214448"}],"wp:attachment":[{"href":"https:\/\/portaltela.pt\/api\/wp\/v2\/media?parent=214442"}],"wp:term":[{"taxonomy":"category","embeddable":true,"href":"https:\/\/portaltela.pt\/api\/wp\/v2\/categories?post=214442"},{"taxonomy":"post_tag","embeddable":true,"href":"https:\/\/portaltela.pt\/api\/wp\/v2\/tags?post=214442"}],"curies":[{"name":"wp","href":"https:\/\/api.w.org\/{rel}","templated":true}]}}