{"id":214429,"date":"2026-02-16T09:28:00","date_gmt":"2026-02-16T12:28:00","guid":{"rendered":"https:\/\/portaltela.pt\/noticias\/2026\/02\/16\/tribunal-da-relacao-reduz-pena-a-homem-por-homicidio-de-amigo-no-porto\/"},"modified":"2026-02-16T09:28:00","modified_gmt":"2026-02-16T12:28:00","slug":"tribunal-da-relacao-reduz-pena-a-homem-por-homicidio-de-amigo-no-porto","status":"publish","type":"post","link":"https:\/\/portaltela.pt\/noticias\/2026\/02\/16\/tribunal-da-relacao-reduz-pena-a-homem-por-homicidio-de-amigo-no-porto\/","title":{"rendered":"Tribunal da Rela\u00e7\u00e3o reduz pena a homem por homic\u00eddio de amigo no Porto"},"content":{"rendered":"<p>O Tribunal da Rela\u00e7\u00e3o do Porto reduziu a pena de um homem condenado por matar um amigo num alojamento local no Porto e por tentar desfazer-se do corpo. O ac\u00f3rd\u00e3o, de 11 de fevereiro e consultado pela Lusa, deu parcial provimento ao recurso do arguido. A arma usada, uma faca de cozinha, n\u00e3o foi considerada arma proibida.<\/p>\n<p>Os ju\u00edzes mantiveram a condena\u00e7\u00e3o de 22 anos de pris\u00e3o pelo homic\u00eddio qualificado agravado e de 1 ano pelo crime de profana\u00e7\u00e3o de cad\u00e1ver na forma tentada, fixando o c\u00famulo jur\u00eddico final em 22 anos e meio. O arguido, de 23 anos, viu manter-se tamb\u00e9m a pena acess\u00f3ria de expuls\u00e3o do pa\u00eds.<\/p>\n<p>O arguido contestou a condena\u00e7\u00e3o pela tentativa de profana\u00e7\u00e3o, alegando tratar-se de um ritual religioso mu\u00e7ulmano (amortalhamento) para honrar o falecido. O tribunal n\u00e3o aceitou a tese, considerando-a irrealista e sem fundamento.<\/p>\n<p>A senten\u00e7a descreve que as a\u00e7\u00f5es foram motivadas pela inten\u00e7\u00e3o de evitar a descoberta e de manter impunidade, demonstrando insensibilidade e desrespeito pelo morto. O ac\u00f3rd\u00e3o detalha que o objetivo foi poupar-se a eventual responsabiliza\u00e7\u00e3o.<\/p>\n<p>O crime ocorreu na noite de 19 de abril de 2024, no quarto de um alojamento local na zona do Bonfim, no Porto. O arguido e a v\u00edtima tinham ambos a nacionalidade estrangeira e estavam alojados no local.<\/p>\n<p>Segundo os factos provados, o arguido planeou o homic\u00eddio e o desfecho do corpo, pesquisando na internet m\u00e9todos com armas brancas e subst\u00e2ncias para dissolver um cad\u00e1ver. Comprou bilhete para a Holanda apenas para si, para o dia seguinte ao crime.<\/p>\n<p>Consta que o arguido desferiu m\u00faltiplos golpes com a faca, com especial incid\u00eancia no pesco\u00e7o, cabe\u00e7a e tronco. Na mesma noite comprou uma grande mala para transportar o corpo, limpou o apartamento e desligou as c\u00e2maras de videovigil\u00e2ncia.<\/p>\n<p>De madrugada, pediu um servi\u00e7o de TDVE para transportar o corpo at\u00e9 \u00e0 Foz do Sousa, em Gondomar. O homicida ofereceu uma recompensa ao motorista, que recusou, terminando por levar o corpo \u00e0 esquadra da PSP da Corujeira, onde foi detido.<\/p>\n<p>Ficou ainda reconhecida uma indemniza\u00e7\u00e3o de 218 mil euros aos pais da v\u00edtima. O arguido foi originalmente condenado a 23 anos de pris\u00e3o e \u00e0 expuls\u00e3o do pa\u00eds pelo Tribunal de S. Jo\u00e3o Novo, no Porto, com a data de execu\u00e7\u00e3o em 15 de julho de 2025.<\/p>\n","protected":false},"excerpt":{"rendered":"<ul>\n<li>O Tribunal da Rela\u00e7\u00e3o do Porto reduziu a pena de 23 para 22 anos e meio de pris\u00e3o num homem condenado por homic\u00eddio de um amigo, e por tentativa de profana\u00e7\u00e3o de cad\u00e1ver, no Porto.<\/li>\n<li>O ac\u00f3rd\u00e3o, de 11 de fevereiro, absolveu o arguido do crime de deten\u00e7\u00e3o de arma proibida, alegadamente devido \u00e0 arma ser uma faca de cozinha.<\/li>\n<li>Mantida a condena\u00e7\u00e3o de 22 anos de pris\u00e3o pelo homic\u00eddio qualificado agravado e de um ano pela profana\u00e7\u00e3o de cad\u00e1ver em forma tentada, fixando o c\u00famulo jur\u00eddico em 22 anos e meio.<\/li>\n<li>O arguido, de 23 anos, contestou a tentativa de profana\u00e7\u00e3o, dizendo que o ato simulava um ritual mu\u00e7ulmano de amortalhamento; o tribunal n\u00e3o reconheceu a tese.<\/li>\n<li>O crime ocorreu a 19 de abril de 2024, num alojamento local na zona de Bonfim, Porto; o arguido tentou desfazer-se do corpo, pesquisou na internet m\u00e9todos com armas brancas e qu\u00edmicos, e tentou embarcar para a Holanda no dia seguinte.<\/li>\n<\/ul>\n","protected":false},"author":2,"featured_media":214432,"comment_status":"closed","ping_status":"closed","sticky":false,"template":"","format":"standard","meta":{"footnotes":""},"categories":[1],"tags":[491,1345,1189,982,1096,52],"class_list":["post-214429","post","type-post","status-publish","format-standard","has-post-thumbnail","hentry","category-noticias","tag-alojamento-local","tag-homicidio","tag-homicidio-qualificado","tag-porto","tag-profanacao-de-cadaver","tag-tribunal"],"yoast_head":"<!-- This site is optimized with the Yoast SEO plugin v27.2 - https:\/\/yoast.com\/product\/yoast-seo-wordpress\/ -->\n<title>Tribunal da Rela\u00e7\u00e3o reduz pena a homem por homic\u00eddio de amigo no Porto - Portal Tela Portugal<\/title>\n<meta name=\"robots\" content=\"index, follow, max-snippet:-1, max-image-preview:large, max-video-preview:-1\" \/>\n<meta property=\"og:locale\" content=\"pt_PT\" \/>\n<meta property=\"og:type\" content=\"article\" \/>\n<meta property=\"og:title\" content=\"Tribunal da Rela\u00e7\u00e3o reduz pena a homem por homic\u00eddio de amigo no Porto - Portal Tela Portugal\" \/>\n<meta property=\"og:description\" content=\"O Tribunal da Rela\u00e7\u00e3o do Porto reduziu a pena de 23 para 22 anos e meio de pris\u00e3o num homem condenado por homic\u00eddio de um amigo, e por tentativa de profana\u00e7\u00e3o de cad\u00e1ver, no Porto. O ac\u00f3rd\u00e3o, de 11 de fevereiro, absolveu o arguido do crime de deten\u00e7\u00e3o de arma proibida, alegadamente devido \u00e0 arma ser uma faca de cozinha. Mantida a condena\u00e7\u00e3o de 22 anos de pris\u00e3o pelo homic\u00eddio qualificado agravado e de um ano pela profana\u00e7\u00e3o de cad\u00e1ver em forma tentada, fixando o c\u00famulo jur\u00eddico em 22 anos e meio. O arguido, de 23 anos, contestou a tentativa de profana\u00e7\u00e3o, dizendo que o ato simulava um ritual mu\u00e7ulmano de amortalhamento; o tribunal n\u00e3o reconheceu a tese. O crime ocorreu a 19 de abril de 2024, num alojamento local na zona de Bonfim, Porto; o arguido tentou desfazer-se do corpo, pesquisou na internet m\u00e9todos com armas brancas e qu\u00edmicos, e tentou embarcar para a Holanda no dia seguinte.\" \/>\n<meta property=\"og:url\" content=\"https:\/\/portaltela.pt\/noticias\/2026\/02\/16\/tribunal-da-relacao-reduz-pena-a-homem-por-homicidio-de-amigo-no-porto\/\" \/>\n<meta property=\"og:site_name\" content=\"Portal Tela Portugal\" \/>\n<meta property=\"article:published_time\" content=\"2026-02-16T12:28:00+00:00\" \/>\n<meta name=\"author\" content=\"Telinha\" \/>\n<meta name=\"twitter:card\" content=\"summary_large_image\" \/>\n<meta name=\"twitter:label1\" content=\"Escrito por\" \/>\n\t<meta name=\"twitter:data1\" content=\"Telinha\" \/>\n\t<meta name=\"twitter:label2\" content=\"Tempo estimado de leitura\" \/>\n\t<meta name=\"twitter:data2\" content=\"2 minutos\" \/>\n<script type=\"application\/ld+json\" class=\"yoast-schema-graph\">{\"@context\":\"https:\/\/schema.org\",\"@graph\":[{\"@type\":\"Article\",\"@id\":\"https:\/\/portaltela.pt\/noticias\/2026\/02\/16\/tribunal-da-relacao-reduz-pena-a-homem-por-homicidio-de-amigo-no-porto\/#article\",\"isPartOf\":{\"@id\":\"https:\/\/portaltela.pt\/noticias\/2026\/02\/16\/tribunal-da-relacao-reduz-pena-a-homem-por-homicidio-de-amigo-no-porto\/\"},\"author\":{\"name\":\"Telinha\",\"@id\":\"https:\/\/portaltela.pt\/#\/schema\/person\/c4278d4a6028830caff9ee44b42d32ed\"},\"headline\":\"Tribunal da Rela\u00e7\u00e3o reduz pena a homem por homic\u00eddio de amigo no Porto\",\"datePublished\":\"2026-02-16T12:28:00+00:00\",\"mainEntityOfPage\":{\"@id\":\"https:\/\/portaltela.pt\/noticias\/2026\/02\/16\/tribunal-da-relacao-reduz-pena-a-homem-por-homicidio-de-amigo-no-porto\/\"},\"wordCount\":427,\"image\":{\"@id\":\"https:\/\/portaltela.pt\/noticias\/2026\/02\/16\/tribunal-da-relacao-reduz-pena-a-homem-por-homicidio-de-amigo-no-porto\/#primaryimage\"},\"thumbnailUrl\":\"https:\/\/portaltela.pt\/s.01k8rhncp4jt1\/2026\/02\/img_1500x1000uu2022-04-15-18-27-01-1140339.jpg\",\"keywords\":[\"alojamento local\",\"homic\u00eddio\",\"homic\u00eddio qualificado\",\"Porto\",\"profana\u00e7\u00e3o de cad\u00e1ver\",\"tribunal\"],\"articleSection\":[\"Not\u00edcias\"],\"inLanguage\":\"pt-PT\"},{\"@type\":\"WebPage\",\"@id\":\"https:\/\/portaltela.pt\/noticias\/2026\/02\/16\/tribunal-da-relacao-reduz-pena-a-homem-por-homicidio-de-amigo-no-porto\/\",\"url\":\"https:\/\/portaltela.pt\/noticias\/2026\/02\/16\/tribunal-da-relacao-reduz-pena-a-homem-por-homicidio-de-amigo-no-porto\/\",\"name\":\"Tribunal da Rela\u00e7\u00e3o reduz pena a homem por homic\u00eddio de amigo no Porto - Portal Tela Portugal\",\"isPartOf\":{\"@id\":\"https:\/\/portaltela.pt\/#website\"},\"primaryImageOfPage\":{\"@id\":\"https:\/\/portaltela.pt\/noticias\/2026\/02\/16\/tribunal-da-relacao-reduz-pena-a-homem-por-homicidio-de-amigo-no-porto\/#primaryimage\"},\"image\":{\"@id\":\"https:\/\/portaltela.pt\/noticias\/2026\/02\/16\/tribunal-da-relacao-reduz-pena-a-homem-por-homicidio-de-amigo-no-porto\/#primaryimage\"},\"thumbnailUrl\":\"https:\/\/portaltela.pt\/s.01k8rhncp4jt1\/2026\/02\/img_1500x1000uu2022-04-15-18-27-01-1140339.jpg\",\"datePublished\":\"2026-02-16T12:28:00+00:00\",\"author\":{\"@id\":\"https:\/\/portaltela.pt\/#\/schema\/person\/c4278d4a6028830caff9ee44b42d32ed\"},\"breadcrumb\":{\"@id\":\"https:\/\/portaltela.pt\/noticias\/2026\/02\/16\/tribunal-da-relacao-reduz-pena-a-homem-por-homicidio-de-amigo-no-porto\/#breadcrumb\"},\"inLanguage\":\"pt-PT\",\"potentialAction\":[{\"@type\":\"ReadAction\",\"target\":[\"https:\/\/portaltela.pt\/noticias\/2026\/02\/16\/tribunal-da-relacao-reduz-pena-a-homem-por-homicidio-de-amigo-no-porto\/\"]}]},{\"@type\":\"ImageObject\",\"inLanguage\":\"pt-PT\",\"@id\":\"https:\/\/portaltela.pt\/noticias\/2026\/02\/16\/tribunal-da-relacao-reduz-pena-a-homem-por-homicidio-de-amigo-no-porto\/#primaryimage\",\"url\":\"https:\/\/portaltela.pt\/s.01k8rhncp4jt1\/2026\/02\/img_1500x1000uu2022-04-15-18-27-01-1140339.jpg\",\"contentUrl\":\"https:\/\/portaltela.pt\/s.01k8rhncp4jt1\/2026\/02\/img_1500x1000uu2022-04-15-18-27-01-1140339.jpg\",\"width\":796,\"height\":448,\"caption\":\"Tribunal da Rela\u00e7\u00e3o do Porto\"},{\"@type\":\"BreadcrumbList\",\"@id\":\"https:\/\/portaltela.pt\/noticias\/2026\/02\/16\/tribunal-da-relacao-reduz-pena-a-homem-por-homicidio-de-amigo-no-porto\/#breadcrumb\",\"itemListElement\":[{\"@type\":\"ListItem\",\"position\":1,\"name\":\"In\u00edcio\",\"item\":\"https:\/\/portaltela.pt\/\"},{\"@type\":\"ListItem\",\"position\":2,\"name\":\"Tribunal da Rela\u00e7\u00e3o reduz pena a homem por homic\u00eddio de amigo no Porto\"}]},{\"@type\":\"WebSite\",\"@id\":\"https:\/\/portaltela.pt\/#website\",\"url\":\"https:\/\/portaltela.pt\/\",\"name\":\"Portal Tela Portugal\",\"description\":\"\",\"potentialAction\":[{\"@type\":\"SearchAction\",\"target\":{\"@type\":\"EntryPoint\",\"urlTemplate\":\"https:\/\/portaltela.pt\/?s={search_term_string}\"},\"query-input\":{\"@type\":\"PropertyValueSpecification\",\"valueRequired\":true,\"valueName\":\"search_term_string\"}}],\"inLanguage\":\"pt-PT\"},{\"@type\":\"Person\",\"@id\":\"https:\/\/portaltela.pt\/#\/schema\/person\/c4278d4a6028830caff9ee44b42d32ed\",\"name\":\"Telinha\",\"image\":{\"@type\":\"ImageObject\",\"inLanguage\":\"pt-PT\",\"@id\":\"https:\/\/portaltela.pt\/s.01k8rhncp4jt1\/2025\/11\/talking-bot-125x125.png\",\"url\":\"https:\/\/portaltela.pt\/s.01k8rhncp4jt1\/2025\/11\/talking-bot-125x125.png\",\"contentUrl\":\"https:\/\/portaltela.pt\/s.01k8rhncp4jt1\/2025\/11\/talking-bot-125x125.png\",\"caption\":\"Telinha\"},\"sameAs\":[\"https:\/\/portaltela.pt\/\"],\"url\":\"https:\/\/portaltela.pt\/por\/367410592786\/\"}]}<\/script>\n<!-- \/ Yoast SEO plugin. -->","yoast_head_json":{"title":"Tribunal da Rela\u00e7\u00e3o reduz pena a homem por homic\u00eddio de amigo no Porto - Portal Tela Portugal","robots":{"index":"index","follow":"follow","max-snippet":"max-snippet:-1","max-image-preview":"max-image-preview:large","max-video-preview":"max-video-preview:-1"},"og_locale":"pt_PT","og_type":"article","og_title":"Tribunal da Rela\u00e7\u00e3o reduz pena a homem por homic\u00eddio de amigo no Porto - Portal Tela Portugal","og_description":"O Tribunal da Rela\u00e7\u00e3o do Porto reduziu a pena de 23 para 22 anos e meio de pris\u00e3o num homem condenado por homic\u00eddio de um amigo, e por tentativa de profana\u00e7\u00e3o de cad\u00e1ver, no Porto. O ac\u00f3rd\u00e3o, de 11 de fevereiro, absolveu o arguido do crime de deten\u00e7\u00e3o de arma proibida, alegadamente devido \u00e0 arma ser uma faca de cozinha. Mantida a condena\u00e7\u00e3o de 22 anos de pris\u00e3o pelo homic\u00eddio qualificado agravado e de um ano pela profana\u00e7\u00e3o de cad\u00e1ver em forma tentada, fixando o c\u00famulo jur\u00eddico em 22 anos e meio. O arguido, de 23 anos, contestou a tentativa de profana\u00e7\u00e3o, dizendo que o ato simulava um ritual mu\u00e7ulmano de amortalhamento; o tribunal n\u00e3o reconheceu a tese. O crime ocorreu a 19 de abril de 2024, num alojamento local na zona de Bonfim, Porto; o arguido tentou desfazer-se do corpo, pesquisou na internet m\u00e9todos com armas brancas e qu\u00edmicos, e tentou embarcar para a Holanda no dia seguinte.","og_url":"https:\/\/portaltela.pt\/noticias\/2026\/02\/16\/tribunal-da-relacao-reduz-pena-a-homem-por-homicidio-de-amigo-no-porto\/","og_site_name":"Portal Tela Portugal","article_published_time":"2026-02-16T12:28:00+00:00","author":"Telinha","twitter_card":"summary_large_image","twitter_misc":{"Escrito por":"Telinha","Tempo estimado de leitura":"2 minutos"},"schema":{"@context":"https:\/\/schema.org","@graph":[{"@type":"Article","@id":"https:\/\/portaltela.pt\/noticias\/2026\/02\/16\/tribunal-da-relacao-reduz-pena-a-homem-por-homicidio-de-amigo-no-porto\/#article","isPartOf":{"@id":"https:\/\/portaltela.pt\/noticias\/2026\/02\/16\/tribunal-da-relacao-reduz-pena-a-homem-por-homicidio-de-amigo-no-porto\/"},"author":{"name":"Telinha","@id":"https:\/\/portaltela.pt\/#\/schema\/person\/c4278d4a6028830caff9ee44b42d32ed"},"headline":"Tribunal da Rela\u00e7\u00e3o reduz pena a homem por homic\u00eddio de amigo no Porto","datePublished":"2026-02-16T12:28:00+00:00","mainEntityOfPage":{"@id":"https:\/\/portaltela.pt\/noticias\/2026\/02\/16\/tribunal-da-relacao-reduz-pena-a-homem-por-homicidio-de-amigo-no-porto\/"},"wordCount":427,"image":{"@id":"https:\/\/portaltela.pt\/noticias\/2026\/02\/16\/tribunal-da-relacao-reduz-pena-a-homem-por-homicidio-de-amigo-no-porto\/#primaryimage"},"thumbnailUrl":"https:\/\/portaltela.pt\/s.01k8rhncp4jt1\/2026\/02\/img_1500x1000uu2022-04-15-18-27-01-1140339.jpg","keywords":["alojamento local","homic\u00eddio","homic\u00eddio qualificado","Porto","profana\u00e7\u00e3o de cad\u00e1ver","tribunal"],"articleSection":["Not\u00edcias"],"inLanguage":"pt-PT"},{"@type":"WebPage","@id":"https:\/\/portaltela.pt\/noticias\/2026\/02\/16\/tribunal-da-relacao-reduz-pena-a-homem-por-homicidio-de-amigo-no-porto\/","url":"https:\/\/portaltela.pt\/noticias\/2026\/02\/16\/tribunal-da-relacao-reduz-pena-a-homem-por-homicidio-de-amigo-no-porto\/","name":"Tribunal da Rela\u00e7\u00e3o reduz pena a homem por homic\u00eddio de amigo no Porto - Portal Tela Portugal","isPartOf":{"@id":"https:\/\/portaltela.pt\/#website"},"primaryImageOfPage":{"@id":"https:\/\/portaltela.pt\/noticias\/2026\/02\/16\/tribunal-da-relacao-reduz-pena-a-homem-por-homicidio-de-amigo-no-porto\/#primaryimage"},"image":{"@id":"https:\/\/portaltela.pt\/noticias\/2026\/02\/16\/tribunal-da-relacao-reduz-pena-a-homem-por-homicidio-de-amigo-no-porto\/#primaryimage"},"thumbnailUrl":"https:\/\/portaltela.pt\/s.01k8rhncp4jt1\/2026\/02\/img_1500x1000uu2022-04-15-18-27-01-1140339.jpg","datePublished":"2026-02-16T12:28:00+00:00","author":{"@id":"https:\/\/portaltela.pt\/#\/schema\/person\/c4278d4a6028830caff9ee44b42d32ed"},"breadcrumb":{"@id":"https:\/\/portaltela.pt\/noticias\/2026\/02\/16\/tribunal-da-relacao-reduz-pena-a-homem-por-homicidio-de-amigo-no-porto\/#breadcrumb"},"inLanguage":"pt-PT","potentialAction":[{"@type":"ReadAction","target":["https:\/\/portaltela.pt\/noticias\/2026\/02\/16\/tribunal-da-relacao-reduz-pena-a-homem-por-homicidio-de-amigo-no-porto\/"]}]},{"@type":"ImageObject","inLanguage":"pt-PT","@id":"https:\/\/portaltela.pt\/noticias\/2026\/02\/16\/tribunal-da-relacao-reduz-pena-a-homem-por-homicidio-de-amigo-no-porto\/#primaryimage","url":"https:\/\/portaltela.pt\/s.01k8rhncp4jt1\/2026\/02\/img_1500x1000uu2022-04-15-18-27-01-1140339.jpg","contentUrl":"https:\/\/portaltela.pt\/s.01k8rhncp4jt1\/2026\/02\/img_1500x1000uu2022-04-15-18-27-01-1140339.jpg","width":796,"height":448,"caption":"Tribunal da Rela\u00e7\u00e3o do Porto"},{"@type":"BreadcrumbList","@id":"https:\/\/portaltela.pt\/noticias\/2026\/02\/16\/tribunal-da-relacao-reduz-pena-a-homem-por-homicidio-de-amigo-no-porto\/#breadcrumb","itemListElement":[{"@type":"ListItem","position":1,"name":"In\u00edcio","item":"https:\/\/portaltela.pt\/"},{"@type":"ListItem","position":2,"name":"Tribunal da Rela\u00e7\u00e3o reduz pena a homem por homic\u00eddio de amigo no Porto"}]},{"@type":"WebSite","@id":"https:\/\/portaltela.pt\/#website","url":"https:\/\/portaltela.pt\/","name":"Portal Tela Portugal","description":"","potentialAction":[{"@type":"SearchAction","target":{"@type":"EntryPoint","urlTemplate":"https:\/\/portaltela.pt\/?s={search_term_string}"},"query-input":{"@type":"PropertyValueSpecification","valueRequired":true,"valueName":"search_term_string"}}],"inLanguage":"pt-PT"},{"@type":"Person","@id":"https:\/\/portaltela.pt\/#\/schema\/person\/c4278d4a6028830caff9ee44b42d32ed","name":"Telinha","image":{"@type":"ImageObject","inLanguage":"pt-PT","@id":"https:\/\/portaltela.pt\/s.01k8rhncp4jt1\/2025\/11\/talking-bot-125x125.png","url":"https:\/\/portaltela.pt\/s.01k8rhncp4jt1\/2025\/11\/talking-bot-125x125.png","contentUrl":"https:\/\/portaltela.pt\/s.01k8rhncp4jt1\/2025\/11\/talking-bot-125x125.png","caption":"Telinha"},"sameAs":["https:\/\/portaltela.pt\/"],"url":"https:\/\/portaltela.pt\/por\/367410592786\/"}]}},"_links":{"self":[{"href":"https:\/\/portaltela.pt\/api\/wp\/v2\/posts\/214429","targetHints":{"allow":["GET"]}}],"collection":[{"href":"https:\/\/portaltela.pt\/api\/wp\/v2\/posts"}],"about":[{"href":"https:\/\/portaltela.pt\/api\/wp\/v2\/types\/post"}],"author":[{"embeddable":true,"href":"https:\/\/portaltela.pt\/api\/wp\/v2\/users\/2"}],"replies":[{"embeddable":true,"href":"https:\/\/portaltela.pt\/api\/wp\/v2\/comments?post=214429"}],"version-history":[{"count":0,"href":"https:\/\/portaltela.pt\/api\/wp\/v2\/posts\/214429\/revisions"}],"wp:featuredmedia":[{"embeddable":true,"href":"https:\/\/portaltela.pt\/api\/wp\/v2\/media\/214432"}],"wp:attachment":[{"href":"https:\/\/portaltela.pt\/api\/wp\/v2\/media?parent=214429"}],"wp:term":[{"taxonomy":"category","embeddable":true,"href":"https:\/\/portaltela.pt\/api\/wp\/v2\/categories?post=214429"},{"taxonomy":"post_tag","embeddable":true,"href":"https:\/\/portaltela.pt\/api\/wp\/v2\/tags?post=214429"}],"curies":[{"name":"wp","href":"https:\/\/api.w.org\/{rel}","templated":true}]}}