{"id":214420,"date":"2026-02-16T09:21:34","date_gmt":"2026-02-16T12:21:34","guid":{"rendered":"https:\/\/portaltela.pt\/noticias\/2026\/02\/16\/di-maria-volta-a-marcar-pelo-rosario-central-com-nova-exibicao-de-classe\/"},"modified":"2026-02-16T09:21:34","modified_gmt":"2026-02-16T12:21:34","slug":"di-maria-volta-a-marcar-pelo-rosario-central-com-nova-exibicao-de-classe","status":"publish","type":"post","link":"https:\/\/portaltela.pt\/desporto\/futebol\/2026\/02\/16\/di-maria-volta-a-marcar-pelo-rosario-central-com-nova-exibicao-de-classe\/","title":{"rendered":"Di Mar\u00eda volta a marcar pelo Rosario Central com nova exibi\u00e7\u00e3o de classe"},"content":{"rendered":"<p>\u00c1ngel Di Mar\u00eda voltou aos golos coincidindo com a vit\u00f3ria do Rosario Central sobre o Barracas Central por 2-0, na madrugada de hoje. O argentino fechou o marcador com uma finaliza\u00e7\u00e3o t\u00edpica do seu estilo, ajudando a equipa a somar tr\u00eas triunfos em cinco jornadas do campeonato de 2026.<\/p>\n<p>O encontro ficou definido pela atua\u00e7\u00e3o de Di Mar\u00eda, que chegou ao seu terceiro golo na presente temporada. A entrada em campo e o papel vital na constru\u00e7\u00e3o das jogadas foram determinantes para o resultado final.<\/p>\n<p>Rosario Central manteve a vantagem ao longo do jogo, assegurando os tr\u00eas pontos sem sofrer gols. Di Mar\u00eda, ex-Benfica, continua a destacar-se pela clara influ\u00eancia ofensiva e pela regularidade nas redes advers\u00e1rias.<\/p>\n","protected":false},"excerpt":{"rendered":"<ul>\n<li>\u00c1ngel di Mar\u00eda voltou aos golos pelo Ros\u00e1rio Central ao marcar na vit\u00f3ria por 2-0 sobre o Barracas Central.<\/li>\n<li>A jogada fechou o resultado, com uma finaliza\u00e7\u00e3o ao estilo t\u00edpico do jogador.<\/li>\n<li>Este \u00e9 o terceiro golo de di Mar\u00eda em cinco jogos no campeonato de 2026.<\/li>\n<li>A atua\u00e7\u00e3o ocorreu durante a madrugada, conforme a cobertura da not\u00edcia.<\/li>\n<\/ul>\n","protected":false},"author":2,"featured_media":214423,"comment_status":"closed","ping_status":"closed","sticky":false,"template":"","format":"standard","meta":{"footnotes":""},"categories":[21,24],"tags":[5992,2732,1946,32,3338,4078],"class_list":["post-214420","post","type-post","status-publish","format-standard","has-post-thumbnail","hentry","category-desporto","category-futebol","tag-angel-di-maria","tag-argentina","tag-benfica","tag-futebol","tag-futebol-internacional","tag-rosario"],"yoast_head":"<!-- This site is optimized with the Yoast SEO plugin v27.2 - https:\/\/yoast.com\/product\/yoast-seo-wordpress\/ -->\n<title>Di Mar\u00eda volta a marcar pelo Rosario Central com nova exibi\u00e7\u00e3o de classe - Portal Tela Portugal<\/title>\n<meta name=\"robots\" content=\"index, follow, max-snippet:-1, max-image-preview:large, max-video-preview:-1\" \/>\n<meta property=\"og:locale\" content=\"pt_PT\" \/>\n<meta property=\"og:type\" content=\"article\" \/>\n<meta property=\"og:title\" content=\"Di Mar\u00eda volta a marcar pelo Rosario Central com nova exibi\u00e7\u00e3o de classe - Portal Tela Portugal\" \/>\n<meta property=\"og:description\" content=\"\u00c1ngel di Mar\u00eda voltou aos golos pelo Ros\u00e1rio Central ao marcar na vit\u00f3ria por 2-0 sobre o Barracas Central. A jogada fechou o resultado, com uma finaliza\u00e7\u00e3o ao estilo t\u00edpico do jogador. Este \u00e9 o terceiro golo de di Mar\u00eda em cinco jogos no campeonato de 2026. A atua\u00e7\u00e3o ocorreu durante a madrugada, conforme a cobertura da not\u00edcia.\" \/>\n<meta property=\"og:url\" content=\"https:\/\/portaltela.pt\/noticias\/2026\/02\/16\/di-maria-volta-a-marcar-pelo-rosario-central-com-nova-exibicao-de-classe\/\" \/>\n<meta property=\"og:site_name\" content=\"Portal Tela Portugal\" \/>\n<meta property=\"article:published_time\" content=\"2026-02-16T12:21:34+00:00\" \/>\n<meta name=\"author\" content=\"Telinha\" \/>\n<meta name=\"twitter:card\" content=\"summary_large_image\" \/>\n<meta name=\"twitter:label1\" content=\"Escrito por\" \/>\n\t<meta name=\"twitter:data1\" content=\"Telinha\" \/>\n\t<meta name=\"twitter:label2\" content=\"Tempo estimado de leitura\" \/>\n\t<meta name=\"twitter:data2\" content=\"1 minuto\" \/>\n<script type=\"application\/ld+json\" class=\"yoast-schema-graph\">{\"@context\":\"https:\/\/schema.org\",\"@graph\":[{\"@type\":\"Article\",\"@id\":\"https:\/\/portaltela.pt\/noticias\/2026\/02\/16\/di-maria-volta-a-marcar-pelo-rosario-central-com-nova-exibicao-de-classe\/#article\",\"isPartOf\":{\"@id\":\"https:\/\/portaltela.pt\/noticias\/2026\/02\/16\/di-maria-volta-a-marcar-pelo-rosario-central-com-nova-exibicao-de-classe\/\"},\"author\":{\"name\":\"Telinha\",\"@id\":\"https:\/\/portaltela.pt\/#\/schema\/person\/c4278d4a6028830caff9ee44b42d32ed\"},\"headline\":\"Di Mar\u00eda volta a marcar pelo Rosario Central com nova exibi\u00e7\u00e3o de classe\",\"datePublished\":\"2026-02-16T12:21:34+00:00\",\"mainEntityOfPage\":{\"@id\":\"https:\/\/portaltela.pt\/noticias\/2026\/02\/16\/di-maria-volta-a-marcar-pelo-rosario-central-com-nova-exibicao-de-classe\/\"},\"wordCount\":143,\"image\":{\"@id\":\"https:\/\/portaltela.pt\/noticias\/2026\/02\/16\/di-maria-volta-a-marcar-pelo-rosario-central-com-nova-exibicao-de-classe\/#primaryimage\"},\"thumbnailUrl\":\"https:\/\/portaltela.pt\/s.01k8rhncp4jt1\/2026\/02\/img_1200x721uu2026-02-16-12-20-18-2421944.jpg\",\"keywords\":[\"\u00c1ngel Di Mar\u00eda\",\"Argentina\",\"Benfica\",\"futebol\",\"futebol internacional\",\"Rosario\"],\"articleSection\":[\"Desporto\",\"Futebol\"],\"inLanguage\":\"pt-PT\"},{\"@type\":\"WebPage\",\"@id\":\"https:\/\/portaltela.pt\/noticias\/2026\/02\/16\/di-maria-volta-a-marcar-pelo-rosario-central-com-nova-exibicao-de-classe\/\",\"url\":\"https:\/\/portaltela.pt\/noticias\/2026\/02\/16\/di-maria-volta-a-marcar-pelo-rosario-central-com-nova-exibicao-de-classe\/\",\"name\":\"Di Mar\u00eda volta a marcar pelo Rosario Central com nova exibi\u00e7\u00e3o de classe - Portal Tela Portugal\",\"isPartOf\":{\"@id\":\"https:\/\/portaltela.pt\/#website\"},\"primaryImageOfPage\":{\"@id\":\"https:\/\/portaltela.pt\/noticias\/2026\/02\/16\/di-maria-volta-a-marcar-pelo-rosario-central-com-nova-exibicao-de-classe\/#primaryimage\"},\"image\":{\"@id\":\"https:\/\/portaltela.pt\/noticias\/2026\/02\/16\/di-maria-volta-a-marcar-pelo-rosario-central-com-nova-exibicao-de-classe\/#primaryimage\"},\"thumbnailUrl\":\"https:\/\/portaltela.pt\/s.01k8rhncp4jt1\/2026\/02\/img_1200x721uu2026-02-16-12-20-18-2421944.jpg\",\"datePublished\":\"2026-02-16T12:21:34+00:00\",\"author\":{\"@id\":\"https:\/\/portaltela.pt\/#\/schema\/person\/c4278d4a6028830caff9ee44b42d32ed\"},\"breadcrumb\":{\"@id\":\"https:\/\/portaltela.pt\/noticias\/2026\/02\/16\/di-maria-volta-a-marcar-pelo-rosario-central-com-nova-exibicao-de-classe\/#breadcrumb\"},\"inLanguage\":\"pt-PT\",\"potentialAction\":[{\"@type\":\"ReadAction\",\"target\":[\"https:\/\/portaltela.pt\/noticias\/2026\/02\/16\/di-maria-volta-a-marcar-pelo-rosario-central-com-nova-exibicao-de-classe\/\"]}]},{\"@type\":\"ImageObject\",\"inLanguage\":\"pt-PT\",\"@id\":\"https:\/\/portaltela.pt\/noticias\/2026\/02\/16\/di-maria-volta-a-marcar-pelo-rosario-central-com-nova-exibicao-de-classe\/#primaryimage\",\"url\":\"https:\/\/portaltela.pt\/s.01k8rhncp4jt1\/2026\/02\/img_1200x721uu2026-02-16-12-20-18-2421944.jpg\",\"contentUrl\":\"https:\/\/portaltela.pt\/s.01k8rhncp4jt1\/2026\/02\/img_1200x721uu2026-02-16-12-20-18-2421944.jpg\",\"width\":796,\"height\":448,\"caption\":\"\u00c1ngel di Mar\u00eda voltou esta madrugada aos golos pelo Ros\u00e1rio Central, ao fechar as contas na vit\u00f3ria por 2-0 da sua equipa sobre o Barracas Central com uma finaliza\u00e7\u00e3o bem ao seu jeito. Foi o 3.\u00ba golo em 5 jogos do ex-Benfica no campeonato de 2026.\"},{\"@type\":\"BreadcrumbList\",\"@id\":\"https:\/\/portaltela.pt\/noticias\/2026\/02\/16\/di-maria-volta-a-marcar-pelo-rosario-central-com-nova-exibicao-de-classe\/#breadcrumb\",\"itemListElement\":[{\"@type\":\"ListItem\",\"position\":1,\"name\":\"In\u00edcio\",\"item\":\"https:\/\/portaltela.pt\/\"},{\"@type\":\"ListItem\",\"position\":2,\"name\":\"Di Mar\u00eda volta a marcar pelo Rosario Central com nova exibi\u00e7\u00e3o de classe\"}]},{\"@type\":\"WebSite\",\"@id\":\"https:\/\/portaltela.pt\/#website\",\"url\":\"https:\/\/portaltela.pt\/\",\"name\":\"Portal Tela Portugal\",\"description\":\"\",\"potentialAction\":[{\"@type\":\"SearchAction\",\"target\":{\"@type\":\"EntryPoint\",\"urlTemplate\":\"https:\/\/portaltela.pt\/?s={search_term_string}\"},\"query-input\":{\"@type\":\"PropertyValueSpecification\",\"valueRequired\":true,\"valueName\":\"search_term_string\"}}],\"inLanguage\":\"pt-PT\"},{\"@type\":\"Person\",\"@id\":\"https:\/\/portaltela.pt\/#\/schema\/person\/c4278d4a6028830caff9ee44b42d32ed\",\"name\":\"Telinha\",\"image\":{\"@type\":\"ImageObject\",\"inLanguage\":\"pt-PT\",\"@id\":\"https:\/\/portaltela.pt\/s.01k8rhncp4jt1\/2025\/11\/talking-bot-125x125.png\",\"url\":\"https:\/\/portaltela.pt\/s.01k8rhncp4jt1\/2025\/11\/talking-bot-125x125.png\",\"contentUrl\":\"https:\/\/portaltela.pt\/s.01k8rhncp4jt1\/2025\/11\/talking-bot-125x125.png\",\"caption\":\"Telinha\"},\"sameAs\":[\"https:\/\/portaltela.pt\/\"],\"url\":\"https:\/\/portaltela.pt\/por\/367410592786\/\"}]}<\/script>\n<!-- \/ Yoast SEO plugin. -->","yoast_head_json":{"title":"Di Mar\u00eda volta a marcar pelo Rosario Central com nova exibi\u00e7\u00e3o de classe - Portal Tela Portugal","robots":{"index":"index","follow":"follow","max-snippet":"max-snippet:-1","max-image-preview":"max-image-preview:large","max-video-preview":"max-video-preview:-1"},"og_locale":"pt_PT","og_type":"article","og_title":"Di Mar\u00eda volta a marcar pelo Rosario Central com nova exibi\u00e7\u00e3o de classe - Portal Tela Portugal","og_description":"\u00c1ngel di Mar\u00eda voltou aos golos pelo Ros\u00e1rio Central ao marcar na vit\u00f3ria por 2-0 sobre o Barracas Central. A jogada fechou o resultado, com uma finaliza\u00e7\u00e3o ao estilo t\u00edpico do jogador. Este \u00e9 o terceiro golo de di Mar\u00eda em cinco jogos no campeonato de 2026. A atua\u00e7\u00e3o ocorreu durante a madrugada, conforme a cobertura da not\u00edcia.","og_url":"https:\/\/portaltela.pt\/noticias\/2026\/02\/16\/di-maria-volta-a-marcar-pelo-rosario-central-com-nova-exibicao-de-classe\/","og_site_name":"Portal Tela Portugal","article_published_time":"2026-02-16T12:21:34+00:00","author":"Telinha","twitter_card":"summary_large_image","twitter_misc":{"Escrito por":"Telinha","Tempo estimado de leitura":"1 minuto"},"schema":{"@context":"https:\/\/schema.org","@graph":[{"@type":"Article","@id":"https:\/\/portaltela.pt\/noticias\/2026\/02\/16\/di-maria-volta-a-marcar-pelo-rosario-central-com-nova-exibicao-de-classe\/#article","isPartOf":{"@id":"https:\/\/portaltela.pt\/noticias\/2026\/02\/16\/di-maria-volta-a-marcar-pelo-rosario-central-com-nova-exibicao-de-classe\/"},"author":{"name":"Telinha","@id":"https:\/\/portaltela.pt\/#\/schema\/person\/c4278d4a6028830caff9ee44b42d32ed"},"headline":"Di Mar\u00eda volta a marcar pelo Rosario Central com nova exibi\u00e7\u00e3o de classe","datePublished":"2026-02-16T12:21:34+00:00","mainEntityOfPage":{"@id":"https:\/\/portaltela.pt\/noticias\/2026\/02\/16\/di-maria-volta-a-marcar-pelo-rosario-central-com-nova-exibicao-de-classe\/"},"wordCount":143,"image":{"@id":"https:\/\/portaltela.pt\/noticias\/2026\/02\/16\/di-maria-volta-a-marcar-pelo-rosario-central-com-nova-exibicao-de-classe\/#primaryimage"},"thumbnailUrl":"https:\/\/portaltela.pt\/s.01k8rhncp4jt1\/2026\/02\/img_1200x721uu2026-02-16-12-20-18-2421944.jpg","keywords":["\u00c1ngel Di Mar\u00eda","Argentina","Benfica","futebol","futebol internacional","Rosario"],"articleSection":["Desporto","Futebol"],"inLanguage":"pt-PT"},{"@type":"WebPage","@id":"https:\/\/portaltela.pt\/noticias\/2026\/02\/16\/di-maria-volta-a-marcar-pelo-rosario-central-com-nova-exibicao-de-classe\/","url":"https:\/\/portaltela.pt\/noticias\/2026\/02\/16\/di-maria-volta-a-marcar-pelo-rosario-central-com-nova-exibicao-de-classe\/","name":"Di Mar\u00eda volta a marcar pelo Rosario Central com nova exibi\u00e7\u00e3o de classe - Portal Tela Portugal","isPartOf":{"@id":"https:\/\/portaltela.pt\/#website"},"primaryImageOfPage":{"@id":"https:\/\/portaltela.pt\/noticias\/2026\/02\/16\/di-maria-volta-a-marcar-pelo-rosario-central-com-nova-exibicao-de-classe\/#primaryimage"},"image":{"@id":"https:\/\/portaltela.pt\/noticias\/2026\/02\/16\/di-maria-volta-a-marcar-pelo-rosario-central-com-nova-exibicao-de-classe\/#primaryimage"},"thumbnailUrl":"https:\/\/portaltela.pt\/s.01k8rhncp4jt1\/2026\/02\/img_1200x721uu2026-02-16-12-20-18-2421944.jpg","datePublished":"2026-02-16T12:21:34+00:00","author":{"@id":"https:\/\/portaltela.pt\/#\/schema\/person\/c4278d4a6028830caff9ee44b42d32ed"},"breadcrumb":{"@id":"https:\/\/portaltela.pt\/noticias\/2026\/02\/16\/di-maria-volta-a-marcar-pelo-rosario-central-com-nova-exibicao-de-classe\/#breadcrumb"},"inLanguage":"pt-PT","potentialAction":[{"@type":"ReadAction","target":["https:\/\/portaltela.pt\/noticias\/2026\/02\/16\/di-maria-volta-a-marcar-pelo-rosario-central-com-nova-exibicao-de-classe\/"]}]},{"@type":"ImageObject","inLanguage":"pt-PT","@id":"https:\/\/portaltela.pt\/noticias\/2026\/02\/16\/di-maria-volta-a-marcar-pelo-rosario-central-com-nova-exibicao-de-classe\/#primaryimage","url":"https:\/\/portaltela.pt\/s.01k8rhncp4jt1\/2026\/02\/img_1200x721uu2026-02-16-12-20-18-2421944.jpg","contentUrl":"https:\/\/portaltela.pt\/s.01k8rhncp4jt1\/2026\/02\/img_1200x721uu2026-02-16-12-20-18-2421944.jpg","width":796,"height":448,"caption":"\u00c1ngel di Mar\u00eda voltou esta madrugada aos golos pelo Ros\u00e1rio Central, ao fechar as contas na vit\u00f3ria por 2-0 da sua equipa sobre o Barracas Central com uma finaliza\u00e7\u00e3o bem ao seu jeito. Foi o 3.\u00ba golo em 5 jogos do ex-Benfica no campeonato de 2026."},{"@type":"BreadcrumbList","@id":"https:\/\/portaltela.pt\/noticias\/2026\/02\/16\/di-maria-volta-a-marcar-pelo-rosario-central-com-nova-exibicao-de-classe\/#breadcrumb","itemListElement":[{"@type":"ListItem","position":1,"name":"In\u00edcio","item":"https:\/\/portaltela.pt\/"},{"@type":"ListItem","position":2,"name":"Di Mar\u00eda volta a marcar pelo Rosario Central com nova exibi\u00e7\u00e3o de classe"}]},{"@type":"WebSite","@id":"https:\/\/portaltela.pt\/#website","url":"https:\/\/portaltela.pt\/","name":"Portal Tela Portugal","description":"","potentialAction":[{"@type":"SearchAction","target":{"@type":"EntryPoint","urlTemplate":"https:\/\/portaltela.pt\/?s={search_term_string}"},"query-input":{"@type":"PropertyValueSpecification","valueRequired":true,"valueName":"search_term_string"}}],"inLanguage":"pt-PT"},{"@type":"Person","@id":"https:\/\/portaltela.pt\/#\/schema\/person\/c4278d4a6028830caff9ee44b42d32ed","name":"Telinha","image":{"@type":"ImageObject","inLanguage":"pt-PT","@id":"https:\/\/portaltela.pt\/s.01k8rhncp4jt1\/2025\/11\/talking-bot-125x125.png","url":"https:\/\/portaltela.pt\/s.01k8rhncp4jt1\/2025\/11\/talking-bot-125x125.png","contentUrl":"https:\/\/portaltela.pt\/s.01k8rhncp4jt1\/2025\/11\/talking-bot-125x125.png","caption":"Telinha"},"sameAs":["https:\/\/portaltela.pt\/"],"url":"https:\/\/portaltela.pt\/por\/367410592786\/"}]}},"_links":{"self":[{"href":"https:\/\/portaltela.pt\/api\/wp\/v2\/posts\/214420","targetHints":{"allow":["GET"]}}],"collection":[{"href":"https:\/\/portaltela.pt\/api\/wp\/v2\/posts"}],"about":[{"href":"https:\/\/portaltela.pt\/api\/wp\/v2\/types\/post"}],"author":[{"embeddable":true,"href":"https:\/\/portaltela.pt\/api\/wp\/v2\/users\/2"}],"replies":[{"embeddable":true,"href":"https:\/\/portaltela.pt\/api\/wp\/v2\/comments?post=214420"}],"version-history":[{"count":0,"href":"https:\/\/portaltela.pt\/api\/wp\/v2\/posts\/214420\/revisions"}],"wp:featuredmedia":[{"embeddable":true,"href":"https:\/\/portaltela.pt\/api\/wp\/v2\/media\/214423"}],"wp:attachment":[{"href":"https:\/\/portaltela.pt\/api\/wp\/v2\/media?parent=214420"}],"wp:term":[{"taxonomy":"category","embeddable":true,"href":"https:\/\/portaltela.pt\/api\/wp\/v2\/categories?post=214420"},{"taxonomy":"post_tag","embeddable":true,"href":"https:\/\/portaltela.pt\/api\/wp\/v2\/tags?post=214420"}],"curies":[{"name":"wp","href":"https:\/\/api.w.org\/{rel}","templated":true}]}}