{"id":214413,"date":"2026-02-16T09:18:00","date_gmt":"2026-02-16T12:18:00","guid":{"rendered":"https:\/\/portaltela.pt\/noticias\/2026\/02\/16\/ex-ministro-frances-e-alvo-de-buscas-por-alegado-envolvimento-com-epstein\/"},"modified":"2026-02-16T09:18:00","modified_gmt":"2026-02-16T12:18:00","slug":"ex-ministro-frances-e-alvo-de-buscas-por-alegado-envolvimento-com-epstein","status":"publish","type":"post","link":"https:\/\/portaltela.pt\/noticias\/politica\/2026\/02\/16\/ex-ministro-frances-e-alvo-de-buscas-por-alegado-envolvimento-com-epstein\/","title":{"rendered":"Ex-ministro franc\u00eas \u00e9 alvo de buscas por alegado envolvimento com Epstein"},"content":{"rendered":"<p>O antigo ministro franc\u00eas da Cultura e da Educa\u00e7\u00e3o, Jack Lang, est\u00e1 a ser alvo de buscas numa investiga\u00e7\u00e3o sobre alegadas liga\u00e7\u00f5es financeiras com Jeffrey Epstein. As buscas arrancaram hoje em v\u00e1rios locais, incluindo o Instituto do Mundo \u00c1rabe, que Lang presidiu.<\/p>\n<p>Ao todo, as autoridades judiciais abriram, a 6 deste m\u00eas, uma investiga\u00e7\u00e3o por suspeitas de branqueamento de fraude fiscal agravada, envolvendo Lang, j\u00e1 pressionado a abandonar a presid\u00eancia do IMA, que serve de liga\u00e7\u00e3o entre Fran\u00e7a e o mundo \u00e1rabe. A filha, Caroline Lang, tamb\u00e9m est\u00e1 na mira.<\/p>\n<p>As investiga\u00e7\u00f5es s\u00e3o confiadas ao Organismo Nacional Antifraude (ONAF) e, at\u00e9 ao momento, n\u00e3o foi apresentada acusa\u00e7\u00e3o contra Jack Lang. O antigo ministro j\u00e1 negou as acusa\u00e7\u00f5es e deixou o IMA ap\u00f3s o caso vir a p\u00fablico. Documentos da justi\u00e7a norte-americana mencionam o seu nome repetidamente em trocas com Epstein.<\/p>\n<p>Durante a cerim\u00f3nia de despedida dos funcion\u00e1rios do IMA, Lang referiu-se \u00e0 atua\u00e7\u00e3o da justi\u00e7a financeira sem fazer men\u00e7\u00e3o direta \u00e0s buscas. Acredita-se que as buscas decorrem no contexto de investiga\u00e7\u00f5es em curso sobre liga\u00e7\u00f5es financeiras com Epstein.<\/p>\n<p>Segundo o portal Mediapart, Caroline Lang ter\u00e1 participado, em 2016, na cria\u00e7\u00e3o de uma sociedade offshore com Epstein, sediada nas Ilhas Virgens. Ap\u00f3s as revela\u00e7\u00f5es, Caroline Lang resignou do cargo de delegada-geral do SPI, Sindicato da Produ\u00e7\u00e3o Independente.<\/p>\n<p>Lang, antiga figura do Partido Socialista, \u00e9 conhecido pela promo\u00e7\u00e3o da Festa da M\u00fasica nos anos 1980, iniciativa que mais tarde inspirou pol\u00edticas culturais noutras na\u00e7\u00f5es. As autoridades ainda n\u00e3o anunciaram novos desenvolvimentos no caso.<\/p>\n","protected":false},"excerpt":{"rendered":"<ul>\n<li>O ex-ministro franc\u00eas Jack Lang est\u00e1 a ser alvo de buscas num inqu\u00e9rito relacionado com alegadas liga\u00e7\u00f5es financeiras a Jeffrey Epstein; as buscas come\u00e7aram hoje em v\u00e1rios locais, incluindo o Instituto do Mundo \u00c1rabe (IMA), que Lang presidiu.<\/li>\n<li>A investiga\u00e7\u00e3o, aberta a seis deste m\u00eas, mira suspeitas de branqueamento de fraude fiscal agravada e est\u00e1 a cargo do Organismo Nacional Antifraude (ONAF); at\u00e9 agora n\u00e3o houve acusa\u00e7\u00f5es contra Lang.<\/li>\n<li>Documentos da justi\u00e7a norte-americana mencionam o nome de Lang 673 vezes em mensagens com Epstein, revelando liga\u00e7\u00f5es de interesse entre ambos.<\/li>\n<li>A filha de Lang, Caroline Lang, fundou em 2016, com Epstein, uma sociedade offshore nas Ilhas Virgens; ela demitiu-se do cargo de delegada-geral do Sindicato da Produ\u00e7\u00e3o Independente (SPI) ap\u00f3s as revela\u00e7\u00f5es.<\/li>\n<li>Lang, antigo figura do Partido Socialista, negou as acusa\u00e7\u00f5es, dizendo que s\u00e3o infundadas; contou ainda que j\u00e1 tinha deixado a presid\u00eancia do IMA sob press\u00e3o.<\/li>\n<\/ul>\n","protected":false},"author":2,"featured_media":214425,"comment_status":"closed","ping_status":"closed","sticky":false,"template":"","format":"standard","meta":{"footnotes":""},"categories":[1,5],"tags":[1570,147,1856,95,215,2832],"class_list":["post-214413","post","type-post","status-publish","format-standard","has-post-thumbnail","hentry","category-noticias","category-politica","tag-branqueamento","tag-crime","tag-franca","tag-fraude-fiscal","tag-investigacao","tag-politica"],"yoast_head":"<!-- This site is optimized with the Yoast SEO plugin v27.2 - https:\/\/yoast.com\/product\/yoast-seo-wordpress\/ -->\n<title>Ex-ministro franc\u00eas \u00e9 alvo de buscas por alegado envolvimento com Epstein - Portal Tela Portugal<\/title>\n<meta name=\"robots\" content=\"index, follow, max-snippet:-1, max-image-preview:large, max-video-preview:-1\" \/>\n<meta property=\"og:locale\" content=\"pt_PT\" \/>\n<meta property=\"og:type\" content=\"article\" \/>\n<meta property=\"og:title\" content=\"Ex-ministro franc\u00eas \u00e9 alvo de buscas por alegado envolvimento com Epstein - Portal Tela Portugal\" \/>\n<meta property=\"og:description\" content=\"O ex-ministro franc\u00eas Jack Lang est\u00e1 a ser alvo de buscas num inqu\u00e9rito relacionado com alegadas liga\u00e7\u00f5es financeiras a Jeffrey Epstein; as buscas come\u00e7aram hoje em v\u00e1rios locais, incluindo o Instituto do Mundo \u00c1rabe (IMA), que Lang presidiu. A investiga\u00e7\u00e3o, aberta a seis deste m\u00eas, mira suspeitas de branqueamento de fraude fiscal agravada e est\u00e1 a cargo do Organismo Nacional Antifraude (ONAF); at\u00e9 agora n\u00e3o houve acusa\u00e7\u00f5es contra Lang. Documentos da justi\u00e7a norte-americana mencionam o nome de Lang 673 vezes em mensagens com Epstein, revelando liga\u00e7\u00f5es de interesse entre ambos. A filha de Lang, Caroline Lang, fundou em 2016, com Epstein, uma sociedade offshore nas Ilhas Virgens; ela demitiu-se do cargo de delegada-geral do Sindicato da Produ\u00e7\u00e3o Independente (SPI) ap\u00f3s as revela\u00e7\u00f5es. Lang, antigo figura do Partido Socialista, negou as acusa\u00e7\u00f5es, dizendo que s\u00e3o infundadas; contou ainda que j\u00e1 tinha deixado a presid\u00eancia do IMA sob press\u00e3o.\" \/>\n<meta property=\"og:url\" content=\"https:\/\/portaltela.pt\/noticias\/2026\/02\/16\/ex-ministro-frances-e-alvo-de-buscas-por-alegado-envolvimento-com-epstein\/\" \/>\n<meta property=\"og:site_name\" content=\"Portal Tela Portugal\" \/>\n<meta property=\"article:published_time\" content=\"2026-02-16T12:18:00+00:00\" \/>\n<meta name=\"author\" content=\"Telinha\" \/>\n<meta name=\"twitter:card\" content=\"summary_large_image\" \/>\n<meta name=\"twitter:label1\" content=\"Escrito por\" \/>\n\t<meta name=\"twitter:data1\" content=\"Telinha\" \/>\n\t<meta name=\"twitter:label2\" content=\"Tempo estimado de leitura\" \/>\n\t<meta name=\"twitter:data2\" content=\"1 minuto\" \/>\n<script type=\"application\/ld+json\" class=\"yoast-schema-graph\">{\"@context\":\"https:\/\/schema.org\",\"@graph\":[{\"@type\":\"Article\",\"@id\":\"https:\/\/portaltela.pt\/noticias\/2026\/02\/16\/ex-ministro-frances-e-alvo-de-buscas-por-alegado-envolvimento-com-epstein\/#article\",\"isPartOf\":{\"@id\":\"https:\/\/portaltela.pt\/noticias\/2026\/02\/16\/ex-ministro-frances-e-alvo-de-buscas-por-alegado-envolvimento-com-epstein\/\"},\"author\":{\"name\":\"Telinha\",\"@id\":\"https:\/\/portaltela.pt\/#\/schema\/person\/c4278d4a6028830caff9ee44b42d32ed\"},\"headline\":\"Ex-ministro franc\u00eas \u00e9 alvo de buscas por alegado envolvimento com Epstein\",\"datePublished\":\"2026-02-16T12:18:00+00:00\",\"mainEntityOfPage\":{\"@id\":\"https:\/\/portaltela.pt\/noticias\/2026\/02\/16\/ex-ministro-frances-e-alvo-de-buscas-por-alegado-envolvimento-com-epstein\/\"},\"wordCount\":292,\"image\":{\"@id\":\"https:\/\/portaltela.pt\/noticias\/2026\/02\/16\/ex-ministro-frances-e-alvo-de-buscas-por-alegado-envolvimento-com-epstein\/#primaryimage\"},\"thumbnailUrl\":\"https:\/\/portaltela.pt\/s.01k8rhncp4jt1\/2026\/02\/image-1245.jpg\",\"keywords\":[\"branqueamento\",\"crime\",\"Fran\u00e7a\",\"fraude fiscal\",\"investiga\u00e7\u00e3o\",\"pol\u00edtica\"],\"articleSection\":[\"Not\u00edcias\",\"Pol\u00edtica\"],\"inLanguage\":\"pt-PT\"},{\"@type\":\"WebPage\",\"@id\":\"https:\/\/portaltela.pt\/noticias\/2026\/02\/16\/ex-ministro-frances-e-alvo-de-buscas-por-alegado-envolvimento-com-epstein\/\",\"url\":\"https:\/\/portaltela.pt\/noticias\/2026\/02\/16\/ex-ministro-frances-e-alvo-de-buscas-por-alegado-envolvimento-com-epstein\/\",\"name\":\"Ex-ministro franc\u00eas \u00e9 alvo de buscas por alegado envolvimento com Epstein - Portal Tela Portugal\",\"isPartOf\":{\"@id\":\"https:\/\/portaltela.pt\/#website\"},\"primaryImageOfPage\":{\"@id\":\"https:\/\/portaltela.pt\/noticias\/2026\/02\/16\/ex-ministro-frances-e-alvo-de-buscas-por-alegado-envolvimento-com-epstein\/#primaryimage\"},\"image\":{\"@id\":\"https:\/\/portaltela.pt\/noticias\/2026\/02\/16\/ex-ministro-frances-e-alvo-de-buscas-por-alegado-envolvimento-com-epstein\/#primaryimage\"},\"thumbnailUrl\":\"https:\/\/portaltela.pt\/s.01k8rhncp4jt1\/2026\/02\/image-1245.jpg\",\"datePublished\":\"2026-02-16T12:18:00+00:00\",\"author\":{\"@id\":\"https:\/\/portaltela.pt\/#\/schema\/person\/c4278d4a6028830caff9ee44b42d32ed\"},\"breadcrumb\":{\"@id\":\"https:\/\/portaltela.pt\/noticias\/2026\/02\/16\/ex-ministro-frances-e-alvo-de-buscas-por-alegado-envolvimento-com-epstein\/#breadcrumb\"},\"inLanguage\":\"pt-PT\",\"potentialAction\":[{\"@type\":\"ReadAction\",\"target\":[\"https:\/\/portaltela.pt\/noticias\/2026\/02\/16\/ex-ministro-frances-e-alvo-de-buscas-por-alegado-envolvimento-com-epstein\/\"]}]},{\"@type\":\"ImageObject\",\"inLanguage\":\"pt-PT\",\"@id\":\"https:\/\/portaltela.pt\/noticias\/2026\/02\/16\/ex-ministro-frances-e-alvo-de-buscas-por-alegado-envolvimento-com-epstein\/#primaryimage\",\"url\":\"https:\/\/portaltela.pt\/s.01k8rhncp4jt1\/2026\/02\/image-1245.jpg\",\"contentUrl\":\"https:\/\/portaltela.pt\/s.01k8rhncp4jt1\/2026\/02\/image-1245.jpg\",\"width\":796,\"height\":448,\"caption\":\"O antigo ministro da Cultura e da Educa\u00e7\u00e3o franc\u00eas Jack Lang com Jeffrey Epstein\"},{\"@type\":\"BreadcrumbList\",\"@id\":\"https:\/\/portaltela.pt\/noticias\/2026\/02\/16\/ex-ministro-frances-e-alvo-de-buscas-por-alegado-envolvimento-com-epstein\/#breadcrumb\",\"itemListElement\":[{\"@type\":\"ListItem\",\"position\":1,\"name\":\"In\u00edcio\",\"item\":\"https:\/\/portaltela.pt\/\"},{\"@type\":\"ListItem\",\"position\":2,\"name\":\"Ex-ministro franc\u00eas \u00e9 alvo de buscas por alegado envolvimento com Epstein\"}]},{\"@type\":\"WebSite\",\"@id\":\"https:\/\/portaltela.pt\/#website\",\"url\":\"https:\/\/portaltela.pt\/\",\"name\":\"Portal Tela Portugal\",\"description\":\"\",\"potentialAction\":[{\"@type\":\"SearchAction\",\"target\":{\"@type\":\"EntryPoint\",\"urlTemplate\":\"https:\/\/portaltela.pt\/?s={search_term_string}\"},\"query-input\":{\"@type\":\"PropertyValueSpecification\",\"valueRequired\":true,\"valueName\":\"search_term_string\"}}],\"inLanguage\":\"pt-PT\"},{\"@type\":\"Person\",\"@id\":\"https:\/\/portaltela.pt\/#\/schema\/person\/c4278d4a6028830caff9ee44b42d32ed\",\"name\":\"Telinha\",\"image\":{\"@type\":\"ImageObject\",\"inLanguage\":\"pt-PT\",\"@id\":\"https:\/\/portaltela.pt\/s.01k8rhncp4jt1\/2025\/11\/talking-bot-125x125.png\",\"url\":\"https:\/\/portaltela.pt\/s.01k8rhncp4jt1\/2025\/11\/talking-bot-125x125.png\",\"contentUrl\":\"https:\/\/portaltela.pt\/s.01k8rhncp4jt1\/2025\/11\/talking-bot-125x125.png\",\"caption\":\"Telinha\"},\"sameAs\":[\"https:\/\/portaltela.pt\/\"],\"url\":\"https:\/\/portaltela.pt\/por\/367410592786\/\"}]}<\/script>\n<!-- \/ Yoast SEO plugin. -->","yoast_head_json":{"title":"Ex-ministro franc\u00eas \u00e9 alvo de buscas por alegado envolvimento com Epstein - Portal Tela Portugal","robots":{"index":"index","follow":"follow","max-snippet":"max-snippet:-1","max-image-preview":"max-image-preview:large","max-video-preview":"max-video-preview:-1"},"og_locale":"pt_PT","og_type":"article","og_title":"Ex-ministro franc\u00eas \u00e9 alvo de buscas por alegado envolvimento com Epstein - Portal Tela Portugal","og_description":"O ex-ministro franc\u00eas Jack Lang est\u00e1 a ser alvo de buscas num inqu\u00e9rito relacionado com alegadas liga\u00e7\u00f5es financeiras a Jeffrey Epstein; as buscas come\u00e7aram hoje em v\u00e1rios locais, incluindo o Instituto do Mundo \u00c1rabe (IMA), que Lang presidiu. A investiga\u00e7\u00e3o, aberta a seis deste m\u00eas, mira suspeitas de branqueamento de fraude fiscal agravada e est\u00e1 a cargo do Organismo Nacional Antifraude (ONAF); at\u00e9 agora n\u00e3o houve acusa\u00e7\u00f5es contra Lang. Documentos da justi\u00e7a norte-americana mencionam o nome de Lang 673 vezes em mensagens com Epstein, revelando liga\u00e7\u00f5es de interesse entre ambos. A filha de Lang, Caroline Lang, fundou em 2016, com Epstein, uma sociedade offshore nas Ilhas Virgens; ela demitiu-se do cargo de delegada-geral do Sindicato da Produ\u00e7\u00e3o Independente (SPI) ap\u00f3s as revela\u00e7\u00f5es. Lang, antigo figura do Partido Socialista, negou as acusa\u00e7\u00f5es, dizendo que s\u00e3o infundadas; contou ainda que j\u00e1 tinha deixado a presid\u00eancia do IMA sob press\u00e3o.","og_url":"https:\/\/portaltela.pt\/noticias\/2026\/02\/16\/ex-ministro-frances-e-alvo-de-buscas-por-alegado-envolvimento-com-epstein\/","og_site_name":"Portal Tela Portugal","article_published_time":"2026-02-16T12:18:00+00:00","author":"Telinha","twitter_card":"summary_large_image","twitter_misc":{"Escrito por":"Telinha","Tempo estimado de leitura":"1 minuto"},"schema":{"@context":"https:\/\/schema.org","@graph":[{"@type":"Article","@id":"https:\/\/portaltela.pt\/noticias\/2026\/02\/16\/ex-ministro-frances-e-alvo-de-buscas-por-alegado-envolvimento-com-epstein\/#article","isPartOf":{"@id":"https:\/\/portaltela.pt\/noticias\/2026\/02\/16\/ex-ministro-frances-e-alvo-de-buscas-por-alegado-envolvimento-com-epstein\/"},"author":{"name":"Telinha","@id":"https:\/\/portaltela.pt\/#\/schema\/person\/c4278d4a6028830caff9ee44b42d32ed"},"headline":"Ex-ministro franc\u00eas \u00e9 alvo de buscas por alegado envolvimento com Epstein","datePublished":"2026-02-16T12:18:00+00:00","mainEntityOfPage":{"@id":"https:\/\/portaltela.pt\/noticias\/2026\/02\/16\/ex-ministro-frances-e-alvo-de-buscas-por-alegado-envolvimento-com-epstein\/"},"wordCount":292,"image":{"@id":"https:\/\/portaltela.pt\/noticias\/2026\/02\/16\/ex-ministro-frances-e-alvo-de-buscas-por-alegado-envolvimento-com-epstein\/#primaryimage"},"thumbnailUrl":"https:\/\/portaltela.pt\/s.01k8rhncp4jt1\/2026\/02\/image-1245.jpg","keywords":["branqueamento","crime","Fran\u00e7a","fraude fiscal","investiga\u00e7\u00e3o","pol\u00edtica"],"articleSection":["Not\u00edcias","Pol\u00edtica"],"inLanguage":"pt-PT"},{"@type":"WebPage","@id":"https:\/\/portaltela.pt\/noticias\/2026\/02\/16\/ex-ministro-frances-e-alvo-de-buscas-por-alegado-envolvimento-com-epstein\/","url":"https:\/\/portaltela.pt\/noticias\/2026\/02\/16\/ex-ministro-frances-e-alvo-de-buscas-por-alegado-envolvimento-com-epstein\/","name":"Ex-ministro franc\u00eas \u00e9 alvo de buscas por alegado envolvimento com Epstein - Portal Tela Portugal","isPartOf":{"@id":"https:\/\/portaltela.pt\/#website"},"primaryImageOfPage":{"@id":"https:\/\/portaltela.pt\/noticias\/2026\/02\/16\/ex-ministro-frances-e-alvo-de-buscas-por-alegado-envolvimento-com-epstein\/#primaryimage"},"image":{"@id":"https:\/\/portaltela.pt\/noticias\/2026\/02\/16\/ex-ministro-frances-e-alvo-de-buscas-por-alegado-envolvimento-com-epstein\/#primaryimage"},"thumbnailUrl":"https:\/\/portaltela.pt\/s.01k8rhncp4jt1\/2026\/02\/image-1245.jpg","datePublished":"2026-02-16T12:18:00+00:00","author":{"@id":"https:\/\/portaltela.pt\/#\/schema\/person\/c4278d4a6028830caff9ee44b42d32ed"},"breadcrumb":{"@id":"https:\/\/portaltela.pt\/noticias\/2026\/02\/16\/ex-ministro-frances-e-alvo-de-buscas-por-alegado-envolvimento-com-epstein\/#breadcrumb"},"inLanguage":"pt-PT","potentialAction":[{"@type":"ReadAction","target":["https:\/\/portaltela.pt\/noticias\/2026\/02\/16\/ex-ministro-frances-e-alvo-de-buscas-por-alegado-envolvimento-com-epstein\/"]}]},{"@type":"ImageObject","inLanguage":"pt-PT","@id":"https:\/\/portaltela.pt\/noticias\/2026\/02\/16\/ex-ministro-frances-e-alvo-de-buscas-por-alegado-envolvimento-com-epstein\/#primaryimage","url":"https:\/\/portaltela.pt\/s.01k8rhncp4jt1\/2026\/02\/image-1245.jpg","contentUrl":"https:\/\/portaltela.pt\/s.01k8rhncp4jt1\/2026\/02\/image-1245.jpg","width":796,"height":448,"caption":"O antigo ministro da Cultura e da Educa\u00e7\u00e3o franc\u00eas Jack Lang com Jeffrey Epstein"},{"@type":"BreadcrumbList","@id":"https:\/\/portaltela.pt\/noticias\/2026\/02\/16\/ex-ministro-frances-e-alvo-de-buscas-por-alegado-envolvimento-com-epstein\/#breadcrumb","itemListElement":[{"@type":"ListItem","position":1,"name":"In\u00edcio","item":"https:\/\/portaltela.pt\/"},{"@type":"ListItem","position":2,"name":"Ex-ministro franc\u00eas \u00e9 alvo de buscas por alegado envolvimento com Epstein"}]},{"@type":"WebSite","@id":"https:\/\/portaltela.pt\/#website","url":"https:\/\/portaltela.pt\/","name":"Portal Tela Portugal","description":"","potentialAction":[{"@type":"SearchAction","target":{"@type":"EntryPoint","urlTemplate":"https:\/\/portaltela.pt\/?s={search_term_string}"},"query-input":{"@type":"PropertyValueSpecification","valueRequired":true,"valueName":"search_term_string"}}],"inLanguage":"pt-PT"},{"@type":"Person","@id":"https:\/\/portaltela.pt\/#\/schema\/person\/c4278d4a6028830caff9ee44b42d32ed","name":"Telinha","image":{"@type":"ImageObject","inLanguage":"pt-PT","@id":"https:\/\/portaltela.pt\/s.01k8rhncp4jt1\/2025\/11\/talking-bot-125x125.png","url":"https:\/\/portaltela.pt\/s.01k8rhncp4jt1\/2025\/11\/talking-bot-125x125.png","contentUrl":"https:\/\/portaltela.pt\/s.01k8rhncp4jt1\/2025\/11\/talking-bot-125x125.png","caption":"Telinha"},"sameAs":["https:\/\/portaltela.pt\/"],"url":"https:\/\/portaltela.pt\/por\/367410592786\/"}]}},"_links":{"self":[{"href":"https:\/\/portaltela.pt\/api\/wp\/v2\/posts\/214413","targetHints":{"allow":["GET"]}}],"collection":[{"href":"https:\/\/portaltela.pt\/api\/wp\/v2\/posts"}],"about":[{"href":"https:\/\/portaltela.pt\/api\/wp\/v2\/types\/post"}],"author":[{"embeddable":true,"href":"https:\/\/portaltela.pt\/api\/wp\/v2\/users\/2"}],"replies":[{"embeddable":true,"href":"https:\/\/portaltela.pt\/api\/wp\/v2\/comments?post=214413"}],"version-history":[{"count":0,"href":"https:\/\/portaltela.pt\/api\/wp\/v2\/posts\/214413\/revisions"}],"wp:featuredmedia":[{"embeddable":true,"href":"https:\/\/portaltela.pt\/api\/wp\/v2\/media\/214425"}],"wp:attachment":[{"href":"https:\/\/portaltela.pt\/api\/wp\/v2\/media?parent=214413"}],"wp:term":[{"taxonomy":"category","embeddable":true,"href":"https:\/\/portaltela.pt\/api\/wp\/v2\/categories?post=214413"},{"taxonomy":"post_tag","embeddable":true,"href":"https:\/\/portaltela.pt\/api\/wp\/v2\/tags?post=214413"}],"curies":[{"name":"wp","href":"https:\/\/api.w.org\/{rel}","templated":true}]}}