{"id":214412,"date":"2026-02-16T09:13:00","date_gmt":"2026-02-16T12:13:00","guid":{"rendered":"https:\/\/portaltela.pt\/noticias\/2026\/02\/16\/bobina-com-senha-do-25-de-abril-e-classificada-como-tesouro-nacional\/"},"modified":"2026-02-16T09:13:00","modified_gmt":"2026-02-16T12:13:00","slug":"bobina-com-senha-do-25-de-abril-e-classificada-como-tesouro-nacional","status":"publish","type":"post","link":"https:\/\/portaltela.pt\/noticias\/2026\/02\/16\/bobina-com-senha-do-25-de-abril-e-classificada-como-tesouro-nacional\/","title":{"rendered":"Bobina com senha do 25 de Abril \u00e9 classificada como tesouro nacional"},"content":{"rendered":"<p>A Governo classificou como tesouros nacionais dois fonogramas referentes \u00e0 senha que iniciou a revolta de 25 de Abril de 1974. Os registos integram tr\u00eas bobinas entre as quais uma pertence \u00e0 Funda\u00e7\u00e3o M\u00e1rio Soares e Maria Barroso.<\/p>\n<p>Os dois conjuntos incluem grava\u00e7\u00f5es da senha que deu origem ao golpe e do primeiro Encontro da Can\u00e7\u00e3o Portuguesa, em 29 de Mar\u00e7o de 1974, no Coliseu dos Recreios. A classifica\u00e7\u00e3o decorre de um processo iniciado em 2024.<\/p>\n<p>A decis\u00e3o foi publicada hoje no Di\u00e1rio da Rep\u00fablica, ap\u00f3s pareceres t\u00e9cnicos que defenderam a valoriza\u00e7\u00e3o de registos sonoros de import\u00e2ncia hist\u00f3rica. Os fonogramas entram assim no elenco de bens m\u00f3veis de interesse nacional.<\/p>\n<h3>Contexto e pessoas envolvidas<\/h3>\n<p>O primeiro conjunto \u00e9 propriedade da Funda\u00e7\u00e3o M\u00e1rio Soares e Maria Barroso e cont\u00e9m a leitura da quadra inaugural de Gr\u00e2ndola, vila morena, a can\u00e7\u00e3o que ficou associada \u00e0 Revolu\u00e7\u00e3o. Integram ainda a leitura de poemas de Carlos Albino e a can\u00e7\u00e3o coro da primavera de Jos\u00e9 Afonso.<\/p>\n<p>O segundo conjunto, pertencente \u00e0 RTP, inclui as duas bobinas do Primeiro Encontro da Can\u00e7\u00e3o Portuguesa, realizado em Lisboa, no Coliseu dos Recreios. Este evento enquadrou a escolha de Gr\u00e2ndola, vila morena como senha revolucion\u00e1ria.<\/p>\n<p>O despacho que fundamentou a classifica\u00e7\u00e3o remete para a relev\u00e2ncia cultural e para a mem\u00f3ria coletiva associada ao 25 de Abril. A conserva\u00e7\u00e3o de originais \u00e9 apresentada como crucial para o patrim\u00f3nio fonogr\u00e1fico nacional.<\/p>\n<h3>Linha temporal e processos<\/h3>\n<p>O procedimento de classifica\u00e7\u00e3o abriu em junho de 2024, com a proposta publicada em julho de 2025. O decreto final de hoje confirma a classifica\u00e7\u00e3o de ambos os conjuntos como tesouros nacionais de acordo com a legisla\u00e7\u00e3o.<\/p>\n<p>A doa\u00e7\u00e3o dos registos ocorreu por Manuel Tomaz, respons\u00e1vel pelas grava\u00e7\u00f5es e coautor do programa Limite. A gest\u00e3o p\u00fablica destacou que a transfer\u00eancia de registos assegura a prote\u00e7\u00e3o patrimonial.<\/p>\n<h3>Perspectivas futuras<\/h3>\n<p>A C\u00e2mara Municipal de Gr\u00e2ndola, em 2023, j\u00e1 destacava a import\u00e2ncia de preservar estes registos para evitar perdas. O objetivo \u00e9 consolidar os fonogramas no patrim\u00f3nio cultural m\u00f3vel nacional, com tutela adequada.<\/p>\n","protected":false},"excerpt":{"rendered":"<ul>\n<li>O Governo classificou como tesouros nacionais dois fonogramas relativos \u00e0 senha que deu in\u00edcio \u00e0 revolu\u00e7\u00e3o do 25 de abril de 1974, parte de um conjunto de tr\u00eas bobinas.<\/li>\n<li>A primeira bobina registra o programa Limite, da R\u00e1dio Renascen\u00e7a, que na madrugada de 25 de abril de 1974 desencadeou as movimenta\u00e7\u00f5es militares que puseram fim \u00e0 ditadura.<\/li>\n<li>As duas bobinas seguintes cont\u00eam a grava\u00e7\u00e3o do Primeiro Encontro da Can\u00e7\u00e3o Portuguesa, realizado a 29 de mar\u00e7o de 1974, no Coliseu dos Recreios, contextualizando a escolha de Gr\u00e2ndola, vila morena como senha da Revolu\u00e7\u00e3o.<\/li>\n<li>Os fonogramas s\u00e3o propriedade da Funda\u00e7\u00e3o M\u00e1rio Soares e Maria Barroso (primeira bobina) e da R\u00e1dio e Televis\u00e3o de Portugal (segunda e terceira bobinas).<\/li>\n<li>O processo de classifica\u00e7\u00e3o foi iniciado em 2024, com o despacho de 2023 a justificar a prote\u00e7\u00e3o, e o decreto de hoje inclui as bobinas no cat\u00e1logo de bens m\u00f3veis de interesse nacional.<\/li>\n<\/ul>\n","protected":false},"author":2,"featured_media":214417,"comment_status":"closed","ping_status":"closed","sticky":false,"template":"","format":"standard","meta":{"footnotes":""},"categories":[1],"tags":[145,299,1175,4489,5991],"class_list":["post-214412","post","type-post","status-publish","format-standard","has-post-thumbnail","hentry","category-noticias","tag-cultura","tag-historia","tag-patrimonio-cultural","tag-patrimonio-publico","tag-tesouros"],"yoast_head":"<!-- This site is optimized with the Yoast SEO plugin v27.2 - https:\/\/yoast.com\/product\/yoast-seo-wordpress\/ -->\n<title>Bobina com senha do 25 de Abril \u00e9 classificada como tesouro nacional - Portal Tela Portugal<\/title>\n<meta name=\"robots\" content=\"index, follow, max-snippet:-1, max-image-preview:large, max-video-preview:-1\" \/>\n<meta property=\"og:locale\" content=\"pt_PT\" \/>\n<meta property=\"og:type\" content=\"article\" \/>\n<meta property=\"og:title\" content=\"Bobina com senha do 25 de Abril \u00e9 classificada como tesouro nacional - Portal Tela Portugal\" \/>\n<meta property=\"og:description\" content=\"O Governo classificou como tesouros nacionais dois fonogramas relativos \u00e0 senha que deu in\u00edcio \u00e0 revolu\u00e7\u00e3o do 25 de abril de 1974, parte de um conjunto de tr\u00eas bobinas. A primeira bobina registra o programa Limite, da R\u00e1dio Renascen\u00e7a, que na madrugada de 25 de abril de 1974 desencadeou as movimenta\u00e7\u00f5es militares que puseram fim \u00e0 ditadura. As duas bobinas seguintes cont\u00eam a grava\u00e7\u00e3o do Primeiro Encontro da Can\u00e7\u00e3o Portuguesa, realizado a 29 de mar\u00e7o de 1974, no Coliseu dos Recreios, contextualizando a escolha de Gr\u00e2ndola, vila morena como senha da Revolu\u00e7\u00e3o. Os fonogramas s\u00e3o propriedade da Funda\u00e7\u00e3o M\u00e1rio Soares e Maria Barroso (primeira bobina) e da R\u00e1dio e Televis\u00e3o de Portugal (segunda e terceira bobinas). O processo de classifica\u00e7\u00e3o foi iniciado em 2024, com o despacho de 2023 a justificar a prote\u00e7\u00e3o, e o decreto de hoje inclui as bobinas no cat\u00e1logo de bens m\u00f3veis de interesse nacional.\" \/>\n<meta property=\"og:url\" content=\"https:\/\/portaltela.pt\/noticias\/2026\/02\/16\/bobina-com-senha-do-25-de-abril-e-classificada-como-tesouro-nacional\/\" \/>\n<meta property=\"og:site_name\" content=\"Portal Tela Portugal\" \/>\n<meta property=\"article:published_time\" content=\"2026-02-16T12:13:00+00:00\" \/>\n<meta name=\"author\" content=\"Telinha\" \/>\n<meta name=\"twitter:card\" content=\"summary_large_image\" \/>\n<meta name=\"twitter:label1\" content=\"Escrito por\" \/>\n\t<meta name=\"twitter:data1\" content=\"Telinha\" \/>\n\t<meta name=\"twitter:label2\" content=\"Tempo estimado de leitura\" \/>\n\t<meta name=\"twitter:data2\" content=\"2 minutos\" \/>\n<script type=\"application\/ld+json\" class=\"yoast-schema-graph\">{\"@context\":\"https:\/\/schema.org\",\"@graph\":[{\"@type\":\"Article\",\"@id\":\"https:\/\/portaltela.pt\/noticias\/2026\/02\/16\/bobina-com-senha-do-25-de-abril-e-classificada-como-tesouro-nacional\/#article\",\"isPartOf\":{\"@id\":\"https:\/\/portaltela.pt\/noticias\/2026\/02\/16\/bobina-com-senha-do-25-de-abril-e-classificada-como-tesouro-nacional\/\"},\"author\":{\"name\":\"Telinha\",\"@id\":\"https:\/\/portaltela.pt\/#\/schema\/person\/c4278d4a6028830caff9ee44b42d32ed\"},\"headline\":\"Bobina com senha do 25 de Abril \u00e9 classificada como tesouro nacional\",\"datePublished\":\"2026-02-16T12:13:00+00:00\",\"mainEntityOfPage\":{\"@id\":\"https:\/\/portaltela.pt\/noticias\/2026\/02\/16\/bobina-com-senha-do-25-de-abril-e-classificada-como-tesouro-nacional\/\"},\"wordCount\":376,\"image\":{\"@id\":\"https:\/\/portaltela.pt\/noticias\/2026\/02\/16\/bobina-com-senha-do-25-de-abril-e-classificada-como-tesouro-nacional\/#primaryimage\"},\"thumbnailUrl\":\"https:\/\/portaltela.pt\/s.01k8rhncp4jt1\/2026\/02\/2067575.jpg\",\"keywords\":[\"cultura\",\"hist\u00f3ria\",\"Patrim\u00f3nio Cultural\",\"patrim\u00f3nio p\u00fablico\",\"tesouros\"],\"articleSection\":[\"Not\u00edcias\"],\"inLanguage\":\"pt-PT\"},{\"@type\":\"WebPage\",\"@id\":\"https:\/\/portaltela.pt\/noticias\/2026\/02\/16\/bobina-com-senha-do-25-de-abril-e-classificada-como-tesouro-nacional\/\",\"url\":\"https:\/\/portaltela.pt\/noticias\/2026\/02\/16\/bobina-com-senha-do-25-de-abril-e-classificada-como-tesouro-nacional\/\",\"name\":\"Bobina com senha do 25 de Abril \u00e9 classificada como tesouro nacional - Portal Tela Portugal\",\"isPartOf\":{\"@id\":\"https:\/\/portaltela.pt\/#website\"},\"primaryImageOfPage\":{\"@id\":\"https:\/\/portaltela.pt\/noticias\/2026\/02\/16\/bobina-com-senha-do-25-de-abril-e-classificada-como-tesouro-nacional\/#primaryimage\"},\"image\":{\"@id\":\"https:\/\/portaltela.pt\/noticias\/2026\/02\/16\/bobina-com-senha-do-25-de-abril-e-classificada-como-tesouro-nacional\/#primaryimage\"},\"thumbnailUrl\":\"https:\/\/portaltela.pt\/s.01k8rhncp4jt1\/2026\/02\/2067575.jpg\",\"datePublished\":\"2026-02-16T12:13:00+00:00\",\"author\":{\"@id\":\"https:\/\/portaltela.pt\/#\/schema\/person\/c4278d4a6028830caff9ee44b42d32ed\"},\"breadcrumb\":{\"@id\":\"https:\/\/portaltela.pt\/noticias\/2026\/02\/16\/bobina-com-senha-do-25-de-abril-e-classificada-como-tesouro-nacional\/#breadcrumb\"},\"inLanguage\":\"pt-PT\",\"potentialAction\":[{\"@type\":\"ReadAction\",\"target\":[\"https:\/\/portaltela.pt\/noticias\/2026\/02\/16\/bobina-com-senha-do-25-de-abril-e-classificada-como-tesouro-nacional\/\"]}]},{\"@type\":\"ImageObject\",\"inLanguage\":\"pt-PT\",\"@id\":\"https:\/\/portaltela.pt\/noticias\/2026\/02\/16\/bobina-com-senha-do-25-de-abril-e-classificada-como-tesouro-nacional\/#primaryimage\",\"url\":\"https:\/\/portaltela.pt\/s.01k8rhncp4jt1\/2026\/02\/2067575.jpg\",\"contentUrl\":\"https:\/\/portaltela.pt\/s.01k8rhncp4jt1\/2026\/02\/2067575.jpg\",\"width\":796,\"height\":448,\"caption\":\"Jos\u00e9 Afonso, o autor de *Gr\u00e2ndola, vila morena*\"},{\"@type\":\"BreadcrumbList\",\"@id\":\"https:\/\/portaltela.pt\/noticias\/2026\/02\/16\/bobina-com-senha-do-25-de-abril-e-classificada-como-tesouro-nacional\/#breadcrumb\",\"itemListElement\":[{\"@type\":\"ListItem\",\"position\":1,\"name\":\"In\u00edcio\",\"item\":\"https:\/\/portaltela.pt\/\"},{\"@type\":\"ListItem\",\"position\":2,\"name\":\"Bobina com senha do 25 de Abril \u00e9 classificada como tesouro nacional\"}]},{\"@type\":\"WebSite\",\"@id\":\"https:\/\/portaltela.pt\/#website\",\"url\":\"https:\/\/portaltela.pt\/\",\"name\":\"Portal Tela Portugal\",\"description\":\"\",\"potentialAction\":[{\"@type\":\"SearchAction\",\"target\":{\"@type\":\"EntryPoint\",\"urlTemplate\":\"https:\/\/portaltela.pt\/?s={search_term_string}\"},\"query-input\":{\"@type\":\"PropertyValueSpecification\",\"valueRequired\":true,\"valueName\":\"search_term_string\"}}],\"inLanguage\":\"pt-PT\"},{\"@type\":\"Person\",\"@id\":\"https:\/\/portaltela.pt\/#\/schema\/person\/c4278d4a6028830caff9ee44b42d32ed\",\"name\":\"Telinha\",\"image\":{\"@type\":\"ImageObject\",\"inLanguage\":\"pt-PT\",\"@id\":\"https:\/\/portaltela.pt\/s.01k8rhncp4jt1\/2025\/11\/talking-bot-125x125.png\",\"url\":\"https:\/\/portaltela.pt\/s.01k8rhncp4jt1\/2025\/11\/talking-bot-125x125.png\",\"contentUrl\":\"https:\/\/portaltela.pt\/s.01k8rhncp4jt1\/2025\/11\/talking-bot-125x125.png\",\"caption\":\"Telinha\"},\"sameAs\":[\"https:\/\/portaltela.pt\/\"],\"url\":\"https:\/\/portaltela.pt\/por\/367410592786\/\"}]}<\/script>\n<!-- \/ Yoast SEO plugin. -->","yoast_head_json":{"title":"Bobina com senha do 25 de Abril \u00e9 classificada como tesouro nacional - Portal Tela Portugal","robots":{"index":"index","follow":"follow","max-snippet":"max-snippet:-1","max-image-preview":"max-image-preview:large","max-video-preview":"max-video-preview:-1"},"og_locale":"pt_PT","og_type":"article","og_title":"Bobina com senha do 25 de Abril \u00e9 classificada como tesouro nacional - Portal Tela Portugal","og_description":"O Governo classificou como tesouros nacionais dois fonogramas relativos \u00e0 senha que deu in\u00edcio \u00e0 revolu\u00e7\u00e3o do 25 de abril de 1974, parte de um conjunto de tr\u00eas bobinas. A primeira bobina registra o programa Limite, da R\u00e1dio Renascen\u00e7a, que na madrugada de 25 de abril de 1974 desencadeou as movimenta\u00e7\u00f5es militares que puseram fim \u00e0 ditadura. As duas bobinas seguintes cont\u00eam a grava\u00e7\u00e3o do Primeiro Encontro da Can\u00e7\u00e3o Portuguesa, realizado a 29 de mar\u00e7o de 1974, no Coliseu dos Recreios, contextualizando a escolha de Gr\u00e2ndola, vila morena como senha da Revolu\u00e7\u00e3o. Os fonogramas s\u00e3o propriedade da Funda\u00e7\u00e3o M\u00e1rio Soares e Maria Barroso (primeira bobina) e da R\u00e1dio e Televis\u00e3o de Portugal (segunda e terceira bobinas). O processo de classifica\u00e7\u00e3o foi iniciado em 2024, com o despacho de 2023 a justificar a prote\u00e7\u00e3o, e o decreto de hoje inclui as bobinas no cat\u00e1logo de bens m\u00f3veis de interesse nacional.","og_url":"https:\/\/portaltela.pt\/noticias\/2026\/02\/16\/bobina-com-senha-do-25-de-abril-e-classificada-como-tesouro-nacional\/","og_site_name":"Portal Tela Portugal","article_published_time":"2026-02-16T12:13:00+00:00","author":"Telinha","twitter_card":"summary_large_image","twitter_misc":{"Escrito por":"Telinha","Tempo estimado de leitura":"2 minutos"},"schema":{"@context":"https:\/\/schema.org","@graph":[{"@type":"Article","@id":"https:\/\/portaltela.pt\/noticias\/2026\/02\/16\/bobina-com-senha-do-25-de-abril-e-classificada-como-tesouro-nacional\/#article","isPartOf":{"@id":"https:\/\/portaltela.pt\/noticias\/2026\/02\/16\/bobina-com-senha-do-25-de-abril-e-classificada-como-tesouro-nacional\/"},"author":{"name":"Telinha","@id":"https:\/\/portaltela.pt\/#\/schema\/person\/c4278d4a6028830caff9ee44b42d32ed"},"headline":"Bobina com senha do 25 de Abril \u00e9 classificada como tesouro nacional","datePublished":"2026-02-16T12:13:00+00:00","mainEntityOfPage":{"@id":"https:\/\/portaltela.pt\/noticias\/2026\/02\/16\/bobina-com-senha-do-25-de-abril-e-classificada-como-tesouro-nacional\/"},"wordCount":376,"image":{"@id":"https:\/\/portaltela.pt\/noticias\/2026\/02\/16\/bobina-com-senha-do-25-de-abril-e-classificada-como-tesouro-nacional\/#primaryimage"},"thumbnailUrl":"https:\/\/portaltela.pt\/s.01k8rhncp4jt1\/2026\/02\/2067575.jpg","keywords":["cultura","hist\u00f3ria","Patrim\u00f3nio Cultural","patrim\u00f3nio p\u00fablico","tesouros"],"articleSection":["Not\u00edcias"],"inLanguage":"pt-PT"},{"@type":"WebPage","@id":"https:\/\/portaltela.pt\/noticias\/2026\/02\/16\/bobina-com-senha-do-25-de-abril-e-classificada-como-tesouro-nacional\/","url":"https:\/\/portaltela.pt\/noticias\/2026\/02\/16\/bobina-com-senha-do-25-de-abril-e-classificada-como-tesouro-nacional\/","name":"Bobina com senha do 25 de Abril \u00e9 classificada como tesouro nacional - Portal Tela Portugal","isPartOf":{"@id":"https:\/\/portaltela.pt\/#website"},"primaryImageOfPage":{"@id":"https:\/\/portaltela.pt\/noticias\/2026\/02\/16\/bobina-com-senha-do-25-de-abril-e-classificada-como-tesouro-nacional\/#primaryimage"},"image":{"@id":"https:\/\/portaltela.pt\/noticias\/2026\/02\/16\/bobina-com-senha-do-25-de-abril-e-classificada-como-tesouro-nacional\/#primaryimage"},"thumbnailUrl":"https:\/\/portaltela.pt\/s.01k8rhncp4jt1\/2026\/02\/2067575.jpg","datePublished":"2026-02-16T12:13:00+00:00","author":{"@id":"https:\/\/portaltela.pt\/#\/schema\/person\/c4278d4a6028830caff9ee44b42d32ed"},"breadcrumb":{"@id":"https:\/\/portaltela.pt\/noticias\/2026\/02\/16\/bobina-com-senha-do-25-de-abril-e-classificada-como-tesouro-nacional\/#breadcrumb"},"inLanguage":"pt-PT","potentialAction":[{"@type":"ReadAction","target":["https:\/\/portaltela.pt\/noticias\/2026\/02\/16\/bobina-com-senha-do-25-de-abril-e-classificada-como-tesouro-nacional\/"]}]},{"@type":"ImageObject","inLanguage":"pt-PT","@id":"https:\/\/portaltela.pt\/noticias\/2026\/02\/16\/bobina-com-senha-do-25-de-abril-e-classificada-como-tesouro-nacional\/#primaryimage","url":"https:\/\/portaltela.pt\/s.01k8rhncp4jt1\/2026\/02\/2067575.jpg","contentUrl":"https:\/\/portaltela.pt\/s.01k8rhncp4jt1\/2026\/02\/2067575.jpg","width":796,"height":448,"caption":"Jos\u00e9 Afonso, o autor de *Gr\u00e2ndola, vila morena*"},{"@type":"BreadcrumbList","@id":"https:\/\/portaltela.pt\/noticias\/2026\/02\/16\/bobina-com-senha-do-25-de-abril-e-classificada-como-tesouro-nacional\/#breadcrumb","itemListElement":[{"@type":"ListItem","position":1,"name":"In\u00edcio","item":"https:\/\/portaltela.pt\/"},{"@type":"ListItem","position":2,"name":"Bobina com senha do 25 de Abril \u00e9 classificada como tesouro nacional"}]},{"@type":"WebSite","@id":"https:\/\/portaltela.pt\/#website","url":"https:\/\/portaltela.pt\/","name":"Portal Tela Portugal","description":"","potentialAction":[{"@type":"SearchAction","target":{"@type":"EntryPoint","urlTemplate":"https:\/\/portaltela.pt\/?s={search_term_string}"},"query-input":{"@type":"PropertyValueSpecification","valueRequired":true,"valueName":"search_term_string"}}],"inLanguage":"pt-PT"},{"@type":"Person","@id":"https:\/\/portaltela.pt\/#\/schema\/person\/c4278d4a6028830caff9ee44b42d32ed","name":"Telinha","image":{"@type":"ImageObject","inLanguage":"pt-PT","@id":"https:\/\/portaltela.pt\/s.01k8rhncp4jt1\/2025\/11\/talking-bot-125x125.png","url":"https:\/\/portaltela.pt\/s.01k8rhncp4jt1\/2025\/11\/talking-bot-125x125.png","contentUrl":"https:\/\/portaltela.pt\/s.01k8rhncp4jt1\/2025\/11\/talking-bot-125x125.png","caption":"Telinha"},"sameAs":["https:\/\/portaltela.pt\/"],"url":"https:\/\/portaltela.pt\/por\/367410592786\/"}]}},"_links":{"self":[{"href":"https:\/\/portaltela.pt\/api\/wp\/v2\/posts\/214412","targetHints":{"allow":["GET"]}}],"collection":[{"href":"https:\/\/portaltela.pt\/api\/wp\/v2\/posts"}],"about":[{"href":"https:\/\/portaltela.pt\/api\/wp\/v2\/types\/post"}],"author":[{"embeddable":true,"href":"https:\/\/portaltela.pt\/api\/wp\/v2\/users\/2"}],"replies":[{"embeddable":true,"href":"https:\/\/portaltela.pt\/api\/wp\/v2\/comments?post=214412"}],"version-history":[{"count":0,"href":"https:\/\/portaltela.pt\/api\/wp\/v2\/posts\/214412\/revisions"}],"wp:featuredmedia":[{"embeddable":true,"href":"https:\/\/portaltela.pt\/api\/wp\/v2\/media\/214417"}],"wp:attachment":[{"href":"https:\/\/portaltela.pt\/api\/wp\/v2\/media?parent=214412"}],"wp:term":[{"taxonomy":"category","embeddable":true,"href":"https:\/\/portaltela.pt\/api\/wp\/v2\/categories?post=214412"},{"taxonomy":"post_tag","embeddable":true,"href":"https:\/\/portaltela.pt\/api\/wp\/v2\/tags?post=214412"}],"curies":[{"name":"wp","href":"https:\/\/api.w.org\/{rel}","templated":true}]}}