{"id":214357,"date":"2026-02-16T08:47:18","date_gmt":"2026-02-16T11:47:18","guid":{"rendered":"https:\/\/portaltela.pt\/noticias\/2026\/02\/16\/comissaria-suica-representara-a-ue-na-reuniao-do-conselho-da-paz-em-washington\/"},"modified":"2026-02-16T08:47:18","modified_gmt":"2026-02-16T11:47:18","slug":"comissaria-suica-representara-a-ue-na-reuniao-do-conselho-da-paz-em-washington","status":"publish","type":"post","link":"https:\/\/portaltela.pt\/noticias\/politica\/2026\/02\/16\/comissaria-suica-representara-a-ue-na-reuniao-do-conselho-da-paz-em-washington\/","title":{"rendered":"Comiss\u00e1ria \u0160uica representar\u00e1 a UE na reuni\u00e3o do Conselho da Paz em Washington"},"content":{"rendered":"<p>A Comiss\u00e3o Europeia planeia enviar a comiss\u00e1ria europeia para o Mediterr\u00e2neo, Dubravka \u0160uica, \u00e0 primeira reuni\u00e3o formal do Conselho de Paz do presidente dos EUA, Donald Trump, em Washington. A iniciativa surge apesar das preocupa\u00e7\u00f5es sobre o estatuto da UE no organismo, confirmaram fontes \u00e0 Euronews.<\/p>\n<p>Segundo as informa\u00e7\u00f5es, Bruxelas pretende que \u0160uica participe como observadora, sem ades\u00e3o oficial, numa tentativa de manter algum n\u00edvel de coopera\u00e7\u00e3o com o Conselho de Paz. It\u00e1lia, Rom\u00e9nia e Chipre tamb\u00e9m comunicaram a inten\u00e7\u00e3o de acompanhar o processo nesse formato.<\/p>\n<p>A reuni\u00e3o est\u00e1 marcada para esta quinta-feira, em Washington, num contexto de debates sobre a legitimidade e governan\u00e7a do Conselho, criado inicialmente para a reconstru\u00e7\u00e3o de Gaza e, posteriormente, para uma vis\u00e3o de paz global. A UE continua a exigir clarifica\u00e7\u00f5es legais.<\/p>\n<p>A Uni\u00e3o Europeia questiona o \u00e2mbito, a governa\u00e7\u00e3o e a compatibilidade do Conselho com a Carta das Na\u00e7\u00f5es Unidas, da qual os 27 Estados-membros s\u00e3o signat\u00e1rios. Ainda assim, \u00e9 o maior doador de ajuda \u00e0 popula\u00e7\u00e3o palestiniana, com 1,65 mil milh\u00f5es de euros desde 2023, e n\u00e3o quer ficar \u00e0 margem.<\/p>\n<h3>Participa\u00e7\u00e3o de Estados-Membros e posi\u00e7\u00f5es<\/h3>\n<p>Hungria e Bulg\u00e1ria j\u00e1 aceitaram serem membros, com o primeiro ministro h\u00fangaro, Viktor Orb\u00e1n, a participar nesta reuni\u00e3o. O diplomata bulgaro Nickolay Mladenov foi nomeado Alto Representante para Gaza, para facilitar liga\u00e7\u00f5es entre o Conselho e um comit\u00e9 t\u00e9cnico palestiniano.<\/p>\n<p>It\u00e1lia, Chipre e Rom\u00e9nia confirmaram a decis\u00e3o de participar como observadores, n\u00e3o como membros efetivos. A primeira-ministra italiana, Giorgia Meloni, sugeriu a observa\u00e7\u00e3o como solu\u00e7\u00e3o vi\u00e1vel, ap\u00f3s ter recebido o convite de Trump. Ainda n\u00e3o est\u00e1 claro quem representar\u00e1 It\u00e1lia.<\/p>\n","protected":false},"excerpt":{"rendered":"<ul>\n<li>Dubravka \u0160uica vai a Washington no final desta semana para marcar presen\u00e7a na primeira reuni\u00e3o formal do Conselho de Paz criado por Donald Trump.<\/li>\n<li>A Uni\u00e3o Europeia n\u00e3o recebeu convite oficial de ades\u00e3o, mas espera obter o estatuto de observador para colaborar nos trabalhos do Conselho.<\/li>\n<li>It\u00e1lia, Rom\u00e9nia e Chipre tamb\u00e9m v\u00e3o participar como observadores, apesar das preocupa\u00e7\u00f5es legais da UE sobre a estrutura e o mandato do Conselho.<\/li>\n<li>O Conselho, inaugurado em Davos, visa a reconstru\u00e7\u00e3o de Gaza e a promo\u00e7\u00e3o da paz global, com d\u00favidas sobre governa\u00e7\u00e3o, \u00e2mbito e compatibilidade com a Carta das Na\u00e7\u00f5es Unidas.<\/li>\n<li>A UE \u00e9 o principal donat\u00e1rio de ajuda aos palestinianos (1,65 mil milh\u00f5es de euros desde outubro de 2023); Hungria e Bulg\u00e1ria j\u00e1 aderiram como membros, e Nickolay Mladenov foi nomeado Alto Representante para Gaza.<\/li>\n<\/ul>\n","protected":false},"author":2,"featured_media":214359,"comment_status":"closed","ping_status":"closed","sticky":false,"template":"","format":"standard","meta":{"footnotes":""},"categories":[1,5],"tags":[3251,256,29,5259,5698,2055],"class_list":["post-214357","post","type-post","status-publish","format-standard","has-post-thumbnail","hentry","category-noticias","category-politica","tag-carta-das-nacoes-unidas","tag-cooperacao-internacional","tag-diplomacia","tag-observadores-internacionais","tag-politica-internacional","tag-uniao-europeia"],"yoast_head":"<!-- This site is optimized with the Yoast SEO plugin v27.2 - https:\/\/yoast.com\/product\/yoast-seo-wordpress\/ -->\n<title>Comiss\u00e1ria \u0160uica representar\u00e1 a UE na reuni\u00e3o do Conselho da Paz em Washington - Portal Tela Portugal<\/title>\n<meta name=\"robots\" content=\"index, follow, max-snippet:-1, max-image-preview:large, max-video-preview:-1\" \/>\n<meta property=\"og:locale\" content=\"pt_PT\" \/>\n<meta property=\"og:type\" content=\"article\" \/>\n<meta property=\"og:title\" content=\"Comiss\u00e1ria \u0160uica representar\u00e1 a UE na reuni\u00e3o do Conselho da Paz em Washington - Portal Tela Portugal\" \/>\n<meta property=\"og:description\" content=\"Dubravka \u0160uica vai a Washington no final desta semana para marcar presen\u00e7a na primeira reuni\u00e3o formal do Conselho de Paz criado por Donald Trump. A Uni\u00e3o Europeia n\u00e3o recebeu convite oficial de ades\u00e3o, mas espera obter o estatuto de observador para colaborar nos trabalhos do Conselho. It\u00e1lia, Rom\u00e9nia e Chipre tamb\u00e9m v\u00e3o participar como observadores, apesar das preocupa\u00e7\u00f5es legais da UE sobre a estrutura e o mandato do Conselho. O Conselho, inaugurado em Davos, visa a reconstru\u00e7\u00e3o de Gaza e a promo\u00e7\u00e3o da paz global, com d\u00favidas sobre governa\u00e7\u00e3o, \u00e2mbito e compatibilidade com a Carta das Na\u00e7\u00f5es Unidas. A UE \u00e9 o principal donat\u00e1rio de ajuda aos palestinianos (1,65 mil milh\u00f5es de euros desde outubro de 2023); Hungria e Bulg\u00e1ria j\u00e1 aderiram como membros, e Nickolay Mladenov foi nomeado Alto Representante para Gaza.\" \/>\n<meta property=\"og:url\" content=\"https:\/\/portaltela.pt\/noticias\/2026\/02\/16\/comissaria-suica-representara-a-ue-na-reuniao-do-conselho-da-paz-em-washington\/\" \/>\n<meta property=\"og:site_name\" content=\"Portal Tela Portugal\" \/>\n<meta property=\"article:published_time\" content=\"2026-02-16T11:47:18+00:00\" \/>\n<meta name=\"author\" content=\"Telinha\" \/>\n<meta name=\"twitter:card\" content=\"summary_large_image\" \/>\n<meta name=\"twitter:label1\" content=\"Escrito por\" \/>\n\t<meta name=\"twitter:data1\" content=\"Telinha\" \/>\n\t<meta name=\"twitter:label2\" content=\"Tempo estimado de leitura\" \/>\n\t<meta name=\"twitter:data2\" content=\"2 minutos\" \/>\n<script type=\"application\/ld+json\" class=\"yoast-schema-graph\">{\"@context\":\"https:\/\/schema.org\",\"@graph\":[{\"@type\":\"Article\",\"@id\":\"https:\/\/portaltela.pt\/noticias\/2026\/02\/16\/comissaria-suica-representara-a-ue-na-reuniao-do-conselho-da-paz-em-washington\/#article\",\"isPartOf\":{\"@id\":\"https:\/\/portaltela.pt\/noticias\/2026\/02\/16\/comissaria-suica-representara-a-ue-na-reuniao-do-conselho-da-paz-em-washington\/\"},\"author\":{\"name\":\"Telinha\",\"@id\":\"https:\/\/portaltela.pt\/#\/schema\/person\/c4278d4a6028830caff9ee44b42d32ed\"},\"headline\":\"Comiss\u00e1ria \u0160uica representar\u00e1 a UE na reuni\u00e3o do Conselho da Paz em Washington\",\"datePublished\":\"2026-02-16T11:47:18+00:00\",\"mainEntityOfPage\":{\"@id\":\"https:\/\/portaltela.pt\/noticias\/2026\/02\/16\/comissaria-suica-representara-a-ue-na-reuniao-do-conselho-da-paz-em-washington\/\"},\"wordCount\":315,\"image\":{\"@id\":\"https:\/\/portaltela.pt\/noticias\/2026\/02\/16\/comissaria-suica-representara-a-ue-na-reuniao-do-conselho-da-paz-em-washington\/#primaryimage\"},\"thumbnailUrl\":\"https:\/\/portaltela.pt\/s.01k8rhncp4jt1\/2026\/02\/1536x864_cmsv2_99820d84-a214-54ea-a8f5-0c8972370b94-9652549.jpg\",\"keywords\":[\"Carta das Na\u00e7\u00f5es Unidas\",\"coopera\u00e7\u00e3o internacional\",\"diplomacia\",\"observadores internacionais\",\"pol\u00edtica internacional\",\"Uni\u00e3o Europeia\"],\"articleSection\":[\"Not\u00edcias\",\"Pol\u00edtica\"],\"inLanguage\":\"pt-PT\"},{\"@type\":\"WebPage\",\"@id\":\"https:\/\/portaltela.pt\/noticias\/2026\/02\/16\/comissaria-suica-representara-a-ue-na-reuniao-do-conselho-da-paz-em-washington\/\",\"url\":\"https:\/\/portaltela.pt\/noticias\/2026\/02\/16\/comissaria-suica-representara-a-ue-na-reuniao-do-conselho-da-paz-em-washington\/\",\"name\":\"Comiss\u00e1ria \u0160uica representar\u00e1 a UE na reuni\u00e3o do Conselho da Paz em Washington - Portal Tela Portugal\",\"isPartOf\":{\"@id\":\"https:\/\/portaltela.pt\/#website\"},\"primaryImageOfPage\":{\"@id\":\"https:\/\/portaltela.pt\/noticias\/2026\/02\/16\/comissaria-suica-representara-a-ue-na-reuniao-do-conselho-da-paz-em-washington\/#primaryimage\"},\"image\":{\"@id\":\"https:\/\/portaltela.pt\/noticias\/2026\/02\/16\/comissaria-suica-representara-a-ue-na-reuniao-do-conselho-da-paz-em-washington\/#primaryimage\"},\"thumbnailUrl\":\"https:\/\/portaltela.pt\/s.01k8rhncp4jt1\/2026\/02\/1536x864_cmsv2_99820d84-a214-54ea-a8f5-0c8972370b94-9652549.jpg\",\"datePublished\":\"2026-02-16T11:47:18+00:00\",\"author\":{\"@id\":\"https:\/\/portaltela.pt\/#\/schema\/person\/c4278d4a6028830caff9ee44b42d32ed\"},\"breadcrumb\":{\"@id\":\"https:\/\/portaltela.pt\/noticias\/2026\/02\/16\/comissaria-suica-representara-a-ue-na-reuniao-do-conselho-da-paz-em-washington\/#breadcrumb\"},\"inLanguage\":\"pt-PT\",\"potentialAction\":[{\"@type\":\"ReadAction\",\"target\":[\"https:\/\/portaltela.pt\/noticias\/2026\/02\/16\/comissaria-suica-representara-a-ue-na-reuniao-do-conselho-da-paz-em-washington\/\"]}]},{\"@type\":\"ImageObject\",\"inLanguage\":\"pt-PT\",\"@id\":\"https:\/\/portaltela.pt\/noticias\/2026\/02\/16\/comissaria-suica-representara-a-ue-na-reuniao-do-conselho-da-paz-em-washington\/#primaryimage\",\"url\":\"https:\/\/portaltela.pt\/s.01k8rhncp4jt1\/2026\/02\/1536x864_cmsv2_99820d84-a214-54ea-a8f5-0c8972370b94-9652549.jpg\",\"contentUrl\":\"https:\/\/portaltela.pt\/s.01k8rhncp4jt1\/2026\/02\/1536x864_cmsv2_99820d84-a214-54ea-a8f5-0c8972370b94-9652549.jpg\",\"width\":796,\"height\":448,\"caption\":\"Dubravka Suica, Comiss\u00e1ria da Uni\u00e3o Europeia para o Mediterr\u00e2neo, discursa na Assembleia Geral das Na\u00e7\u00f5es Unidas, segunda-feira, 28 de julho de 2025\"},{\"@type\":\"BreadcrumbList\",\"@id\":\"https:\/\/portaltela.pt\/noticias\/2026\/02\/16\/comissaria-suica-representara-a-ue-na-reuniao-do-conselho-da-paz-em-washington\/#breadcrumb\",\"itemListElement\":[{\"@type\":\"ListItem\",\"position\":1,\"name\":\"In\u00edcio\",\"item\":\"https:\/\/portaltela.pt\/\"},{\"@type\":\"ListItem\",\"position\":2,\"name\":\"Comiss\u00e1ria \u0160uica representar\u00e1 a UE na reuni\u00e3o do Conselho da Paz em Washington\"}]},{\"@type\":\"WebSite\",\"@id\":\"https:\/\/portaltela.pt\/#website\",\"url\":\"https:\/\/portaltela.pt\/\",\"name\":\"Portal Tela Portugal\",\"description\":\"\",\"potentialAction\":[{\"@type\":\"SearchAction\",\"target\":{\"@type\":\"EntryPoint\",\"urlTemplate\":\"https:\/\/portaltela.pt\/?s={search_term_string}\"},\"query-input\":{\"@type\":\"PropertyValueSpecification\",\"valueRequired\":true,\"valueName\":\"search_term_string\"}}],\"inLanguage\":\"pt-PT\"},{\"@type\":\"Person\",\"@id\":\"https:\/\/portaltela.pt\/#\/schema\/person\/c4278d4a6028830caff9ee44b42d32ed\",\"name\":\"Telinha\",\"image\":{\"@type\":\"ImageObject\",\"inLanguage\":\"pt-PT\",\"@id\":\"https:\/\/portaltela.pt\/s.01k8rhncp4jt1\/2025\/11\/talking-bot-125x125.png\",\"url\":\"https:\/\/portaltela.pt\/s.01k8rhncp4jt1\/2025\/11\/talking-bot-125x125.png\",\"contentUrl\":\"https:\/\/portaltela.pt\/s.01k8rhncp4jt1\/2025\/11\/talking-bot-125x125.png\",\"caption\":\"Telinha\"},\"sameAs\":[\"https:\/\/portaltela.pt\/\"],\"url\":\"https:\/\/portaltela.pt\/por\/367410592786\/\"}]}<\/script>\n<!-- \/ Yoast SEO plugin. -->","yoast_head_json":{"title":"Comiss\u00e1ria \u0160uica representar\u00e1 a UE na reuni\u00e3o do Conselho da Paz em Washington - Portal Tela Portugal","robots":{"index":"index","follow":"follow","max-snippet":"max-snippet:-1","max-image-preview":"max-image-preview:large","max-video-preview":"max-video-preview:-1"},"og_locale":"pt_PT","og_type":"article","og_title":"Comiss\u00e1ria \u0160uica representar\u00e1 a UE na reuni\u00e3o do Conselho da Paz em Washington - Portal Tela Portugal","og_description":"Dubravka \u0160uica vai a Washington no final desta semana para marcar presen\u00e7a na primeira reuni\u00e3o formal do Conselho de Paz criado por Donald Trump. A Uni\u00e3o Europeia n\u00e3o recebeu convite oficial de ades\u00e3o, mas espera obter o estatuto de observador para colaborar nos trabalhos do Conselho. It\u00e1lia, Rom\u00e9nia e Chipre tamb\u00e9m v\u00e3o participar como observadores, apesar das preocupa\u00e7\u00f5es legais da UE sobre a estrutura e o mandato do Conselho. O Conselho, inaugurado em Davos, visa a reconstru\u00e7\u00e3o de Gaza e a promo\u00e7\u00e3o da paz global, com d\u00favidas sobre governa\u00e7\u00e3o, \u00e2mbito e compatibilidade com a Carta das Na\u00e7\u00f5es Unidas. A UE \u00e9 o principal donat\u00e1rio de ajuda aos palestinianos (1,65 mil milh\u00f5es de euros desde outubro de 2023); Hungria e Bulg\u00e1ria j\u00e1 aderiram como membros, e Nickolay Mladenov foi nomeado Alto Representante para Gaza.","og_url":"https:\/\/portaltela.pt\/noticias\/2026\/02\/16\/comissaria-suica-representara-a-ue-na-reuniao-do-conselho-da-paz-em-washington\/","og_site_name":"Portal Tela Portugal","article_published_time":"2026-02-16T11:47:18+00:00","author":"Telinha","twitter_card":"summary_large_image","twitter_misc":{"Escrito por":"Telinha","Tempo estimado de leitura":"2 minutos"},"schema":{"@context":"https:\/\/schema.org","@graph":[{"@type":"Article","@id":"https:\/\/portaltela.pt\/noticias\/2026\/02\/16\/comissaria-suica-representara-a-ue-na-reuniao-do-conselho-da-paz-em-washington\/#article","isPartOf":{"@id":"https:\/\/portaltela.pt\/noticias\/2026\/02\/16\/comissaria-suica-representara-a-ue-na-reuniao-do-conselho-da-paz-em-washington\/"},"author":{"name":"Telinha","@id":"https:\/\/portaltela.pt\/#\/schema\/person\/c4278d4a6028830caff9ee44b42d32ed"},"headline":"Comiss\u00e1ria \u0160uica representar\u00e1 a UE na reuni\u00e3o do Conselho da Paz em Washington","datePublished":"2026-02-16T11:47:18+00:00","mainEntityOfPage":{"@id":"https:\/\/portaltela.pt\/noticias\/2026\/02\/16\/comissaria-suica-representara-a-ue-na-reuniao-do-conselho-da-paz-em-washington\/"},"wordCount":315,"image":{"@id":"https:\/\/portaltela.pt\/noticias\/2026\/02\/16\/comissaria-suica-representara-a-ue-na-reuniao-do-conselho-da-paz-em-washington\/#primaryimage"},"thumbnailUrl":"https:\/\/portaltela.pt\/s.01k8rhncp4jt1\/2026\/02\/1536x864_cmsv2_99820d84-a214-54ea-a8f5-0c8972370b94-9652549.jpg","keywords":["Carta das Na\u00e7\u00f5es Unidas","coopera\u00e7\u00e3o internacional","diplomacia","observadores internacionais","pol\u00edtica internacional","Uni\u00e3o Europeia"],"articleSection":["Not\u00edcias","Pol\u00edtica"],"inLanguage":"pt-PT"},{"@type":"WebPage","@id":"https:\/\/portaltela.pt\/noticias\/2026\/02\/16\/comissaria-suica-representara-a-ue-na-reuniao-do-conselho-da-paz-em-washington\/","url":"https:\/\/portaltela.pt\/noticias\/2026\/02\/16\/comissaria-suica-representara-a-ue-na-reuniao-do-conselho-da-paz-em-washington\/","name":"Comiss\u00e1ria \u0160uica representar\u00e1 a UE na reuni\u00e3o do Conselho da Paz em Washington - Portal Tela Portugal","isPartOf":{"@id":"https:\/\/portaltela.pt\/#website"},"primaryImageOfPage":{"@id":"https:\/\/portaltela.pt\/noticias\/2026\/02\/16\/comissaria-suica-representara-a-ue-na-reuniao-do-conselho-da-paz-em-washington\/#primaryimage"},"image":{"@id":"https:\/\/portaltela.pt\/noticias\/2026\/02\/16\/comissaria-suica-representara-a-ue-na-reuniao-do-conselho-da-paz-em-washington\/#primaryimage"},"thumbnailUrl":"https:\/\/portaltela.pt\/s.01k8rhncp4jt1\/2026\/02\/1536x864_cmsv2_99820d84-a214-54ea-a8f5-0c8972370b94-9652549.jpg","datePublished":"2026-02-16T11:47:18+00:00","author":{"@id":"https:\/\/portaltela.pt\/#\/schema\/person\/c4278d4a6028830caff9ee44b42d32ed"},"breadcrumb":{"@id":"https:\/\/portaltela.pt\/noticias\/2026\/02\/16\/comissaria-suica-representara-a-ue-na-reuniao-do-conselho-da-paz-em-washington\/#breadcrumb"},"inLanguage":"pt-PT","potentialAction":[{"@type":"ReadAction","target":["https:\/\/portaltela.pt\/noticias\/2026\/02\/16\/comissaria-suica-representara-a-ue-na-reuniao-do-conselho-da-paz-em-washington\/"]}]},{"@type":"ImageObject","inLanguage":"pt-PT","@id":"https:\/\/portaltela.pt\/noticias\/2026\/02\/16\/comissaria-suica-representara-a-ue-na-reuniao-do-conselho-da-paz-em-washington\/#primaryimage","url":"https:\/\/portaltela.pt\/s.01k8rhncp4jt1\/2026\/02\/1536x864_cmsv2_99820d84-a214-54ea-a8f5-0c8972370b94-9652549.jpg","contentUrl":"https:\/\/portaltela.pt\/s.01k8rhncp4jt1\/2026\/02\/1536x864_cmsv2_99820d84-a214-54ea-a8f5-0c8972370b94-9652549.jpg","width":796,"height":448,"caption":"Dubravka Suica, Comiss\u00e1ria da Uni\u00e3o Europeia para o Mediterr\u00e2neo, discursa na Assembleia Geral das Na\u00e7\u00f5es Unidas, segunda-feira, 28 de julho de 2025"},{"@type":"BreadcrumbList","@id":"https:\/\/portaltela.pt\/noticias\/2026\/02\/16\/comissaria-suica-representara-a-ue-na-reuniao-do-conselho-da-paz-em-washington\/#breadcrumb","itemListElement":[{"@type":"ListItem","position":1,"name":"In\u00edcio","item":"https:\/\/portaltela.pt\/"},{"@type":"ListItem","position":2,"name":"Comiss\u00e1ria \u0160uica representar\u00e1 a UE na reuni\u00e3o do Conselho da Paz em Washington"}]},{"@type":"WebSite","@id":"https:\/\/portaltela.pt\/#website","url":"https:\/\/portaltela.pt\/","name":"Portal Tela Portugal","description":"","potentialAction":[{"@type":"SearchAction","target":{"@type":"EntryPoint","urlTemplate":"https:\/\/portaltela.pt\/?s={search_term_string}"},"query-input":{"@type":"PropertyValueSpecification","valueRequired":true,"valueName":"search_term_string"}}],"inLanguage":"pt-PT"},{"@type":"Person","@id":"https:\/\/portaltela.pt\/#\/schema\/person\/c4278d4a6028830caff9ee44b42d32ed","name":"Telinha","image":{"@type":"ImageObject","inLanguage":"pt-PT","@id":"https:\/\/portaltela.pt\/s.01k8rhncp4jt1\/2025\/11\/talking-bot-125x125.png","url":"https:\/\/portaltela.pt\/s.01k8rhncp4jt1\/2025\/11\/talking-bot-125x125.png","contentUrl":"https:\/\/portaltela.pt\/s.01k8rhncp4jt1\/2025\/11\/talking-bot-125x125.png","caption":"Telinha"},"sameAs":["https:\/\/portaltela.pt\/"],"url":"https:\/\/portaltela.pt\/por\/367410592786\/"}]}},"_links":{"self":[{"href":"https:\/\/portaltela.pt\/api\/wp\/v2\/posts\/214357","targetHints":{"allow":["GET"]}}],"collection":[{"href":"https:\/\/portaltela.pt\/api\/wp\/v2\/posts"}],"about":[{"href":"https:\/\/portaltela.pt\/api\/wp\/v2\/types\/post"}],"author":[{"embeddable":true,"href":"https:\/\/portaltela.pt\/api\/wp\/v2\/users\/2"}],"replies":[{"embeddable":true,"href":"https:\/\/portaltela.pt\/api\/wp\/v2\/comments?post=214357"}],"version-history":[{"count":0,"href":"https:\/\/portaltela.pt\/api\/wp\/v2\/posts\/214357\/revisions"}],"wp:featuredmedia":[{"embeddable":true,"href":"https:\/\/portaltela.pt\/api\/wp\/v2\/media\/214359"}],"wp:attachment":[{"href":"https:\/\/portaltela.pt\/api\/wp\/v2\/media?parent=214357"}],"wp:term":[{"taxonomy":"category","embeddable":true,"href":"https:\/\/portaltela.pt\/api\/wp\/v2\/categories?post=214357"},{"taxonomy":"post_tag","embeddable":true,"href":"https:\/\/portaltela.pt\/api\/wp\/v2\/tags?post=214357"}],"curies":[{"name":"wp","href":"https:\/\/api.w.org\/{rel}","templated":true}]}}