{"id":214345,"date":"2026-02-16T08:42:45","date_gmt":"2026-02-16T11:42:45","guid":{"rendered":"https:\/\/portaltela.pt\/noticias\/2026\/02\/16\/desalojados-e-deslocados-devido-ao-mau-tempo-aumentam-na-regiao-oeste\/"},"modified":"2026-02-16T08:42:45","modified_gmt":"2026-02-16T11:42:45","slug":"desalojados-e-deslocados-devido-ao-mau-tempo-aumentam-na-regiao-oeste","status":"publish","type":"post","link":"https:\/\/portaltela.pt\/noticias\/2026\/02\/16\/desalojados-e-deslocados-devido-ao-mau-tempo-aumentam-na-regiao-oeste\/","title":{"rendered":"Desalojados e deslocados devido ao mau tempo aumentam na regi\u00e3o Oeste"},"content":{"rendered":"<p>O n\u00famero de desalojados na regi\u00e3o Oeste aumentou para 122 no fim de semana, devido ao mau tempo, segundo o balan\u00e7o do Sub-Comando da Emerg\u00eancia e Prote\u00e7\u00e3o Civil do Oeste \u00e0 Lusa. No total, 115 desalojados tinham sido contabilizados anteriormente.<\/p>\n<p>Dois dados destacam-se: sete novos desalojados s\u00e3o de Casal Monteiro, no concelho de Alenquer, onde deslizamentos de terras damaged habita\u00e7\u00f5es. Ao todo, oito desalojados j\u00e1 regressaram \u00e0s casas.<\/p>\n<p>O n\u00famero de deslocados de casa por precau\u00e7\u00e3o subiu de 207 para 216, com 82 a regressarem. Surgiram nove novos casos nas localidades do Soupo, em Alenquer, e Casal do Carvalho\/Lap\u00e3o, em Arruda dos Vinhos.<\/p>\n<p>Os desalojados e deslocados foram realojados em habita\u00e7\u00f5es pr\u00f3prias ou de familiares.<\/p>\n<h3>Situa\u00e7\u00e3o na regi\u00e3o Oeste<\/h3>\n<p>Por outro lado, 12 cami\u00f5es-cisterna continuam a abastecer de \u00e1gua Arruda dos Vinhos, o \u00fanico concelho com falta de \u00e1gua. Entre os 12 concelhos da regi\u00e3o, Bombarral e Caldas da Rainha j\u00e1 desativaram os planos de emerg\u00eancia, mantendo-se ativos nos restantes.<\/p>\n<p>O Sub-Comando abrange Alcoba\u00e7a, Bombarral, Caldas da Rainha, Nazar\u00e9, \u00d3bidos e Peniche (Leiria) e Alenquer, Arruda dos Vinhos, Cadaval, Lourinh\u00e3, Sobral de Monte Agra\u00e7o e Torres Vedras (Lisboa).<\/p>\n<p>Onze semanas de tempestades deixaram 16 mortos em Portugal e centenas de feridos e desalojados. As principais consequ\u00eancias materiais incluem desmoronamentos, caminhos cortados, escolas e servi\u00e7os de transporte afetados e cortes em energia, \u00e1gua e comunica\u00e7\u00f5es.<\/p>\n<p>As regi\u00f5es Centro, Lisboa e Vale do Tejo e Alentejo foram as mais atingidas. A situa\u00e7\u00e3o de calamidade que afetava 68 concelhos terminou no domingo.<\/p>\n","protected":false},"excerpt":{"rendered":"<ul>\n<li>O n\u00famero de desalojados na regi\u00e3o Oeste subiu de 115 para 122 no fim de semana, devido ao mau tempo.<\/li>\n<li>Sete novos desalojados s\u00e3o de Casal Monteiro, no concelho de Alenquer, por deslizamentos de terras; oito pessoas regressaram a casa.<\/li>\n<li>Os deslocados de casa por precau\u00e7\u00e3o passaram de 207 para 216, com 82 a regressar, surgindo nove novos casos em Soupo (Alenquer) e Casal do Carvalho\/Lap\u00e3o (Arruda dos Vinhos).<\/li>\n<li>Doze cami\u00f5es-cisterna continuam a abastecer Arruda dos Vinhos, o \u00fanico concelho com falta de \u00e1gua.<\/li>\n<li>Bombarral e Caldas da Rainha desativaram os planos de emerg\u00eancia; os demais concelhos da regi\u00e3o mant\u00eam o sistema ativo.<\/li>\n<\/ul>\n","protected":false},"author":2,"featured_media":214349,"comment_status":"closed","ping_status":"closed","sticky":false,"template":"","format":"standard","meta":{"footnotes":""},"categories":[1],"tags":[4180,4770,5050,3004,4617,1237],"class_list":["post-214345","post","type-post","status-publish","format-standard","has-post-thumbnail","hentry","category-noticias","tag-alenquer","tag-arruda-dos-vinhos","tag-calamidades-publicas","tag-desalojados","tag-deslocados","tag-oeste"],"yoast_head":"<!-- This site is optimized with the Yoast SEO plugin v27.2 - https:\/\/yoast.com\/product\/yoast-seo-wordpress\/ -->\n<title>Desalojados e deslocados devido ao mau tempo aumentam na regi\u00e3o Oeste - Portal Tela Portugal<\/title>\n<meta name=\"robots\" content=\"index, follow, max-snippet:-1, max-image-preview:large, max-video-preview:-1\" \/>\n<meta property=\"og:locale\" content=\"pt_PT\" \/>\n<meta property=\"og:type\" content=\"article\" \/>\n<meta property=\"og:title\" content=\"Desalojados e deslocados devido ao mau tempo aumentam na regi\u00e3o Oeste - Portal Tela Portugal\" \/>\n<meta property=\"og:description\" content=\"O n\u00famero de desalojados na regi\u00e3o Oeste subiu de 115 para 122 no fim de semana, devido ao mau tempo. Sete novos desalojados s\u00e3o de Casal Monteiro, no concelho de Alenquer, por deslizamentos de terras; oito pessoas regressaram a casa. Os deslocados de casa por precau\u00e7\u00e3o passaram de 207 para 216, com 82 a regressar, surgindo nove novos casos em Soupo (Alenquer) e Casal do Carvalho\/Lap\u00e3o (Arruda dos Vinhos). Doze cami\u00f5es-cisterna continuam a abastecer Arruda dos Vinhos, o \u00fanico concelho com falta de \u00e1gua. Bombarral e Caldas da Rainha desativaram os planos de emerg\u00eancia; os demais concelhos da regi\u00e3o mant\u00eam o sistema ativo.\" \/>\n<meta property=\"og:url\" content=\"https:\/\/portaltela.pt\/noticias\/2026\/02\/16\/desalojados-e-deslocados-devido-ao-mau-tempo-aumentam-na-regiao-oeste\/\" \/>\n<meta property=\"og:site_name\" content=\"Portal Tela Portugal\" \/>\n<meta property=\"article:published_time\" content=\"2026-02-16T11:42:45+00:00\" \/>\n<meta name=\"author\" content=\"Telinha\" \/>\n<meta name=\"twitter:card\" content=\"summary_large_image\" \/>\n<meta name=\"twitter:label1\" content=\"Escrito por\" \/>\n\t<meta name=\"twitter:data1\" content=\"Telinha\" \/>\n\t<meta name=\"twitter:label2\" content=\"Tempo estimado de leitura\" \/>\n\t<meta name=\"twitter:data2\" content=\"1 minuto\" \/>\n<script type=\"application\/ld+json\" class=\"yoast-schema-graph\">{\"@context\":\"https:\/\/schema.org\",\"@graph\":[{\"@type\":\"Article\",\"@id\":\"https:\/\/portaltela.pt\/noticias\/2026\/02\/16\/desalojados-e-deslocados-devido-ao-mau-tempo-aumentam-na-regiao-oeste\/#article\",\"isPartOf\":{\"@id\":\"https:\/\/portaltela.pt\/noticias\/2026\/02\/16\/desalojados-e-deslocados-devido-ao-mau-tempo-aumentam-na-regiao-oeste\/\"},\"author\":{\"name\":\"Telinha\",\"@id\":\"https:\/\/portaltela.pt\/#\/schema\/person\/c4278d4a6028830caff9ee44b42d32ed\"},\"headline\":\"Desalojados e deslocados devido ao mau tempo aumentam na regi\u00e3o Oeste\",\"datePublished\":\"2026-02-16T11:42:45+00:00\",\"mainEntityOfPage\":{\"@id\":\"https:\/\/portaltela.pt\/noticias\/2026\/02\/16\/desalojados-e-deslocados-devido-ao-mau-tempo-aumentam-na-regiao-oeste\/\"},\"wordCount\":276,\"image\":{\"@id\":\"https:\/\/portaltela.pt\/noticias\/2026\/02\/16\/desalojados-e-deslocados-devido-ao-mau-tempo-aumentam-na-regiao-oeste\/#primaryimage\"},\"thumbnailUrl\":\"https:\/\/portaltela.pt\/s.01k8rhncp4jt1\/2026\/02\/img_1500x1000uu2026-02-08-21-41-04-2265732-1.jpg\",\"keywords\":[\"Alenquer\",\"Arruda dos Vinhos\",\"calamidades p\u00fablicas\",\"desalojados\",\"deslocados\",\"Oeste\"],\"articleSection\":[\"Not\u00edcias\"],\"inLanguage\":\"pt-PT\"},{\"@type\":\"WebPage\",\"@id\":\"https:\/\/portaltela.pt\/noticias\/2026\/02\/16\/desalojados-e-deslocados-devido-ao-mau-tempo-aumentam-na-regiao-oeste\/\",\"url\":\"https:\/\/portaltela.pt\/noticias\/2026\/02\/16\/desalojados-e-deslocados-devido-ao-mau-tempo-aumentam-na-regiao-oeste\/\",\"name\":\"Desalojados e deslocados devido ao mau tempo aumentam na regi\u00e3o Oeste - Portal Tela Portugal\",\"isPartOf\":{\"@id\":\"https:\/\/portaltela.pt\/#website\"},\"primaryImageOfPage\":{\"@id\":\"https:\/\/portaltela.pt\/noticias\/2026\/02\/16\/desalojados-e-deslocados-devido-ao-mau-tempo-aumentam-na-regiao-oeste\/#primaryimage\"},\"image\":{\"@id\":\"https:\/\/portaltela.pt\/noticias\/2026\/02\/16\/desalojados-e-deslocados-devido-ao-mau-tempo-aumentam-na-regiao-oeste\/#primaryimage\"},\"thumbnailUrl\":\"https:\/\/portaltela.pt\/s.01k8rhncp4jt1\/2026\/02\/img_1500x1000uu2026-02-08-21-41-04-2265732-1.jpg\",\"datePublished\":\"2026-02-16T11:42:45+00:00\",\"author\":{\"@id\":\"https:\/\/portaltela.pt\/#\/schema\/person\/c4278d4a6028830caff9ee44b42d32ed\"},\"breadcrumb\":{\"@id\":\"https:\/\/portaltela.pt\/noticias\/2026\/02\/16\/desalojados-e-deslocados-devido-ao-mau-tempo-aumentam-na-regiao-oeste\/#breadcrumb\"},\"inLanguage\":\"pt-PT\",\"potentialAction\":[{\"@type\":\"ReadAction\",\"target\":[\"https:\/\/portaltela.pt\/noticias\/2026\/02\/16\/desalojados-e-deslocados-devido-ao-mau-tempo-aumentam-na-regiao-oeste\/\"]}]},{\"@type\":\"ImageObject\",\"inLanguage\":\"pt-PT\",\"@id\":\"https:\/\/portaltela.pt\/noticias\/2026\/02\/16\/desalojados-e-deslocados-devido-ao-mau-tempo-aumentam-na-regiao-oeste\/#primaryimage\",\"url\":\"https:\/\/portaltela.pt\/s.01k8rhncp4jt1\/2026\/02\/img_1500x1000uu2026-02-08-21-41-04-2265732-1.jpg\",\"contentUrl\":\"https:\/\/portaltela.pt\/s.01k8rhncp4jt1\/2026\/02\/img_1500x1000uu2026-02-08-21-41-04-2265732-1.jpg\",\"width\":796,\"height\":448,\"caption\":\"Deslizamentos de terras est\u00e3o a provocar danos nas habita\u00e7\u00f5es\"},{\"@type\":\"BreadcrumbList\",\"@id\":\"https:\/\/portaltela.pt\/noticias\/2026\/02\/16\/desalojados-e-deslocados-devido-ao-mau-tempo-aumentam-na-regiao-oeste\/#breadcrumb\",\"itemListElement\":[{\"@type\":\"ListItem\",\"position\":1,\"name\":\"In\u00edcio\",\"item\":\"https:\/\/portaltela.pt\/\"},{\"@type\":\"ListItem\",\"position\":2,\"name\":\"Desalojados e deslocados devido ao mau tempo aumentam na regi\u00e3o Oeste\"}]},{\"@type\":\"WebSite\",\"@id\":\"https:\/\/portaltela.pt\/#website\",\"url\":\"https:\/\/portaltela.pt\/\",\"name\":\"Portal Tela Portugal\",\"description\":\"\",\"potentialAction\":[{\"@type\":\"SearchAction\",\"target\":{\"@type\":\"EntryPoint\",\"urlTemplate\":\"https:\/\/portaltela.pt\/?s={search_term_string}\"},\"query-input\":{\"@type\":\"PropertyValueSpecification\",\"valueRequired\":true,\"valueName\":\"search_term_string\"}}],\"inLanguage\":\"pt-PT\"},{\"@type\":\"Person\",\"@id\":\"https:\/\/portaltela.pt\/#\/schema\/person\/c4278d4a6028830caff9ee44b42d32ed\",\"name\":\"Telinha\",\"image\":{\"@type\":\"ImageObject\",\"inLanguage\":\"pt-PT\",\"@id\":\"https:\/\/portaltela.pt\/s.01k8rhncp4jt1\/2025\/11\/talking-bot-125x125.png\",\"url\":\"https:\/\/portaltela.pt\/s.01k8rhncp4jt1\/2025\/11\/talking-bot-125x125.png\",\"contentUrl\":\"https:\/\/portaltela.pt\/s.01k8rhncp4jt1\/2025\/11\/talking-bot-125x125.png\",\"caption\":\"Telinha\"},\"sameAs\":[\"https:\/\/portaltela.pt\/\"],\"url\":\"https:\/\/portaltela.pt\/por\/367410592786\/\"}]}<\/script>\n<!-- \/ Yoast SEO plugin. -->","yoast_head_json":{"title":"Desalojados e deslocados devido ao mau tempo aumentam na regi\u00e3o Oeste - Portal Tela Portugal","robots":{"index":"index","follow":"follow","max-snippet":"max-snippet:-1","max-image-preview":"max-image-preview:large","max-video-preview":"max-video-preview:-1"},"og_locale":"pt_PT","og_type":"article","og_title":"Desalojados e deslocados devido ao mau tempo aumentam na regi\u00e3o Oeste - Portal Tela Portugal","og_description":"O n\u00famero de desalojados na regi\u00e3o Oeste subiu de 115 para 122 no fim de semana, devido ao mau tempo. Sete novos desalojados s\u00e3o de Casal Monteiro, no concelho de Alenquer, por deslizamentos de terras; oito pessoas regressaram a casa. Os deslocados de casa por precau\u00e7\u00e3o passaram de 207 para 216, com 82 a regressar, surgindo nove novos casos em Soupo (Alenquer) e Casal do Carvalho\/Lap\u00e3o (Arruda dos Vinhos). Doze cami\u00f5es-cisterna continuam a abastecer Arruda dos Vinhos, o \u00fanico concelho com falta de \u00e1gua. Bombarral e Caldas da Rainha desativaram os planos de emerg\u00eancia; os demais concelhos da regi\u00e3o mant\u00eam o sistema ativo.","og_url":"https:\/\/portaltela.pt\/noticias\/2026\/02\/16\/desalojados-e-deslocados-devido-ao-mau-tempo-aumentam-na-regiao-oeste\/","og_site_name":"Portal Tela Portugal","article_published_time":"2026-02-16T11:42:45+00:00","author":"Telinha","twitter_card":"summary_large_image","twitter_misc":{"Escrito por":"Telinha","Tempo estimado de leitura":"1 minuto"},"schema":{"@context":"https:\/\/schema.org","@graph":[{"@type":"Article","@id":"https:\/\/portaltela.pt\/noticias\/2026\/02\/16\/desalojados-e-deslocados-devido-ao-mau-tempo-aumentam-na-regiao-oeste\/#article","isPartOf":{"@id":"https:\/\/portaltela.pt\/noticias\/2026\/02\/16\/desalojados-e-deslocados-devido-ao-mau-tempo-aumentam-na-regiao-oeste\/"},"author":{"name":"Telinha","@id":"https:\/\/portaltela.pt\/#\/schema\/person\/c4278d4a6028830caff9ee44b42d32ed"},"headline":"Desalojados e deslocados devido ao mau tempo aumentam na regi\u00e3o Oeste","datePublished":"2026-02-16T11:42:45+00:00","mainEntityOfPage":{"@id":"https:\/\/portaltela.pt\/noticias\/2026\/02\/16\/desalojados-e-deslocados-devido-ao-mau-tempo-aumentam-na-regiao-oeste\/"},"wordCount":276,"image":{"@id":"https:\/\/portaltela.pt\/noticias\/2026\/02\/16\/desalojados-e-deslocados-devido-ao-mau-tempo-aumentam-na-regiao-oeste\/#primaryimage"},"thumbnailUrl":"https:\/\/portaltela.pt\/s.01k8rhncp4jt1\/2026\/02\/img_1500x1000uu2026-02-08-21-41-04-2265732-1.jpg","keywords":["Alenquer","Arruda dos Vinhos","calamidades p\u00fablicas","desalojados","deslocados","Oeste"],"articleSection":["Not\u00edcias"],"inLanguage":"pt-PT"},{"@type":"WebPage","@id":"https:\/\/portaltela.pt\/noticias\/2026\/02\/16\/desalojados-e-deslocados-devido-ao-mau-tempo-aumentam-na-regiao-oeste\/","url":"https:\/\/portaltela.pt\/noticias\/2026\/02\/16\/desalojados-e-deslocados-devido-ao-mau-tempo-aumentam-na-regiao-oeste\/","name":"Desalojados e deslocados devido ao mau tempo aumentam na regi\u00e3o Oeste - Portal Tela Portugal","isPartOf":{"@id":"https:\/\/portaltela.pt\/#website"},"primaryImageOfPage":{"@id":"https:\/\/portaltela.pt\/noticias\/2026\/02\/16\/desalojados-e-deslocados-devido-ao-mau-tempo-aumentam-na-regiao-oeste\/#primaryimage"},"image":{"@id":"https:\/\/portaltela.pt\/noticias\/2026\/02\/16\/desalojados-e-deslocados-devido-ao-mau-tempo-aumentam-na-regiao-oeste\/#primaryimage"},"thumbnailUrl":"https:\/\/portaltela.pt\/s.01k8rhncp4jt1\/2026\/02\/img_1500x1000uu2026-02-08-21-41-04-2265732-1.jpg","datePublished":"2026-02-16T11:42:45+00:00","author":{"@id":"https:\/\/portaltela.pt\/#\/schema\/person\/c4278d4a6028830caff9ee44b42d32ed"},"breadcrumb":{"@id":"https:\/\/portaltela.pt\/noticias\/2026\/02\/16\/desalojados-e-deslocados-devido-ao-mau-tempo-aumentam-na-regiao-oeste\/#breadcrumb"},"inLanguage":"pt-PT","potentialAction":[{"@type":"ReadAction","target":["https:\/\/portaltela.pt\/noticias\/2026\/02\/16\/desalojados-e-deslocados-devido-ao-mau-tempo-aumentam-na-regiao-oeste\/"]}]},{"@type":"ImageObject","inLanguage":"pt-PT","@id":"https:\/\/portaltela.pt\/noticias\/2026\/02\/16\/desalojados-e-deslocados-devido-ao-mau-tempo-aumentam-na-regiao-oeste\/#primaryimage","url":"https:\/\/portaltela.pt\/s.01k8rhncp4jt1\/2026\/02\/img_1500x1000uu2026-02-08-21-41-04-2265732-1.jpg","contentUrl":"https:\/\/portaltela.pt\/s.01k8rhncp4jt1\/2026\/02\/img_1500x1000uu2026-02-08-21-41-04-2265732-1.jpg","width":796,"height":448,"caption":"Deslizamentos de terras est\u00e3o a provocar danos nas habita\u00e7\u00f5es"},{"@type":"BreadcrumbList","@id":"https:\/\/portaltela.pt\/noticias\/2026\/02\/16\/desalojados-e-deslocados-devido-ao-mau-tempo-aumentam-na-regiao-oeste\/#breadcrumb","itemListElement":[{"@type":"ListItem","position":1,"name":"In\u00edcio","item":"https:\/\/portaltela.pt\/"},{"@type":"ListItem","position":2,"name":"Desalojados e deslocados devido ao mau tempo aumentam na regi\u00e3o Oeste"}]},{"@type":"WebSite","@id":"https:\/\/portaltela.pt\/#website","url":"https:\/\/portaltela.pt\/","name":"Portal Tela Portugal","description":"","potentialAction":[{"@type":"SearchAction","target":{"@type":"EntryPoint","urlTemplate":"https:\/\/portaltela.pt\/?s={search_term_string}"},"query-input":{"@type":"PropertyValueSpecification","valueRequired":true,"valueName":"search_term_string"}}],"inLanguage":"pt-PT"},{"@type":"Person","@id":"https:\/\/portaltela.pt\/#\/schema\/person\/c4278d4a6028830caff9ee44b42d32ed","name":"Telinha","image":{"@type":"ImageObject","inLanguage":"pt-PT","@id":"https:\/\/portaltela.pt\/s.01k8rhncp4jt1\/2025\/11\/talking-bot-125x125.png","url":"https:\/\/portaltela.pt\/s.01k8rhncp4jt1\/2025\/11\/talking-bot-125x125.png","contentUrl":"https:\/\/portaltela.pt\/s.01k8rhncp4jt1\/2025\/11\/talking-bot-125x125.png","caption":"Telinha"},"sameAs":["https:\/\/portaltela.pt\/"],"url":"https:\/\/portaltela.pt\/por\/367410592786\/"}]}},"_links":{"self":[{"href":"https:\/\/portaltela.pt\/api\/wp\/v2\/posts\/214345","targetHints":{"allow":["GET"]}}],"collection":[{"href":"https:\/\/portaltela.pt\/api\/wp\/v2\/posts"}],"about":[{"href":"https:\/\/portaltela.pt\/api\/wp\/v2\/types\/post"}],"author":[{"embeddable":true,"href":"https:\/\/portaltela.pt\/api\/wp\/v2\/users\/2"}],"replies":[{"embeddable":true,"href":"https:\/\/portaltela.pt\/api\/wp\/v2\/comments?post=214345"}],"version-history":[{"count":0,"href":"https:\/\/portaltela.pt\/api\/wp\/v2\/posts\/214345\/revisions"}],"wp:featuredmedia":[{"embeddable":true,"href":"https:\/\/portaltela.pt\/api\/wp\/v2\/media\/214349"}],"wp:attachment":[{"href":"https:\/\/portaltela.pt\/api\/wp\/v2\/media?parent=214345"}],"wp:term":[{"taxonomy":"category","embeddable":true,"href":"https:\/\/portaltela.pt\/api\/wp\/v2\/categories?post=214345"},{"taxonomy":"post_tag","embeddable":true,"href":"https:\/\/portaltela.pt\/api\/wp\/v2\/tags?post=214345"}],"curies":[{"name":"wp","href":"https:\/\/api.w.org\/{rel}","templated":true}]}}