{"id":214310,"date":"2026-02-16T08:25:00","date_gmt":"2026-02-16T11:25:00","guid":{"rendered":"https:\/\/portaltela.pt\/noticias\/2026\/02\/16\/depois-da-tempestade-surgem-os-factos-confirmados\/"},"modified":"2026-02-16T08:25:00","modified_gmt":"2026-02-16T11:25:00","slug":"depois-da-tempestade-surgem-os-factos-confirmados","status":"publish","type":"post","link":"https:\/\/portaltela.pt\/noticias\/2026\/02\/16\/depois-da-tempestade-surgem-os-factos-confirmados\/","title":{"rendered":"Depois da tempestade, surgem os factos confirmados"},"content":{"rendered":"<p>O que aconteceu hoje na Zona Centro de Portugal n\u00e3o \u00e9 epis\u00f3dio isolado. Tempestades e cheias deixaram empresas destru\u00eddas, casas arrasadas e fam\u00edlias a contabilizar preju\u00edzos. O impacto \u00e9 imediato e estende-se para l\u00e1 do vis\u00edvel.<\/p>\n<p>Quem est\u00e1 envolvido s\u00e3o empresas, trabalhadores, fam\u00edlias e vizinhos. Entre os que sofrem danos diretos e os que veem atrasos em encomendas, contratos ou fornecimentos, o efeito domin\u00f3 afeta toda a regi\u00e3o e a atividade econ\u00f3mica local.<\/p>\n<p>Quando e onde ocorreu: na Zona Centro, com emerg\u00eancias que se mant\u00eam em curso. As opera\u00e7\u00f5es de apoio, voluntariado e recupera\u00e7\u00e3o j\u00e1 est\u00e3o em andamento, com esfor\u00e7os a abranger v\u00e1rias freguesias.<\/p>\n<p>Porqu\u00ea \u00e9 relevante: h\u00e1 falhas de comunica\u00e7\u00e3o de emerg\u00eancia, SIRESP, que agravam a coordena\u00e7\u00e3o e a rapidez de resposta. Investimentos anteriores n\u00e3o impediram dificuldades na transmiss\u00e3o de informa\u00e7\u00f5es cr\u00edticas.<\/p>\n<p>A falta de energia el\u00e9ctrica complicou limpezas e a retoma da produ\u00e7\u00e3o, mesmo onde as instala\u00e7\u00f5es resistiram. Com instala\u00e7\u00f5es paralisadas, surgem atrasos nas entregas e incumprimentos contratuais, a afetar clientes nacionais e estrangeiros.<\/p>\n<p>Este cen\u00e1rio revela fragilidades estruturais: depend\u00eancia de apoio p\u00fablico, linhas de cr\u00e9dito de emerg\u00eancia e uma rede de comunica\u00e7\u00f5es que nem sempre funciona. Refor\u00e7ar respostas no terreno pode ser mais eficaz do que aumentar recursos complexos.<\/p>\n<p>A sociedade portuguesa tem respondido com iniciativa pr\u00e1tica. Vizinhos ajudam vizinhos, empres\u00e1rios cedem equipamentos e volunt\u00e1rios organizam-se de forma espont\u00e2nea, independentemente de instru\u00e7\u00f5es oficiais.<\/p>\n<p>Estas a\u00e7\u00f5es refletem um instinto liberal de coopera\u00e7\u00e3o e responsabilidade individual. A li\u00e7\u00e3o que emerge \u00e9 clara: refor\u00e7ar empresas, poupan\u00e7a familiar e um Estado mais focado no essencial pode tornar o pa\u00eds mais resistente.<\/p>\n","protected":false},"excerpt":{"rendered":"<ul>\n<li>A Zona Centro de Portugal acordou ap\u00f3s tempestades e cheias, com danos em empresas, casas e um impacto econ\u00f3mico ainda por quantificar.<\/li>\n<li>As empresas registaram danos graves \u2013 coberturas, fachadas e maquinaria danificadas \u2013 agravados pela falta de electricidade que atrasou limpezas e retoma da produ\u00e7\u00e3o.<\/li>\n<li>Encomendas, contratos e prazos foram adiados ou suspensos, afetando clientes, fornecedores e prestadores de servi\u00e7os; o efeito repete-se na cadeia econ\u00f3mica.<\/li>\n<li>A falha do sistema de comunica\u00e7\u00f5es de emerg\u00eancia (SIRESP) evidencia fragilidade na coordena\u00e7\u00e3o e transmiss\u00e3o de informa\u00e7\u00e3o, sugerindo refor\u00e7ar a presen\u00e7a no terreno com meios simples e fi\u00e1veis.<\/li>\n<li>Apesar da fragilidade estrutural, a sociedade mobiliza-se de forma volunt\u00e1ria e solid\u00e1ria; a li\u00e7\u00e3o aponta para empresas mais fortes, maior poupan\u00e7a familiar e um Estado eficaz no essencial.<\/li>\n<\/ul>\n","protected":false},"author":2,"featured_media":214316,"comment_status":"closed","ping_status":"closed","sticky":false,"template":"","format":"standard","meta":{"footnotes":""},"categories":[1],"tags":[5747,1935,2697,4542,148,5545],"class_list":["post-214310","post","type-post","status-publish","format-standard","has-post-thumbnail","hentry","category-noticias","tag-ajuda-humanitaria","tag-emergencias","tag-empresas","tag-energia-electrica","tag-familias","tag-zona-centro"],"yoast_head":"<!-- This site is optimized with the Yoast SEO plugin v27.2 - https:\/\/yoast.com\/product\/yoast-seo-wordpress\/ -->\n<title>Depois da tempestade, surgem os factos confirmados - Portal Tela Portugal<\/title>\n<meta name=\"robots\" content=\"index, follow, max-snippet:-1, max-image-preview:large, max-video-preview:-1\" \/>\n<meta property=\"og:locale\" content=\"pt_PT\" \/>\n<meta property=\"og:type\" content=\"article\" \/>\n<meta property=\"og:title\" content=\"Depois da tempestade, surgem os factos confirmados - Portal Tela Portugal\" \/>\n<meta property=\"og:description\" content=\"A Zona Centro de Portugal acordou ap\u00f3s tempestades e cheias, com danos em empresas, casas e um impacto econ\u00f3mico ainda por quantificar. As empresas registaram danos graves \u2013 coberturas, fachadas e maquinaria danificadas \u2013 agravados pela falta de electricidade que atrasou limpezas e retoma da produ\u00e7\u00e3o. Encomendas, contratos e prazos foram adiados ou suspensos, afetando clientes, fornecedores e prestadores de servi\u00e7os; o efeito repete-se na cadeia econ\u00f3mica. A falha do sistema de comunica\u00e7\u00f5es de emerg\u00eancia (SIRESP) evidencia fragilidade na coordena\u00e7\u00e3o e transmiss\u00e3o de informa\u00e7\u00e3o, sugerindo refor\u00e7ar a presen\u00e7a no terreno com meios simples e fi\u00e1veis. Apesar da fragilidade estrutural, a sociedade mobiliza-se de forma volunt\u00e1ria e solid\u00e1ria; a li\u00e7\u00e3o aponta para empresas mais fortes, maior poupan\u00e7a familiar e um Estado eficaz no essencial.\" \/>\n<meta property=\"og:url\" content=\"https:\/\/portaltela.pt\/noticias\/2026\/02\/16\/depois-da-tempestade-surgem-os-factos-confirmados\/\" \/>\n<meta property=\"og:site_name\" content=\"Portal Tela Portugal\" \/>\n<meta property=\"article:published_time\" content=\"2026-02-16T11:25:00+00:00\" \/>\n<meta name=\"author\" content=\"Telinha\" \/>\n<meta name=\"twitter:card\" content=\"summary_large_image\" \/>\n<meta name=\"twitter:label1\" content=\"Escrito por\" \/>\n\t<meta name=\"twitter:data1\" content=\"Telinha\" \/>\n\t<meta name=\"twitter:label2\" content=\"Tempo estimado de leitura\" \/>\n\t<meta name=\"twitter:data2\" content=\"2 minutos\" \/>\n<script type=\"application\/ld+json\" class=\"yoast-schema-graph\">{\"@context\":\"https:\/\/schema.org\",\"@graph\":[{\"@type\":\"Article\",\"@id\":\"https:\/\/portaltela.pt\/noticias\/2026\/02\/16\/depois-da-tempestade-surgem-os-factos-confirmados\/#article\",\"isPartOf\":{\"@id\":\"https:\/\/portaltela.pt\/noticias\/2026\/02\/16\/depois-da-tempestade-surgem-os-factos-confirmados\/\"},\"author\":{\"name\":\"Telinha\",\"@id\":\"https:\/\/portaltela.pt\/#\/schema\/person\/c4278d4a6028830caff9ee44b42d32ed\"},\"headline\":\"Depois da tempestade, surgem os factos confirmados\",\"datePublished\":\"2026-02-16T11:25:00+00:00\",\"mainEntityOfPage\":{\"@id\":\"https:\/\/portaltela.pt\/noticias\/2026\/02\/16\/depois-da-tempestade-surgem-os-factos-confirmados\/\"},\"wordCount\":309,\"image\":{\"@id\":\"https:\/\/portaltela.pt\/noticias\/2026\/02\/16\/depois-da-tempestade-surgem-os-factos-confirmados\/#primaryimage\"},\"thumbnailUrl\":\"https:\/\/portaltela.pt\/s.01k8rhncp4jt1\/2026\/02\/8cfd2e2e-cadd-4756-9771-6c1bc9437d9b_1200x675.jpg\",\"keywords\":[\"ajuda humanit\u00e1ria\",\"emerg\u00eancias\",\"empresas\",\"energia el\u00e9ctrica\",\"fam\u00edlias\",\"Zona Centro\"],\"articleSection\":[\"Not\u00edcias\"],\"inLanguage\":\"pt-PT\"},{\"@type\":\"WebPage\",\"@id\":\"https:\/\/portaltela.pt\/noticias\/2026\/02\/16\/depois-da-tempestade-surgem-os-factos-confirmados\/\",\"url\":\"https:\/\/portaltela.pt\/noticias\/2026\/02\/16\/depois-da-tempestade-surgem-os-factos-confirmados\/\",\"name\":\"Depois da tempestade, surgem os factos confirmados - Portal Tela Portugal\",\"isPartOf\":{\"@id\":\"https:\/\/portaltela.pt\/#website\"},\"primaryImageOfPage\":{\"@id\":\"https:\/\/portaltela.pt\/noticias\/2026\/02\/16\/depois-da-tempestade-surgem-os-factos-confirmados\/#primaryimage\"},\"image\":{\"@id\":\"https:\/\/portaltela.pt\/noticias\/2026\/02\/16\/depois-da-tempestade-surgem-os-factos-confirmados\/#primaryimage\"},\"thumbnailUrl\":\"https:\/\/portaltela.pt\/s.01k8rhncp4jt1\/2026\/02\/8cfd2e2e-cadd-4756-9771-6c1bc9437d9b_1200x675.jpg\",\"datePublished\":\"2026-02-16T11:25:00+00:00\",\"author\":{\"@id\":\"https:\/\/portaltela.pt\/#\/schema\/person\/c4278d4a6028830caff9ee44b42d32ed\"},\"breadcrumb\":{\"@id\":\"https:\/\/portaltela.pt\/noticias\/2026\/02\/16\/depois-da-tempestade-surgem-os-factos-confirmados\/#breadcrumb\"},\"inLanguage\":\"pt-PT\",\"potentialAction\":[{\"@type\":\"ReadAction\",\"target\":[\"https:\/\/portaltela.pt\/noticias\/2026\/02\/16\/depois-da-tempestade-surgem-os-factos-confirmados\/\"]}]},{\"@type\":\"ImageObject\",\"inLanguage\":\"pt-PT\",\"@id\":\"https:\/\/portaltela.pt\/noticias\/2026\/02\/16\/depois-da-tempestade-surgem-os-factos-confirmados\/#primaryimage\",\"url\":\"https:\/\/portaltela.pt\/s.01k8rhncp4jt1\/2026\/02\/8cfd2e2e-cadd-4756-9771-6c1bc9437d9b_1200x675.jpg\",\"contentUrl\":\"https:\/\/portaltela.pt\/s.01k8rhncp4jt1\/2026\/02\/8cfd2e2e-cadd-4756-9771-6c1bc9437d9b_1200x675.jpg\",\"width\":796,\"height\":448,\"caption\":\"Photo\"},{\"@type\":\"BreadcrumbList\",\"@id\":\"https:\/\/portaltela.pt\/noticias\/2026\/02\/16\/depois-da-tempestade-surgem-os-factos-confirmados\/#breadcrumb\",\"itemListElement\":[{\"@type\":\"ListItem\",\"position\":1,\"name\":\"In\u00edcio\",\"item\":\"https:\/\/portaltela.pt\/\"},{\"@type\":\"ListItem\",\"position\":2,\"name\":\"Depois da tempestade, surgem os factos confirmados\"}]},{\"@type\":\"WebSite\",\"@id\":\"https:\/\/portaltela.pt\/#website\",\"url\":\"https:\/\/portaltela.pt\/\",\"name\":\"Portal Tela Portugal\",\"description\":\"\",\"potentialAction\":[{\"@type\":\"SearchAction\",\"target\":{\"@type\":\"EntryPoint\",\"urlTemplate\":\"https:\/\/portaltela.pt\/?s={search_term_string}\"},\"query-input\":{\"@type\":\"PropertyValueSpecification\",\"valueRequired\":true,\"valueName\":\"search_term_string\"}}],\"inLanguage\":\"pt-PT\"},{\"@type\":\"Person\",\"@id\":\"https:\/\/portaltela.pt\/#\/schema\/person\/c4278d4a6028830caff9ee44b42d32ed\",\"name\":\"Telinha\",\"image\":{\"@type\":\"ImageObject\",\"inLanguage\":\"pt-PT\",\"@id\":\"https:\/\/portaltela.pt\/s.01k8rhncp4jt1\/2025\/11\/talking-bot-125x125.png\",\"url\":\"https:\/\/portaltela.pt\/s.01k8rhncp4jt1\/2025\/11\/talking-bot-125x125.png\",\"contentUrl\":\"https:\/\/portaltela.pt\/s.01k8rhncp4jt1\/2025\/11\/talking-bot-125x125.png\",\"caption\":\"Telinha\"},\"sameAs\":[\"https:\/\/portaltela.pt\/\"],\"url\":\"https:\/\/portaltela.pt\/por\/367410592786\/\"}]}<\/script>\n<!-- \/ Yoast SEO plugin. -->","yoast_head_json":{"title":"Depois da tempestade, surgem os factos confirmados - Portal Tela Portugal","robots":{"index":"index","follow":"follow","max-snippet":"max-snippet:-1","max-image-preview":"max-image-preview:large","max-video-preview":"max-video-preview:-1"},"og_locale":"pt_PT","og_type":"article","og_title":"Depois da tempestade, surgem os factos confirmados - Portal Tela Portugal","og_description":"A Zona Centro de Portugal acordou ap\u00f3s tempestades e cheias, com danos em empresas, casas e um impacto econ\u00f3mico ainda por quantificar. As empresas registaram danos graves \u2013 coberturas, fachadas e maquinaria danificadas \u2013 agravados pela falta de electricidade que atrasou limpezas e retoma da produ\u00e7\u00e3o. Encomendas, contratos e prazos foram adiados ou suspensos, afetando clientes, fornecedores e prestadores de servi\u00e7os; o efeito repete-se na cadeia econ\u00f3mica. A falha do sistema de comunica\u00e7\u00f5es de emerg\u00eancia (SIRESP) evidencia fragilidade na coordena\u00e7\u00e3o e transmiss\u00e3o de informa\u00e7\u00e3o, sugerindo refor\u00e7ar a presen\u00e7a no terreno com meios simples e fi\u00e1veis. Apesar da fragilidade estrutural, a sociedade mobiliza-se de forma volunt\u00e1ria e solid\u00e1ria; a li\u00e7\u00e3o aponta para empresas mais fortes, maior poupan\u00e7a familiar e um Estado eficaz no essencial.","og_url":"https:\/\/portaltela.pt\/noticias\/2026\/02\/16\/depois-da-tempestade-surgem-os-factos-confirmados\/","og_site_name":"Portal Tela Portugal","article_published_time":"2026-02-16T11:25:00+00:00","author":"Telinha","twitter_card":"summary_large_image","twitter_misc":{"Escrito por":"Telinha","Tempo estimado de leitura":"2 minutos"},"schema":{"@context":"https:\/\/schema.org","@graph":[{"@type":"Article","@id":"https:\/\/portaltela.pt\/noticias\/2026\/02\/16\/depois-da-tempestade-surgem-os-factos-confirmados\/#article","isPartOf":{"@id":"https:\/\/portaltela.pt\/noticias\/2026\/02\/16\/depois-da-tempestade-surgem-os-factos-confirmados\/"},"author":{"name":"Telinha","@id":"https:\/\/portaltela.pt\/#\/schema\/person\/c4278d4a6028830caff9ee44b42d32ed"},"headline":"Depois da tempestade, surgem os factos confirmados","datePublished":"2026-02-16T11:25:00+00:00","mainEntityOfPage":{"@id":"https:\/\/portaltela.pt\/noticias\/2026\/02\/16\/depois-da-tempestade-surgem-os-factos-confirmados\/"},"wordCount":309,"image":{"@id":"https:\/\/portaltela.pt\/noticias\/2026\/02\/16\/depois-da-tempestade-surgem-os-factos-confirmados\/#primaryimage"},"thumbnailUrl":"https:\/\/portaltela.pt\/s.01k8rhncp4jt1\/2026\/02\/8cfd2e2e-cadd-4756-9771-6c1bc9437d9b_1200x675.jpg","keywords":["ajuda humanit\u00e1ria","emerg\u00eancias","empresas","energia el\u00e9ctrica","fam\u00edlias","Zona Centro"],"articleSection":["Not\u00edcias"],"inLanguage":"pt-PT"},{"@type":"WebPage","@id":"https:\/\/portaltela.pt\/noticias\/2026\/02\/16\/depois-da-tempestade-surgem-os-factos-confirmados\/","url":"https:\/\/portaltela.pt\/noticias\/2026\/02\/16\/depois-da-tempestade-surgem-os-factos-confirmados\/","name":"Depois da tempestade, surgem os factos confirmados - Portal Tela Portugal","isPartOf":{"@id":"https:\/\/portaltela.pt\/#website"},"primaryImageOfPage":{"@id":"https:\/\/portaltela.pt\/noticias\/2026\/02\/16\/depois-da-tempestade-surgem-os-factos-confirmados\/#primaryimage"},"image":{"@id":"https:\/\/portaltela.pt\/noticias\/2026\/02\/16\/depois-da-tempestade-surgem-os-factos-confirmados\/#primaryimage"},"thumbnailUrl":"https:\/\/portaltela.pt\/s.01k8rhncp4jt1\/2026\/02\/8cfd2e2e-cadd-4756-9771-6c1bc9437d9b_1200x675.jpg","datePublished":"2026-02-16T11:25:00+00:00","author":{"@id":"https:\/\/portaltela.pt\/#\/schema\/person\/c4278d4a6028830caff9ee44b42d32ed"},"breadcrumb":{"@id":"https:\/\/portaltela.pt\/noticias\/2026\/02\/16\/depois-da-tempestade-surgem-os-factos-confirmados\/#breadcrumb"},"inLanguage":"pt-PT","potentialAction":[{"@type":"ReadAction","target":["https:\/\/portaltela.pt\/noticias\/2026\/02\/16\/depois-da-tempestade-surgem-os-factos-confirmados\/"]}]},{"@type":"ImageObject","inLanguage":"pt-PT","@id":"https:\/\/portaltela.pt\/noticias\/2026\/02\/16\/depois-da-tempestade-surgem-os-factos-confirmados\/#primaryimage","url":"https:\/\/portaltela.pt\/s.01k8rhncp4jt1\/2026\/02\/8cfd2e2e-cadd-4756-9771-6c1bc9437d9b_1200x675.jpg","contentUrl":"https:\/\/portaltela.pt\/s.01k8rhncp4jt1\/2026\/02\/8cfd2e2e-cadd-4756-9771-6c1bc9437d9b_1200x675.jpg","width":796,"height":448,"caption":"Photo"},{"@type":"BreadcrumbList","@id":"https:\/\/portaltela.pt\/noticias\/2026\/02\/16\/depois-da-tempestade-surgem-os-factos-confirmados\/#breadcrumb","itemListElement":[{"@type":"ListItem","position":1,"name":"In\u00edcio","item":"https:\/\/portaltela.pt\/"},{"@type":"ListItem","position":2,"name":"Depois da tempestade, surgem os factos confirmados"}]},{"@type":"WebSite","@id":"https:\/\/portaltela.pt\/#website","url":"https:\/\/portaltela.pt\/","name":"Portal Tela Portugal","description":"","potentialAction":[{"@type":"SearchAction","target":{"@type":"EntryPoint","urlTemplate":"https:\/\/portaltela.pt\/?s={search_term_string}"},"query-input":{"@type":"PropertyValueSpecification","valueRequired":true,"valueName":"search_term_string"}}],"inLanguage":"pt-PT"},{"@type":"Person","@id":"https:\/\/portaltela.pt\/#\/schema\/person\/c4278d4a6028830caff9ee44b42d32ed","name":"Telinha","image":{"@type":"ImageObject","inLanguage":"pt-PT","@id":"https:\/\/portaltela.pt\/s.01k8rhncp4jt1\/2025\/11\/talking-bot-125x125.png","url":"https:\/\/portaltela.pt\/s.01k8rhncp4jt1\/2025\/11\/talking-bot-125x125.png","contentUrl":"https:\/\/portaltela.pt\/s.01k8rhncp4jt1\/2025\/11\/talking-bot-125x125.png","caption":"Telinha"},"sameAs":["https:\/\/portaltela.pt\/"],"url":"https:\/\/portaltela.pt\/por\/367410592786\/"}]}},"_links":{"self":[{"href":"https:\/\/portaltela.pt\/api\/wp\/v2\/posts\/214310","targetHints":{"allow":["GET"]}}],"collection":[{"href":"https:\/\/portaltela.pt\/api\/wp\/v2\/posts"}],"about":[{"href":"https:\/\/portaltela.pt\/api\/wp\/v2\/types\/post"}],"author":[{"embeddable":true,"href":"https:\/\/portaltela.pt\/api\/wp\/v2\/users\/2"}],"replies":[{"embeddable":true,"href":"https:\/\/portaltela.pt\/api\/wp\/v2\/comments?post=214310"}],"version-history":[{"count":0,"href":"https:\/\/portaltela.pt\/api\/wp\/v2\/posts\/214310\/revisions"}],"wp:featuredmedia":[{"embeddable":true,"href":"https:\/\/portaltela.pt\/api\/wp\/v2\/media\/214316"}],"wp:attachment":[{"href":"https:\/\/portaltela.pt\/api\/wp\/v2\/media?parent=214310"}],"wp:term":[{"taxonomy":"category","embeddable":true,"href":"https:\/\/portaltela.pt\/api\/wp\/v2\/categories?post=214310"},{"taxonomy":"post_tag","embeddable":true,"href":"https:\/\/portaltela.pt\/api\/wp\/v2\/tags?post=214310"}],"curies":[{"name":"wp","href":"https:\/\/api.w.org\/{rel}","templated":true}]}}