{"id":214309,"date":"2026-02-16T08:12:00","date_gmt":"2026-02-16T11:12:00","guid":{"rendered":"https:\/\/portaltela.pt\/noticias\/2026\/02\/16\/proibida-a-venda-de-bebidas-alcoolicas-para-consumo-no-exterior-em-lisboa\/"},"modified":"2026-02-16T08:12:00","modified_gmt":"2026-02-16T11:12:00","slug":"proibida-a-venda-de-bebidas-alcoolicas-para-consumo-no-exterior-em-lisboa","status":"publish","type":"post","link":"https:\/\/portaltela.pt\/noticias\/politica\/2026\/02\/16\/proibida-a-venda-de-bebidas-alcoolicas-para-consumo-no-exterior-em-lisboa\/","title":{"rendered":"Pro\u00edbida a venda de bebidas alco\u00f3licas para consumo no exterior em Lisboa"},"content":{"rendered":"<p>A C\u00e2mara de Lisboa aprovou uma nova regra que pro\u00edbe a venda de bebidas alco\u00f3licas para consumo no exterior dentro da cidade. A medida entra em vigor 30 dias ap\u00f3s a sua publica\u00e7\u00e3o no Boletim Municipal, em 15 de janeiro.<\/p>\n<p>A norma aplica-se a estabelecimentos enquadrados nos grupos do Regulamento dos Hor\u00e1rios de Funcionamento, incluindo restaurantes, caf\u00e9s, bares, discotecas, hot\u00e9is, teatros e cinemas. A fiscaliza\u00e7\u00e3o fica a cargo da Pol\u00edcia Municipal e das for\u00e7as de seguran\u00e7a.<\/p>\n<h3>Medida e hor\u00e1rios<\/h3>\n<p>A proibi\u00e7\u00e3o funciona de domingo a quinta-feira, entre as 23:00 e as 08:00, e \u00e0s sextas-feiras, s\u00e1bados e v\u00e9spera de feriado, entre as 24:00 e as 08:00. A exce\u00e7\u00e3o abrange consumo interior, esplanadas licenciadas e entregas ao domic\u00edlio. A restri\u00e7\u00e3o n\u00e3o se aplica durante as Festas de Lisboa.<\/p>\n<p>Durante o per\u00edodo de veraneio das Festas de Lisboa, a medida n\u00e3o \u00e9 aplicada. A proposta foi viabilizada com votos de quatro forma\u00e7\u00f5es governamentais e oposi\u00e7\u00e3o, com absten\u00e7\u00f5es de partidos de esquerda.<\/p>\n<h3>Penaliza\u00e7\u00f5es e fiscaliza\u00e7\u00e3o<\/h3>\n<p>A viola\u00e7\u00e3o implica contraordena\u00e7\u00e3o: 150 a 1.000 euros para pessoas singulares e 350 a 3.000 euros para pessoas coletivas. A fiscaliza\u00e7\u00e3o compete \u00e0 Pol\u00edcia Municipal de Lisboa e \u00e0s for\u00e7as de seguran\u00e7a.<\/p>\n<p>Os autores da lei indicam que a medida \u00e9 de natureza preventiva e visa o descanso em \u00e1reas residenciais com maior anima\u00e7\u00e3o noturna. O regime \u00e9 tempor\u00e1rio at\u00e9 reformula\u00e7\u00e3o do Regulamento de Hor\u00e1rios. Um relat\u00f3rio sobre a implementa\u00e7\u00e3o dever\u00e1 ficar pronto em at\u00e9 seis meses.<\/p>\n","protected":false},"excerpt":{"rendered":"<ul>\n<li>Proibi\u00e7\u00e3o de venda de bebidas alco\u00f3licas para consumo no exterior em Lisboa aplicando-se a todo o territ\u00f3rio do concelho, de domingo a quinta-feira entre as 23:00 e as 08:00, e \u00e0s sextas, s\u00e1bados e v\u00e9speras de feriado entre as 24:00 e as 08:00.<\/li>\n<li>Aplicam-se aos estabelecimentos dos grupos I a VI do Regulamento dos Hor\u00e1rios de Funcionamento; inclui restaurantes, caf\u00e9s, bares, discotecas, salas de espet\u00e1culos, cinemas, hot\u00e9is, postos de abastecimento e lojas de conveni\u00eancia.<\/li>\n<li>Exce\u00e7\u00f5es: consumo no interior ou em esplanadas licenciadas desde que dentro do hor\u00e1rio e entrega ao domic\u00edlio; durante as Festas de Lisboa n\u00e3o se aplica.<\/li>\n<li>Penaliza\u00e7\u00f5es: contraordena\u00e7\u00e3o de 150 a 1.000 euros para pessoas singulares e de 350 a 3.000 euros para pessoas coletivas; fiscaliza\u00e7\u00e3o pela Pol\u00edcia Municipal de Lisboa e for\u00e7as de seguran\u00e7a.<\/li>\n<li>Contexto e prazos: medida entraria em vigor 30 dias ap\u00f3s publica\u00e7\u00e3o, entrou em vigor a 15 de janeiro; relat\u00f3rio de execu\u00e7\u00e3o dever\u00e1 ser apresentado no prazo de seis meses ao Conselho de Acompanhamento da Vida Noturna.<\/li>\n<\/ul>\n","protected":false},"author":2,"featured_media":214317,"comment_status":"closed","ping_status":"closed","sticky":false,"template":"","format":"standard","meta":{"footnotes":""},"categories":[1,5],"tags":[3312,1654,695,981,3418,250],"class_list":["post-214309","post","type-post","status-publish","format-standard","has-post-thumbnail","hentry","category-noticias","category-politica","tag-bebidas-alcoolicas","tag-contraordenacao","tag-fiscalizacao","tag-lisboa","tag-policia-de-seguranca-publica","tag-seguranca-publica"],"yoast_head":"<!-- This site is optimized with the Yoast SEO plugin v27.2 - https:\/\/yoast.com\/product\/yoast-seo-wordpress\/ -->\n<title>Pro\u00edbida a venda de bebidas alco\u00f3licas para consumo no exterior em Lisboa - Portal Tela Portugal<\/title>\n<meta name=\"robots\" content=\"index, follow, max-snippet:-1, max-image-preview:large, max-video-preview:-1\" \/>\n<meta property=\"og:locale\" content=\"pt_PT\" \/>\n<meta property=\"og:type\" content=\"article\" \/>\n<meta property=\"og:title\" content=\"Pro\u00edbida a venda de bebidas alco\u00f3licas para consumo no exterior em Lisboa - Portal Tela Portugal\" \/>\n<meta property=\"og:description\" content=\"Proibi\u00e7\u00e3o de venda de bebidas alco\u00f3licas para consumo no exterior em Lisboa aplicando-se a todo o territ\u00f3rio do concelho, de domingo a quinta-feira entre as 23:00 e as 08:00, e \u00e0s sextas, s\u00e1bados e v\u00e9speras de feriado entre as 24:00 e as 08:00. Aplicam-se aos estabelecimentos dos grupos I a VI do Regulamento dos Hor\u00e1rios de Funcionamento; inclui restaurantes, caf\u00e9s, bares, discotecas, salas de espet\u00e1culos, cinemas, hot\u00e9is, postos de abastecimento e lojas de conveni\u00eancia. Exce\u00e7\u00f5es: consumo no interior ou em esplanadas licenciadas desde que dentro do hor\u00e1rio e entrega ao domic\u00edlio; durante as Festas de Lisboa n\u00e3o se aplica. Penaliza\u00e7\u00f5es: contraordena\u00e7\u00e3o de 150 a 1.000 euros para pessoas singulares e de 350 a 3.000 euros para pessoas coletivas; fiscaliza\u00e7\u00e3o pela Pol\u00edcia Municipal de Lisboa e for\u00e7as de seguran\u00e7a. Contexto e prazos: medida entraria em vigor 30 dias ap\u00f3s publica\u00e7\u00e3o, entrou em vigor a 15 de janeiro; relat\u00f3rio de execu\u00e7\u00e3o dever\u00e1 ser apresentado no prazo de seis meses ao Conselho de Acompanhamento da Vida Noturna.\" \/>\n<meta property=\"og:url\" content=\"https:\/\/portaltela.pt\/noticias\/2026\/02\/16\/proibida-a-venda-de-bebidas-alcoolicas-para-consumo-no-exterior-em-lisboa\/\" \/>\n<meta property=\"og:site_name\" content=\"Portal Tela Portugal\" \/>\n<meta property=\"article:published_time\" content=\"2026-02-16T11:12:00+00:00\" \/>\n<meta name=\"author\" content=\"Telinha\" \/>\n<meta name=\"twitter:card\" content=\"summary_large_image\" \/>\n<meta name=\"twitter:label1\" content=\"Escrito por\" \/>\n\t<meta name=\"twitter:data1\" content=\"Telinha\" \/>\n\t<meta name=\"twitter:label2\" content=\"Tempo estimado de leitura\" \/>\n\t<meta name=\"twitter:data2\" content=\"1 minuto\" \/>\n<script type=\"application\/ld+json\" class=\"yoast-schema-graph\">{\"@context\":\"https:\/\/schema.org\",\"@graph\":[{\"@type\":\"Article\",\"@id\":\"https:\/\/portaltela.pt\/noticias\/2026\/02\/16\/proibida-a-venda-de-bebidas-alcoolicas-para-consumo-no-exterior-em-lisboa\/#article\",\"isPartOf\":{\"@id\":\"https:\/\/portaltela.pt\/noticias\/2026\/02\/16\/proibida-a-venda-de-bebidas-alcoolicas-para-consumo-no-exterior-em-lisboa\/\"},\"author\":{\"name\":\"Telinha\",\"@id\":\"https:\/\/portaltela.pt\/#\/schema\/person\/c4278d4a6028830caff9ee44b42d32ed\"},\"headline\":\"Pro\u00edbida a venda de bebidas alco\u00f3licas para consumo no exterior em Lisboa\",\"datePublished\":\"2026-02-16T11:12:00+00:00\",\"mainEntityOfPage\":{\"@id\":\"https:\/\/portaltela.pt\/noticias\/2026\/02\/16\/proibida-a-venda-de-bebidas-alcoolicas-para-consumo-no-exterior-em-lisboa\/\"},\"wordCount\":278,\"image\":{\"@id\":\"https:\/\/portaltela.pt\/noticias\/2026\/02\/16\/proibida-a-venda-de-bebidas-alcoolicas-para-consumo-no-exterior-em-lisboa\/#primaryimage\"},\"thumbnailUrl\":\"https:\/\/portaltela.pt\/s.01k8rhncp4jt1\/2026\/02\/image-1239.jpg\",\"keywords\":[\"bebidas alco\u00f3licas\",\"contraordena\u00e7\u00e3o\",\"fiscaliza\u00e7\u00e3o\",\"Lisboa\",\"Pol\u00edcia de Seguran\u00e7a P\u00fablica\",\"seguran\u00e7a p\u00fablica\"],\"articleSection\":[\"Not\u00edcias\",\"Pol\u00edtica\"],\"inLanguage\":\"pt-PT\"},{\"@type\":\"WebPage\",\"@id\":\"https:\/\/portaltela.pt\/noticias\/2026\/02\/16\/proibida-a-venda-de-bebidas-alcoolicas-para-consumo-no-exterior-em-lisboa\/\",\"url\":\"https:\/\/portaltela.pt\/noticias\/2026\/02\/16\/proibida-a-venda-de-bebidas-alcoolicas-para-consumo-no-exterior-em-lisboa\/\",\"name\":\"Pro\u00edbida a venda de bebidas alco\u00f3licas para consumo no exterior em Lisboa - Portal Tela Portugal\",\"isPartOf\":{\"@id\":\"https:\/\/portaltela.pt\/#website\"},\"primaryImageOfPage\":{\"@id\":\"https:\/\/portaltela.pt\/noticias\/2026\/02\/16\/proibida-a-venda-de-bebidas-alcoolicas-para-consumo-no-exterior-em-lisboa\/#primaryimage\"},\"image\":{\"@id\":\"https:\/\/portaltela.pt\/noticias\/2026\/02\/16\/proibida-a-venda-de-bebidas-alcoolicas-para-consumo-no-exterior-em-lisboa\/#primaryimage\"},\"thumbnailUrl\":\"https:\/\/portaltela.pt\/s.01k8rhncp4jt1\/2026\/02\/image-1239.jpg\",\"datePublished\":\"2026-02-16T11:12:00+00:00\",\"author\":{\"@id\":\"https:\/\/portaltela.pt\/#\/schema\/person\/c4278d4a6028830caff9ee44b42d32ed\"},\"breadcrumb\":{\"@id\":\"https:\/\/portaltela.pt\/noticias\/2026\/02\/16\/proibida-a-venda-de-bebidas-alcoolicas-para-consumo-no-exterior-em-lisboa\/#breadcrumb\"},\"inLanguage\":\"pt-PT\",\"potentialAction\":[{\"@type\":\"ReadAction\",\"target\":[\"https:\/\/portaltela.pt\/noticias\/2026\/02\/16\/proibida-a-venda-de-bebidas-alcoolicas-para-consumo-no-exterior-em-lisboa\/\"]}]},{\"@type\":\"ImageObject\",\"inLanguage\":\"pt-PT\",\"@id\":\"https:\/\/portaltela.pt\/noticias\/2026\/02\/16\/proibida-a-venda-de-bebidas-alcoolicas-para-consumo-no-exterior-em-lisboa\/#primaryimage\",\"url\":\"https:\/\/portaltela.pt\/s.01k8rhncp4jt1\/2026\/02\/image-1239.jpg\",\"contentUrl\":\"https:\/\/portaltela.pt\/s.01k8rhncp4jt1\/2026\/02\/image-1239.jpg\",\"width\":796,\"height\":448,\"caption\":\"Venda de bebidas alco\u00f3licas j\u00e1 ultrapassou os n\u00edveis pr\u00e9-pand\u00e9micos\"},{\"@type\":\"BreadcrumbList\",\"@id\":\"https:\/\/portaltela.pt\/noticias\/2026\/02\/16\/proibida-a-venda-de-bebidas-alcoolicas-para-consumo-no-exterior-em-lisboa\/#breadcrumb\",\"itemListElement\":[{\"@type\":\"ListItem\",\"position\":1,\"name\":\"In\u00edcio\",\"item\":\"https:\/\/portaltela.pt\/\"},{\"@type\":\"ListItem\",\"position\":2,\"name\":\"Pro\u00edbida a venda de bebidas alco\u00f3licas para consumo no exterior em Lisboa\"}]},{\"@type\":\"WebSite\",\"@id\":\"https:\/\/portaltela.pt\/#website\",\"url\":\"https:\/\/portaltela.pt\/\",\"name\":\"Portal Tela Portugal\",\"description\":\"\",\"potentialAction\":[{\"@type\":\"SearchAction\",\"target\":{\"@type\":\"EntryPoint\",\"urlTemplate\":\"https:\/\/portaltela.pt\/?s={search_term_string}\"},\"query-input\":{\"@type\":\"PropertyValueSpecification\",\"valueRequired\":true,\"valueName\":\"search_term_string\"}}],\"inLanguage\":\"pt-PT\"},{\"@type\":\"Person\",\"@id\":\"https:\/\/portaltela.pt\/#\/schema\/person\/c4278d4a6028830caff9ee44b42d32ed\",\"name\":\"Telinha\",\"image\":{\"@type\":\"ImageObject\",\"inLanguage\":\"pt-PT\",\"@id\":\"https:\/\/portaltela.pt\/s.01k8rhncp4jt1\/2025\/11\/talking-bot-125x125.png\",\"url\":\"https:\/\/portaltela.pt\/s.01k8rhncp4jt1\/2025\/11\/talking-bot-125x125.png\",\"contentUrl\":\"https:\/\/portaltela.pt\/s.01k8rhncp4jt1\/2025\/11\/talking-bot-125x125.png\",\"caption\":\"Telinha\"},\"sameAs\":[\"https:\/\/portaltela.pt\/\"],\"url\":\"https:\/\/portaltela.pt\/por\/367410592786\/\"}]}<\/script>\n<!-- \/ Yoast SEO plugin. -->","yoast_head_json":{"title":"Pro\u00edbida a venda de bebidas alco\u00f3licas para consumo no exterior em Lisboa - Portal Tela Portugal","robots":{"index":"index","follow":"follow","max-snippet":"max-snippet:-1","max-image-preview":"max-image-preview:large","max-video-preview":"max-video-preview:-1"},"og_locale":"pt_PT","og_type":"article","og_title":"Pro\u00edbida a venda de bebidas alco\u00f3licas para consumo no exterior em Lisboa - Portal Tela Portugal","og_description":"Proibi\u00e7\u00e3o de venda de bebidas alco\u00f3licas para consumo no exterior em Lisboa aplicando-se a todo o territ\u00f3rio do concelho, de domingo a quinta-feira entre as 23:00 e as 08:00, e \u00e0s sextas, s\u00e1bados e v\u00e9speras de feriado entre as 24:00 e as 08:00. Aplicam-se aos estabelecimentos dos grupos I a VI do Regulamento dos Hor\u00e1rios de Funcionamento; inclui restaurantes, caf\u00e9s, bares, discotecas, salas de espet\u00e1culos, cinemas, hot\u00e9is, postos de abastecimento e lojas de conveni\u00eancia. Exce\u00e7\u00f5es: consumo no interior ou em esplanadas licenciadas desde que dentro do hor\u00e1rio e entrega ao domic\u00edlio; durante as Festas de Lisboa n\u00e3o se aplica. Penaliza\u00e7\u00f5es: contraordena\u00e7\u00e3o de 150 a 1.000 euros para pessoas singulares e de 350 a 3.000 euros para pessoas coletivas; fiscaliza\u00e7\u00e3o pela Pol\u00edcia Municipal de Lisboa e for\u00e7as de seguran\u00e7a. Contexto e prazos: medida entraria em vigor 30 dias ap\u00f3s publica\u00e7\u00e3o, entrou em vigor a 15 de janeiro; relat\u00f3rio de execu\u00e7\u00e3o dever\u00e1 ser apresentado no prazo de seis meses ao Conselho de Acompanhamento da Vida Noturna.","og_url":"https:\/\/portaltela.pt\/noticias\/2026\/02\/16\/proibida-a-venda-de-bebidas-alcoolicas-para-consumo-no-exterior-em-lisboa\/","og_site_name":"Portal Tela Portugal","article_published_time":"2026-02-16T11:12:00+00:00","author":"Telinha","twitter_card":"summary_large_image","twitter_misc":{"Escrito por":"Telinha","Tempo estimado de leitura":"1 minuto"},"schema":{"@context":"https:\/\/schema.org","@graph":[{"@type":"Article","@id":"https:\/\/portaltela.pt\/noticias\/2026\/02\/16\/proibida-a-venda-de-bebidas-alcoolicas-para-consumo-no-exterior-em-lisboa\/#article","isPartOf":{"@id":"https:\/\/portaltela.pt\/noticias\/2026\/02\/16\/proibida-a-venda-de-bebidas-alcoolicas-para-consumo-no-exterior-em-lisboa\/"},"author":{"name":"Telinha","@id":"https:\/\/portaltela.pt\/#\/schema\/person\/c4278d4a6028830caff9ee44b42d32ed"},"headline":"Pro\u00edbida a venda de bebidas alco\u00f3licas para consumo no exterior em Lisboa","datePublished":"2026-02-16T11:12:00+00:00","mainEntityOfPage":{"@id":"https:\/\/portaltela.pt\/noticias\/2026\/02\/16\/proibida-a-venda-de-bebidas-alcoolicas-para-consumo-no-exterior-em-lisboa\/"},"wordCount":278,"image":{"@id":"https:\/\/portaltela.pt\/noticias\/2026\/02\/16\/proibida-a-venda-de-bebidas-alcoolicas-para-consumo-no-exterior-em-lisboa\/#primaryimage"},"thumbnailUrl":"https:\/\/portaltela.pt\/s.01k8rhncp4jt1\/2026\/02\/image-1239.jpg","keywords":["bebidas alco\u00f3licas","contraordena\u00e7\u00e3o","fiscaliza\u00e7\u00e3o","Lisboa","Pol\u00edcia de Seguran\u00e7a P\u00fablica","seguran\u00e7a p\u00fablica"],"articleSection":["Not\u00edcias","Pol\u00edtica"],"inLanguage":"pt-PT"},{"@type":"WebPage","@id":"https:\/\/portaltela.pt\/noticias\/2026\/02\/16\/proibida-a-venda-de-bebidas-alcoolicas-para-consumo-no-exterior-em-lisboa\/","url":"https:\/\/portaltela.pt\/noticias\/2026\/02\/16\/proibida-a-venda-de-bebidas-alcoolicas-para-consumo-no-exterior-em-lisboa\/","name":"Pro\u00edbida a venda de bebidas alco\u00f3licas para consumo no exterior em Lisboa - Portal Tela Portugal","isPartOf":{"@id":"https:\/\/portaltela.pt\/#website"},"primaryImageOfPage":{"@id":"https:\/\/portaltela.pt\/noticias\/2026\/02\/16\/proibida-a-venda-de-bebidas-alcoolicas-para-consumo-no-exterior-em-lisboa\/#primaryimage"},"image":{"@id":"https:\/\/portaltela.pt\/noticias\/2026\/02\/16\/proibida-a-venda-de-bebidas-alcoolicas-para-consumo-no-exterior-em-lisboa\/#primaryimage"},"thumbnailUrl":"https:\/\/portaltela.pt\/s.01k8rhncp4jt1\/2026\/02\/image-1239.jpg","datePublished":"2026-02-16T11:12:00+00:00","author":{"@id":"https:\/\/portaltela.pt\/#\/schema\/person\/c4278d4a6028830caff9ee44b42d32ed"},"breadcrumb":{"@id":"https:\/\/portaltela.pt\/noticias\/2026\/02\/16\/proibida-a-venda-de-bebidas-alcoolicas-para-consumo-no-exterior-em-lisboa\/#breadcrumb"},"inLanguage":"pt-PT","potentialAction":[{"@type":"ReadAction","target":["https:\/\/portaltela.pt\/noticias\/2026\/02\/16\/proibida-a-venda-de-bebidas-alcoolicas-para-consumo-no-exterior-em-lisboa\/"]}]},{"@type":"ImageObject","inLanguage":"pt-PT","@id":"https:\/\/portaltela.pt\/noticias\/2026\/02\/16\/proibida-a-venda-de-bebidas-alcoolicas-para-consumo-no-exterior-em-lisboa\/#primaryimage","url":"https:\/\/portaltela.pt\/s.01k8rhncp4jt1\/2026\/02\/image-1239.jpg","contentUrl":"https:\/\/portaltela.pt\/s.01k8rhncp4jt1\/2026\/02\/image-1239.jpg","width":796,"height":448,"caption":"Venda de bebidas alco\u00f3licas j\u00e1 ultrapassou os n\u00edveis pr\u00e9-pand\u00e9micos"},{"@type":"BreadcrumbList","@id":"https:\/\/portaltela.pt\/noticias\/2026\/02\/16\/proibida-a-venda-de-bebidas-alcoolicas-para-consumo-no-exterior-em-lisboa\/#breadcrumb","itemListElement":[{"@type":"ListItem","position":1,"name":"In\u00edcio","item":"https:\/\/portaltela.pt\/"},{"@type":"ListItem","position":2,"name":"Pro\u00edbida a venda de bebidas alco\u00f3licas para consumo no exterior em Lisboa"}]},{"@type":"WebSite","@id":"https:\/\/portaltela.pt\/#website","url":"https:\/\/portaltela.pt\/","name":"Portal Tela Portugal","description":"","potentialAction":[{"@type":"SearchAction","target":{"@type":"EntryPoint","urlTemplate":"https:\/\/portaltela.pt\/?s={search_term_string}"},"query-input":{"@type":"PropertyValueSpecification","valueRequired":true,"valueName":"search_term_string"}}],"inLanguage":"pt-PT"},{"@type":"Person","@id":"https:\/\/portaltela.pt\/#\/schema\/person\/c4278d4a6028830caff9ee44b42d32ed","name":"Telinha","image":{"@type":"ImageObject","inLanguage":"pt-PT","@id":"https:\/\/portaltela.pt\/s.01k8rhncp4jt1\/2025\/11\/talking-bot-125x125.png","url":"https:\/\/portaltela.pt\/s.01k8rhncp4jt1\/2025\/11\/talking-bot-125x125.png","contentUrl":"https:\/\/portaltela.pt\/s.01k8rhncp4jt1\/2025\/11\/talking-bot-125x125.png","caption":"Telinha"},"sameAs":["https:\/\/portaltela.pt\/"],"url":"https:\/\/portaltela.pt\/por\/367410592786\/"}]}},"_links":{"self":[{"href":"https:\/\/portaltela.pt\/api\/wp\/v2\/posts\/214309","targetHints":{"allow":["GET"]}}],"collection":[{"href":"https:\/\/portaltela.pt\/api\/wp\/v2\/posts"}],"about":[{"href":"https:\/\/portaltela.pt\/api\/wp\/v2\/types\/post"}],"author":[{"embeddable":true,"href":"https:\/\/portaltela.pt\/api\/wp\/v2\/users\/2"}],"replies":[{"embeddable":true,"href":"https:\/\/portaltela.pt\/api\/wp\/v2\/comments?post=214309"}],"version-history":[{"count":0,"href":"https:\/\/portaltela.pt\/api\/wp\/v2\/posts\/214309\/revisions"}],"wp:featuredmedia":[{"embeddable":true,"href":"https:\/\/portaltela.pt\/api\/wp\/v2\/media\/214317"}],"wp:attachment":[{"href":"https:\/\/portaltela.pt\/api\/wp\/v2\/media?parent=214309"}],"wp:term":[{"taxonomy":"category","embeddable":true,"href":"https:\/\/portaltela.pt\/api\/wp\/v2\/categories?post=214309"},{"taxonomy":"post_tag","embeddable":true,"href":"https:\/\/portaltela.pt\/api\/wp\/v2\/tags?post=214309"}],"curies":[{"name":"wp","href":"https:\/\/api.w.org\/{rel}","templated":true}]}}