{"id":214300,"date":"2026-02-16T08:13:41","date_gmt":"2026-02-16T11:13:41","guid":{"rendered":"https:\/\/portaltela.pt\/noticias\/2026\/02\/16\/guia-de-perguntas-e-respostas-para-quem-vai-concorrer-ao-ensino-superior\/"},"modified":"2026-02-16T08:13:41","modified_gmt":"2026-02-16T11:13:41","slug":"guia-de-perguntas-e-respostas-para-quem-vai-concorrer-ao-ensino-superior","status":"publish","type":"post","link":"https:\/\/portaltela.pt\/noticias\/2026\/02\/16\/guia-de-perguntas-e-respostas-para-quem-vai-concorrer-ao-ensino-superior\/","title":{"rendered":"Guia de perguntas e respostas para quem vai concorrer ao Ensino Superior"},"content":{"rendered":"<p>O Governo revelou, na madrugada desta segunda-feira, as vagas para o Ensino Superior p\u00fablico no ano letivo de 2026\/2027. No total, h\u00e1 78 283 lugares, mais 1 465 que em 2025\/2026, segundo o Minist\u00e9rio da Educa\u00e7\u00e3o, Ci\u00eancia e Inova\u00e7\u00e3o.<\/p>\n<p>No Regime Geral de Acesso (RGA) s\u00e3o abertas 56 790 vagas. O aumento global inclui eleva\u00e7\u00f5es nos cursos de Educa\u00e7\u00e3o B\u00e1sica, com um acr\u00e9scimo de 12% (+147 vagas), e na Medicina, com +62 lugares, totalizando 1 656 vagas nessa \u00e1rea.<\/p>\n<p>O documento aponta que o Instituto Polit\u00e9cnico de Coimbra \u00e9 o que mais abre vagas (177), enquanto o de Tomar regista o maior recuo (\u221215). A Universidade de Tr\u00e1s-os-Montes e Alto Douro cria 40 vagas para Medicina.<\/p>\n<h3>Acesso e requisitos<\/h3>\n<p>Podem candidatar-se ao Ensino Superior p\u00fablico, via regime geral, estudantes com aprova\u00e7\u00e3o no ensino secund\u00e1rio ou habilita\u00e7\u00e3o equivalente, prova de ingresso obrigat\u00f3ria e cumprimento de pr\u00e9-requisitos dos cursos.<\/p>\n<p>\u00c9 exigida, ainda, uma classifica\u00e7\u00e3o m\u00ednima de candidatura para cada par institui\u00e7\u00e3o\/ciclo de estudos. Esta nota m\u00ednima \u00e9 publicada pela Dire\u00e7\u00e3o-Geral do Ensino Superior (DGES).<\/p>\n<p>Para concluir o secund\u00e1rio, s\u00e3o necess\u00e1rios tr\u00eas exames nacionais, incluindo Portugu\u00eas (12.\u00ba ano) e dois exames espec\u00edficos da forma\u00e7\u00e3o do curso escolhido.<\/p>\n<h3>Como funciona o concurso<\/h3>\n<p>As vagas s\u00e3o definidas por cada institui\u00e7\u00e3o, com base em recursos e orienta\u00e7\u00f5es nacionais. O concurso nacional re\u00fane as vagas para v\u00e1rias institui\u00e7\u00f5es, enquanto alguns cursos seguem concursos locais ou institucionais.<\/p>\n<p>No concurso nacional, cada candidato pode nomear at\u00e9 seis pares institui\u00e7\u00e3o\/ciclo de estudos por fase. A soma de vagas e regras variam consoante o curso e a institui\u00e7\u00e3o.<\/p>\n<p>As provas de ingresso variam entre duas e tr\u00eas, com elencos alternativos poss\u00edveis. A DGES divulga, no seu site, as provas exigidas para cada curso e institui\u00e7\u00e3o.<\/p>\n<h3>Datas e propinas<\/h3>\n<p>As candidaturas costumam abrir em mar\u00e7o, com as provas nacionais a iniciar-se a 16 de junho e a prolongar-se at\u00e9 26 de junho. Existem segundas fases de julho a agosto, conforme o calend\u00e1rio.<\/p>\n<p>As propinas para o ano letivo 2026\/2027 mant\u00eam-se congeladas. O valor atual situa-se em 697 euros, sem aumentos previstos para o pr\u00f3ximo ano letivo.<\/p>\n","protected":false},"excerpt":{"rendered":"<ul>\n<li>Em 2026\/2027, o ensino superior p\u00fablico ter\u00e1 78.283 vagas, mais 1.465 do que em 2025\/2026.<\/li>\n<li>No Regime Geral de Acesso, existem 56.790 vagas dispon\u00edveis.<\/li>\n<li>Os cursos de educa\u00e7\u00e3o b\u00e1sica voltam a subir, com mais 147 lugares (aumento de 12%).<\/li>\n<li>A Medicina passa a ter 1.656 vagas, com a abertura de um curso na Universidade de Tr\u00e1s-os-Montes e Alto Douro (40 lugares) e um refor\u00e7o na Universidade de Coimbra (22).<\/li>\n<li>O Instituto Polit\u00e9cnico de Coimbra \u00e9 o que mais vagas abre (177), enquanto o Instituto Polit\u00e9cnico de Tomar \u00e9 o que mais perde (15).<\/li>\n<\/ul>\n","protected":false},"author":2,"featured_media":214303,"comment_status":"closed","ping_status":"closed","sticky":false,"template":"","format":"standard","meta":{"footnotes":""},"categories":[1],"tags":[4121,163,92,5563,3391,58],"class_list":["post-214300","post","type-post","status-publish","format-standard","has-post-thumbnail","hentry","category-noticias","tag-concursos","tag-educacao","tag-ensino","tag-informacao-publica","tag-propinas","tag-universidades"],"yoast_head":"<!-- This site is optimized with the Yoast SEO plugin v27.2 - https:\/\/yoast.com\/product\/yoast-seo-wordpress\/ -->\n<title>Guia de perguntas e respostas para quem vai concorrer ao Ensino Superior - Portal Tela Portugal<\/title>\n<meta name=\"robots\" content=\"index, follow, max-snippet:-1, max-image-preview:large, max-video-preview:-1\" \/>\n<meta property=\"og:locale\" content=\"pt_PT\" \/>\n<meta property=\"og:type\" content=\"article\" \/>\n<meta property=\"og:title\" content=\"Guia de perguntas e respostas para quem vai concorrer ao Ensino Superior - Portal Tela Portugal\" \/>\n<meta property=\"og:description\" content=\"Em 2026\/2027, o ensino superior p\u00fablico ter\u00e1 78.283 vagas, mais 1.465 do que em 2025\/2026. No Regime Geral de Acesso, existem 56.790 vagas dispon\u00edveis. Os cursos de educa\u00e7\u00e3o b\u00e1sica voltam a subir, com mais 147 lugares (aumento de 12%). A Medicina passa a ter 1.656 vagas, com a abertura de um curso na Universidade de Tr\u00e1s-os-Montes e Alto Douro (40 lugares) e um refor\u00e7o na Universidade de Coimbra (22). O Instituto Polit\u00e9cnico de Coimbra \u00e9 o que mais vagas abre (177), enquanto o Instituto Polit\u00e9cnico de Tomar \u00e9 o que mais perde (15).\" \/>\n<meta property=\"og:url\" content=\"https:\/\/portaltela.pt\/noticias\/2026\/02\/16\/guia-de-perguntas-e-respostas-para-quem-vai-concorrer-ao-ensino-superior\/\" \/>\n<meta property=\"og:site_name\" content=\"Portal Tela Portugal\" \/>\n<meta property=\"article:published_time\" content=\"2026-02-16T11:13:41+00:00\" \/>\n<meta name=\"author\" content=\"Telinha\" \/>\n<meta name=\"twitter:card\" content=\"summary_large_image\" \/>\n<meta name=\"twitter:label1\" content=\"Escrito por\" \/>\n\t<meta name=\"twitter:data1\" content=\"Telinha\" \/>\n\t<meta name=\"twitter:label2\" content=\"Tempo estimado de leitura\" \/>\n\t<meta name=\"twitter:data2\" content=\"2 minutos\" \/>\n<script type=\"application\/ld+json\" class=\"yoast-schema-graph\">{\"@context\":\"https:\/\/schema.org\",\"@graph\":[{\"@type\":\"Article\",\"@id\":\"https:\/\/portaltela.pt\/noticias\/2026\/02\/16\/guia-de-perguntas-e-respostas-para-quem-vai-concorrer-ao-ensino-superior\/#article\",\"isPartOf\":{\"@id\":\"https:\/\/portaltela.pt\/noticias\/2026\/02\/16\/guia-de-perguntas-e-respostas-para-quem-vai-concorrer-ao-ensino-superior\/\"},\"author\":{\"name\":\"Telinha\",\"@id\":\"https:\/\/portaltela.pt\/#\/schema\/person\/c4278d4a6028830caff9ee44b42d32ed\"},\"headline\":\"Guia de perguntas e respostas para quem vai concorrer ao Ensino Superior\",\"datePublished\":\"2026-02-16T11:13:41+00:00\",\"mainEntityOfPage\":{\"@id\":\"https:\/\/portaltela.pt\/noticias\/2026\/02\/16\/guia-de-perguntas-e-respostas-para-quem-vai-concorrer-ao-ensino-superior\/\"},\"wordCount\":379,\"image\":{\"@id\":\"https:\/\/portaltela.pt\/noticias\/2026\/02\/16\/guia-de-perguntas-e-respostas-para-quem-vai-concorrer-ao-ensino-superior\/#primaryimage\"},\"thumbnailUrl\":\"https:\/\/portaltela.pt\/s.01k8rhncp4jt1\/2026\/02\/img_1500x1000uu2025-05-25-19-10-53-2211734.jpg\",\"keywords\":[\"concursos\",\"educa\u00e7\u00e3o\",\"ensino\",\"informa\u00e7\u00e3o p\u00fablica\",\"propinas\",\"universidades\"],\"articleSection\":[\"Not\u00edcias\"],\"inLanguage\":\"pt-PT\"},{\"@type\":\"WebPage\",\"@id\":\"https:\/\/portaltela.pt\/noticias\/2026\/02\/16\/guia-de-perguntas-e-respostas-para-quem-vai-concorrer-ao-ensino-superior\/\",\"url\":\"https:\/\/portaltela.pt\/noticias\/2026\/02\/16\/guia-de-perguntas-e-respostas-para-quem-vai-concorrer-ao-ensino-superior\/\",\"name\":\"Guia de perguntas e respostas para quem vai concorrer ao Ensino Superior - Portal Tela Portugal\",\"isPartOf\":{\"@id\":\"https:\/\/portaltela.pt\/#website\"},\"primaryImageOfPage\":{\"@id\":\"https:\/\/portaltela.pt\/noticias\/2026\/02\/16\/guia-de-perguntas-e-respostas-para-quem-vai-concorrer-ao-ensino-superior\/#primaryimage\"},\"image\":{\"@id\":\"https:\/\/portaltela.pt\/noticias\/2026\/02\/16\/guia-de-perguntas-e-respostas-para-quem-vai-concorrer-ao-ensino-superior\/#primaryimage\"},\"thumbnailUrl\":\"https:\/\/portaltela.pt\/s.01k8rhncp4jt1\/2026\/02\/img_1500x1000uu2025-05-25-19-10-53-2211734.jpg\",\"datePublished\":\"2026-02-16T11:13:41+00:00\",\"author\":{\"@id\":\"https:\/\/portaltela.pt\/#\/schema\/person\/c4278d4a6028830caff9ee44b42d32ed\"},\"breadcrumb\":{\"@id\":\"https:\/\/portaltela.pt\/noticias\/2026\/02\/16\/guia-de-perguntas-e-respostas-para-quem-vai-concorrer-ao-ensino-superior\/#breadcrumb\"},\"inLanguage\":\"pt-PT\",\"potentialAction\":[{\"@type\":\"ReadAction\",\"target\":[\"https:\/\/portaltela.pt\/noticias\/2026\/02\/16\/guia-de-perguntas-e-respostas-para-quem-vai-concorrer-ao-ensino-superior\/\"]}]},{\"@type\":\"ImageObject\",\"inLanguage\":\"pt-PT\",\"@id\":\"https:\/\/portaltela.pt\/noticias\/2026\/02\/16\/guia-de-perguntas-e-respostas-para-quem-vai-concorrer-ao-ensino-superior\/#primaryimage\",\"url\":\"https:\/\/portaltela.pt\/s.01k8rhncp4jt1\/2026\/02\/img_1500x1000uu2025-05-25-19-10-53-2211734.jpg\",\"contentUrl\":\"https:\/\/portaltela.pt\/s.01k8rhncp4jt1\/2026\/02\/img_1500x1000uu2025-05-25-19-10-53-2211734.jpg\",\"width\":1500,\"height\":1000,\"caption\":\"Ha mais vagas para o Ensino Superior no pr\u00f3ximo ano letivo\"},{\"@type\":\"BreadcrumbList\",\"@id\":\"https:\/\/portaltela.pt\/noticias\/2026\/02\/16\/guia-de-perguntas-e-respostas-para-quem-vai-concorrer-ao-ensino-superior\/#breadcrumb\",\"itemListElement\":[{\"@type\":\"ListItem\",\"position\":1,\"name\":\"In\u00edcio\",\"item\":\"https:\/\/portaltela.pt\/\"},{\"@type\":\"ListItem\",\"position\":2,\"name\":\"Guia de perguntas e respostas para quem vai concorrer ao Ensino Superior\"}]},{\"@type\":\"WebSite\",\"@id\":\"https:\/\/portaltela.pt\/#website\",\"url\":\"https:\/\/portaltela.pt\/\",\"name\":\"Portal Tela Portugal\",\"description\":\"\",\"potentialAction\":[{\"@type\":\"SearchAction\",\"target\":{\"@type\":\"EntryPoint\",\"urlTemplate\":\"https:\/\/portaltela.pt\/?s={search_term_string}\"},\"query-input\":{\"@type\":\"PropertyValueSpecification\",\"valueRequired\":true,\"valueName\":\"search_term_string\"}}],\"inLanguage\":\"pt-PT\"},{\"@type\":\"Person\",\"@id\":\"https:\/\/portaltela.pt\/#\/schema\/person\/c4278d4a6028830caff9ee44b42d32ed\",\"name\":\"Telinha\",\"image\":{\"@type\":\"ImageObject\",\"inLanguage\":\"pt-PT\",\"@id\":\"https:\/\/portaltela.pt\/s.01k8rhncp4jt1\/2025\/11\/talking-bot-125x125.png\",\"url\":\"https:\/\/portaltela.pt\/s.01k8rhncp4jt1\/2025\/11\/talking-bot-125x125.png\",\"contentUrl\":\"https:\/\/portaltela.pt\/s.01k8rhncp4jt1\/2025\/11\/talking-bot-125x125.png\",\"caption\":\"Telinha\"},\"sameAs\":[\"https:\/\/portaltela.pt\/\"],\"url\":\"https:\/\/portaltela.pt\/por\/367410592786\/\"}]}<\/script>\n<!-- \/ Yoast SEO plugin. -->","yoast_head_json":{"title":"Guia de perguntas e respostas para quem vai concorrer ao Ensino Superior - Portal Tela Portugal","robots":{"index":"index","follow":"follow","max-snippet":"max-snippet:-1","max-image-preview":"max-image-preview:large","max-video-preview":"max-video-preview:-1"},"og_locale":"pt_PT","og_type":"article","og_title":"Guia de perguntas e respostas para quem vai concorrer ao Ensino Superior - Portal Tela Portugal","og_description":"Em 2026\/2027, o ensino superior p\u00fablico ter\u00e1 78.283 vagas, mais 1.465 do que em 2025\/2026. No Regime Geral de Acesso, existem 56.790 vagas dispon\u00edveis. Os cursos de educa\u00e7\u00e3o b\u00e1sica voltam a subir, com mais 147 lugares (aumento de 12%). A Medicina passa a ter 1.656 vagas, com a abertura de um curso na Universidade de Tr\u00e1s-os-Montes e Alto Douro (40 lugares) e um refor\u00e7o na Universidade de Coimbra (22). O Instituto Polit\u00e9cnico de Coimbra \u00e9 o que mais vagas abre (177), enquanto o Instituto Polit\u00e9cnico de Tomar \u00e9 o que mais perde (15).","og_url":"https:\/\/portaltela.pt\/noticias\/2026\/02\/16\/guia-de-perguntas-e-respostas-para-quem-vai-concorrer-ao-ensino-superior\/","og_site_name":"Portal Tela Portugal","article_published_time":"2026-02-16T11:13:41+00:00","author":"Telinha","twitter_card":"summary_large_image","twitter_misc":{"Escrito por":"Telinha","Tempo estimado de leitura":"2 minutos"},"schema":{"@context":"https:\/\/schema.org","@graph":[{"@type":"Article","@id":"https:\/\/portaltela.pt\/noticias\/2026\/02\/16\/guia-de-perguntas-e-respostas-para-quem-vai-concorrer-ao-ensino-superior\/#article","isPartOf":{"@id":"https:\/\/portaltela.pt\/noticias\/2026\/02\/16\/guia-de-perguntas-e-respostas-para-quem-vai-concorrer-ao-ensino-superior\/"},"author":{"name":"Telinha","@id":"https:\/\/portaltela.pt\/#\/schema\/person\/c4278d4a6028830caff9ee44b42d32ed"},"headline":"Guia de perguntas e respostas para quem vai concorrer ao Ensino Superior","datePublished":"2026-02-16T11:13:41+00:00","mainEntityOfPage":{"@id":"https:\/\/portaltela.pt\/noticias\/2026\/02\/16\/guia-de-perguntas-e-respostas-para-quem-vai-concorrer-ao-ensino-superior\/"},"wordCount":379,"image":{"@id":"https:\/\/portaltela.pt\/noticias\/2026\/02\/16\/guia-de-perguntas-e-respostas-para-quem-vai-concorrer-ao-ensino-superior\/#primaryimage"},"thumbnailUrl":"https:\/\/portaltela.pt\/s.01k8rhncp4jt1\/2026\/02\/img_1500x1000uu2025-05-25-19-10-53-2211734.jpg","keywords":["concursos","educa\u00e7\u00e3o","ensino","informa\u00e7\u00e3o p\u00fablica","propinas","universidades"],"articleSection":["Not\u00edcias"],"inLanguage":"pt-PT"},{"@type":"WebPage","@id":"https:\/\/portaltela.pt\/noticias\/2026\/02\/16\/guia-de-perguntas-e-respostas-para-quem-vai-concorrer-ao-ensino-superior\/","url":"https:\/\/portaltela.pt\/noticias\/2026\/02\/16\/guia-de-perguntas-e-respostas-para-quem-vai-concorrer-ao-ensino-superior\/","name":"Guia de perguntas e respostas para quem vai concorrer ao Ensino Superior - Portal Tela Portugal","isPartOf":{"@id":"https:\/\/portaltela.pt\/#website"},"primaryImageOfPage":{"@id":"https:\/\/portaltela.pt\/noticias\/2026\/02\/16\/guia-de-perguntas-e-respostas-para-quem-vai-concorrer-ao-ensino-superior\/#primaryimage"},"image":{"@id":"https:\/\/portaltela.pt\/noticias\/2026\/02\/16\/guia-de-perguntas-e-respostas-para-quem-vai-concorrer-ao-ensino-superior\/#primaryimage"},"thumbnailUrl":"https:\/\/portaltela.pt\/s.01k8rhncp4jt1\/2026\/02\/img_1500x1000uu2025-05-25-19-10-53-2211734.jpg","datePublished":"2026-02-16T11:13:41+00:00","author":{"@id":"https:\/\/portaltela.pt\/#\/schema\/person\/c4278d4a6028830caff9ee44b42d32ed"},"breadcrumb":{"@id":"https:\/\/portaltela.pt\/noticias\/2026\/02\/16\/guia-de-perguntas-e-respostas-para-quem-vai-concorrer-ao-ensino-superior\/#breadcrumb"},"inLanguage":"pt-PT","potentialAction":[{"@type":"ReadAction","target":["https:\/\/portaltela.pt\/noticias\/2026\/02\/16\/guia-de-perguntas-e-respostas-para-quem-vai-concorrer-ao-ensino-superior\/"]}]},{"@type":"ImageObject","inLanguage":"pt-PT","@id":"https:\/\/portaltela.pt\/noticias\/2026\/02\/16\/guia-de-perguntas-e-respostas-para-quem-vai-concorrer-ao-ensino-superior\/#primaryimage","url":"https:\/\/portaltela.pt\/s.01k8rhncp4jt1\/2026\/02\/img_1500x1000uu2025-05-25-19-10-53-2211734.jpg","contentUrl":"https:\/\/portaltela.pt\/s.01k8rhncp4jt1\/2026\/02\/img_1500x1000uu2025-05-25-19-10-53-2211734.jpg","width":1500,"height":1000,"caption":"Ha mais vagas para o Ensino Superior no pr\u00f3ximo ano letivo"},{"@type":"BreadcrumbList","@id":"https:\/\/portaltela.pt\/noticias\/2026\/02\/16\/guia-de-perguntas-e-respostas-para-quem-vai-concorrer-ao-ensino-superior\/#breadcrumb","itemListElement":[{"@type":"ListItem","position":1,"name":"In\u00edcio","item":"https:\/\/portaltela.pt\/"},{"@type":"ListItem","position":2,"name":"Guia de perguntas e respostas para quem vai concorrer ao Ensino Superior"}]},{"@type":"WebSite","@id":"https:\/\/portaltela.pt\/#website","url":"https:\/\/portaltela.pt\/","name":"Portal Tela Portugal","description":"","potentialAction":[{"@type":"SearchAction","target":{"@type":"EntryPoint","urlTemplate":"https:\/\/portaltela.pt\/?s={search_term_string}"},"query-input":{"@type":"PropertyValueSpecification","valueRequired":true,"valueName":"search_term_string"}}],"inLanguage":"pt-PT"},{"@type":"Person","@id":"https:\/\/portaltela.pt\/#\/schema\/person\/c4278d4a6028830caff9ee44b42d32ed","name":"Telinha","image":{"@type":"ImageObject","inLanguage":"pt-PT","@id":"https:\/\/portaltela.pt\/s.01k8rhncp4jt1\/2025\/11\/talking-bot-125x125.png","url":"https:\/\/portaltela.pt\/s.01k8rhncp4jt1\/2025\/11\/talking-bot-125x125.png","contentUrl":"https:\/\/portaltela.pt\/s.01k8rhncp4jt1\/2025\/11\/talking-bot-125x125.png","caption":"Telinha"},"sameAs":["https:\/\/portaltela.pt\/"],"url":"https:\/\/portaltela.pt\/por\/367410592786\/"}]}},"_links":{"self":[{"href":"https:\/\/portaltela.pt\/api\/wp\/v2\/posts\/214300","targetHints":{"allow":["GET"]}}],"collection":[{"href":"https:\/\/portaltela.pt\/api\/wp\/v2\/posts"}],"about":[{"href":"https:\/\/portaltela.pt\/api\/wp\/v2\/types\/post"}],"author":[{"embeddable":true,"href":"https:\/\/portaltela.pt\/api\/wp\/v2\/users\/2"}],"replies":[{"embeddable":true,"href":"https:\/\/portaltela.pt\/api\/wp\/v2\/comments?post=214300"}],"version-history":[{"count":0,"href":"https:\/\/portaltela.pt\/api\/wp\/v2\/posts\/214300\/revisions"}],"wp:featuredmedia":[{"embeddable":true,"href":"https:\/\/portaltela.pt\/api\/wp\/v2\/media\/214303"}],"wp:attachment":[{"href":"https:\/\/portaltela.pt\/api\/wp\/v2\/media?parent=214300"}],"wp:term":[{"taxonomy":"category","embeddable":true,"href":"https:\/\/portaltela.pt\/api\/wp\/v2\/categories?post=214300"},{"taxonomy":"post_tag","embeddable":true,"href":"https:\/\/portaltela.pt\/api\/wp\/v2\/tags?post=214300"}],"curies":[{"name":"wp","href":"https:\/\/api.w.org\/{rel}","templated":true}]}}