{"id":214284,"date":"2026-02-16T08:03:00","date_gmt":"2026-02-16T11:03:00","guid":{"rendered":"https:\/\/portaltela.pt\/noticias\/2026\/02\/16\/veiculo-anfibio-atravessa-estrada-alagada-para-chegar-a-aldeia-de-ereira\/"},"modified":"2026-02-16T08:03:00","modified_gmt":"2026-02-16T11:03:00","slug":"veiculo-anfibio-atravessa-estrada-alagada-para-chegar-a-aldeia-de-ereira","status":"publish","type":"post","link":"https:\/\/portaltela.pt\/noticias\/2026\/02\/16\/veiculo-anfibio-atravessa-estrada-alagada-para-chegar-a-aldeia-de-ereira\/","title":{"rendered":"Ve\u00edculo anf\u00edbio atravessa estrada alagada para chegar \u00e0 aldeia de Ereira"},"content":{"rendered":"<p>Um ve\u00edculo anf\u00edbio atravessou uma estrada totalmente inundada para chegar \u00e0 aldeia de Ereira, que continua isolada devido ao mau tempo. A opera\u00e7\u00e3o visou dar continuidade ao abastecimento da popula\u00e7\u00e3o.<\/p>\n<p>Fuzileiros transportaram pessoas e bens essenciais por meio de um barco com rodas, assegurando a passagem para fora da \u00e1rea alagada. A desloca\u00e7\u00e3o ocorreu em meio a condi\u00e7\u00f5es log\u00edsticas dif\u00edceis.<\/p>\n<p>O epis\u00f3dio aconteceu durante o mau tempo que afeta a regi\u00e3o, deixando a aldeia sem acesso a vias normais. O objetivo foi manter o apoio direto \u00e0 popula\u00e7\u00e3o isolada e reduzir riscos.<\/p>\n<h3>Outras not\u00edcias<\/h3>\n<p>Imagens de drone mostram um carro colocado sobre um contentor mar\u00edtimo e destro\u00e7os espalhados pela \u00e1gua em Montemor-o-Velho. A circula\u00e7\u00e3o na regi\u00e3o permanece condicionada.<\/p>\n<p>O vulc\u00e3o Kilauea voltou a entrar em erup\u00e7\u00e3o, exibindo atividade cont\u00ednua e for\u00e7a destrutiva. Autoridades monitorizam o fen\u00f3meno e informam sobre riscos para comunidades vizinhas.<\/p>\n<p>Relatos de familiares indicam inquieta\u00e7\u00e3o de jovens que acompanham o mau tempo, com mensagens de apoio e pedidos de prote\u00e7\u00e3o. As autoridades recomendam manter-se informado sobre atualiza\u00e7\u00f5es locais.<\/p>\n<p>Uma escola de samba no Brasil homenageia o presidente Lula da Silva, gerando pol\u00e9mica e rea\u00e7\u00f5es diversas entre a popula\u00e7\u00e3o e integrantes da comunidade musical.<\/p>\n","protected":false},"excerpt":{"rendered":"<ul>\n<li>Ve\u00edculo anf\u00edbio atravessa uma estrada totalmente inundada para alcan\u00e7ar a aldeia de Ereira, numa opera\u00e7\u00e3o de evacua\u00e7\u00e3o e apoio \u00e0 popula\u00e7\u00e3o isolada.<\/li>\n<\/ul>\n<p>\u2022<\/p>\n<ul>\n<li>Fuzileiros transportam pessoas e bens essenciais em barco com rodas, para facilitar o acesso \u00e0 comunidade devido ao mau tempo.<\/li>\n<\/ul>\n<p>\u2022<\/p>\n<ul>\n<li>Imagens de drone mostram um carro em cima de um contentor mar\u00edtimo e destro\u00e7os espalhados pela \u00e1gua em Montemor-o-Velho.<\/li>\n<\/ul>\n<p>\u2022<\/p>\n<ul>\n<li>O vulc\u00e3o Kilauea voltou a entrar em erup\u00e7\u00e3o, exibindo atividade vis\u00edvel.<\/li>\n<\/ul>\n<p>\u2022<\/p>\n<ul>\n<li>No Brasil, Mariana, que tem epilepsia, e a fam\u00edlia tiveram de deixar a casa devido ao mau tempo; uma escola de samba homenageia o presidente Lula da Silva, gerando pol\u00e9mica.<\/li>\n<\/ul>\n","protected":false},"author":2,"featured_media":214292,"comment_status":"closed","ping_status":"closed","sticky":false,"template":"","format":"standard","meta":{"footnotes":""},"categories":[1],"tags":[1331,3812,5640,5438,320,192],"class_list":["post-214284","post","type-post","status-publish","format-standard","has-post-thumbnail","hentry","category-noticias","tag-alagamento","tag-alagamentos","tag-aldeias","tag-fuzileiros","tag-protecao-civil","tag-transporte"],"yoast_head":"<!-- This site is optimized with the Yoast SEO plugin v27.2 - https:\/\/yoast.com\/product\/yoast-seo-wordpress\/ -->\n<title>Ve\u00edculo anf\u00edbio atravessa estrada alagada para chegar \u00e0 aldeia de Ereira - Portal Tela Portugal<\/title>\n<meta name=\"robots\" content=\"index, follow, max-snippet:-1, max-image-preview:large, max-video-preview:-1\" \/>\n<meta property=\"og:locale\" content=\"pt_PT\" \/>\n<meta property=\"og:type\" content=\"article\" \/>\n<meta property=\"og:title\" content=\"Ve\u00edculo anf\u00edbio atravessa estrada alagada para chegar \u00e0 aldeia de Ereira - Portal Tela Portugal\" \/>\n<meta property=\"og:description\" content=\"Ve\u00edculo anf\u00edbio atravessa uma estrada totalmente inundada para alcan\u00e7ar a aldeia de Ereira, numa opera\u00e7\u00e3o de evacua\u00e7\u00e3o e apoio \u00e0 popula\u00e7\u00e3o isolada. \u2022 Fuzileiros transportam pessoas e bens essenciais em barco com rodas, para facilitar o acesso \u00e0 comunidade devido ao mau tempo. \u2022 Imagens de drone mostram um carro em cima de um contentor mar\u00edtimo e destro\u00e7os espalhados pela \u00e1gua em Montemor-o-Velho. \u2022 O vulc\u00e3o Kilauea voltou a entrar em erup\u00e7\u00e3o, exibindo atividade vis\u00edvel. \u2022 No Brasil, Mariana, que tem epilepsia, e a fam\u00edlia tiveram de deixar a casa devido ao mau tempo; uma escola de samba homenageia o presidente Lula da Silva, gerando pol\u00e9mica.\" \/>\n<meta property=\"og:url\" content=\"https:\/\/portaltela.pt\/noticias\/2026\/02\/16\/veiculo-anfibio-atravessa-estrada-alagada-para-chegar-a-aldeia-de-ereira\/\" \/>\n<meta property=\"og:site_name\" content=\"Portal Tela Portugal\" \/>\n<meta property=\"article:published_time\" content=\"2026-02-16T11:03:00+00:00\" \/>\n<meta name=\"author\" content=\"Telinha\" \/>\n<meta name=\"twitter:card\" content=\"summary_large_image\" \/>\n<meta name=\"twitter:label1\" content=\"Escrito por\" \/>\n\t<meta name=\"twitter:data1\" content=\"Telinha\" \/>\n\t<meta name=\"twitter:label2\" content=\"Tempo estimado de leitura\" \/>\n\t<meta name=\"twitter:data2\" content=\"1 minuto\" \/>\n<script type=\"application\/ld+json\" class=\"yoast-schema-graph\">{\"@context\":\"https:\/\/schema.org\",\"@graph\":[{\"@type\":\"Article\",\"@id\":\"https:\/\/portaltela.pt\/noticias\/2026\/02\/16\/veiculo-anfibio-atravessa-estrada-alagada-para-chegar-a-aldeia-de-ereira\/#article\",\"isPartOf\":{\"@id\":\"https:\/\/portaltela.pt\/noticias\/2026\/02\/16\/veiculo-anfibio-atravessa-estrada-alagada-para-chegar-a-aldeia-de-ereira\/\"},\"author\":{\"name\":\"Telinha\",\"@id\":\"https:\/\/portaltela.pt\/#\/schema\/person\/c4278d4a6028830caff9ee44b42d32ed\"},\"headline\":\"Ve\u00edculo anf\u00edbio atravessa estrada alagada para chegar \u00e0 aldeia de Ereira\",\"datePublished\":\"2026-02-16T11:03:00+00:00\",\"mainEntityOfPage\":{\"@id\":\"https:\/\/portaltela.pt\/noticias\/2026\/02\/16\/veiculo-anfibio-atravessa-estrada-alagada-para-chegar-a-aldeia-de-ereira\/\"},\"wordCount\":233,\"image\":{\"@id\":\"https:\/\/portaltela.pt\/noticias\/2026\/02\/16\/veiculo-anfibio-atravessa-estrada-alagada-para-chegar-a-aldeia-de-ereira\/#primaryimage\"},\"thumbnailUrl\":\"https:\/\/portaltela.pt\/s.01k8rhncp4jt1\/2026\/02\/img_1280x722uu2026-02-16-11-02-51-2267144.jpg\",\"keywords\":[\"alagamento\",\"alagamentos\",\"aldeias\",\"Fuzileiros\",\"prote\u00e7\u00e3o civil\",\"transporte\"],\"articleSection\":[\"Not\u00edcias\"],\"inLanguage\":\"pt-PT\"},{\"@type\":\"WebPage\",\"@id\":\"https:\/\/portaltela.pt\/noticias\/2026\/02\/16\/veiculo-anfibio-atravessa-estrada-alagada-para-chegar-a-aldeia-de-ereira\/\",\"url\":\"https:\/\/portaltela.pt\/noticias\/2026\/02\/16\/veiculo-anfibio-atravessa-estrada-alagada-para-chegar-a-aldeia-de-ereira\/\",\"name\":\"Ve\u00edculo anf\u00edbio atravessa estrada alagada para chegar \u00e0 aldeia de Ereira - Portal Tela Portugal\",\"isPartOf\":{\"@id\":\"https:\/\/portaltela.pt\/#website\"},\"primaryImageOfPage\":{\"@id\":\"https:\/\/portaltela.pt\/noticias\/2026\/02\/16\/veiculo-anfibio-atravessa-estrada-alagada-para-chegar-a-aldeia-de-ereira\/#primaryimage\"},\"image\":{\"@id\":\"https:\/\/portaltela.pt\/noticias\/2026\/02\/16\/veiculo-anfibio-atravessa-estrada-alagada-para-chegar-a-aldeia-de-ereira\/#primaryimage\"},\"thumbnailUrl\":\"https:\/\/portaltela.pt\/s.01k8rhncp4jt1\/2026\/02\/img_1280x722uu2026-02-16-11-02-51-2267144.jpg\",\"datePublished\":\"2026-02-16T11:03:00+00:00\",\"author\":{\"@id\":\"https:\/\/portaltela.pt\/#\/schema\/person\/c4278d4a6028830caff9ee44b42d32ed\"},\"breadcrumb\":{\"@id\":\"https:\/\/portaltela.pt\/noticias\/2026\/02\/16\/veiculo-anfibio-atravessa-estrada-alagada-para-chegar-a-aldeia-de-ereira\/#breadcrumb\"},\"inLanguage\":\"pt-PT\",\"potentialAction\":[{\"@type\":\"ReadAction\",\"target\":[\"https:\/\/portaltela.pt\/noticias\/2026\/02\/16\/veiculo-anfibio-atravessa-estrada-alagada-para-chegar-a-aldeia-de-ereira\/\"]}]},{\"@type\":\"ImageObject\",\"inLanguage\":\"pt-PT\",\"@id\":\"https:\/\/portaltela.pt\/noticias\/2026\/02\/16\/veiculo-anfibio-atravessa-estrada-alagada-para-chegar-a-aldeia-de-ereira\/#primaryimage\",\"url\":\"https:\/\/portaltela.pt\/s.01k8rhncp4jt1\/2026\/02\/img_1280x722uu2026-02-16-11-02-51-2267144.jpg\",\"contentUrl\":\"https:\/\/portaltela.pt\/s.01k8rhncp4jt1\/2026\/02\/img_1280x722uu2026-02-16-11-02-51-2267144.jpg\",\"width\":796,\"height\":448,\"caption\":\"Photo\"},{\"@type\":\"BreadcrumbList\",\"@id\":\"https:\/\/portaltela.pt\/noticias\/2026\/02\/16\/veiculo-anfibio-atravessa-estrada-alagada-para-chegar-a-aldeia-de-ereira\/#breadcrumb\",\"itemListElement\":[{\"@type\":\"ListItem\",\"position\":1,\"name\":\"In\u00edcio\",\"item\":\"https:\/\/portaltela.pt\/\"},{\"@type\":\"ListItem\",\"position\":2,\"name\":\"Ve\u00edculo anf\u00edbio atravessa estrada alagada para chegar \u00e0 aldeia de Ereira\"}]},{\"@type\":\"WebSite\",\"@id\":\"https:\/\/portaltela.pt\/#website\",\"url\":\"https:\/\/portaltela.pt\/\",\"name\":\"Portal Tela Portugal\",\"description\":\"\",\"potentialAction\":[{\"@type\":\"SearchAction\",\"target\":{\"@type\":\"EntryPoint\",\"urlTemplate\":\"https:\/\/portaltela.pt\/?s={search_term_string}\"},\"query-input\":{\"@type\":\"PropertyValueSpecification\",\"valueRequired\":true,\"valueName\":\"search_term_string\"}}],\"inLanguage\":\"pt-PT\"},{\"@type\":\"Person\",\"@id\":\"https:\/\/portaltela.pt\/#\/schema\/person\/c4278d4a6028830caff9ee44b42d32ed\",\"name\":\"Telinha\",\"image\":{\"@type\":\"ImageObject\",\"inLanguage\":\"pt-PT\",\"@id\":\"https:\/\/portaltela.pt\/s.01k8rhncp4jt1\/2025\/11\/talking-bot-125x125.png\",\"url\":\"https:\/\/portaltela.pt\/s.01k8rhncp4jt1\/2025\/11\/talking-bot-125x125.png\",\"contentUrl\":\"https:\/\/portaltela.pt\/s.01k8rhncp4jt1\/2025\/11\/talking-bot-125x125.png\",\"caption\":\"Telinha\"},\"sameAs\":[\"https:\/\/portaltela.pt\/\"],\"url\":\"https:\/\/portaltela.pt\/por\/367410592786\/\"}]}<\/script>\n<!-- \/ Yoast SEO plugin. -->","yoast_head_json":{"title":"Ve\u00edculo anf\u00edbio atravessa estrada alagada para chegar \u00e0 aldeia de Ereira - Portal Tela Portugal","robots":{"index":"index","follow":"follow","max-snippet":"max-snippet:-1","max-image-preview":"max-image-preview:large","max-video-preview":"max-video-preview:-1"},"og_locale":"pt_PT","og_type":"article","og_title":"Ve\u00edculo anf\u00edbio atravessa estrada alagada para chegar \u00e0 aldeia de Ereira - Portal Tela Portugal","og_description":"Ve\u00edculo anf\u00edbio atravessa uma estrada totalmente inundada para alcan\u00e7ar a aldeia de Ereira, numa opera\u00e7\u00e3o de evacua\u00e7\u00e3o e apoio \u00e0 popula\u00e7\u00e3o isolada. \u2022 Fuzileiros transportam pessoas e bens essenciais em barco com rodas, para facilitar o acesso \u00e0 comunidade devido ao mau tempo. \u2022 Imagens de drone mostram um carro em cima de um contentor mar\u00edtimo e destro\u00e7os espalhados pela \u00e1gua em Montemor-o-Velho. \u2022 O vulc\u00e3o Kilauea voltou a entrar em erup\u00e7\u00e3o, exibindo atividade vis\u00edvel. \u2022 No Brasil, Mariana, que tem epilepsia, e a fam\u00edlia tiveram de deixar a casa devido ao mau tempo; uma escola de samba homenageia o presidente Lula da Silva, gerando pol\u00e9mica.","og_url":"https:\/\/portaltela.pt\/noticias\/2026\/02\/16\/veiculo-anfibio-atravessa-estrada-alagada-para-chegar-a-aldeia-de-ereira\/","og_site_name":"Portal Tela Portugal","article_published_time":"2026-02-16T11:03:00+00:00","author":"Telinha","twitter_card":"summary_large_image","twitter_misc":{"Escrito por":"Telinha","Tempo estimado de leitura":"1 minuto"},"schema":{"@context":"https:\/\/schema.org","@graph":[{"@type":"Article","@id":"https:\/\/portaltela.pt\/noticias\/2026\/02\/16\/veiculo-anfibio-atravessa-estrada-alagada-para-chegar-a-aldeia-de-ereira\/#article","isPartOf":{"@id":"https:\/\/portaltela.pt\/noticias\/2026\/02\/16\/veiculo-anfibio-atravessa-estrada-alagada-para-chegar-a-aldeia-de-ereira\/"},"author":{"name":"Telinha","@id":"https:\/\/portaltela.pt\/#\/schema\/person\/c4278d4a6028830caff9ee44b42d32ed"},"headline":"Ve\u00edculo anf\u00edbio atravessa estrada alagada para chegar \u00e0 aldeia de Ereira","datePublished":"2026-02-16T11:03:00+00:00","mainEntityOfPage":{"@id":"https:\/\/portaltela.pt\/noticias\/2026\/02\/16\/veiculo-anfibio-atravessa-estrada-alagada-para-chegar-a-aldeia-de-ereira\/"},"wordCount":233,"image":{"@id":"https:\/\/portaltela.pt\/noticias\/2026\/02\/16\/veiculo-anfibio-atravessa-estrada-alagada-para-chegar-a-aldeia-de-ereira\/#primaryimage"},"thumbnailUrl":"https:\/\/portaltela.pt\/s.01k8rhncp4jt1\/2026\/02\/img_1280x722uu2026-02-16-11-02-51-2267144.jpg","keywords":["alagamento","alagamentos","aldeias","Fuzileiros","prote\u00e7\u00e3o civil","transporte"],"articleSection":["Not\u00edcias"],"inLanguage":"pt-PT"},{"@type":"WebPage","@id":"https:\/\/portaltela.pt\/noticias\/2026\/02\/16\/veiculo-anfibio-atravessa-estrada-alagada-para-chegar-a-aldeia-de-ereira\/","url":"https:\/\/portaltela.pt\/noticias\/2026\/02\/16\/veiculo-anfibio-atravessa-estrada-alagada-para-chegar-a-aldeia-de-ereira\/","name":"Ve\u00edculo anf\u00edbio atravessa estrada alagada para chegar \u00e0 aldeia de Ereira - Portal Tela Portugal","isPartOf":{"@id":"https:\/\/portaltela.pt\/#website"},"primaryImageOfPage":{"@id":"https:\/\/portaltela.pt\/noticias\/2026\/02\/16\/veiculo-anfibio-atravessa-estrada-alagada-para-chegar-a-aldeia-de-ereira\/#primaryimage"},"image":{"@id":"https:\/\/portaltela.pt\/noticias\/2026\/02\/16\/veiculo-anfibio-atravessa-estrada-alagada-para-chegar-a-aldeia-de-ereira\/#primaryimage"},"thumbnailUrl":"https:\/\/portaltela.pt\/s.01k8rhncp4jt1\/2026\/02\/img_1280x722uu2026-02-16-11-02-51-2267144.jpg","datePublished":"2026-02-16T11:03:00+00:00","author":{"@id":"https:\/\/portaltela.pt\/#\/schema\/person\/c4278d4a6028830caff9ee44b42d32ed"},"breadcrumb":{"@id":"https:\/\/portaltela.pt\/noticias\/2026\/02\/16\/veiculo-anfibio-atravessa-estrada-alagada-para-chegar-a-aldeia-de-ereira\/#breadcrumb"},"inLanguage":"pt-PT","potentialAction":[{"@type":"ReadAction","target":["https:\/\/portaltela.pt\/noticias\/2026\/02\/16\/veiculo-anfibio-atravessa-estrada-alagada-para-chegar-a-aldeia-de-ereira\/"]}]},{"@type":"ImageObject","inLanguage":"pt-PT","@id":"https:\/\/portaltela.pt\/noticias\/2026\/02\/16\/veiculo-anfibio-atravessa-estrada-alagada-para-chegar-a-aldeia-de-ereira\/#primaryimage","url":"https:\/\/portaltela.pt\/s.01k8rhncp4jt1\/2026\/02\/img_1280x722uu2026-02-16-11-02-51-2267144.jpg","contentUrl":"https:\/\/portaltela.pt\/s.01k8rhncp4jt1\/2026\/02\/img_1280x722uu2026-02-16-11-02-51-2267144.jpg","width":796,"height":448,"caption":"Photo"},{"@type":"BreadcrumbList","@id":"https:\/\/portaltela.pt\/noticias\/2026\/02\/16\/veiculo-anfibio-atravessa-estrada-alagada-para-chegar-a-aldeia-de-ereira\/#breadcrumb","itemListElement":[{"@type":"ListItem","position":1,"name":"In\u00edcio","item":"https:\/\/portaltela.pt\/"},{"@type":"ListItem","position":2,"name":"Ve\u00edculo anf\u00edbio atravessa estrada alagada para chegar \u00e0 aldeia de Ereira"}]},{"@type":"WebSite","@id":"https:\/\/portaltela.pt\/#website","url":"https:\/\/portaltela.pt\/","name":"Portal Tela Portugal","description":"","potentialAction":[{"@type":"SearchAction","target":{"@type":"EntryPoint","urlTemplate":"https:\/\/portaltela.pt\/?s={search_term_string}"},"query-input":{"@type":"PropertyValueSpecification","valueRequired":true,"valueName":"search_term_string"}}],"inLanguage":"pt-PT"},{"@type":"Person","@id":"https:\/\/portaltela.pt\/#\/schema\/person\/c4278d4a6028830caff9ee44b42d32ed","name":"Telinha","image":{"@type":"ImageObject","inLanguage":"pt-PT","@id":"https:\/\/portaltela.pt\/s.01k8rhncp4jt1\/2025\/11\/talking-bot-125x125.png","url":"https:\/\/portaltela.pt\/s.01k8rhncp4jt1\/2025\/11\/talking-bot-125x125.png","contentUrl":"https:\/\/portaltela.pt\/s.01k8rhncp4jt1\/2025\/11\/talking-bot-125x125.png","caption":"Telinha"},"sameAs":["https:\/\/portaltela.pt\/"],"url":"https:\/\/portaltela.pt\/por\/367410592786\/"}]}},"_links":{"self":[{"href":"https:\/\/portaltela.pt\/api\/wp\/v2\/posts\/214284","targetHints":{"allow":["GET"]}}],"collection":[{"href":"https:\/\/portaltela.pt\/api\/wp\/v2\/posts"}],"about":[{"href":"https:\/\/portaltela.pt\/api\/wp\/v2\/types\/post"}],"author":[{"embeddable":true,"href":"https:\/\/portaltela.pt\/api\/wp\/v2\/users\/2"}],"replies":[{"embeddable":true,"href":"https:\/\/portaltela.pt\/api\/wp\/v2\/comments?post=214284"}],"version-history":[{"count":0,"href":"https:\/\/portaltela.pt\/api\/wp\/v2\/posts\/214284\/revisions"}],"wp:featuredmedia":[{"embeddable":true,"href":"https:\/\/portaltela.pt\/api\/wp\/v2\/media\/214292"}],"wp:attachment":[{"href":"https:\/\/portaltela.pt\/api\/wp\/v2\/media?parent=214284"}],"wp:term":[{"taxonomy":"category","embeddable":true,"href":"https:\/\/portaltela.pt\/api\/wp\/v2\/categories?post=214284"},{"taxonomy":"post_tag","embeddable":true,"href":"https:\/\/portaltela.pt\/api\/wp\/v2\/tags?post=214284"}],"curies":[{"name":"wp","href":"https:\/\/api.w.org\/{rel}","templated":true}]}}