{"id":214261,"date":"2026-02-16T07:50:00","date_gmt":"2026-02-16T10:50:00","guid":{"rendered":"https:\/\/portaltela.pt\/noticias\/2026\/02\/16\/pacto-climatico-europeu-pede-as-autarquias-aplicar-a-lei-das-beatas\/"},"modified":"2026-02-16T07:50:00","modified_gmt":"2026-02-16T10:50:00","slug":"pacto-climatico-europeu-pede-as-autarquias-aplicar-a-lei-das-beatas","status":"publish","type":"post","link":"https:\/\/portaltela.pt\/noticias\/2026\/02\/16\/pacto-climatico-europeu-pede-as-autarquias-aplicar-a-lei-das-beatas\/","title":{"rendered":"Pacto Clim\u00e1tico Europeu pede \u00e0s autarquias aplicar a lei das beatas"},"content":{"rendered":"<p>O Pacto Clim\u00e1tico Europeu (PCE) e a Ecomood &#8211; Climate Alliance Portugal apelaram hoje \u00e0s autarquias portuguesas para aplicarem a legisla\u00e7\u00e3o sobre as beatas de cigarros, em vigor h\u00e1 seis anos, e que,<\/p>\n<p>segundo as entidades, continua a n\u00e3o ser cumprida.<\/p>\n<p>A Lei 88\/2019 pro\u00edbe deitar pontas de cigarros ao ch\u00e3o e responsabiliza privados e empresas pela correta recolha. As autarquias, a ASAE e as pol\u00edcias ficam incumbidas de fiscaliza\u00e7\u00e3o, sem que haja san\u00e7\u00f5es significativas aplicadas.<\/p>\n<p>O PCE e a Ecomood destacam que o incumprimento persiste passados mais de seis anos. O apelo foi dirigido ao novo presidente da ANMP, Pedro Pimp\u00e3o, para alertar e mobilizar c\u00e2maras municipais para o cumprimento da norma.<\/p>\n<h3>Pedido \u00e0s autarquias e entidades fiscalizadoras<\/h3>\n<p>Atrav\u00e9s de uma carta, as organiza\u00e7\u00f5es defendem a sensibiliza\u00e7\u00e3o da popula\u00e7\u00e3o e a disponibiliza\u00e7\u00e3o de cinzeiros em espa\u00e7os p\u00fablicos exteriores. Al\u00e9m disso, insistem na fiscaliza\u00e7\u00e3o e na aplica\u00e7\u00e3o de coimas.<\/p>\n<p>As entidades lembram que a lei abrange n\u00e3o apenas cidad\u00e3os, mas tamb\u00e9m empresas que n\u00e3o promovam a correta recolha de res\u00edduos. Prop\u00f5em que a ASAE, PSP, GNR, pol\u00edcia municipal nos concelhos com esse corpo e outras entidades atuem.<\/p>\n<h3>Iniciativa em Alg\u00e9s e mobiliza\u00e7\u00e3o c\u00edvica<\/h3>\n<p>No dia 21, em Alg\u00e9s, realiza-se a a\u00e7\u00e3o Limpar (Beatas) de Bicla. Objetivo \u00e9 alertar a popula\u00e7\u00e3o para o problema e exigir interven\u00e7\u00e3o das autarquias. Ambientalistas v\u00e3o recolher pontas de cigarros de forma organizada.<\/p>\n<p>A a\u00e7\u00e3o contar\u00e1 com o apoio da Parques Tejo, empresa municipal de mobilidade, e do munic\u00edpio de Oeiras. A iniciativa combina desloca\u00e7\u00e3o de bicicleta com recolha de res\u00edduos perigosos.<\/p>\n","protected":false},"excerpt":{"rendered":"<ul>\n<li>O Pacto Clim\u00e1tico Europeu (PCE) e a Ecomood pedem \u00e0s autarquias portuguesas que ponham em pr\u00e1tica a Lei 88\/2019, que pro\u00edbe deitar pontas de cigarros ao ch\u00e3o e prev\u00ea responsabilidades para privados, empresas e entidades fiscalizadoras.<\/li>\n<li>A lei existe desde 2019, mas, segundo o PCE e a Ecomood, quase ningu\u00e9m cumpre, n\u00e3o h\u00e1 fiscaliza\u00e7\u00e3o suficiente e n\u00e3o s\u00e3o aplicadas san\u00e7\u00f5es.<\/li>\n<li>Em carta dirigida ao presidente da Associa\u00e7\u00e3o Nacional de Munic\u00edpios Portugueses (ANMP), Pedro Pimp\u00e3o, \u00e9 solicitado que alerte e mobilize as c\u00e2maras para cumprir a lei.<\/li>\n<li>O embaixador do PCE e coordenador da Ecomood, Ant\u00f3nio Gon\u00e7alves Pereira, destaca a necessidade de sensibiliza\u00e7\u00e3o, instala\u00e7\u00e3o de cinzeiros p\u00fablicos e fiscaliza\u00e7\u00e3o com coimas.<\/li>\n<li>No dia 21, realiza-se em Alg\u00e9s a iniciativa Limpar (Beatas) de Bicla, com ambientalistas a recolher pontas de cigarros de bicicleta, com apoio da Parques Tejo e do munic\u00edpio de Oeiras.<\/li>\n<\/ul>\n","protected":false},"author":2,"featured_media":214263,"comment_status":"closed","ping_status":"closed","sticky":false,"template":"","format":"standard","meta":{"footnotes":""},"categories":[1],"tags":[167,2706,646,5190,3750,811],"class_list":["post-214261","post","type-post","status-publish","format-standard","has-post-thumbnail","hentry","category-noticias","tag-ambiente","tag-autarquias","tag-fiscalizacao-ambiental","tag-legislacao-ambiental","tag-poluicao-ambiental","tag-protecao-ambiental"],"yoast_head":"<!-- This site is optimized with the Yoast SEO plugin v27.2 - https:\/\/yoast.com\/product\/yoast-seo-wordpress\/ -->\n<title>Pacto Clim\u00e1tico Europeu pede \u00e0s autarquias aplicar a lei das beatas - Portal Tela Portugal<\/title>\n<meta name=\"robots\" content=\"index, follow, max-snippet:-1, max-image-preview:large, max-video-preview:-1\" \/>\n<meta property=\"og:locale\" content=\"pt_PT\" \/>\n<meta property=\"og:type\" content=\"article\" \/>\n<meta property=\"og:title\" content=\"Pacto Clim\u00e1tico Europeu pede \u00e0s autarquias aplicar a lei das beatas - Portal Tela Portugal\" \/>\n<meta property=\"og:description\" content=\"O Pacto Clim\u00e1tico Europeu (PCE) e a Ecomood pedem \u00e0s autarquias portuguesas que ponham em pr\u00e1tica a Lei 88\/2019, que pro\u00edbe deitar pontas de cigarros ao ch\u00e3o e prev\u00ea responsabilidades para privados, empresas e entidades fiscalizadoras. A lei existe desde 2019, mas, segundo o PCE e a Ecomood, quase ningu\u00e9m cumpre, n\u00e3o h\u00e1 fiscaliza\u00e7\u00e3o suficiente e n\u00e3o s\u00e3o aplicadas san\u00e7\u00f5es. Em carta dirigida ao presidente da Associa\u00e7\u00e3o Nacional de Munic\u00edpios Portugueses (ANMP), Pedro Pimp\u00e3o, \u00e9 solicitado que alerte e mobilize as c\u00e2maras para cumprir a lei. O embaixador do PCE e coordenador da Ecomood, Ant\u00f3nio Gon\u00e7alves Pereira, destaca a necessidade de sensibiliza\u00e7\u00e3o, instala\u00e7\u00e3o de cinzeiros p\u00fablicos e fiscaliza\u00e7\u00e3o com coimas. No dia 21, realiza-se em Alg\u00e9s a iniciativa Limpar (Beatas) de Bicla, com ambientalistas a recolher pontas de cigarros de bicicleta, com apoio da Parques Tejo e do munic\u00edpio de Oeiras.\" \/>\n<meta property=\"og:url\" content=\"https:\/\/portaltela.pt\/noticias\/2026\/02\/16\/pacto-climatico-europeu-pede-as-autarquias-aplicar-a-lei-das-beatas\/\" \/>\n<meta property=\"og:site_name\" content=\"Portal Tela Portugal\" \/>\n<meta property=\"article:published_time\" content=\"2026-02-16T10:50:00+00:00\" \/>\n<meta name=\"author\" content=\"Telinha\" \/>\n<meta name=\"twitter:card\" content=\"summary_large_image\" \/>\n<meta name=\"twitter:label1\" content=\"Escrito por\" \/>\n\t<meta name=\"twitter:data1\" content=\"Telinha\" \/>\n\t<meta name=\"twitter:label2\" content=\"Tempo estimado de leitura\" \/>\n\t<meta name=\"twitter:data2\" content=\"1 minuto\" \/>\n<script type=\"application\/ld+json\" class=\"yoast-schema-graph\">{\"@context\":\"https:\/\/schema.org\",\"@graph\":[{\"@type\":\"Article\",\"@id\":\"https:\/\/portaltela.pt\/noticias\/2026\/02\/16\/pacto-climatico-europeu-pede-as-autarquias-aplicar-a-lei-das-beatas\/#article\",\"isPartOf\":{\"@id\":\"https:\/\/portaltela.pt\/noticias\/2026\/02\/16\/pacto-climatico-europeu-pede-as-autarquias-aplicar-a-lei-das-beatas\/\"},\"author\":{\"name\":\"Telinha\",\"@id\":\"https:\/\/portaltela.pt\/#\/schema\/person\/c4278d4a6028830caff9ee44b42d32ed\"},\"headline\":\"Pacto Clim\u00e1tico Europeu pede \u00e0s autarquias aplicar a lei das beatas\",\"datePublished\":\"2026-02-16T10:50:00+00:00\",\"mainEntityOfPage\":{\"@id\":\"https:\/\/portaltela.pt\/noticias\/2026\/02\/16\/pacto-climatico-europeu-pede-as-autarquias-aplicar-a-lei-das-beatas\/\"},\"wordCount\":304,\"image\":{\"@id\":\"https:\/\/portaltela.pt\/noticias\/2026\/02\/16\/pacto-climatico-europeu-pede-as-autarquias-aplicar-a-lei-das-beatas\/#primaryimage\"},\"thumbnailUrl\":\"https:\/\/portaltela.pt\/s.01k8rhncp4jt1\/2026\/02\/image-1235.jpg\",\"keywords\":[\"ambiente\",\"autarquias\",\"fiscaliza\u00e7\u00e3o ambiental\",\"legisla\u00e7\u00e3o ambiental\",\"polui\u00e7\u00e3o ambiental\",\"prote\u00e7\u00e3o ambiental\"],\"articleSection\":[\"Not\u00edcias\"],\"inLanguage\":\"pt-PT\"},{\"@type\":\"WebPage\",\"@id\":\"https:\/\/portaltela.pt\/noticias\/2026\/02\/16\/pacto-climatico-europeu-pede-as-autarquias-aplicar-a-lei-das-beatas\/\",\"url\":\"https:\/\/portaltela.pt\/noticias\/2026\/02\/16\/pacto-climatico-europeu-pede-as-autarquias-aplicar-a-lei-das-beatas\/\",\"name\":\"Pacto Clim\u00e1tico Europeu pede \u00e0s autarquias aplicar a lei das beatas - Portal Tela Portugal\",\"isPartOf\":{\"@id\":\"https:\/\/portaltela.pt\/#website\"},\"primaryImageOfPage\":{\"@id\":\"https:\/\/portaltela.pt\/noticias\/2026\/02\/16\/pacto-climatico-europeu-pede-as-autarquias-aplicar-a-lei-das-beatas\/#primaryimage\"},\"image\":{\"@id\":\"https:\/\/portaltela.pt\/noticias\/2026\/02\/16\/pacto-climatico-europeu-pede-as-autarquias-aplicar-a-lei-das-beatas\/#primaryimage\"},\"thumbnailUrl\":\"https:\/\/portaltela.pt\/s.01k8rhncp4jt1\/2026\/02\/image-1235.jpg\",\"datePublished\":\"2026-02-16T10:50:00+00:00\",\"author\":{\"@id\":\"https:\/\/portaltela.pt\/#\/schema\/person\/c4278d4a6028830caff9ee44b42d32ed\"},\"breadcrumb\":{\"@id\":\"https:\/\/portaltela.pt\/noticias\/2026\/02\/16\/pacto-climatico-europeu-pede-as-autarquias-aplicar-a-lei-das-beatas\/#breadcrumb\"},\"inLanguage\":\"pt-PT\",\"potentialAction\":[{\"@type\":\"ReadAction\",\"target\":[\"https:\/\/portaltela.pt\/noticias\/2026\/02\/16\/pacto-climatico-europeu-pede-as-autarquias-aplicar-a-lei-das-beatas\/\"]}]},{\"@type\":\"ImageObject\",\"inLanguage\":\"pt-PT\",\"@id\":\"https:\/\/portaltela.pt\/noticias\/2026\/02\/16\/pacto-climatico-europeu-pede-as-autarquias-aplicar-a-lei-das-beatas\/#primaryimage\",\"url\":\"https:\/\/portaltela.pt\/s.01k8rhncp4jt1\/2026\/02\/image-1235.jpg\",\"contentUrl\":\"https:\/\/portaltela.pt\/s.01k8rhncp4jt1\/2026\/02\/image-1235.jpg\",\"width\":796,\"height\":448,\"caption\":\"Atirar uma beata para o ch\u00e3o \u00e9 uma infra\u00e7\u00e3o pun\u00edvel com uma coima entre 25 e 250 euros\"},{\"@type\":\"BreadcrumbList\",\"@id\":\"https:\/\/portaltela.pt\/noticias\/2026\/02\/16\/pacto-climatico-europeu-pede-as-autarquias-aplicar-a-lei-das-beatas\/#breadcrumb\",\"itemListElement\":[{\"@type\":\"ListItem\",\"position\":1,\"name\":\"In\u00edcio\",\"item\":\"https:\/\/portaltela.pt\/\"},{\"@type\":\"ListItem\",\"position\":2,\"name\":\"Pacto Clim\u00e1tico Europeu pede \u00e0s autarquias aplicar a lei das beatas\"}]},{\"@type\":\"WebSite\",\"@id\":\"https:\/\/portaltela.pt\/#website\",\"url\":\"https:\/\/portaltela.pt\/\",\"name\":\"Portal Tela Portugal\",\"description\":\"\",\"potentialAction\":[{\"@type\":\"SearchAction\",\"target\":{\"@type\":\"EntryPoint\",\"urlTemplate\":\"https:\/\/portaltela.pt\/?s={search_term_string}\"},\"query-input\":{\"@type\":\"PropertyValueSpecification\",\"valueRequired\":true,\"valueName\":\"search_term_string\"}}],\"inLanguage\":\"pt-PT\"},{\"@type\":\"Person\",\"@id\":\"https:\/\/portaltela.pt\/#\/schema\/person\/c4278d4a6028830caff9ee44b42d32ed\",\"name\":\"Telinha\",\"image\":{\"@type\":\"ImageObject\",\"inLanguage\":\"pt-PT\",\"@id\":\"https:\/\/portaltela.pt\/s.01k8rhncp4jt1\/2025\/11\/talking-bot-125x125.png\",\"url\":\"https:\/\/portaltela.pt\/s.01k8rhncp4jt1\/2025\/11\/talking-bot-125x125.png\",\"contentUrl\":\"https:\/\/portaltela.pt\/s.01k8rhncp4jt1\/2025\/11\/talking-bot-125x125.png\",\"caption\":\"Telinha\"},\"sameAs\":[\"https:\/\/portaltela.pt\/\"],\"url\":\"https:\/\/portaltela.pt\/por\/367410592786\/\"}]}<\/script>\n<!-- \/ Yoast SEO plugin. -->","yoast_head_json":{"title":"Pacto Clim\u00e1tico Europeu pede \u00e0s autarquias aplicar a lei das beatas - Portal Tela Portugal","robots":{"index":"index","follow":"follow","max-snippet":"max-snippet:-1","max-image-preview":"max-image-preview:large","max-video-preview":"max-video-preview:-1"},"og_locale":"pt_PT","og_type":"article","og_title":"Pacto Clim\u00e1tico Europeu pede \u00e0s autarquias aplicar a lei das beatas - Portal Tela Portugal","og_description":"O Pacto Clim\u00e1tico Europeu (PCE) e a Ecomood pedem \u00e0s autarquias portuguesas que ponham em pr\u00e1tica a Lei 88\/2019, que pro\u00edbe deitar pontas de cigarros ao ch\u00e3o e prev\u00ea responsabilidades para privados, empresas e entidades fiscalizadoras. A lei existe desde 2019, mas, segundo o PCE e a Ecomood, quase ningu\u00e9m cumpre, n\u00e3o h\u00e1 fiscaliza\u00e7\u00e3o suficiente e n\u00e3o s\u00e3o aplicadas san\u00e7\u00f5es. Em carta dirigida ao presidente da Associa\u00e7\u00e3o Nacional de Munic\u00edpios Portugueses (ANMP), Pedro Pimp\u00e3o, \u00e9 solicitado que alerte e mobilize as c\u00e2maras para cumprir a lei. O embaixador do PCE e coordenador da Ecomood, Ant\u00f3nio Gon\u00e7alves Pereira, destaca a necessidade de sensibiliza\u00e7\u00e3o, instala\u00e7\u00e3o de cinzeiros p\u00fablicos e fiscaliza\u00e7\u00e3o com coimas. No dia 21, realiza-se em Alg\u00e9s a iniciativa Limpar (Beatas) de Bicla, com ambientalistas a recolher pontas de cigarros de bicicleta, com apoio da Parques Tejo e do munic\u00edpio de Oeiras.","og_url":"https:\/\/portaltela.pt\/noticias\/2026\/02\/16\/pacto-climatico-europeu-pede-as-autarquias-aplicar-a-lei-das-beatas\/","og_site_name":"Portal Tela Portugal","article_published_time":"2026-02-16T10:50:00+00:00","author":"Telinha","twitter_card":"summary_large_image","twitter_misc":{"Escrito por":"Telinha","Tempo estimado de leitura":"1 minuto"},"schema":{"@context":"https:\/\/schema.org","@graph":[{"@type":"Article","@id":"https:\/\/portaltela.pt\/noticias\/2026\/02\/16\/pacto-climatico-europeu-pede-as-autarquias-aplicar-a-lei-das-beatas\/#article","isPartOf":{"@id":"https:\/\/portaltela.pt\/noticias\/2026\/02\/16\/pacto-climatico-europeu-pede-as-autarquias-aplicar-a-lei-das-beatas\/"},"author":{"name":"Telinha","@id":"https:\/\/portaltela.pt\/#\/schema\/person\/c4278d4a6028830caff9ee44b42d32ed"},"headline":"Pacto Clim\u00e1tico Europeu pede \u00e0s autarquias aplicar a lei das beatas","datePublished":"2026-02-16T10:50:00+00:00","mainEntityOfPage":{"@id":"https:\/\/portaltela.pt\/noticias\/2026\/02\/16\/pacto-climatico-europeu-pede-as-autarquias-aplicar-a-lei-das-beatas\/"},"wordCount":304,"image":{"@id":"https:\/\/portaltela.pt\/noticias\/2026\/02\/16\/pacto-climatico-europeu-pede-as-autarquias-aplicar-a-lei-das-beatas\/#primaryimage"},"thumbnailUrl":"https:\/\/portaltela.pt\/s.01k8rhncp4jt1\/2026\/02\/image-1235.jpg","keywords":["ambiente","autarquias","fiscaliza\u00e7\u00e3o ambiental","legisla\u00e7\u00e3o ambiental","polui\u00e7\u00e3o ambiental","prote\u00e7\u00e3o ambiental"],"articleSection":["Not\u00edcias"],"inLanguage":"pt-PT"},{"@type":"WebPage","@id":"https:\/\/portaltela.pt\/noticias\/2026\/02\/16\/pacto-climatico-europeu-pede-as-autarquias-aplicar-a-lei-das-beatas\/","url":"https:\/\/portaltela.pt\/noticias\/2026\/02\/16\/pacto-climatico-europeu-pede-as-autarquias-aplicar-a-lei-das-beatas\/","name":"Pacto Clim\u00e1tico Europeu pede \u00e0s autarquias aplicar a lei das beatas - Portal Tela Portugal","isPartOf":{"@id":"https:\/\/portaltela.pt\/#website"},"primaryImageOfPage":{"@id":"https:\/\/portaltela.pt\/noticias\/2026\/02\/16\/pacto-climatico-europeu-pede-as-autarquias-aplicar-a-lei-das-beatas\/#primaryimage"},"image":{"@id":"https:\/\/portaltela.pt\/noticias\/2026\/02\/16\/pacto-climatico-europeu-pede-as-autarquias-aplicar-a-lei-das-beatas\/#primaryimage"},"thumbnailUrl":"https:\/\/portaltela.pt\/s.01k8rhncp4jt1\/2026\/02\/image-1235.jpg","datePublished":"2026-02-16T10:50:00+00:00","author":{"@id":"https:\/\/portaltela.pt\/#\/schema\/person\/c4278d4a6028830caff9ee44b42d32ed"},"breadcrumb":{"@id":"https:\/\/portaltela.pt\/noticias\/2026\/02\/16\/pacto-climatico-europeu-pede-as-autarquias-aplicar-a-lei-das-beatas\/#breadcrumb"},"inLanguage":"pt-PT","potentialAction":[{"@type":"ReadAction","target":["https:\/\/portaltela.pt\/noticias\/2026\/02\/16\/pacto-climatico-europeu-pede-as-autarquias-aplicar-a-lei-das-beatas\/"]}]},{"@type":"ImageObject","inLanguage":"pt-PT","@id":"https:\/\/portaltela.pt\/noticias\/2026\/02\/16\/pacto-climatico-europeu-pede-as-autarquias-aplicar-a-lei-das-beatas\/#primaryimage","url":"https:\/\/portaltela.pt\/s.01k8rhncp4jt1\/2026\/02\/image-1235.jpg","contentUrl":"https:\/\/portaltela.pt\/s.01k8rhncp4jt1\/2026\/02\/image-1235.jpg","width":796,"height":448,"caption":"Atirar uma beata para o ch\u00e3o \u00e9 uma infra\u00e7\u00e3o pun\u00edvel com uma coima entre 25 e 250 euros"},{"@type":"BreadcrumbList","@id":"https:\/\/portaltela.pt\/noticias\/2026\/02\/16\/pacto-climatico-europeu-pede-as-autarquias-aplicar-a-lei-das-beatas\/#breadcrumb","itemListElement":[{"@type":"ListItem","position":1,"name":"In\u00edcio","item":"https:\/\/portaltela.pt\/"},{"@type":"ListItem","position":2,"name":"Pacto Clim\u00e1tico Europeu pede \u00e0s autarquias aplicar a lei das beatas"}]},{"@type":"WebSite","@id":"https:\/\/portaltela.pt\/#website","url":"https:\/\/portaltela.pt\/","name":"Portal Tela Portugal","description":"","potentialAction":[{"@type":"SearchAction","target":{"@type":"EntryPoint","urlTemplate":"https:\/\/portaltela.pt\/?s={search_term_string}"},"query-input":{"@type":"PropertyValueSpecification","valueRequired":true,"valueName":"search_term_string"}}],"inLanguage":"pt-PT"},{"@type":"Person","@id":"https:\/\/portaltela.pt\/#\/schema\/person\/c4278d4a6028830caff9ee44b42d32ed","name":"Telinha","image":{"@type":"ImageObject","inLanguage":"pt-PT","@id":"https:\/\/portaltela.pt\/s.01k8rhncp4jt1\/2025\/11\/talking-bot-125x125.png","url":"https:\/\/portaltela.pt\/s.01k8rhncp4jt1\/2025\/11\/talking-bot-125x125.png","contentUrl":"https:\/\/portaltela.pt\/s.01k8rhncp4jt1\/2025\/11\/talking-bot-125x125.png","caption":"Telinha"},"sameAs":["https:\/\/portaltela.pt\/"],"url":"https:\/\/portaltela.pt\/por\/367410592786\/"}]}},"_links":{"self":[{"href":"https:\/\/portaltela.pt\/api\/wp\/v2\/posts\/214261","targetHints":{"allow":["GET"]}}],"collection":[{"href":"https:\/\/portaltela.pt\/api\/wp\/v2\/posts"}],"about":[{"href":"https:\/\/portaltela.pt\/api\/wp\/v2\/types\/post"}],"author":[{"embeddable":true,"href":"https:\/\/portaltela.pt\/api\/wp\/v2\/users\/2"}],"replies":[{"embeddable":true,"href":"https:\/\/portaltela.pt\/api\/wp\/v2\/comments?post=214261"}],"version-history":[{"count":0,"href":"https:\/\/portaltela.pt\/api\/wp\/v2\/posts\/214261\/revisions"}],"wp:featuredmedia":[{"embeddable":true,"href":"https:\/\/portaltela.pt\/api\/wp\/v2\/media\/214263"}],"wp:attachment":[{"href":"https:\/\/portaltela.pt\/api\/wp\/v2\/media?parent=214261"}],"wp:term":[{"taxonomy":"category","embeddable":true,"href":"https:\/\/portaltela.pt\/api\/wp\/v2\/categories?post=214261"},{"taxonomy":"post_tag","embeddable":true,"href":"https:\/\/portaltela.pt\/api\/wp\/v2\/tags?post=214261"}],"curies":[{"name":"wp","href":"https:\/\/api.w.org\/{rel}","templated":true}]}}