{"id":214248,"date":"2026-02-16T07:15:00","date_gmt":"2026-02-16T10:15:00","guid":{"rendered":"https:\/\/portaltela.pt\/noticias\/2026\/02\/16\/museu-nacional-da-musica-mafra-oferece-visita-imersiva-para-todos\/"},"modified":"2026-02-16T07:15:00","modified_gmt":"2026-02-16T10:15:00","slug":"museu-nacional-da-musica-mafra-oferece-visita-imersiva-para-todos","status":"publish","type":"post","link":"https:\/\/portaltela.pt\/noticias\/2026\/02\/16\/museu-nacional-da-musica-mafra-oferece-visita-imersiva-para-todos\/","title":{"rendered":"Museu Nacional da M\u00fasica, Mafra, oferece visita imersiva para todos"},"content":{"rendered":"<p>O Museu Nacional da M\u00fasica mudou de localiza\u00e7\u00e3o, saindo do metro do Alto dos Moinhos, em Lisboa, para o Pal\u00e1cio-Convento de Mafra. A institui\u00e7\u00e3o re\u00fane 500 pe\u00e7as que datam dos s\u00e9culos XII a XXI.<\/p>\n<p>A cole\u00e7\u00e3o, considerada uma das mais ricas da Europa, redefine o conceito de instrumento ao explorar a m\u00fasica em diferentes formatos e contextos. O espa\u00e7o quer apresentar a diversidade musical ao p\u00fablico.<\/p>\n<p>No centro do museu fica um sal\u00e3o imersivo com 24 colunas de som, que produzem v\u00e1rias camadas sonoras para quem circula ou se acomoda em puffs e cadeiras. O diretor, Edward Ayres de Abreu, explica a ideia de diversidade musical presente no espa\u00e7o.<\/p>\n<p>Quatro ecr\u00e3s LED exibem filmes multim\u00e9dia, incluindo dan\u00e7as mo\u00e7ambicanas, ampliando a perce\u00e7\u00e3o de express\u00e3o cultural. O objetivo \u00e9 mostrar qu\u00e3o diversa pode ser a m\u00fasica, tanto no conte\u00fado como no formato.<\/p>\n","protected":false},"excerpt":{"rendered":"<ul>\n<li>O Museu Nacional da M\u00fasica mudou-se do Alto dos Moinhos, em Lisboa, para o Pal\u00e1cio-Convento de Mafra, apresentando 500 pe\u00e7as dos s\u00e9culos XII a XXI.<\/li>\n<li>A cole\u00e7\u00e3o \u00e9 descrita como uma das mais ricas da Europa, com a ideia de m\u00fasica a redefinir o conceito de instrumento.<\/li>\n<li>No centro da mostra, h\u00e1 um sal\u00e3o imersivo com 24 colunas de som que produzem diferentes camadas sonoras para quem circula ou se senta.<\/li>\n<li>Cada coluna emite o som de uma voz do grupo de canto alentejano, segundo o diretor Edward Ayres de Abreu, durante a visita da Evas\u00f5es.<\/li>\n<li>Em quatro ecr\u00e3s LED s\u00e3o exibidos filmes multim\u00e9dia, incluindo dan\u00e7as mo\u00e7ambicanas, com o objetivo de evidenciar a diversidade da m\u00fasica, tanto em conte\u00fado como em formato.<\/li>\n<\/ul>\n","protected":false},"author":2,"featured_media":214250,"comment_status":"closed","ping_status":"closed","sticky":false,"template":"","format":"standard","meta":{"footnotes":""},"categories":[1],"tags":[145,1683,2954,1192,122,3039],"class_list":["post-214248","post","type-post","status-publish","format-standard","has-post-thumbnail","hentry","category-noticias","tag-cultura","tag-danca","tag-museus-e-monumentos-de-portugal","tag-museus-arquivos","tag-musica","tag-musica-teatro-concertos"],"yoast_head":"<!-- This site is optimized with the Yoast SEO plugin v27.2 - https:\/\/yoast.com\/product\/yoast-seo-wordpress\/ -->\n<title>Museu Nacional da M\u00fasica, Mafra, oferece visita imersiva para todos - Portal Tela Portugal<\/title>\n<meta name=\"robots\" content=\"index, follow, max-snippet:-1, max-image-preview:large, max-video-preview:-1\" \/>\n<meta property=\"og:locale\" content=\"pt_PT\" \/>\n<meta property=\"og:type\" content=\"article\" \/>\n<meta property=\"og:title\" content=\"Museu Nacional da M\u00fasica, Mafra, oferece visita imersiva para todos - Portal Tela Portugal\" \/>\n<meta property=\"og:description\" content=\"O Museu Nacional da M\u00fasica mudou-se do Alto dos Moinhos, em Lisboa, para o Pal\u00e1cio-Convento de Mafra, apresentando 500 pe\u00e7as dos s\u00e9culos XII a XXI. A cole\u00e7\u00e3o \u00e9 descrita como uma das mais ricas da Europa, com a ideia de m\u00fasica a redefinir o conceito de instrumento. No centro da mostra, h\u00e1 um sal\u00e3o imersivo com 24 colunas de som que produzem diferentes camadas sonoras para quem circula ou se senta. Cada coluna emite o som de uma voz do grupo de canto alentejano, segundo o diretor Edward Ayres de Abreu, durante a visita da Evas\u00f5es. Em quatro ecr\u00e3s LED s\u00e3o exibidos filmes multim\u00e9dia, incluindo dan\u00e7as mo\u00e7ambicanas, com o objetivo de evidenciar a diversidade da m\u00fasica, tanto em conte\u00fado como em formato.\" \/>\n<meta property=\"og:url\" content=\"https:\/\/portaltela.pt\/noticias\/2026\/02\/16\/museu-nacional-da-musica-mafra-oferece-visita-imersiva-para-todos\/\" \/>\n<meta property=\"og:site_name\" content=\"Portal Tela Portugal\" \/>\n<meta property=\"article:published_time\" content=\"2026-02-16T10:15:00+00:00\" \/>\n<meta name=\"author\" content=\"Telinha\" \/>\n<meta name=\"twitter:card\" content=\"summary_large_image\" \/>\n<meta name=\"twitter:label1\" content=\"Escrito por\" \/>\n\t<meta name=\"twitter:data1\" content=\"Telinha\" \/>\n\t<meta name=\"twitter:label2\" content=\"Tempo estimado de leitura\" \/>\n\t<meta name=\"twitter:data2\" content=\"1 minuto\" \/>\n<script type=\"application\/ld+json\" class=\"yoast-schema-graph\">{\"@context\":\"https:\/\/schema.org\",\"@graph\":[{\"@type\":\"Article\",\"@id\":\"https:\/\/portaltela.pt\/noticias\/2026\/02\/16\/museu-nacional-da-musica-mafra-oferece-visita-imersiva-para-todos\/#article\",\"isPartOf\":{\"@id\":\"https:\/\/portaltela.pt\/noticias\/2026\/02\/16\/museu-nacional-da-musica-mafra-oferece-visita-imersiva-para-todos\/\"},\"author\":{\"name\":\"Telinha\",\"@id\":\"https:\/\/portaltela.pt\/#\/schema\/person\/c4278d4a6028830caff9ee44b42d32ed\"},\"headline\":\"Museu Nacional da M\u00fasica, Mafra, oferece visita imersiva para todos\",\"datePublished\":\"2026-02-16T10:15:00+00:00\",\"mainEntityOfPage\":{\"@id\":\"https:\/\/portaltela.pt\/noticias\/2026\/02\/16\/museu-nacional-da-musica-mafra-oferece-visita-imersiva-para-todos\/\"},\"wordCount\":171,\"image\":{\"@id\":\"https:\/\/portaltela.pt\/noticias\/2026\/02\/16\/museu-nacional-da-musica-mafra-oferece-visita-imersiva-para-todos\/#primaryimage\"},\"thumbnailUrl\":\"https:\/\/portaltela.pt\/s.01k8rhncp4jt1\/2026\/02\/image-1232.jpg\",\"keywords\":[\"cultura\",\"dan\u00e7a\",\"Museus e Monumentos de Portugal\",\"museus\/arquivos\",\"m\u00fasica\",\"m\u00fasica\/teatro\/concertos\"],\"articleSection\":[\"Not\u00edcias\"],\"inLanguage\":\"pt-PT\"},{\"@type\":\"WebPage\",\"@id\":\"https:\/\/portaltela.pt\/noticias\/2026\/02\/16\/museu-nacional-da-musica-mafra-oferece-visita-imersiva-para-todos\/\",\"url\":\"https:\/\/portaltela.pt\/noticias\/2026\/02\/16\/museu-nacional-da-musica-mafra-oferece-visita-imersiva-para-todos\/\",\"name\":\"Museu Nacional da M\u00fasica, Mafra, oferece visita imersiva para todos - Portal Tela Portugal\",\"isPartOf\":{\"@id\":\"https:\/\/portaltela.pt\/#website\"},\"primaryImageOfPage\":{\"@id\":\"https:\/\/portaltela.pt\/noticias\/2026\/02\/16\/museu-nacional-da-musica-mafra-oferece-visita-imersiva-para-todos\/#primaryimage\"},\"image\":{\"@id\":\"https:\/\/portaltela.pt\/noticias\/2026\/02\/16\/museu-nacional-da-musica-mafra-oferece-visita-imersiva-para-todos\/#primaryimage\"},\"thumbnailUrl\":\"https:\/\/portaltela.pt\/s.01k8rhncp4jt1\/2026\/02\/image-1232.jpg\",\"datePublished\":\"2026-02-16T10:15:00+00:00\",\"author\":{\"@id\":\"https:\/\/portaltela.pt\/#\/schema\/person\/c4278d4a6028830caff9ee44b42d32ed\"},\"breadcrumb\":{\"@id\":\"https:\/\/portaltela.pt\/noticias\/2026\/02\/16\/museu-nacional-da-musica-mafra-oferece-visita-imersiva-para-todos\/#breadcrumb\"},\"inLanguage\":\"pt-PT\",\"potentialAction\":[{\"@type\":\"ReadAction\",\"target\":[\"https:\/\/portaltela.pt\/noticias\/2026\/02\/16\/museu-nacional-da-musica-mafra-oferece-visita-imersiva-para-todos\/\"]}]},{\"@type\":\"ImageObject\",\"inLanguage\":\"pt-PT\",\"@id\":\"https:\/\/portaltela.pt\/noticias\/2026\/02\/16\/museu-nacional-da-musica-mafra-oferece-visita-imersiva-para-todos\/#primaryimage\",\"url\":\"https:\/\/portaltela.pt\/s.01k8rhncp4jt1\/2026\/02\/image-1232.jpg\",\"contentUrl\":\"https:\/\/portaltela.pt\/s.01k8rhncp4jt1\/2026\/02\/image-1232.jpg\",\"width\":796,\"height\":448,\"caption\":\"O novo Museu Nacional da M\u00fasica fica numa das alas do Pal\u00e1cio-Convento de Mafra.\"},{\"@type\":\"BreadcrumbList\",\"@id\":\"https:\/\/portaltela.pt\/noticias\/2026\/02\/16\/museu-nacional-da-musica-mafra-oferece-visita-imersiva-para-todos\/#breadcrumb\",\"itemListElement\":[{\"@type\":\"ListItem\",\"position\":1,\"name\":\"In\u00edcio\",\"item\":\"https:\/\/portaltela.pt\/\"},{\"@type\":\"ListItem\",\"position\":2,\"name\":\"Museu Nacional da M\u00fasica, Mafra, oferece visita imersiva para todos\"}]},{\"@type\":\"WebSite\",\"@id\":\"https:\/\/portaltela.pt\/#website\",\"url\":\"https:\/\/portaltela.pt\/\",\"name\":\"Portal Tela Portugal\",\"description\":\"\",\"potentialAction\":[{\"@type\":\"SearchAction\",\"target\":{\"@type\":\"EntryPoint\",\"urlTemplate\":\"https:\/\/portaltela.pt\/?s={search_term_string}\"},\"query-input\":{\"@type\":\"PropertyValueSpecification\",\"valueRequired\":true,\"valueName\":\"search_term_string\"}}],\"inLanguage\":\"pt-PT\"},{\"@type\":\"Person\",\"@id\":\"https:\/\/portaltela.pt\/#\/schema\/person\/c4278d4a6028830caff9ee44b42d32ed\",\"name\":\"Telinha\",\"image\":{\"@type\":\"ImageObject\",\"inLanguage\":\"pt-PT\",\"@id\":\"https:\/\/portaltela.pt\/s.01k8rhncp4jt1\/2025\/11\/talking-bot-125x125.png\",\"url\":\"https:\/\/portaltela.pt\/s.01k8rhncp4jt1\/2025\/11\/talking-bot-125x125.png\",\"contentUrl\":\"https:\/\/portaltela.pt\/s.01k8rhncp4jt1\/2025\/11\/talking-bot-125x125.png\",\"caption\":\"Telinha\"},\"sameAs\":[\"https:\/\/portaltela.pt\/\"],\"url\":\"https:\/\/portaltela.pt\/por\/367410592786\/\"}]}<\/script>\n<!-- \/ Yoast SEO plugin. -->","yoast_head_json":{"title":"Museu Nacional da M\u00fasica, Mafra, oferece visita imersiva para todos - Portal Tela Portugal","robots":{"index":"index","follow":"follow","max-snippet":"max-snippet:-1","max-image-preview":"max-image-preview:large","max-video-preview":"max-video-preview:-1"},"og_locale":"pt_PT","og_type":"article","og_title":"Museu Nacional da M\u00fasica, Mafra, oferece visita imersiva para todos - Portal Tela Portugal","og_description":"O Museu Nacional da M\u00fasica mudou-se do Alto dos Moinhos, em Lisboa, para o Pal\u00e1cio-Convento de Mafra, apresentando 500 pe\u00e7as dos s\u00e9culos XII a XXI. A cole\u00e7\u00e3o \u00e9 descrita como uma das mais ricas da Europa, com a ideia de m\u00fasica a redefinir o conceito de instrumento. No centro da mostra, h\u00e1 um sal\u00e3o imersivo com 24 colunas de som que produzem diferentes camadas sonoras para quem circula ou se senta. Cada coluna emite o som de uma voz do grupo de canto alentejano, segundo o diretor Edward Ayres de Abreu, durante a visita da Evas\u00f5es. Em quatro ecr\u00e3s LED s\u00e3o exibidos filmes multim\u00e9dia, incluindo dan\u00e7as mo\u00e7ambicanas, com o objetivo de evidenciar a diversidade da m\u00fasica, tanto em conte\u00fado como em formato.","og_url":"https:\/\/portaltela.pt\/noticias\/2026\/02\/16\/museu-nacional-da-musica-mafra-oferece-visita-imersiva-para-todos\/","og_site_name":"Portal Tela Portugal","article_published_time":"2026-02-16T10:15:00+00:00","author":"Telinha","twitter_card":"summary_large_image","twitter_misc":{"Escrito por":"Telinha","Tempo estimado de leitura":"1 minuto"},"schema":{"@context":"https:\/\/schema.org","@graph":[{"@type":"Article","@id":"https:\/\/portaltela.pt\/noticias\/2026\/02\/16\/museu-nacional-da-musica-mafra-oferece-visita-imersiva-para-todos\/#article","isPartOf":{"@id":"https:\/\/portaltela.pt\/noticias\/2026\/02\/16\/museu-nacional-da-musica-mafra-oferece-visita-imersiva-para-todos\/"},"author":{"name":"Telinha","@id":"https:\/\/portaltela.pt\/#\/schema\/person\/c4278d4a6028830caff9ee44b42d32ed"},"headline":"Museu Nacional da M\u00fasica, Mafra, oferece visita imersiva para todos","datePublished":"2026-02-16T10:15:00+00:00","mainEntityOfPage":{"@id":"https:\/\/portaltela.pt\/noticias\/2026\/02\/16\/museu-nacional-da-musica-mafra-oferece-visita-imersiva-para-todos\/"},"wordCount":171,"image":{"@id":"https:\/\/portaltela.pt\/noticias\/2026\/02\/16\/museu-nacional-da-musica-mafra-oferece-visita-imersiva-para-todos\/#primaryimage"},"thumbnailUrl":"https:\/\/portaltela.pt\/s.01k8rhncp4jt1\/2026\/02\/image-1232.jpg","keywords":["cultura","dan\u00e7a","Museus e Monumentos de Portugal","museus\/arquivos","m\u00fasica","m\u00fasica\/teatro\/concertos"],"articleSection":["Not\u00edcias"],"inLanguage":"pt-PT"},{"@type":"WebPage","@id":"https:\/\/portaltela.pt\/noticias\/2026\/02\/16\/museu-nacional-da-musica-mafra-oferece-visita-imersiva-para-todos\/","url":"https:\/\/portaltela.pt\/noticias\/2026\/02\/16\/museu-nacional-da-musica-mafra-oferece-visita-imersiva-para-todos\/","name":"Museu Nacional da M\u00fasica, Mafra, oferece visita imersiva para todos - Portal Tela Portugal","isPartOf":{"@id":"https:\/\/portaltela.pt\/#website"},"primaryImageOfPage":{"@id":"https:\/\/portaltela.pt\/noticias\/2026\/02\/16\/museu-nacional-da-musica-mafra-oferece-visita-imersiva-para-todos\/#primaryimage"},"image":{"@id":"https:\/\/portaltela.pt\/noticias\/2026\/02\/16\/museu-nacional-da-musica-mafra-oferece-visita-imersiva-para-todos\/#primaryimage"},"thumbnailUrl":"https:\/\/portaltela.pt\/s.01k8rhncp4jt1\/2026\/02\/image-1232.jpg","datePublished":"2026-02-16T10:15:00+00:00","author":{"@id":"https:\/\/portaltela.pt\/#\/schema\/person\/c4278d4a6028830caff9ee44b42d32ed"},"breadcrumb":{"@id":"https:\/\/portaltela.pt\/noticias\/2026\/02\/16\/museu-nacional-da-musica-mafra-oferece-visita-imersiva-para-todos\/#breadcrumb"},"inLanguage":"pt-PT","potentialAction":[{"@type":"ReadAction","target":["https:\/\/portaltela.pt\/noticias\/2026\/02\/16\/museu-nacional-da-musica-mafra-oferece-visita-imersiva-para-todos\/"]}]},{"@type":"ImageObject","inLanguage":"pt-PT","@id":"https:\/\/portaltela.pt\/noticias\/2026\/02\/16\/museu-nacional-da-musica-mafra-oferece-visita-imersiva-para-todos\/#primaryimage","url":"https:\/\/portaltela.pt\/s.01k8rhncp4jt1\/2026\/02\/image-1232.jpg","contentUrl":"https:\/\/portaltela.pt\/s.01k8rhncp4jt1\/2026\/02\/image-1232.jpg","width":796,"height":448,"caption":"O novo Museu Nacional da M\u00fasica fica numa das alas do Pal\u00e1cio-Convento de Mafra."},{"@type":"BreadcrumbList","@id":"https:\/\/portaltela.pt\/noticias\/2026\/02\/16\/museu-nacional-da-musica-mafra-oferece-visita-imersiva-para-todos\/#breadcrumb","itemListElement":[{"@type":"ListItem","position":1,"name":"In\u00edcio","item":"https:\/\/portaltela.pt\/"},{"@type":"ListItem","position":2,"name":"Museu Nacional da M\u00fasica, Mafra, oferece visita imersiva para todos"}]},{"@type":"WebSite","@id":"https:\/\/portaltela.pt\/#website","url":"https:\/\/portaltela.pt\/","name":"Portal Tela Portugal","description":"","potentialAction":[{"@type":"SearchAction","target":{"@type":"EntryPoint","urlTemplate":"https:\/\/portaltela.pt\/?s={search_term_string}"},"query-input":{"@type":"PropertyValueSpecification","valueRequired":true,"valueName":"search_term_string"}}],"inLanguage":"pt-PT"},{"@type":"Person","@id":"https:\/\/portaltela.pt\/#\/schema\/person\/c4278d4a6028830caff9ee44b42d32ed","name":"Telinha","image":{"@type":"ImageObject","inLanguage":"pt-PT","@id":"https:\/\/portaltela.pt\/s.01k8rhncp4jt1\/2025\/11\/talking-bot-125x125.png","url":"https:\/\/portaltela.pt\/s.01k8rhncp4jt1\/2025\/11\/talking-bot-125x125.png","contentUrl":"https:\/\/portaltela.pt\/s.01k8rhncp4jt1\/2025\/11\/talking-bot-125x125.png","caption":"Telinha"},"sameAs":["https:\/\/portaltela.pt\/"],"url":"https:\/\/portaltela.pt\/por\/367410592786\/"}]}},"_links":{"self":[{"href":"https:\/\/portaltela.pt\/api\/wp\/v2\/posts\/214248","targetHints":{"allow":["GET"]}}],"collection":[{"href":"https:\/\/portaltela.pt\/api\/wp\/v2\/posts"}],"about":[{"href":"https:\/\/portaltela.pt\/api\/wp\/v2\/types\/post"}],"author":[{"embeddable":true,"href":"https:\/\/portaltela.pt\/api\/wp\/v2\/users\/2"}],"replies":[{"embeddable":true,"href":"https:\/\/portaltela.pt\/api\/wp\/v2\/comments?post=214248"}],"version-history":[{"count":0,"href":"https:\/\/portaltela.pt\/api\/wp\/v2\/posts\/214248\/revisions"}],"wp:featuredmedia":[{"embeddable":true,"href":"https:\/\/portaltela.pt\/api\/wp\/v2\/media\/214250"}],"wp:attachment":[{"href":"https:\/\/portaltela.pt\/api\/wp\/v2\/media?parent=214248"}],"wp:term":[{"taxonomy":"category","embeddable":true,"href":"https:\/\/portaltela.pt\/api\/wp\/v2\/categories?post=214248"},{"taxonomy":"post_tag","embeddable":true,"href":"https:\/\/portaltela.pt\/api\/wp\/v2\/tags?post=214248"}],"curies":[{"name":"wp","href":"https:\/\/api.w.org\/{rel}","templated":true}]}}