{"id":214191,"date":"2026-02-16T06:30:00","date_gmt":"2026-02-16T09:30:00","guid":{"rendered":"https:\/\/portaltela.pt\/noticias\/2026\/02\/16\/volta-ao-algarve-joao-almeida-enfrenta-ayuso-no-duelo-esperado\/"},"modified":"2026-02-16T06:30:00","modified_gmt":"2026-02-16T09:30:00","slug":"volta-ao-algarve-joao-almeida-enfrenta-ayuso-no-duelo-esperado","status":"publish","type":"post","link":"https:\/\/portaltela.pt\/desporto\/2026\/02\/16\/volta-ao-algarve-joao-almeida-enfrenta-ayuso-no-duelo-esperado\/","title":{"rendered":"Volta ao Algarve: Jo\u00e3o Almeida enfrenta Ayuso no duelo esperado"},"content":{"rendered":"<p>O 52.\u00ba Volta ao Algarve promete um duelo aberto entre grandes nomes do ciclismo mundial, com Jo\u00e3o Almeida \u00e0 frente de um pelot\u00e3o recheado de talentos emergentes. O portugu\u00eas da UAE Emirates parte como principal favorito, ap\u00f3s terminar em segundo na edi\u00e7\u00e3o anterior. O evento decorre entre quarta-feira e domingo, ligando Vila Real de Santo Ant\u00f3nio ao alto do Malh\u00e3o, numa extens\u00e3o de 673,7 quil\u00f3metros.<\/p>\n<p>A aus\u00eancia de Jonas Vingegaard, vencedor de 2024, e da equipa Visma que n\u00e3o participa este ano abrem espa\u00e7o para Almeida manter a lideran\u00e7a e o dorsal n\u00famero 1. O corredor de A-dos-Francos chega com o peso de ser o homem a marcar, ap\u00f3s segundo lugar na Volta \u00e0 Comunidade Valenciana e por competir em casa.<\/p>\n<p>Na corrida, o panorama aponta para um duelo central entre Almeida e Juan Ayuso, que estreia pela Lidl-Trek. Ayuso, terceiro classificado da Vuelta 2022, d\u00e1 o salto para a WorldTour com uma forma\u00e7\u00e3o refor\u00e7ada, numa contenda onde surgem tamb\u00e9m outros candidatos fortes da nova gera\u00e7\u00e3o.<\/p>\n<p>Entre os protagonistas est\u00e1 Florian Lipowitz, alem\u00e3o que foi terceiro na Volta a Fran\u00e7a e l\u00edder de uma Red Bull-BORA-hangrohe com o colombiano Daniel Mart\u00ednez entre os veteranos da corrida. A lista de pr\u00e9-inscritos inclui tamb\u00e9m Oscar Onley e K\u00e9vin Vauquelin, pr\u00f3ximos da frente na edi\u00e7\u00e3o anterior da Grand Tour brit\u00e2nica.<\/p>\n<p>A Volta ao Algarve recebe ainda nomes como Filippo Ganna e Thymen Arensman, mantendo um bloco s\u00f3lido de cl\u00e1ssicas. Paul Seixas, jovem promissor portugu\u00eas, tamb\u00e9m integra o pelot\u00e3o, refor\u00e7ando o desejo de revelar novos talentos nacionais na prova.<\/p>\n<p>Entre os estrangeiros, Jasper Philipsen retorna aos sprints da prova, disputando a frente com Arnaud De Lie e Paul Magnier. A equipa Soudal Quick-Step aposta na renova\u00e7\u00e3o, trazendo refor\u00e7os que prometem competir pela vit\u00f3ria em etapas de chegadas r\u00e1pidas.<\/p>\n<p>O evento, que se estende de quarta a domingo, ter\u00e1 paradas t\u00e9cnicas e reagrupamentos ao longo dos 673,7 quil\u00f3metros, com o tra\u00e7ado a saltar entre serras e vilas at\u00e9 ao final no Malh\u00e3o. A prova mant\u00e9m o foco na competi\u00e7\u00e3o entre diversas gera\u00e7\u00f5es de ciclistas.<\/p>\n<p>No pelot\u00e3o luso, Ant\u00f3nio Morgado, Ivo Oliveira e Rui Oliveira competem pela UAE Emirates, enquanto I\u00fari Leit\u00e3o atua pela Caja Rural e reencontra o trio ol\u00edmpico que marcou Paris 2024. A organiza\u00e7\u00e3o transmite a ideia de uma competi\u00e7\u00e3o justa, centrada na performance.<\/p>\n","protected":false},"excerpt":{"rendered":"<ul>\n<li>Jo\u00e3o Almeida encabe\u00e7a a 52.\u00aa Volta ao Algarve, partilhando o papel de principal favorito com o dorsal n\u00famero 1 e a participa\u00e7\u00e3o da UAE Emirates.<\/li>\n<li>A edi\u00e7\u00e3o conta com a aus\u00eancia de Jonas Vingegaard e da Visma-Lease a Bike, aumentando a press\u00e3o sobre Almeida, que chega vindo de segundo na Volta \u00e0 Comunidade Valenciana.<\/li>\n<li>O reencontro mais aguardado \u00e9 com Juan Ayuso, que estreia pela Lidl-Trek, num duelo que pode definir a luta pela geral, com outros jovens candidatos a ganhar peso.<\/li>\n<li>Destaques entre os inscritos incluem Florian Lipowitz, Daniel Mart\u00ednez, Oscar Onley, K\u00e9vin Vauquelin, Filippo Ganna, Thymen Arensman, Paul Seixas e Matthew Riccitello, entre outros.<\/li>\n<li>A prova, com 673,7 quil\u00f3metros entre Vila Real de Santo Ant\u00f3nio e o alto do Malh\u00e3o, decorre de quarta a domingo, com presen\u00e7a de atletas lusos como Ant\u00f3nio Morgado, Ivo Oliveira, Rui Oliveira e I\u00fari Leit\u00e3o.<\/li>\n<\/ul>\n","protected":false},"author":2,"featured_media":214194,"comment_status":"closed","ping_status":"closed","sticky":false,"template":"","format":"standard","meta":{"footnotes":""},"categories":[21],"tags":[923,3504,152,1014,5588,3997],"class_list":["post-214191","post","type-post","status-publish","format-standard","has-post-thumbnail","hentry","category-desporto","tag-ciclismo","tag-corridas","tag-desporto","tag-portugal","tag-soudal-quick-step","tag-uae-emirates"],"yoast_head":"<!-- This site is optimized with the Yoast SEO plugin v27.2 - https:\/\/yoast.com\/product\/yoast-seo-wordpress\/ -->\n<title>Volta ao Algarve: Jo\u00e3o Almeida enfrenta Ayuso no duelo esperado - Portal Tela Portugal<\/title>\n<meta name=\"robots\" content=\"index, follow, max-snippet:-1, max-image-preview:large, max-video-preview:-1\" \/>\n<meta property=\"og:locale\" content=\"pt_PT\" \/>\n<meta property=\"og:type\" content=\"article\" \/>\n<meta property=\"og:title\" content=\"Volta ao Algarve: Jo\u00e3o Almeida enfrenta Ayuso no duelo esperado - Portal Tela Portugal\" \/>\n<meta property=\"og:description\" content=\"Jo\u00e3o Almeida encabe\u00e7a a 52.\u00aa Volta ao Algarve, partilhando o papel de principal favorito com o dorsal n\u00famero 1 e a participa\u00e7\u00e3o da UAE Emirates. A edi\u00e7\u00e3o conta com a aus\u00eancia de Jonas Vingegaard e da Visma-Lease a Bike, aumentando a press\u00e3o sobre Almeida, que chega vindo de segundo na Volta \u00e0 Comunidade Valenciana. O reencontro mais aguardado \u00e9 com Juan Ayuso, que estreia pela Lidl-Trek, num duelo que pode definir a luta pela geral, com outros jovens candidatos a ganhar peso. Destaques entre os inscritos incluem Florian Lipowitz, Daniel Mart\u00ednez, Oscar Onley, K\u00e9vin Vauquelin, Filippo Ganna, Thymen Arensman, Paul Seixas e Matthew Riccitello, entre outros. A prova, com 673,7 quil\u00f3metros entre Vila Real de Santo Ant\u00f3nio e o alto do Malh\u00e3o, decorre de quarta a domingo, com presen\u00e7a de atletas lusos como Ant\u00f3nio Morgado, Ivo Oliveira, Rui Oliveira e I\u00fari Leit\u00e3o.\" \/>\n<meta property=\"og:url\" content=\"https:\/\/portaltela.pt\/noticias\/2026\/02\/16\/volta-ao-algarve-joao-almeida-enfrenta-ayuso-no-duelo-esperado\/\" \/>\n<meta property=\"og:site_name\" content=\"Portal Tela Portugal\" \/>\n<meta property=\"article:published_time\" content=\"2026-02-16T09:30:00+00:00\" \/>\n<meta name=\"author\" content=\"Telinha\" \/>\n<meta name=\"twitter:card\" content=\"summary_large_image\" \/>\n<meta name=\"twitter:label1\" content=\"Escrito por\" \/>\n\t<meta name=\"twitter:data1\" content=\"Telinha\" \/>\n\t<meta name=\"twitter:label2\" content=\"Tempo estimado de leitura\" \/>\n\t<meta name=\"twitter:data2\" content=\"2 minutos\" \/>\n<script type=\"application\/ld+json\" class=\"yoast-schema-graph\">{\"@context\":\"https:\/\/schema.org\",\"@graph\":[{\"@type\":\"Article\",\"@id\":\"https:\/\/portaltela.pt\/noticias\/2026\/02\/16\/volta-ao-algarve-joao-almeida-enfrenta-ayuso-no-duelo-esperado\/#article\",\"isPartOf\":{\"@id\":\"https:\/\/portaltela.pt\/noticias\/2026\/02\/16\/volta-ao-algarve-joao-almeida-enfrenta-ayuso-no-duelo-esperado\/\"},\"author\":{\"name\":\"Telinha\",\"@id\":\"https:\/\/portaltela.pt\/#\/schema\/person\/c4278d4a6028830caff9ee44b42d32ed\"},\"headline\":\"Volta ao Algarve: Jo\u00e3o Almeida enfrenta Ayuso no duelo esperado\",\"datePublished\":\"2026-02-16T09:30:00+00:00\",\"mainEntityOfPage\":{\"@id\":\"https:\/\/portaltela.pt\/noticias\/2026\/02\/16\/volta-ao-algarve-joao-almeida-enfrenta-ayuso-no-duelo-esperado\/\"},\"wordCount\":436,\"image\":{\"@id\":\"https:\/\/portaltela.pt\/noticias\/2026\/02\/16\/volta-ao-algarve-joao-almeida-enfrenta-ayuso-no-duelo-esperado\/#primaryimage\"},\"thumbnailUrl\":\"https:\/\/portaltela.pt\/s.01k8rhncp4jt1\/2026\/02\/image-1228.jpg\",\"keywords\":[\"ciclismo\",\"corridas\",\"desporto\",\"Portugal\",\"Soudal Quick-Step\",\"UAE Emirates\"],\"articleSection\":[\"Desporto\"],\"inLanguage\":\"pt-PT\"},{\"@type\":\"WebPage\",\"@id\":\"https:\/\/portaltela.pt\/noticias\/2026\/02\/16\/volta-ao-algarve-joao-almeida-enfrenta-ayuso-no-duelo-esperado\/\",\"url\":\"https:\/\/portaltela.pt\/noticias\/2026\/02\/16\/volta-ao-algarve-joao-almeida-enfrenta-ayuso-no-duelo-esperado\/\",\"name\":\"Volta ao Algarve: Jo\u00e3o Almeida enfrenta Ayuso no duelo esperado - Portal Tela Portugal\",\"isPartOf\":{\"@id\":\"https:\/\/portaltela.pt\/#website\"},\"primaryImageOfPage\":{\"@id\":\"https:\/\/portaltela.pt\/noticias\/2026\/02\/16\/volta-ao-algarve-joao-almeida-enfrenta-ayuso-no-duelo-esperado\/#primaryimage\"},\"image\":{\"@id\":\"https:\/\/portaltela.pt\/noticias\/2026\/02\/16\/volta-ao-algarve-joao-almeida-enfrenta-ayuso-no-duelo-esperado\/#primaryimage\"},\"thumbnailUrl\":\"https:\/\/portaltela.pt\/s.01k8rhncp4jt1\/2026\/02\/image-1228.jpg\",\"datePublished\":\"2026-02-16T09:30:00+00:00\",\"author\":{\"@id\":\"https:\/\/portaltela.pt\/#\/schema\/person\/c4278d4a6028830caff9ee44b42d32ed\"},\"breadcrumb\":{\"@id\":\"https:\/\/portaltela.pt\/noticias\/2026\/02\/16\/volta-ao-algarve-joao-almeida-enfrenta-ayuso-no-duelo-esperado\/#breadcrumb\"},\"inLanguage\":\"pt-PT\",\"potentialAction\":[{\"@type\":\"ReadAction\",\"target\":[\"https:\/\/portaltela.pt\/noticias\/2026\/02\/16\/volta-ao-algarve-joao-almeida-enfrenta-ayuso-no-duelo-esperado\/\"]}]},{\"@type\":\"ImageObject\",\"inLanguage\":\"pt-PT\",\"@id\":\"https:\/\/portaltela.pt\/noticias\/2026\/02\/16\/volta-ao-algarve-joao-almeida-enfrenta-ayuso-no-duelo-esperado\/#primaryimage\",\"url\":\"https:\/\/portaltela.pt\/s.01k8rhncp4jt1\/2026\/02\/image-1228.jpg\",\"contentUrl\":\"https:\/\/portaltela.pt\/s.01k8rhncp4jt1\/2026\/02\/image-1228.jpg\",\"width\":796,\"height\":448,\"caption\":\"Jo\u00e3o Almeida ficou em segundo na \u00faltima edi\u00e7\u00e3o\"},{\"@type\":\"BreadcrumbList\",\"@id\":\"https:\/\/portaltela.pt\/noticias\/2026\/02\/16\/volta-ao-algarve-joao-almeida-enfrenta-ayuso-no-duelo-esperado\/#breadcrumb\",\"itemListElement\":[{\"@type\":\"ListItem\",\"position\":1,\"name\":\"In\u00edcio\",\"item\":\"https:\/\/portaltela.pt\/\"},{\"@type\":\"ListItem\",\"position\":2,\"name\":\"Volta ao Algarve: Jo\u00e3o Almeida enfrenta Ayuso no duelo esperado\"}]},{\"@type\":\"WebSite\",\"@id\":\"https:\/\/portaltela.pt\/#website\",\"url\":\"https:\/\/portaltela.pt\/\",\"name\":\"Portal Tela Portugal\",\"description\":\"\",\"potentialAction\":[{\"@type\":\"SearchAction\",\"target\":{\"@type\":\"EntryPoint\",\"urlTemplate\":\"https:\/\/portaltela.pt\/?s={search_term_string}\"},\"query-input\":{\"@type\":\"PropertyValueSpecification\",\"valueRequired\":true,\"valueName\":\"search_term_string\"}}],\"inLanguage\":\"pt-PT\"},{\"@type\":\"Person\",\"@id\":\"https:\/\/portaltela.pt\/#\/schema\/person\/c4278d4a6028830caff9ee44b42d32ed\",\"name\":\"Telinha\",\"image\":{\"@type\":\"ImageObject\",\"inLanguage\":\"pt-PT\",\"@id\":\"https:\/\/portaltela.pt\/s.01k8rhncp4jt1\/2025\/11\/talking-bot-125x125.png\",\"url\":\"https:\/\/portaltela.pt\/s.01k8rhncp4jt1\/2025\/11\/talking-bot-125x125.png\",\"contentUrl\":\"https:\/\/portaltela.pt\/s.01k8rhncp4jt1\/2025\/11\/talking-bot-125x125.png\",\"caption\":\"Telinha\"},\"sameAs\":[\"https:\/\/portaltela.pt\/\"],\"url\":\"https:\/\/portaltela.pt\/por\/367410592786\/\"}]}<\/script>\n<!-- \/ Yoast SEO plugin. -->","yoast_head_json":{"title":"Volta ao Algarve: Jo\u00e3o Almeida enfrenta Ayuso no duelo esperado - Portal Tela Portugal","robots":{"index":"index","follow":"follow","max-snippet":"max-snippet:-1","max-image-preview":"max-image-preview:large","max-video-preview":"max-video-preview:-1"},"og_locale":"pt_PT","og_type":"article","og_title":"Volta ao Algarve: Jo\u00e3o Almeida enfrenta Ayuso no duelo esperado - Portal Tela Portugal","og_description":"Jo\u00e3o Almeida encabe\u00e7a a 52.\u00aa Volta ao Algarve, partilhando o papel de principal favorito com o dorsal n\u00famero 1 e a participa\u00e7\u00e3o da UAE Emirates. A edi\u00e7\u00e3o conta com a aus\u00eancia de Jonas Vingegaard e da Visma-Lease a Bike, aumentando a press\u00e3o sobre Almeida, que chega vindo de segundo na Volta \u00e0 Comunidade Valenciana. O reencontro mais aguardado \u00e9 com Juan Ayuso, que estreia pela Lidl-Trek, num duelo que pode definir a luta pela geral, com outros jovens candidatos a ganhar peso. Destaques entre os inscritos incluem Florian Lipowitz, Daniel Mart\u00ednez, Oscar Onley, K\u00e9vin Vauquelin, Filippo Ganna, Thymen Arensman, Paul Seixas e Matthew Riccitello, entre outros. A prova, com 673,7 quil\u00f3metros entre Vila Real de Santo Ant\u00f3nio e o alto do Malh\u00e3o, decorre de quarta a domingo, com presen\u00e7a de atletas lusos como Ant\u00f3nio Morgado, Ivo Oliveira, Rui Oliveira e I\u00fari Leit\u00e3o.","og_url":"https:\/\/portaltela.pt\/noticias\/2026\/02\/16\/volta-ao-algarve-joao-almeida-enfrenta-ayuso-no-duelo-esperado\/","og_site_name":"Portal Tela Portugal","article_published_time":"2026-02-16T09:30:00+00:00","author":"Telinha","twitter_card":"summary_large_image","twitter_misc":{"Escrito por":"Telinha","Tempo estimado de leitura":"2 minutos"},"schema":{"@context":"https:\/\/schema.org","@graph":[{"@type":"Article","@id":"https:\/\/portaltela.pt\/noticias\/2026\/02\/16\/volta-ao-algarve-joao-almeida-enfrenta-ayuso-no-duelo-esperado\/#article","isPartOf":{"@id":"https:\/\/portaltela.pt\/noticias\/2026\/02\/16\/volta-ao-algarve-joao-almeida-enfrenta-ayuso-no-duelo-esperado\/"},"author":{"name":"Telinha","@id":"https:\/\/portaltela.pt\/#\/schema\/person\/c4278d4a6028830caff9ee44b42d32ed"},"headline":"Volta ao Algarve: Jo\u00e3o Almeida enfrenta Ayuso no duelo esperado","datePublished":"2026-02-16T09:30:00+00:00","mainEntityOfPage":{"@id":"https:\/\/portaltela.pt\/noticias\/2026\/02\/16\/volta-ao-algarve-joao-almeida-enfrenta-ayuso-no-duelo-esperado\/"},"wordCount":436,"image":{"@id":"https:\/\/portaltela.pt\/noticias\/2026\/02\/16\/volta-ao-algarve-joao-almeida-enfrenta-ayuso-no-duelo-esperado\/#primaryimage"},"thumbnailUrl":"https:\/\/portaltela.pt\/s.01k8rhncp4jt1\/2026\/02\/image-1228.jpg","keywords":["ciclismo","corridas","desporto","Portugal","Soudal Quick-Step","UAE Emirates"],"articleSection":["Desporto"],"inLanguage":"pt-PT"},{"@type":"WebPage","@id":"https:\/\/portaltela.pt\/noticias\/2026\/02\/16\/volta-ao-algarve-joao-almeida-enfrenta-ayuso-no-duelo-esperado\/","url":"https:\/\/portaltela.pt\/noticias\/2026\/02\/16\/volta-ao-algarve-joao-almeida-enfrenta-ayuso-no-duelo-esperado\/","name":"Volta ao Algarve: Jo\u00e3o Almeida enfrenta Ayuso no duelo esperado - Portal Tela Portugal","isPartOf":{"@id":"https:\/\/portaltela.pt\/#website"},"primaryImageOfPage":{"@id":"https:\/\/portaltela.pt\/noticias\/2026\/02\/16\/volta-ao-algarve-joao-almeida-enfrenta-ayuso-no-duelo-esperado\/#primaryimage"},"image":{"@id":"https:\/\/portaltela.pt\/noticias\/2026\/02\/16\/volta-ao-algarve-joao-almeida-enfrenta-ayuso-no-duelo-esperado\/#primaryimage"},"thumbnailUrl":"https:\/\/portaltela.pt\/s.01k8rhncp4jt1\/2026\/02\/image-1228.jpg","datePublished":"2026-02-16T09:30:00+00:00","author":{"@id":"https:\/\/portaltela.pt\/#\/schema\/person\/c4278d4a6028830caff9ee44b42d32ed"},"breadcrumb":{"@id":"https:\/\/portaltela.pt\/noticias\/2026\/02\/16\/volta-ao-algarve-joao-almeida-enfrenta-ayuso-no-duelo-esperado\/#breadcrumb"},"inLanguage":"pt-PT","potentialAction":[{"@type":"ReadAction","target":["https:\/\/portaltela.pt\/noticias\/2026\/02\/16\/volta-ao-algarve-joao-almeida-enfrenta-ayuso-no-duelo-esperado\/"]}]},{"@type":"ImageObject","inLanguage":"pt-PT","@id":"https:\/\/portaltela.pt\/noticias\/2026\/02\/16\/volta-ao-algarve-joao-almeida-enfrenta-ayuso-no-duelo-esperado\/#primaryimage","url":"https:\/\/portaltela.pt\/s.01k8rhncp4jt1\/2026\/02\/image-1228.jpg","contentUrl":"https:\/\/portaltela.pt\/s.01k8rhncp4jt1\/2026\/02\/image-1228.jpg","width":796,"height":448,"caption":"Jo\u00e3o Almeida ficou em segundo na \u00faltima edi\u00e7\u00e3o"},{"@type":"BreadcrumbList","@id":"https:\/\/portaltela.pt\/noticias\/2026\/02\/16\/volta-ao-algarve-joao-almeida-enfrenta-ayuso-no-duelo-esperado\/#breadcrumb","itemListElement":[{"@type":"ListItem","position":1,"name":"In\u00edcio","item":"https:\/\/portaltela.pt\/"},{"@type":"ListItem","position":2,"name":"Volta ao Algarve: Jo\u00e3o Almeida enfrenta Ayuso no duelo esperado"}]},{"@type":"WebSite","@id":"https:\/\/portaltela.pt\/#website","url":"https:\/\/portaltela.pt\/","name":"Portal Tela Portugal","description":"","potentialAction":[{"@type":"SearchAction","target":{"@type":"EntryPoint","urlTemplate":"https:\/\/portaltela.pt\/?s={search_term_string}"},"query-input":{"@type":"PropertyValueSpecification","valueRequired":true,"valueName":"search_term_string"}}],"inLanguage":"pt-PT"},{"@type":"Person","@id":"https:\/\/portaltela.pt\/#\/schema\/person\/c4278d4a6028830caff9ee44b42d32ed","name":"Telinha","image":{"@type":"ImageObject","inLanguage":"pt-PT","@id":"https:\/\/portaltela.pt\/s.01k8rhncp4jt1\/2025\/11\/talking-bot-125x125.png","url":"https:\/\/portaltela.pt\/s.01k8rhncp4jt1\/2025\/11\/talking-bot-125x125.png","contentUrl":"https:\/\/portaltela.pt\/s.01k8rhncp4jt1\/2025\/11\/talking-bot-125x125.png","caption":"Telinha"},"sameAs":["https:\/\/portaltela.pt\/"],"url":"https:\/\/portaltela.pt\/por\/367410592786\/"}]}},"_links":{"self":[{"href":"https:\/\/portaltela.pt\/api\/wp\/v2\/posts\/214191","targetHints":{"allow":["GET"]}}],"collection":[{"href":"https:\/\/portaltela.pt\/api\/wp\/v2\/posts"}],"about":[{"href":"https:\/\/portaltela.pt\/api\/wp\/v2\/types\/post"}],"author":[{"embeddable":true,"href":"https:\/\/portaltela.pt\/api\/wp\/v2\/users\/2"}],"replies":[{"embeddable":true,"href":"https:\/\/portaltela.pt\/api\/wp\/v2\/comments?post=214191"}],"version-history":[{"count":0,"href":"https:\/\/portaltela.pt\/api\/wp\/v2\/posts\/214191\/revisions"}],"wp:featuredmedia":[{"embeddable":true,"href":"https:\/\/portaltela.pt\/api\/wp\/v2\/media\/214194"}],"wp:attachment":[{"href":"https:\/\/portaltela.pt\/api\/wp\/v2\/media?parent=214191"}],"wp:term":[{"taxonomy":"category","embeddable":true,"href":"https:\/\/portaltela.pt\/api\/wp\/v2\/categories?post=214191"},{"taxonomy":"post_tag","embeddable":true,"href":"https:\/\/portaltela.pt\/api\/wp\/v2\/tags?post=214191"}],"curies":[{"name":"wp","href":"https:\/\/api.w.org\/{rel}","templated":true}]}}