{"id":214137,"date":"2026-02-16T06:10:19","date_gmt":"2026-02-16T09:10:19","guid":{"rendered":"https:\/\/portaltela.pt\/noticias\/2026\/02\/16\/joao-almeida-enfrenta-ayuso-no-aguardado-duelo-da-volta-ao-algarve\/"},"modified":"2026-02-16T06:10:19","modified_gmt":"2026-02-16T09:10:19","slug":"joao-almeida-enfrenta-ayuso-no-aguardado-duelo-da-volta-ao-algarve","status":"publish","type":"post","link":"https:\/\/portaltela.pt\/desporto\/2026\/02\/16\/joao-almeida-enfrenta-ayuso-no-aguardado-duelo-da-volta-ao-algarve\/","title":{"rendered":"Jo\u00e3o Almeida enfrenta Ayuso no aguardado duelo da Volta ao Algarve"},"content":{"rendered":"<p>Jo\u00e3o Almeida lidera a 52.\u00aa Volta ao Algarve, com o panorama de favorito pese \u00e0 aus\u00eancia de Jonas Vingegaard, detentor do t\u00edtulo, e da sua equipa. O portugu\u00eas da UAE Emirates veste o dorsal n\u00famero 1 e \u00e9 o principal alvo de quem o acompanhar na prova portuguesa do circuito UCI ProSeries.<\/p>\n<p>A edi\u00e7\u00e3o deste ano re\u00fane uma gera\u00e7\u00e3o emergente, incluindo Juan Ayuso, que troca a UAE Emirates pela Lidl-Trek. O duelo entre Almeida e Ayuso promete atrair aten\u00e7\u00f5es, especialmente porque Ayuso estreia-se com a nova equipa ao servi\u00e7o de uma corrida em que a press\u00e3o tamb\u00e9m recai sobre outros nomes fortes.<\/p>\n<p>Florian Lipowitz destaca-se na lista de pr\u00e9-inscritos, vindo de um 2025 s\u00f3lido com terceiro lugar e melhor jovem no Tour. A prova conta igualmente com Daniel Mart\u00ednez, antigo vencedor, bem como com Oscar Onley e K\u00e9vin Vauquelin, pilotos da INEOS, que chegam para abrir a temporada em Portugal.<\/p>\n<p>Entre os presentes surgem tamb\u00e9m Filipe Ganna, vice-campe\u00e3o de 2023, Thymen Arensman e figuras que v\u00e3o marcar a prova. Jasper Philipsen regressa aos chocolates para buscar etapas de sprint, esperando estrear-se com sucesso na Volta ao Algarve.<\/p>\n<p>A corrida decorre de quarta a domingo, num total de 673,7 quil\u00f3metros entre Vila Real de Santo Ant\u00f3nio e o alto do Malh\u00e3o. O pelot\u00e3o conta ainda com Ant\u00f3nio Morgado, Ivo Oliveira, Rui Oliveira e I\u00fari Leit\u00e3o, entre outros, em busca de bons resultados para a equipa UAE Emirates.<\/p>\n","protected":false},"excerpt":{"rendered":"<ul>\n<li>Jo\u00e3o Almeida, vice-campe\u00e3o, \u00e9 o principal favorito na 52.\u00aa Volta ao Algarve, ap\u00f3s a aus\u00eancia de Jonas Vingegaard e da sua equipa, a que se soma a lideran\u00e7a de dorsal n\u00famero 1 para o portugu\u00eas.<\/li>\n<li>Sem Vingegaard, o duelo principal mistura Almeida com Juan Ayuso, que estreia pela Lidl-Trek, al\u00e9m de outros jovens de peso como Florian Lipowitz e Daniel Mart\u00ednez.<\/li>\n<li>O pelot\u00e3o traz nomes como Oscar Onley, K\u00e9vin Vauquelin, Filippo Ganna e Thymen Arensman, refor\u00e7os de equipas como INEOS e Soudal Quick-Step, num field com v\u00e1rias promessas.<\/li>\n<li>O evento funciona como abertura na \u00e9poca para v\u00e1rias equipas, incluindo a Decathlon com Paul Seixas e o jovem Matthew Riccitello, melhor jovem da Vuelta 2025.<\/li>\n<li>A Volta ao Algarve decorre entre quarta-feira e domingo, percorrendo 673,7 quil\u00f3metros entre Vila Real de Santo Ant\u00f3nio e o alto do Malh\u00e3o, com participa\u00e7\u00e3o de ciclistas lusos da UAE Emirates como Ant\u00f3nio Morgado, Ivo Oliveira e Rui Oliveira.<\/li>\n<\/ul>\n","protected":false},"author":2,"featured_media":214141,"comment_status":"closed","ping_status":"closed","sticky":false,"template":"","format":"standard","meta":{"footnotes":""},"categories":[21],"tags":[5899,928,923,152,1014],"class_list":["post-214137","post","type-post","status-publish","format-standard","has-post-thumbnail","hentry","category-desporto","tag-a-uae-emirates","tag-algarve","tag-ciclismo","tag-desporto","tag-portugal"],"yoast_head":"<!-- This site is optimized with the Yoast SEO plugin v27.2 - https:\/\/yoast.com\/product\/yoast-seo-wordpress\/ -->\n<title>Jo\u00e3o Almeida enfrenta Ayuso no aguardado duelo da Volta ao Algarve - Portal Tela Portugal<\/title>\n<meta name=\"robots\" content=\"index, follow, max-snippet:-1, max-image-preview:large, max-video-preview:-1\" \/>\n<meta property=\"og:locale\" content=\"pt_PT\" \/>\n<meta property=\"og:type\" content=\"article\" \/>\n<meta property=\"og:title\" content=\"Jo\u00e3o Almeida enfrenta Ayuso no aguardado duelo da Volta ao Algarve - Portal Tela Portugal\" \/>\n<meta property=\"og:description\" content=\"Jo\u00e3o Almeida, vice-campe\u00e3o, \u00e9 o principal favorito na 52.\u00aa Volta ao Algarve, ap\u00f3s a aus\u00eancia de Jonas Vingegaard e da sua equipa, a que se soma a lideran\u00e7a de dorsal n\u00famero 1 para o portugu\u00eas. Sem Vingegaard, o duelo principal mistura Almeida com Juan Ayuso, que estreia pela Lidl-Trek, al\u00e9m de outros jovens de peso como Florian Lipowitz e Daniel Mart\u00ednez. O pelot\u00e3o traz nomes como Oscar Onley, K\u00e9vin Vauquelin, Filippo Ganna e Thymen Arensman, refor\u00e7os de equipas como INEOS e Soudal Quick-Step, num field com v\u00e1rias promessas. O evento funciona como abertura na \u00e9poca para v\u00e1rias equipas, incluindo a Decathlon com Paul Seixas e o jovem Matthew Riccitello, melhor jovem da Vuelta 2025. A Volta ao Algarve decorre entre quarta-feira e domingo, percorrendo 673,7 quil\u00f3metros entre Vila Real de Santo Ant\u00f3nio e o alto do Malh\u00e3o, com participa\u00e7\u00e3o de ciclistas lusos da UAE Emirates como Ant\u00f3nio Morgado, Ivo Oliveira e Rui Oliveira.\" \/>\n<meta property=\"og:url\" content=\"https:\/\/portaltela.pt\/noticias\/2026\/02\/16\/joao-almeida-enfrenta-ayuso-no-aguardado-duelo-da-volta-ao-algarve\/\" \/>\n<meta property=\"og:site_name\" content=\"Portal Tela Portugal\" \/>\n<meta property=\"article:published_time\" content=\"2026-02-16T09:10:19+00:00\" \/>\n<meta name=\"author\" content=\"Telinha\" \/>\n<meta name=\"twitter:card\" content=\"summary_large_image\" \/>\n<meta name=\"twitter:label1\" content=\"Escrito por\" \/>\n\t<meta name=\"twitter:data1\" content=\"Telinha\" \/>\n\t<meta name=\"twitter:label2\" content=\"Tempo estimado de leitura\" \/>\n\t<meta name=\"twitter:data2\" content=\"1 minuto\" \/>\n<script type=\"application\/ld+json\" class=\"yoast-schema-graph\">{\"@context\":\"https:\/\/schema.org\",\"@graph\":[{\"@type\":\"Article\",\"@id\":\"https:\/\/portaltela.pt\/noticias\/2026\/02\/16\/joao-almeida-enfrenta-ayuso-no-aguardado-duelo-da-volta-ao-algarve\/#article\",\"isPartOf\":{\"@id\":\"https:\/\/portaltela.pt\/noticias\/2026\/02\/16\/joao-almeida-enfrenta-ayuso-no-aguardado-duelo-da-volta-ao-algarve\/\"},\"author\":{\"name\":\"Telinha\",\"@id\":\"https:\/\/portaltela.pt\/#\/schema\/person\/c4278d4a6028830caff9ee44b42d32ed\"},\"headline\":\"Jo\u00e3o Almeida enfrenta Ayuso no aguardado duelo da Volta ao Algarve\",\"datePublished\":\"2026-02-16T09:10:19+00:00\",\"mainEntityOfPage\":{\"@id\":\"https:\/\/portaltela.pt\/noticias\/2026\/02\/16\/joao-almeida-enfrenta-ayuso-no-aguardado-duelo-da-volta-ao-algarve\/\"},\"wordCount\":267,\"image\":{\"@id\":\"https:\/\/portaltela.pt\/noticias\/2026\/02\/16\/joao-almeida-enfrenta-ayuso-no-aguardado-duelo-da-volta-ao-algarve\/#primaryimage\"},\"thumbnailUrl\":\"https:\/\/portaltela.pt\/s.01k8rhncp4jt1\/2026\/02\/img_1500x1000uu2025-09-14-18-11-04-2235263.jpg\",\"keywords\":[\"A UAE Emirates\",\"Algarve\",\"ciclismo\",\"desporto\",\"Portugal\"],\"articleSection\":[\"Desporto\"],\"inLanguage\":\"pt-PT\"},{\"@type\":\"WebPage\",\"@id\":\"https:\/\/portaltela.pt\/noticias\/2026\/02\/16\/joao-almeida-enfrenta-ayuso-no-aguardado-duelo-da-volta-ao-algarve\/\",\"url\":\"https:\/\/portaltela.pt\/noticias\/2026\/02\/16\/joao-almeida-enfrenta-ayuso-no-aguardado-duelo-da-volta-ao-algarve\/\",\"name\":\"Jo\u00e3o Almeida enfrenta Ayuso no aguardado duelo da Volta ao Algarve - Portal Tela Portugal\",\"isPartOf\":{\"@id\":\"https:\/\/portaltela.pt\/#website\"},\"primaryImageOfPage\":{\"@id\":\"https:\/\/portaltela.pt\/noticias\/2026\/02\/16\/joao-almeida-enfrenta-ayuso-no-aguardado-duelo-da-volta-ao-algarve\/#primaryimage\"},\"image\":{\"@id\":\"https:\/\/portaltela.pt\/noticias\/2026\/02\/16\/joao-almeida-enfrenta-ayuso-no-aguardado-duelo-da-volta-ao-algarve\/#primaryimage\"},\"thumbnailUrl\":\"https:\/\/portaltela.pt\/s.01k8rhncp4jt1\/2026\/02\/img_1500x1000uu2025-09-14-18-11-04-2235263.jpg\",\"datePublished\":\"2026-02-16T09:10:19+00:00\",\"author\":{\"@id\":\"https:\/\/portaltela.pt\/#\/schema\/person\/c4278d4a6028830caff9ee44b42d32ed\"},\"breadcrumb\":{\"@id\":\"https:\/\/portaltela.pt\/noticias\/2026\/02\/16\/joao-almeida-enfrenta-ayuso-no-aguardado-duelo-da-volta-ao-algarve\/#breadcrumb\"},\"inLanguage\":\"pt-PT\",\"potentialAction\":[{\"@type\":\"ReadAction\",\"target\":[\"https:\/\/portaltela.pt\/noticias\/2026\/02\/16\/joao-almeida-enfrenta-ayuso-no-aguardado-duelo-da-volta-ao-algarve\/\"]}]},{\"@type\":\"ImageObject\",\"inLanguage\":\"pt-PT\",\"@id\":\"https:\/\/portaltela.pt\/noticias\/2026\/02\/16\/joao-almeida-enfrenta-ayuso-no-aguardado-duelo-da-volta-ao-algarve\/#primaryimage\",\"url\":\"https:\/\/portaltela.pt\/s.01k8rhncp4jt1\/2026\/02\/img_1500x1000uu2025-09-14-18-11-04-2235263.jpg\",\"contentUrl\":\"https:\/\/portaltela.pt\/s.01k8rhncp4jt1\/2026\/02\/img_1500x1000uu2025-09-14-18-11-04-2235263.jpg\",\"width\":796,\"height\":448,\"caption\":\"Jo\u00e3o Almeida \u00e9 um dos favoritos na Volta ao Algarve\"},{\"@type\":\"BreadcrumbList\",\"@id\":\"https:\/\/portaltela.pt\/noticias\/2026\/02\/16\/joao-almeida-enfrenta-ayuso-no-aguardado-duelo-da-volta-ao-algarve\/#breadcrumb\",\"itemListElement\":[{\"@type\":\"ListItem\",\"position\":1,\"name\":\"In\u00edcio\",\"item\":\"https:\/\/portaltela.pt\/\"},{\"@type\":\"ListItem\",\"position\":2,\"name\":\"Jo\u00e3o Almeida enfrenta Ayuso no aguardado duelo da Volta ao Algarve\"}]},{\"@type\":\"WebSite\",\"@id\":\"https:\/\/portaltela.pt\/#website\",\"url\":\"https:\/\/portaltela.pt\/\",\"name\":\"Portal Tela Portugal\",\"description\":\"\",\"potentialAction\":[{\"@type\":\"SearchAction\",\"target\":{\"@type\":\"EntryPoint\",\"urlTemplate\":\"https:\/\/portaltela.pt\/?s={search_term_string}\"},\"query-input\":{\"@type\":\"PropertyValueSpecification\",\"valueRequired\":true,\"valueName\":\"search_term_string\"}}],\"inLanguage\":\"pt-PT\"},{\"@type\":\"Person\",\"@id\":\"https:\/\/portaltela.pt\/#\/schema\/person\/c4278d4a6028830caff9ee44b42d32ed\",\"name\":\"Telinha\",\"image\":{\"@type\":\"ImageObject\",\"inLanguage\":\"pt-PT\",\"@id\":\"https:\/\/portaltela.pt\/s.01k8rhncp4jt1\/2025\/11\/talking-bot-125x125.png\",\"url\":\"https:\/\/portaltela.pt\/s.01k8rhncp4jt1\/2025\/11\/talking-bot-125x125.png\",\"contentUrl\":\"https:\/\/portaltela.pt\/s.01k8rhncp4jt1\/2025\/11\/talking-bot-125x125.png\",\"caption\":\"Telinha\"},\"sameAs\":[\"https:\/\/portaltela.pt\/\"],\"url\":\"https:\/\/portaltela.pt\/por\/367410592786\/\"}]}<\/script>\n<!-- \/ Yoast SEO plugin. -->","yoast_head_json":{"title":"Jo\u00e3o Almeida enfrenta Ayuso no aguardado duelo da Volta ao Algarve - Portal Tela Portugal","robots":{"index":"index","follow":"follow","max-snippet":"max-snippet:-1","max-image-preview":"max-image-preview:large","max-video-preview":"max-video-preview:-1"},"og_locale":"pt_PT","og_type":"article","og_title":"Jo\u00e3o Almeida enfrenta Ayuso no aguardado duelo da Volta ao Algarve - Portal Tela Portugal","og_description":"Jo\u00e3o Almeida, vice-campe\u00e3o, \u00e9 o principal favorito na 52.\u00aa Volta ao Algarve, ap\u00f3s a aus\u00eancia de Jonas Vingegaard e da sua equipa, a que se soma a lideran\u00e7a de dorsal n\u00famero 1 para o portugu\u00eas. Sem Vingegaard, o duelo principal mistura Almeida com Juan Ayuso, que estreia pela Lidl-Trek, al\u00e9m de outros jovens de peso como Florian Lipowitz e Daniel Mart\u00ednez. O pelot\u00e3o traz nomes como Oscar Onley, K\u00e9vin Vauquelin, Filippo Ganna e Thymen Arensman, refor\u00e7os de equipas como INEOS e Soudal Quick-Step, num field com v\u00e1rias promessas. O evento funciona como abertura na \u00e9poca para v\u00e1rias equipas, incluindo a Decathlon com Paul Seixas e o jovem Matthew Riccitello, melhor jovem da Vuelta 2025. A Volta ao Algarve decorre entre quarta-feira e domingo, percorrendo 673,7 quil\u00f3metros entre Vila Real de Santo Ant\u00f3nio e o alto do Malh\u00e3o, com participa\u00e7\u00e3o de ciclistas lusos da UAE Emirates como Ant\u00f3nio Morgado, Ivo Oliveira e Rui Oliveira.","og_url":"https:\/\/portaltela.pt\/noticias\/2026\/02\/16\/joao-almeida-enfrenta-ayuso-no-aguardado-duelo-da-volta-ao-algarve\/","og_site_name":"Portal Tela Portugal","article_published_time":"2026-02-16T09:10:19+00:00","author":"Telinha","twitter_card":"summary_large_image","twitter_misc":{"Escrito por":"Telinha","Tempo estimado de leitura":"1 minuto"},"schema":{"@context":"https:\/\/schema.org","@graph":[{"@type":"Article","@id":"https:\/\/portaltela.pt\/noticias\/2026\/02\/16\/joao-almeida-enfrenta-ayuso-no-aguardado-duelo-da-volta-ao-algarve\/#article","isPartOf":{"@id":"https:\/\/portaltela.pt\/noticias\/2026\/02\/16\/joao-almeida-enfrenta-ayuso-no-aguardado-duelo-da-volta-ao-algarve\/"},"author":{"name":"Telinha","@id":"https:\/\/portaltela.pt\/#\/schema\/person\/c4278d4a6028830caff9ee44b42d32ed"},"headline":"Jo\u00e3o Almeida enfrenta Ayuso no aguardado duelo da Volta ao Algarve","datePublished":"2026-02-16T09:10:19+00:00","mainEntityOfPage":{"@id":"https:\/\/portaltela.pt\/noticias\/2026\/02\/16\/joao-almeida-enfrenta-ayuso-no-aguardado-duelo-da-volta-ao-algarve\/"},"wordCount":267,"image":{"@id":"https:\/\/portaltela.pt\/noticias\/2026\/02\/16\/joao-almeida-enfrenta-ayuso-no-aguardado-duelo-da-volta-ao-algarve\/#primaryimage"},"thumbnailUrl":"https:\/\/portaltela.pt\/s.01k8rhncp4jt1\/2026\/02\/img_1500x1000uu2025-09-14-18-11-04-2235263.jpg","keywords":["A UAE Emirates","Algarve","ciclismo","desporto","Portugal"],"articleSection":["Desporto"],"inLanguage":"pt-PT"},{"@type":"WebPage","@id":"https:\/\/portaltela.pt\/noticias\/2026\/02\/16\/joao-almeida-enfrenta-ayuso-no-aguardado-duelo-da-volta-ao-algarve\/","url":"https:\/\/portaltela.pt\/noticias\/2026\/02\/16\/joao-almeida-enfrenta-ayuso-no-aguardado-duelo-da-volta-ao-algarve\/","name":"Jo\u00e3o Almeida enfrenta Ayuso no aguardado duelo da Volta ao Algarve - Portal Tela Portugal","isPartOf":{"@id":"https:\/\/portaltela.pt\/#website"},"primaryImageOfPage":{"@id":"https:\/\/portaltela.pt\/noticias\/2026\/02\/16\/joao-almeida-enfrenta-ayuso-no-aguardado-duelo-da-volta-ao-algarve\/#primaryimage"},"image":{"@id":"https:\/\/portaltela.pt\/noticias\/2026\/02\/16\/joao-almeida-enfrenta-ayuso-no-aguardado-duelo-da-volta-ao-algarve\/#primaryimage"},"thumbnailUrl":"https:\/\/portaltela.pt\/s.01k8rhncp4jt1\/2026\/02\/img_1500x1000uu2025-09-14-18-11-04-2235263.jpg","datePublished":"2026-02-16T09:10:19+00:00","author":{"@id":"https:\/\/portaltela.pt\/#\/schema\/person\/c4278d4a6028830caff9ee44b42d32ed"},"breadcrumb":{"@id":"https:\/\/portaltela.pt\/noticias\/2026\/02\/16\/joao-almeida-enfrenta-ayuso-no-aguardado-duelo-da-volta-ao-algarve\/#breadcrumb"},"inLanguage":"pt-PT","potentialAction":[{"@type":"ReadAction","target":["https:\/\/portaltela.pt\/noticias\/2026\/02\/16\/joao-almeida-enfrenta-ayuso-no-aguardado-duelo-da-volta-ao-algarve\/"]}]},{"@type":"ImageObject","inLanguage":"pt-PT","@id":"https:\/\/portaltela.pt\/noticias\/2026\/02\/16\/joao-almeida-enfrenta-ayuso-no-aguardado-duelo-da-volta-ao-algarve\/#primaryimage","url":"https:\/\/portaltela.pt\/s.01k8rhncp4jt1\/2026\/02\/img_1500x1000uu2025-09-14-18-11-04-2235263.jpg","contentUrl":"https:\/\/portaltela.pt\/s.01k8rhncp4jt1\/2026\/02\/img_1500x1000uu2025-09-14-18-11-04-2235263.jpg","width":796,"height":448,"caption":"Jo\u00e3o Almeida \u00e9 um dos favoritos na Volta ao Algarve"},{"@type":"BreadcrumbList","@id":"https:\/\/portaltela.pt\/noticias\/2026\/02\/16\/joao-almeida-enfrenta-ayuso-no-aguardado-duelo-da-volta-ao-algarve\/#breadcrumb","itemListElement":[{"@type":"ListItem","position":1,"name":"In\u00edcio","item":"https:\/\/portaltela.pt\/"},{"@type":"ListItem","position":2,"name":"Jo\u00e3o Almeida enfrenta Ayuso no aguardado duelo da Volta ao Algarve"}]},{"@type":"WebSite","@id":"https:\/\/portaltela.pt\/#website","url":"https:\/\/portaltela.pt\/","name":"Portal Tela Portugal","description":"","potentialAction":[{"@type":"SearchAction","target":{"@type":"EntryPoint","urlTemplate":"https:\/\/portaltela.pt\/?s={search_term_string}"},"query-input":{"@type":"PropertyValueSpecification","valueRequired":true,"valueName":"search_term_string"}}],"inLanguage":"pt-PT"},{"@type":"Person","@id":"https:\/\/portaltela.pt\/#\/schema\/person\/c4278d4a6028830caff9ee44b42d32ed","name":"Telinha","image":{"@type":"ImageObject","inLanguage":"pt-PT","@id":"https:\/\/portaltela.pt\/s.01k8rhncp4jt1\/2025\/11\/talking-bot-125x125.png","url":"https:\/\/portaltela.pt\/s.01k8rhncp4jt1\/2025\/11\/talking-bot-125x125.png","contentUrl":"https:\/\/portaltela.pt\/s.01k8rhncp4jt1\/2025\/11\/talking-bot-125x125.png","caption":"Telinha"},"sameAs":["https:\/\/portaltela.pt\/"],"url":"https:\/\/portaltela.pt\/por\/367410592786\/"}]}},"_links":{"self":[{"href":"https:\/\/portaltela.pt\/api\/wp\/v2\/posts\/214137","targetHints":{"allow":["GET"]}}],"collection":[{"href":"https:\/\/portaltela.pt\/api\/wp\/v2\/posts"}],"about":[{"href":"https:\/\/portaltela.pt\/api\/wp\/v2\/types\/post"}],"author":[{"embeddable":true,"href":"https:\/\/portaltela.pt\/api\/wp\/v2\/users\/2"}],"replies":[{"embeddable":true,"href":"https:\/\/portaltela.pt\/api\/wp\/v2\/comments?post=214137"}],"version-history":[{"count":0,"href":"https:\/\/portaltela.pt\/api\/wp\/v2\/posts\/214137\/revisions"}],"wp:featuredmedia":[{"embeddable":true,"href":"https:\/\/portaltela.pt\/api\/wp\/v2\/media\/214141"}],"wp:attachment":[{"href":"https:\/\/portaltela.pt\/api\/wp\/v2\/media?parent=214137"}],"wp:term":[{"taxonomy":"category","embeddable":true,"href":"https:\/\/portaltela.pt\/api\/wp\/v2\/categories?post=214137"},{"taxonomy":"post_tag","embeddable":true,"href":"https:\/\/portaltela.pt\/api\/wp\/v2\/tags?post=214137"}],"curies":[{"name":"wp","href":"https:\/\/api.w.org\/{rel}","templated":true}]}}