{"id":214089,"date":"2026-02-16T05:19:50","date_gmt":"2026-02-16T08:19:50","guid":{"rendered":"https:\/\/portaltela.pt\/noticias\/2026\/02\/16\/varias-linhas-ferroviarias-continuam-com-constrangimentos-a-circulacao\/"},"modified":"2026-02-16T05:19:50","modified_gmt":"2026-02-16T08:19:50","slug":"varias-linhas-ferroviarias-continuam-com-constrangimentos-a-circulacao","status":"publish","type":"post","link":"https:\/\/portaltela.pt\/noticias\/2026\/02\/16\/varias-linhas-ferroviarias-continuam-com-constrangimentos-a-circulacao\/","title":{"rendered":"V\u00e1rias linhas ferrovi\u00e1rias continuam com constrangimentos \u00e0 circula\u00e7\u00e3o"},"content":{"rendered":"<p>As linhas ferrovi\u00e1rias de v\u00e1rias regi\u00f5es continuam com constrangimentos ou servi\u00e7os suspensos devido ao mau tempo. A CP informou que a circula\u00e7\u00e3o permanece limitada na maioria dos tro\u00e7os, com interrup\u00e7\u00f5es em v\u00e1rias linhas.<\/p>\n<p>Na Linha do Norte, que liga Lisboa ao Porto, mant\u00eam-se suspensos os comboios de longo curso, sem previs\u00e3o de retoma, segundo a transportadora. Apenas est\u00e3o ativos os servi\u00e7os Regionais entre Entroncamento e Soure, Coimbra-Aveiro-Porto, e entre Tomar e Lisboa.<\/p>\n<p>Na Linha da Beira Baixa continua a haver suspens\u00e3o completa, com apenas os Regionais entre Castelo Branco e Guarda, e entre Entroncamento e Abrantes a realizarem servi\u00e7o. Ainda na Beira Alta, o Intercidades entre Coimbra e Guarda funciona com material diferente do habitual.<\/p>\n<p>Mant\u00e9m-se a suspens\u00e3o na Linha do Douro entre R\u00e9gua e Pocinho, bem como na Linha do Oeste e nos Urbanos de Coimbra. Na Linha de Cascais, os comboios seguem com altera\u00e7\u00f5es de hor\u00e1rios, mas h\u00e1 refor\u00e7o na hora de ponta a partir de segunda-feira.<\/p>\n<h3>Situa\u00e7\u00e3o por Linha<\/h3>\n<ul>\n<li>Linha do Norte: suspens\u00e3o de longo curso; Regionais entre Entroncamento-Soure, Coimbra-Aveiro-Porto, Tomar-Lisboa.<\/li>\n<li>Beira Baixa: suspens\u00e3o total; Regionais Castelo Branco-Guarda, Entroncamento-Abrantes.<\/li>\n<li>Beira Alta: Intercidades Coimbra-Guarda com material n\u00e3o habitual.<\/li>\n<li>Douro, Oeste e Urbanos de Coimbra: circula\u00e7\u00e3o limitada ou suspensa.<\/li>\n<li>Cascais: hor\u00e1rios alterados com refor\u00e7o nas horas de ponta.<\/li>\n<li>Comboio Internacional Celta: poss\u00edvel; percurso Valen\u00e7a-Vigo-Valen\u00e7a pode exigir transbordo rodovi\u00e1rio.<\/li>\n<\/ul>\n","protected":false},"excerpt":{"rendered":"<ul>\n<li>V\u00e1rias linhas ferrovi\u00e1rias continuam com constrangimentos ou suspensas na sequ\u00eancia do mau tempo: Norte, Beira Baixa, Beira Alta, Douro, Oeste e Urbanos de Coimbra.<\/li>\n<li>Na linha do Norte, os comboios de longo curso est\u00e3o suspensos sem previs\u00e3o de retoma; apenas servi\u00e7os regionais entre Entroncamento e Soure, Coimbra-Aveiro-Porto e entre Tomar e Lisboa.<\/li>\n<li>Na Beira Baixa, a circula\u00e7\u00e3o mant\u00e9m-se suspensa, com apenas regionais entre Castelo Branco e Guarda e entre Entroncamento e Abrantes.<\/li>\n<li>Na Beira Alta, o servi\u00e7o Intercidades entre Coimbra e Guarda realiza-se com material circulante diferente do habitual.<\/li>\n<li>Mant\u00eam-se suspensas as linhas do Douro (R\u00e9gua-Pocinho), Oeste e Urbanos de Coimbra; a Cascais ter\u00e1 hor\u00e1rios alterados com refor\u00e7o na hora de ponta a partir de segunda-feira, e est\u00e1 previsto o Comboio Internacional Celta, possivelmente com material diferente, com percurso Valen\u00e7a-Vigo-Valen\u00e7a a exigir transbordo rodovi\u00e1rio.<\/li>\n<\/ul>\n","protected":false},"author":2,"featured_media":214092,"comment_status":"closed","ping_status":"closed","sticky":false,"template":"","format":"standard","meta":{"footnotes":""},"categories":[1],"tags":[1972,3670,1111,3683,5795,192],"class_list":["post-214089","post","type-post","status-publish","format-standard","has-post-thumbnail","hentry","category-noticias","tag-beira-alta","tag-beira-baixa","tag-cascais","tag-comboios","tag-linha","tag-transporte"],"yoast_head":"<!-- This site is optimized with the Yoast SEO plugin v27.2 - https:\/\/yoast.com\/product\/yoast-seo-wordpress\/ -->\n<title>V\u00e1rias linhas ferrovi\u00e1rias continuam com constrangimentos \u00e0 circula\u00e7\u00e3o - Portal Tela Portugal<\/title>\n<meta name=\"robots\" content=\"index, follow, max-snippet:-1, max-image-preview:large, max-video-preview:-1\" \/>\n<meta property=\"og:locale\" content=\"pt_PT\" \/>\n<meta property=\"og:type\" content=\"article\" \/>\n<meta property=\"og:title\" content=\"V\u00e1rias linhas ferrovi\u00e1rias continuam com constrangimentos \u00e0 circula\u00e7\u00e3o - Portal Tela Portugal\" \/>\n<meta property=\"og:description\" content=\"V\u00e1rias linhas ferrovi\u00e1rias continuam com constrangimentos ou suspensas na sequ\u00eancia do mau tempo: Norte, Beira Baixa, Beira Alta, Douro, Oeste e Urbanos de Coimbra. Na linha do Norte, os comboios de longo curso est\u00e3o suspensos sem previs\u00e3o de retoma; apenas servi\u00e7os regionais entre Entroncamento e Soure, Coimbra-Aveiro-Porto e entre Tomar e Lisboa. Na Beira Baixa, a circula\u00e7\u00e3o mant\u00e9m-se suspensa, com apenas regionais entre Castelo Branco e Guarda e entre Entroncamento e Abrantes. Na Beira Alta, o servi\u00e7o Intercidades entre Coimbra e Guarda realiza-se com material circulante diferente do habitual. Mant\u00eam-se suspensas as linhas do Douro (R\u00e9gua-Pocinho), Oeste e Urbanos de Coimbra; a Cascais ter\u00e1 hor\u00e1rios alterados com refor\u00e7o na hora de ponta a partir de segunda-feira, e est\u00e1 previsto o Comboio Internacional Celta, possivelmente com material diferente, com percurso Valen\u00e7a-Vigo-Valen\u00e7a a exigir transbordo rodovi\u00e1rio.\" \/>\n<meta property=\"og:url\" content=\"https:\/\/portaltela.pt\/noticias\/2026\/02\/16\/varias-linhas-ferroviarias-continuam-com-constrangimentos-a-circulacao\/\" \/>\n<meta property=\"og:site_name\" content=\"Portal Tela Portugal\" \/>\n<meta property=\"article:published_time\" content=\"2026-02-16T08:19:50+00:00\" \/>\n<meta name=\"author\" content=\"Telinha\" \/>\n<meta name=\"twitter:card\" content=\"summary_large_image\" \/>\n<meta name=\"twitter:label1\" content=\"Escrito por\" \/>\n\t<meta name=\"twitter:data1\" content=\"Telinha\" \/>\n\t<meta name=\"twitter:label2\" content=\"Tempo estimado de leitura\" \/>\n\t<meta name=\"twitter:data2\" content=\"1 minuto\" \/>\n<script type=\"application\/ld+json\" class=\"yoast-schema-graph\">{\"@context\":\"https:\/\/schema.org\",\"@graph\":[{\"@type\":\"Article\",\"@id\":\"https:\/\/portaltela.pt\/noticias\/2026\/02\/16\/varias-linhas-ferroviarias-continuam-com-constrangimentos-a-circulacao\/#article\",\"isPartOf\":{\"@id\":\"https:\/\/portaltela.pt\/noticias\/2026\/02\/16\/varias-linhas-ferroviarias-continuam-com-constrangimentos-a-circulacao\/\"},\"author\":{\"name\":\"Telinha\",\"@id\":\"https:\/\/portaltela.pt\/#\/schema\/person\/c4278d4a6028830caff9ee44b42d32ed\"},\"headline\":\"V\u00e1rias linhas ferrovi\u00e1rias continuam com constrangimentos \u00e0 circula\u00e7\u00e3o\",\"datePublished\":\"2026-02-16T08:19:50+00:00\",\"mainEntityOfPage\":{\"@id\":\"https:\/\/portaltela.pt\/noticias\/2026\/02\/16\/varias-linhas-ferroviarias-continuam-com-constrangimentos-a-circulacao\/\"},\"wordCount\":260,\"image\":{\"@id\":\"https:\/\/portaltela.pt\/noticias\/2026\/02\/16\/varias-linhas-ferroviarias-continuam-com-constrangimentos-a-circulacao\/#primaryimage\"},\"thumbnailUrl\":\"https:\/\/portaltela.pt\/s.01k8rhncp4jt1\/2026\/02\/img_1500x1000uu2026-01-28-15-41-52-2263112-2.jpg\",\"keywords\":[\"Beira Alta\",\"Beira Baixa\",\"Cascais\",\"comboios\",\"Linha\",\"transporte\"],\"articleSection\":[\"Not\u00edcias\"],\"inLanguage\":\"pt-PT\"},{\"@type\":\"WebPage\",\"@id\":\"https:\/\/portaltela.pt\/noticias\/2026\/02\/16\/varias-linhas-ferroviarias-continuam-com-constrangimentos-a-circulacao\/\",\"url\":\"https:\/\/portaltela.pt\/noticias\/2026\/02\/16\/varias-linhas-ferroviarias-continuam-com-constrangimentos-a-circulacao\/\",\"name\":\"V\u00e1rias linhas ferrovi\u00e1rias continuam com constrangimentos \u00e0 circula\u00e7\u00e3o - Portal Tela Portugal\",\"isPartOf\":{\"@id\":\"https:\/\/portaltela.pt\/#website\"},\"primaryImageOfPage\":{\"@id\":\"https:\/\/portaltela.pt\/noticias\/2026\/02\/16\/varias-linhas-ferroviarias-continuam-com-constrangimentos-a-circulacao\/#primaryimage\"},\"image\":{\"@id\":\"https:\/\/portaltela.pt\/noticias\/2026\/02\/16\/varias-linhas-ferroviarias-continuam-com-constrangimentos-a-circulacao\/#primaryimage\"},\"thumbnailUrl\":\"https:\/\/portaltela.pt\/s.01k8rhncp4jt1\/2026\/02\/img_1500x1000uu2026-01-28-15-41-52-2263112-2.jpg\",\"datePublished\":\"2026-02-16T08:19:50+00:00\",\"author\":{\"@id\":\"https:\/\/portaltela.pt\/#\/schema\/person\/c4278d4a6028830caff9ee44b42d32ed\"},\"breadcrumb\":{\"@id\":\"https:\/\/portaltela.pt\/noticias\/2026\/02\/16\/varias-linhas-ferroviarias-continuam-com-constrangimentos-a-circulacao\/#breadcrumb\"},\"inLanguage\":\"pt-PT\",\"potentialAction\":[{\"@type\":\"ReadAction\",\"target\":[\"https:\/\/portaltela.pt\/noticias\/2026\/02\/16\/varias-linhas-ferroviarias-continuam-com-constrangimentos-a-circulacao\/\"]}]},{\"@type\":\"ImageObject\",\"inLanguage\":\"pt-PT\",\"@id\":\"https:\/\/portaltela.pt\/noticias\/2026\/02\/16\/varias-linhas-ferroviarias-continuam-com-constrangimentos-a-circulacao\/#primaryimage\",\"url\":\"https:\/\/portaltela.pt\/s.01k8rhncp4jt1\/2026\/02\/img_1500x1000uu2026-01-28-15-41-52-2263112-2.jpg\",\"contentUrl\":\"https:\/\/portaltela.pt\/s.01k8rhncp4jt1\/2026\/02\/img_1500x1000uu2026-01-28-15-41-52-2263112-2.jpg\",\"width\":796,\"height\":448,\"caption\":\"\u00c1rvore de grande porte caiu sobre a linha de comboio da linha do Oeste, cortando a circula\u00e7\u00e3o dos comboios\"},{\"@type\":\"BreadcrumbList\",\"@id\":\"https:\/\/portaltela.pt\/noticias\/2026\/02\/16\/varias-linhas-ferroviarias-continuam-com-constrangimentos-a-circulacao\/#breadcrumb\",\"itemListElement\":[{\"@type\":\"ListItem\",\"position\":1,\"name\":\"In\u00edcio\",\"item\":\"https:\/\/portaltela.pt\/\"},{\"@type\":\"ListItem\",\"position\":2,\"name\":\"V\u00e1rias linhas ferrovi\u00e1rias continuam com constrangimentos \u00e0 circula\u00e7\u00e3o\"}]},{\"@type\":\"WebSite\",\"@id\":\"https:\/\/portaltela.pt\/#website\",\"url\":\"https:\/\/portaltela.pt\/\",\"name\":\"Portal Tela Portugal\",\"description\":\"\",\"potentialAction\":[{\"@type\":\"SearchAction\",\"target\":{\"@type\":\"EntryPoint\",\"urlTemplate\":\"https:\/\/portaltela.pt\/?s={search_term_string}\"},\"query-input\":{\"@type\":\"PropertyValueSpecification\",\"valueRequired\":true,\"valueName\":\"search_term_string\"}}],\"inLanguage\":\"pt-PT\"},{\"@type\":\"Person\",\"@id\":\"https:\/\/portaltela.pt\/#\/schema\/person\/c4278d4a6028830caff9ee44b42d32ed\",\"name\":\"Telinha\",\"image\":{\"@type\":\"ImageObject\",\"inLanguage\":\"pt-PT\",\"@id\":\"https:\/\/portaltela.pt\/s.01k8rhncp4jt1\/2025\/11\/talking-bot-125x125.png\",\"url\":\"https:\/\/portaltela.pt\/s.01k8rhncp4jt1\/2025\/11\/talking-bot-125x125.png\",\"contentUrl\":\"https:\/\/portaltela.pt\/s.01k8rhncp4jt1\/2025\/11\/talking-bot-125x125.png\",\"caption\":\"Telinha\"},\"sameAs\":[\"https:\/\/portaltela.pt\/\"],\"url\":\"https:\/\/portaltela.pt\/por\/367410592786\/\"}]}<\/script>\n<!-- \/ Yoast SEO plugin. -->","yoast_head_json":{"title":"V\u00e1rias linhas ferrovi\u00e1rias continuam com constrangimentos \u00e0 circula\u00e7\u00e3o - Portal Tela Portugal","robots":{"index":"index","follow":"follow","max-snippet":"max-snippet:-1","max-image-preview":"max-image-preview:large","max-video-preview":"max-video-preview:-1"},"og_locale":"pt_PT","og_type":"article","og_title":"V\u00e1rias linhas ferrovi\u00e1rias continuam com constrangimentos \u00e0 circula\u00e7\u00e3o - Portal Tela Portugal","og_description":"V\u00e1rias linhas ferrovi\u00e1rias continuam com constrangimentos ou suspensas na sequ\u00eancia do mau tempo: Norte, Beira Baixa, Beira Alta, Douro, Oeste e Urbanos de Coimbra. Na linha do Norte, os comboios de longo curso est\u00e3o suspensos sem previs\u00e3o de retoma; apenas servi\u00e7os regionais entre Entroncamento e Soure, Coimbra-Aveiro-Porto e entre Tomar e Lisboa. Na Beira Baixa, a circula\u00e7\u00e3o mant\u00e9m-se suspensa, com apenas regionais entre Castelo Branco e Guarda e entre Entroncamento e Abrantes. Na Beira Alta, o servi\u00e7o Intercidades entre Coimbra e Guarda realiza-se com material circulante diferente do habitual. Mant\u00eam-se suspensas as linhas do Douro (R\u00e9gua-Pocinho), Oeste e Urbanos de Coimbra; a Cascais ter\u00e1 hor\u00e1rios alterados com refor\u00e7o na hora de ponta a partir de segunda-feira, e est\u00e1 previsto o Comboio Internacional Celta, possivelmente com material diferente, com percurso Valen\u00e7a-Vigo-Valen\u00e7a a exigir transbordo rodovi\u00e1rio.","og_url":"https:\/\/portaltela.pt\/noticias\/2026\/02\/16\/varias-linhas-ferroviarias-continuam-com-constrangimentos-a-circulacao\/","og_site_name":"Portal Tela Portugal","article_published_time":"2026-02-16T08:19:50+00:00","author":"Telinha","twitter_card":"summary_large_image","twitter_misc":{"Escrito por":"Telinha","Tempo estimado de leitura":"1 minuto"},"schema":{"@context":"https:\/\/schema.org","@graph":[{"@type":"Article","@id":"https:\/\/portaltela.pt\/noticias\/2026\/02\/16\/varias-linhas-ferroviarias-continuam-com-constrangimentos-a-circulacao\/#article","isPartOf":{"@id":"https:\/\/portaltela.pt\/noticias\/2026\/02\/16\/varias-linhas-ferroviarias-continuam-com-constrangimentos-a-circulacao\/"},"author":{"name":"Telinha","@id":"https:\/\/portaltela.pt\/#\/schema\/person\/c4278d4a6028830caff9ee44b42d32ed"},"headline":"V\u00e1rias linhas ferrovi\u00e1rias continuam com constrangimentos \u00e0 circula\u00e7\u00e3o","datePublished":"2026-02-16T08:19:50+00:00","mainEntityOfPage":{"@id":"https:\/\/portaltela.pt\/noticias\/2026\/02\/16\/varias-linhas-ferroviarias-continuam-com-constrangimentos-a-circulacao\/"},"wordCount":260,"image":{"@id":"https:\/\/portaltela.pt\/noticias\/2026\/02\/16\/varias-linhas-ferroviarias-continuam-com-constrangimentos-a-circulacao\/#primaryimage"},"thumbnailUrl":"https:\/\/portaltela.pt\/s.01k8rhncp4jt1\/2026\/02\/img_1500x1000uu2026-01-28-15-41-52-2263112-2.jpg","keywords":["Beira Alta","Beira Baixa","Cascais","comboios","Linha","transporte"],"articleSection":["Not\u00edcias"],"inLanguage":"pt-PT"},{"@type":"WebPage","@id":"https:\/\/portaltela.pt\/noticias\/2026\/02\/16\/varias-linhas-ferroviarias-continuam-com-constrangimentos-a-circulacao\/","url":"https:\/\/portaltela.pt\/noticias\/2026\/02\/16\/varias-linhas-ferroviarias-continuam-com-constrangimentos-a-circulacao\/","name":"V\u00e1rias linhas ferrovi\u00e1rias continuam com constrangimentos \u00e0 circula\u00e7\u00e3o - Portal Tela Portugal","isPartOf":{"@id":"https:\/\/portaltela.pt\/#website"},"primaryImageOfPage":{"@id":"https:\/\/portaltela.pt\/noticias\/2026\/02\/16\/varias-linhas-ferroviarias-continuam-com-constrangimentos-a-circulacao\/#primaryimage"},"image":{"@id":"https:\/\/portaltela.pt\/noticias\/2026\/02\/16\/varias-linhas-ferroviarias-continuam-com-constrangimentos-a-circulacao\/#primaryimage"},"thumbnailUrl":"https:\/\/portaltela.pt\/s.01k8rhncp4jt1\/2026\/02\/img_1500x1000uu2026-01-28-15-41-52-2263112-2.jpg","datePublished":"2026-02-16T08:19:50+00:00","author":{"@id":"https:\/\/portaltela.pt\/#\/schema\/person\/c4278d4a6028830caff9ee44b42d32ed"},"breadcrumb":{"@id":"https:\/\/portaltela.pt\/noticias\/2026\/02\/16\/varias-linhas-ferroviarias-continuam-com-constrangimentos-a-circulacao\/#breadcrumb"},"inLanguage":"pt-PT","potentialAction":[{"@type":"ReadAction","target":["https:\/\/portaltela.pt\/noticias\/2026\/02\/16\/varias-linhas-ferroviarias-continuam-com-constrangimentos-a-circulacao\/"]}]},{"@type":"ImageObject","inLanguage":"pt-PT","@id":"https:\/\/portaltela.pt\/noticias\/2026\/02\/16\/varias-linhas-ferroviarias-continuam-com-constrangimentos-a-circulacao\/#primaryimage","url":"https:\/\/portaltela.pt\/s.01k8rhncp4jt1\/2026\/02\/img_1500x1000uu2026-01-28-15-41-52-2263112-2.jpg","contentUrl":"https:\/\/portaltela.pt\/s.01k8rhncp4jt1\/2026\/02\/img_1500x1000uu2026-01-28-15-41-52-2263112-2.jpg","width":796,"height":448,"caption":"\u00c1rvore de grande porte caiu sobre a linha de comboio da linha do Oeste, cortando a circula\u00e7\u00e3o dos comboios"},{"@type":"BreadcrumbList","@id":"https:\/\/portaltela.pt\/noticias\/2026\/02\/16\/varias-linhas-ferroviarias-continuam-com-constrangimentos-a-circulacao\/#breadcrumb","itemListElement":[{"@type":"ListItem","position":1,"name":"In\u00edcio","item":"https:\/\/portaltela.pt\/"},{"@type":"ListItem","position":2,"name":"V\u00e1rias linhas ferrovi\u00e1rias continuam com constrangimentos \u00e0 circula\u00e7\u00e3o"}]},{"@type":"WebSite","@id":"https:\/\/portaltela.pt\/#website","url":"https:\/\/portaltela.pt\/","name":"Portal Tela Portugal","description":"","potentialAction":[{"@type":"SearchAction","target":{"@type":"EntryPoint","urlTemplate":"https:\/\/portaltela.pt\/?s={search_term_string}"},"query-input":{"@type":"PropertyValueSpecification","valueRequired":true,"valueName":"search_term_string"}}],"inLanguage":"pt-PT"},{"@type":"Person","@id":"https:\/\/portaltela.pt\/#\/schema\/person\/c4278d4a6028830caff9ee44b42d32ed","name":"Telinha","image":{"@type":"ImageObject","inLanguage":"pt-PT","@id":"https:\/\/portaltela.pt\/s.01k8rhncp4jt1\/2025\/11\/talking-bot-125x125.png","url":"https:\/\/portaltela.pt\/s.01k8rhncp4jt1\/2025\/11\/talking-bot-125x125.png","contentUrl":"https:\/\/portaltela.pt\/s.01k8rhncp4jt1\/2025\/11\/talking-bot-125x125.png","caption":"Telinha"},"sameAs":["https:\/\/portaltela.pt\/"],"url":"https:\/\/portaltela.pt\/por\/367410592786\/"}]}},"_links":{"self":[{"href":"https:\/\/portaltela.pt\/api\/wp\/v2\/posts\/214089","targetHints":{"allow":["GET"]}}],"collection":[{"href":"https:\/\/portaltela.pt\/api\/wp\/v2\/posts"}],"about":[{"href":"https:\/\/portaltela.pt\/api\/wp\/v2\/types\/post"}],"author":[{"embeddable":true,"href":"https:\/\/portaltela.pt\/api\/wp\/v2\/users\/2"}],"replies":[{"embeddable":true,"href":"https:\/\/portaltela.pt\/api\/wp\/v2\/comments?post=214089"}],"version-history":[{"count":0,"href":"https:\/\/portaltela.pt\/api\/wp\/v2\/posts\/214089\/revisions"}],"wp:featuredmedia":[{"embeddable":true,"href":"https:\/\/portaltela.pt\/api\/wp\/v2\/media\/214092"}],"wp:attachment":[{"href":"https:\/\/portaltela.pt\/api\/wp\/v2\/media?parent=214089"}],"wp:term":[{"taxonomy":"category","embeddable":true,"href":"https:\/\/portaltela.pt\/api\/wp\/v2\/categories?post=214089"},{"taxonomy":"post_tag","embeddable":true,"href":"https:\/\/portaltela.pt\/api\/wp\/v2\/tags?post=214089"}],"curies":[{"name":"wp","href":"https:\/\/api.w.org\/{rel}","templated":true}]}}