{"id":214088,"date":"2026-02-16T04:53:00","date_gmt":"2026-02-16T07:53:00","guid":{"rendered":"https:\/\/portaltela.pt\/noticias\/2026\/02\/16\/protecao-civil-regista-95-ocorrencias-ate-as-4h-de-segunda-menos-que-no-sabado\/"},"modified":"2026-02-16T04:53:00","modified_gmt":"2026-02-16T07:53:00","slug":"protecao-civil-regista-95-ocorrencias-ate-as-4h-de-segunda-menos-que-no-sabado","status":"publish","type":"post","link":"https:\/\/portaltela.pt\/noticias\/2026\/02\/16\/protecao-civil-regista-95-ocorrencias-ate-as-4h-de-segunda-menos-que-no-sabado\/","title":{"rendered":"Prote\u00e7\u00e3o Civil regista 95 ocorr\u00eancias at\u00e9 \u00e0s 4h de segunda, menos que no s\u00e1bado"},"content":{"rendered":"<p>Ao nascer da manh\u00e3 desta segunda-feira, \u00e0s 4h, a Prote\u00e7\u00e3o Civil reportava 95 ocorr\u00eancias ligadas \u00e0 situa\u00e7\u00e3o meteorol\u00f3gica adversa em Portugal continental, menos 50 do que no s\u00e1bado. A intensidade do mau tempo continua a exigir resposta operacional.<\/p>\n<p>As regi\u00f5es mais afetadas s\u00e3o o Centro, com 38 ocorr\u00eancias, e Lisboa e Vale do Tejo, com 37. Entre as sub-regi\u00f5es, M\u00e9dio-Tejo lidera com 21 registos, seguido de Leiria (19), Lez\u00edria do Tejo (10) e Coimbra (9).<\/p>\n<p>No conjunto, estiveram envolvidos 64.636 operacionais, apoiados por 26.476 meios, na resposta a estas ocorr\u00eancias. A tipologia mais frequente tem sido a queda de \u00e1rvores, seguida de inunda\u00e7\u00f5es e quedas de estruturas.<\/p>\n<h3>Desdobramentos e impactos<\/h3>\n<p>A registarem-se 5.649 quedas de \u00e1rvores e 5.252 inunda\u00e7\u00f5es, com 3.084 quedas de estruturas. Movimentos de massa atingem 2.933 registos, a limpeza de vias soma 1.901 ocorr\u00eancias, e os salvamentos aqu\u00e1ticos e terrestres chegam a 161 e 84, respetivamente.<\/p>\n<p>Desde 1 de Fevereiro, \u00e0s 16h, j\u00e1 tinham sido registadas 19.066 ocorr\u00eancias, segundo a ANEPC.<\/p>\n<p>A cronologia dos efeitos inclui danos materiais significativos, com destrui\u00e7\u00e3o parcial ou total de habita\u00e7\u00f5es, empresas e infraestruturas de transporte. O cen\u00e1rio refor\u00e7a a necessidade de a\u00e7\u00f5es preventivas e de planeamento para minimizar impactos futuros.<\/p>\n<h3>Medidas e recomenda\u00e7\u00f5es da ANEPC<\/h3>\n<p>A ANEPC insiste na ado\u00e7\u00e3o de comportamentos preventivos em \u00e1reas de risco e perto de linhas de \u00e1gua. Reinfor\u00e7a a retirada de animais e bens de zonas vulner\u00e1veis e a procura de locais elevados dentro de casa.<\/p>\n<p>Ao conduzir, deve-se procurar um local seguro e elevado, longe de \u00e1gua. Em casa, recomenda-se manter-se nos pisos superiores, afastar equipamentos el\u00e9tricos da \u00e1gua e desligar g\u00e1s e eletricidade se seguro.<\/p>\n<p>Se for necess\u00e1rio abandonar a habita\u00e7\u00e3o, levar apenas o essencial e seguir rotas seguras, atento a sinais de instabilidade do terreno.<\/p>\n","protected":false},"excerpt":{"rendered":"<ul>\n<li>\u00c0s 4h de segunda-feira, a Prote\u00e7\u00e3o Civil registava 95 ocorr\u00eancias em Portugal continental, menos 50 do que no s\u00e1bado.<\/li>\n<li>As zonas mais afetadas foram o Centro (38 ocorr\u00eancias) e Lisboa e Vale do Tejo (37), com as sub-regi\u00f5es de M\u00e9dio-Tejo (21), Leiria (19), Lez\u00edria do Tejo (dez) e Coimbra (nove) a registarem mais casos.<\/li>\n<li>A queda de \u00e1rvores foi a tipologia mais comum (5.649 ocorr\u00eancias), seguida de inunda\u00e7\u00f5es (5.252) e quedas de estruturas (3.084).<\/li>\n<li>Participaram na resposta 64.636 operacionais, apoiados por 26.476 meios.<\/li>\n<li>Desde as 16h de 1 de Fevereiro, tinham sido registadas 19.066 ocorr\u00eancias; 16 pessoas morreram no \u00e2mbito das depress\u00f5es Kristin, Leonardo e Marta.<\/li>\n<\/ul>\n","protected":false},"author":2,"featured_media":214091,"comment_status":"closed","ping_status":"closed","sticky":false,"template":"","format":"standard","meta":{"footnotes":""},"categories":[1],"tags":[1309,2293,1385,981,5099,1297],"class_list":["post-214088","post","type-post","status-publish","format-standard","has-post-thumbnail","hentry","category-noticias","tag-centro","tag-inundacoes","tag-leiria","tag-lisboa","tag-protecao-civil-municipal","tag-quedas-de-arvores"],"yoast_head":"<!-- This site is optimized with the Yoast SEO plugin v27.2 - https:\/\/yoast.com\/product\/yoast-seo-wordpress\/ -->\n<title>Prote\u00e7\u00e3o Civil regista 95 ocorr\u00eancias at\u00e9 \u00e0s 4h de segunda, menos que no s\u00e1bado - Portal Tela Portugal<\/title>\n<meta name=\"robots\" content=\"index, follow, max-snippet:-1, max-image-preview:large, max-video-preview:-1\" \/>\n<meta property=\"og:locale\" content=\"pt_PT\" \/>\n<meta property=\"og:type\" content=\"article\" \/>\n<meta property=\"og:title\" content=\"Prote\u00e7\u00e3o Civil regista 95 ocorr\u00eancias at\u00e9 \u00e0s 4h de segunda, menos que no s\u00e1bado - Portal Tela Portugal\" \/>\n<meta property=\"og:description\" content=\"\u00c0s 4h de segunda-feira, a Prote\u00e7\u00e3o Civil registava 95 ocorr\u00eancias em Portugal continental, menos 50 do que no s\u00e1bado. As zonas mais afetadas foram o Centro (38 ocorr\u00eancias) e Lisboa e Vale do Tejo (37), com as sub-regi\u00f5es de M\u00e9dio-Tejo (21), Leiria (19), Lez\u00edria do Tejo (dez) e Coimbra (nove) a registarem mais casos. A queda de \u00e1rvores foi a tipologia mais comum (5.649 ocorr\u00eancias), seguida de inunda\u00e7\u00f5es (5.252) e quedas de estruturas (3.084). Participaram na resposta 64.636 operacionais, apoiados por 26.476 meios. Desde as 16h de 1 de Fevereiro, tinham sido registadas 19.066 ocorr\u00eancias; 16 pessoas morreram no \u00e2mbito das depress\u00f5es Kristin, Leonardo e Marta.\" \/>\n<meta property=\"og:url\" content=\"https:\/\/portaltela.pt\/noticias\/2026\/02\/16\/protecao-civil-regista-95-ocorrencias-ate-as-4h-de-segunda-menos-que-no-sabado\/\" \/>\n<meta property=\"og:site_name\" content=\"Portal Tela Portugal\" \/>\n<meta property=\"article:published_time\" content=\"2026-02-16T07:53:00+00:00\" \/>\n<meta name=\"author\" content=\"Telinha\" \/>\n<meta name=\"twitter:card\" content=\"summary_large_image\" \/>\n<meta name=\"twitter:label1\" content=\"Escrito por\" \/>\n\t<meta name=\"twitter:data1\" content=\"Telinha\" \/>\n\t<meta name=\"twitter:label2\" content=\"Tempo estimado de leitura\" \/>\n\t<meta name=\"twitter:data2\" content=\"2 minutos\" \/>\n<script type=\"application\/ld+json\" class=\"yoast-schema-graph\">{\"@context\":\"https:\/\/schema.org\",\"@graph\":[{\"@type\":\"Article\",\"@id\":\"https:\/\/portaltela.pt\/noticias\/2026\/02\/16\/protecao-civil-regista-95-ocorrencias-ate-as-4h-de-segunda-menos-que-no-sabado\/#article\",\"isPartOf\":{\"@id\":\"https:\/\/portaltela.pt\/noticias\/2026\/02\/16\/protecao-civil-regista-95-ocorrencias-ate-as-4h-de-segunda-menos-que-no-sabado\/\"},\"author\":{\"name\":\"Telinha\",\"@id\":\"https:\/\/portaltela.pt\/#\/schema\/person\/c4278d4a6028830caff9ee44b42d32ed\"},\"headline\":\"Prote\u00e7\u00e3o Civil regista 95 ocorr\u00eancias at\u00e9 \u00e0s 4h de segunda, menos que no s\u00e1bado\",\"datePublished\":\"2026-02-16T07:53:00+00:00\",\"mainEntityOfPage\":{\"@id\":\"https:\/\/portaltela.pt\/noticias\/2026\/02\/16\/protecao-civil-regista-95-ocorrencias-ate-as-4h-de-segunda-menos-que-no-sabado\/\"},\"wordCount\":319,\"image\":{\"@id\":\"https:\/\/portaltela.pt\/noticias\/2026\/02\/16\/protecao-civil-regista-95-ocorrencias-ate-as-4h-de-segunda-menos-que-no-sabado\/#primaryimage\"},\"thumbnailUrl\":\"https:\/\/portaltela.pt\/s.01k8rhncp4jt1\/2026\/02\/2067548.jpg\",\"keywords\":[\"Centro\",\"inunda\u00e7\u00f5es\",\"Leiria\",\"Lisboa\",\"Prote\u00e7\u00e3o Civil Municipal\",\"quedas de \u00e1rvores\"],\"articleSection\":[\"Not\u00edcias\"],\"inLanguage\":\"pt-PT\"},{\"@type\":\"WebPage\",\"@id\":\"https:\/\/portaltela.pt\/noticias\/2026\/02\/16\/protecao-civil-regista-95-ocorrencias-ate-as-4h-de-segunda-menos-que-no-sabado\/\",\"url\":\"https:\/\/portaltela.pt\/noticias\/2026\/02\/16\/protecao-civil-regista-95-ocorrencias-ate-as-4h-de-segunda-menos-que-no-sabado\/\",\"name\":\"Prote\u00e7\u00e3o Civil regista 95 ocorr\u00eancias at\u00e9 \u00e0s 4h de segunda, menos que no s\u00e1bado - Portal Tela Portugal\",\"isPartOf\":{\"@id\":\"https:\/\/portaltela.pt\/#website\"},\"primaryImageOfPage\":{\"@id\":\"https:\/\/portaltela.pt\/noticias\/2026\/02\/16\/protecao-civil-regista-95-ocorrencias-ate-as-4h-de-segunda-menos-que-no-sabado\/#primaryimage\"},\"image\":{\"@id\":\"https:\/\/portaltela.pt\/noticias\/2026\/02\/16\/protecao-civil-regista-95-ocorrencias-ate-as-4h-de-segunda-menos-que-no-sabado\/#primaryimage\"},\"thumbnailUrl\":\"https:\/\/portaltela.pt\/s.01k8rhncp4jt1\/2026\/02\/2067548.jpg\",\"datePublished\":\"2026-02-16T07:53:00+00:00\",\"author\":{\"@id\":\"https:\/\/portaltela.pt\/#\/schema\/person\/c4278d4a6028830caff9ee44b42d32ed\"},\"breadcrumb\":{\"@id\":\"https:\/\/portaltela.pt\/noticias\/2026\/02\/16\/protecao-civil-regista-95-ocorrencias-ate-as-4h-de-segunda-menos-que-no-sabado\/#breadcrumb\"},\"inLanguage\":\"pt-PT\",\"potentialAction\":[{\"@type\":\"ReadAction\",\"target\":[\"https:\/\/portaltela.pt\/noticias\/2026\/02\/16\/protecao-civil-regista-95-ocorrencias-ate-as-4h-de-segunda-menos-que-no-sabado\/\"]}]},{\"@type\":\"ImageObject\",\"inLanguage\":\"pt-PT\",\"@id\":\"https:\/\/portaltela.pt\/noticias\/2026\/02\/16\/protecao-civil-regista-95-ocorrencias-ate-as-4h-de-segunda-menos-que-no-sabado\/#primaryimage\",\"url\":\"https:\/\/portaltela.pt\/s.01k8rhncp4jt1\/2026\/02\/2067548.jpg\",\"contentUrl\":\"https:\/\/portaltela.pt\/s.01k8rhncp4jt1\/2026\/02\/2067548.jpg\",\"width\":796,\"height\":448,\"caption\":\"Desde as 16h do dia 1 de Fevereiro foram registadas um total de 19.066 ocorr\u00eancias\"},{\"@type\":\"BreadcrumbList\",\"@id\":\"https:\/\/portaltela.pt\/noticias\/2026\/02\/16\/protecao-civil-regista-95-ocorrencias-ate-as-4h-de-segunda-menos-que-no-sabado\/#breadcrumb\",\"itemListElement\":[{\"@type\":\"ListItem\",\"position\":1,\"name\":\"In\u00edcio\",\"item\":\"https:\/\/portaltela.pt\/\"},{\"@type\":\"ListItem\",\"position\":2,\"name\":\"Prote\u00e7\u00e3o Civil regista 95 ocorr\u00eancias at\u00e9 \u00e0s 4h de segunda, menos que no s\u00e1bado\"}]},{\"@type\":\"WebSite\",\"@id\":\"https:\/\/portaltela.pt\/#website\",\"url\":\"https:\/\/portaltela.pt\/\",\"name\":\"Portal Tela Portugal\",\"description\":\"\",\"potentialAction\":[{\"@type\":\"SearchAction\",\"target\":{\"@type\":\"EntryPoint\",\"urlTemplate\":\"https:\/\/portaltela.pt\/?s={search_term_string}\"},\"query-input\":{\"@type\":\"PropertyValueSpecification\",\"valueRequired\":true,\"valueName\":\"search_term_string\"}}],\"inLanguage\":\"pt-PT\"},{\"@type\":\"Person\",\"@id\":\"https:\/\/portaltela.pt\/#\/schema\/person\/c4278d4a6028830caff9ee44b42d32ed\",\"name\":\"Telinha\",\"image\":{\"@type\":\"ImageObject\",\"inLanguage\":\"pt-PT\",\"@id\":\"https:\/\/portaltela.pt\/s.01k8rhncp4jt1\/2025\/11\/talking-bot-125x125.png\",\"url\":\"https:\/\/portaltela.pt\/s.01k8rhncp4jt1\/2025\/11\/talking-bot-125x125.png\",\"contentUrl\":\"https:\/\/portaltela.pt\/s.01k8rhncp4jt1\/2025\/11\/talking-bot-125x125.png\",\"caption\":\"Telinha\"},\"sameAs\":[\"https:\/\/portaltela.pt\/\"],\"url\":\"https:\/\/portaltela.pt\/por\/367410592786\/\"}]}<\/script>\n<!-- \/ Yoast SEO plugin. -->","yoast_head_json":{"title":"Prote\u00e7\u00e3o Civil regista 95 ocorr\u00eancias at\u00e9 \u00e0s 4h de segunda, menos que no s\u00e1bado - Portal Tela Portugal","robots":{"index":"index","follow":"follow","max-snippet":"max-snippet:-1","max-image-preview":"max-image-preview:large","max-video-preview":"max-video-preview:-1"},"og_locale":"pt_PT","og_type":"article","og_title":"Prote\u00e7\u00e3o Civil regista 95 ocorr\u00eancias at\u00e9 \u00e0s 4h de segunda, menos que no s\u00e1bado - Portal Tela Portugal","og_description":"\u00c0s 4h de segunda-feira, a Prote\u00e7\u00e3o Civil registava 95 ocorr\u00eancias em Portugal continental, menos 50 do que no s\u00e1bado. As zonas mais afetadas foram o Centro (38 ocorr\u00eancias) e Lisboa e Vale do Tejo (37), com as sub-regi\u00f5es de M\u00e9dio-Tejo (21), Leiria (19), Lez\u00edria do Tejo (dez) e Coimbra (nove) a registarem mais casos. A queda de \u00e1rvores foi a tipologia mais comum (5.649 ocorr\u00eancias), seguida de inunda\u00e7\u00f5es (5.252) e quedas de estruturas (3.084). Participaram na resposta 64.636 operacionais, apoiados por 26.476 meios. Desde as 16h de 1 de Fevereiro, tinham sido registadas 19.066 ocorr\u00eancias; 16 pessoas morreram no \u00e2mbito das depress\u00f5es Kristin, Leonardo e Marta.","og_url":"https:\/\/portaltela.pt\/noticias\/2026\/02\/16\/protecao-civil-regista-95-ocorrencias-ate-as-4h-de-segunda-menos-que-no-sabado\/","og_site_name":"Portal Tela Portugal","article_published_time":"2026-02-16T07:53:00+00:00","author":"Telinha","twitter_card":"summary_large_image","twitter_misc":{"Escrito por":"Telinha","Tempo estimado de leitura":"2 minutos"},"schema":{"@context":"https:\/\/schema.org","@graph":[{"@type":"Article","@id":"https:\/\/portaltela.pt\/noticias\/2026\/02\/16\/protecao-civil-regista-95-ocorrencias-ate-as-4h-de-segunda-menos-que-no-sabado\/#article","isPartOf":{"@id":"https:\/\/portaltela.pt\/noticias\/2026\/02\/16\/protecao-civil-regista-95-ocorrencias-ate-as-4h-de-segunda-menos-que-no-sabado\/"},"author":{"name":"Telinha","@id":"https:\/\/portaltela.pt\/#\/schema\/person\/c4278d4a6028830caff9ee44b42d32ed"},"headline":"Prote\u00e7\u00e3o Civil regista 95 ocorr\u00eancias at\u00e9 \u00e0s 4h de segunda, menos que no s\u00e1bado","datePublished":"2026-02-16T07:53:00+00:00","mainEntityOfPage":{"@id":"https:\/\/portaltela.pt\/noticias\/2026\/02\/16\/protecao-civil-regista-95-ocorrencias-ate-as-4h-de-segunda-menos-que-no-sabado\/"},"wordCount":319,"image":{"@id":"https:\/\/portaltela.pt\/noticias\/2026\/02\/16\/protecao-civil-regista-95-ocorrencias-ate-as-4h-de-segunda-menos-que-no-sabado\/#primaryimage"},"thumbnailUrl":"https:\/\/portaltela.pt\/s.01k8rhncp4jt1\/2026\/02\/2067548.jpg","keywords":["Centro","inunda\u00e7\u00f5es","Leiria","Lisboa","Prote\u00e7\u00e3o Civil Municipal","quedas de \u00e1rvores"],"articleSection":["Not\u00edcias"],"inLanguage":"pt-PT"},{"@type":"WebPage","@id":"https:\/\/portaltela.pt\/noticias\/2026\/02\/16\/protecao-civil-regista-95-ocorrencias-ate-as-4h-de-segunda-menos-que-no-sabado\/","url":"https:\/\/portaltela.pt\/noticias\/2026\/02\/16\/protecao-civil-regista-95-ocorrencias-ate-as-4h-de-segunda-menos-que-no-sabado\/","name":"Prote\u00e7\u00e3o Civil regista 95 ocorr\u00eancias at\u00e9 \u00e0s 4h de segunda, menos que no s\u00e1bado - Portal Tela Portugal","isPartOf":{"@id":"https:\/\/portaltela.pt\/#website"},"primaryImageOfPage":{"@id":"https:\/\/portaltela.pt\/noticias\/2026\/02\/16\/protecao-civil-regista-95-ocorrencias-ate-as-4h-de-segunda-menos-que-no-sabado\/#primaryimage"},"image":{"@id":"https:\/\/portaltela.pt\/noticias\/2026\/02\/16\/protecao-civil-regista-95-ocorrencias-ate-as-4h-de-segunda-menos-que-no-sabado\/#primaryimage"},"thumbnailUrl":"https:\/\/portaltela.pt\/s.01k8rhncp4jt1\/2026\/02\/2067548.jpg","datePublished":"2026-02-16T07:53:00+00:00","author":{"@id":"https:\/\/portaltela.pt\/#\/schema\/person\/c4278d4a6028830caff9ee44b42d32ed"},"breadcrumb":{"@id":"https:\/\/portaltela.pt\/noticias\/2026\/02\/16\/protecao-civil-regista-95-ocorrencias-ate-as-4h-de-segunda-menos-que-no-sabado\/#breadcrumb"},"inLanguage":"pt-PT","potentialAction":[{"@type":"ReadAction","target":["https:\/\/portaltela.pt\/noticias\/2026\/02\/16\/protecao-civil-regista-95-ocorrencias-ate-as-4h-de-segunda-menos-que-no-sabado\/"]}]},{"@type":"ImageObject","inLanguage":"pt-PT","@id":"https:\/\/portaltela.pt\/noticias\/2026\/02\/16\/protecao-civil-regista-95-ocorrencias-ate-as-4h-de-segunda-menos-que-no-sabado\/#primaryimage","url":"https:\/\/portaltela.pt\/s.01k8rhncp4jt1\/2026\/02\/2067548.jpg","contentUrl":"https:\/\/portaltela.pt\/s.01k8rhncp4jt1\/2026\/02\/2067548.jpg","width":796,"height":448,"caption":"Desde as 16h do dia 1 de Fevereiro foram registadas um total de 19.066 ocorr\u00eancias"},{"@type":"BreadcrumbList","@id":"https:\/\/portaltela.pt\/noticias\/2026\/02\/16\/protecao-civil-regista-95-ocorrencias-ate-as-4h-de-segunda-menos-que-no-sabado\/#breadcrumb","itemListElement":[{"@type":"ListItem","position":1,"name":"In\u00edcio","item":"https:\/\/portaltela.pt\/"},{"@type":"ListItem","position":2,"name":"Prote\u00e7\u00e3o Civil regista 95 ocorr\u00eancias at\u00e9 \u00e0s 4h de segunda, menos que no s\u00e1bado"}]},{"@type":"WebSite","@id":"https:\/\/portaltela.pt\/#website","url":"https:\/\/portaltela.pt\/","name":"Portal Tela Portugal","description":"","potentialAction":[{"@type":"SearchAction","target":{"@type":"EntryPoint","urlTemplate":"https:\/\/portaltela.pt\/?s={search_term_string}"},"query-input":{"@type":"PropertyValueSpecification","valueRequired":true,"valueName":"search_term_string"}}],"inLanguage":"pt-PT"},{"@type":"Person","@id":"https:\/\/portaltela.pt\/#\/schema\/person\/c4278d4a6028830caff9ee44b42d32ed","name":"Telinha","image":{"@type":"ImageObject","inLanguage":"pt-PT","@id":"https:\/\/portaltela.pt\/s.01k8rhncp4jt1\/2025\/11\/talking-bot-125x125.png","url":"https:\/\/portaltela.pt\/s.01k8rhncp4jt1\/2025\/11\/talking-bot-125x125.png","contentUrl":"https:\/\/portaltela.pt\/s.01k8rhncp4jt1\/2025\/11\/talking-bot-125x125.png","caption":"Telinha"},"sameAs":["https:\/\/portaltela.pt\/"],"url":"https:\/\/portaltela.pt\/por\/367410592786\/"}]}},"_links":{"self":[{"href":"https:\/\/portaltela.pt\/api\/wp\/v2\/posts\/214088","targetHints":{"allow":["GET"]}}],"collection":[{"href":"https:\/\/portaltela.pt\/api\/wp\/v2\/posts"}],"about":[{"href":"https:\/\/portaltela.pt\/api\/wp\/v2\/types\/post"}],"author":[{"embeddable":true,"href":"https:\/\/portaltela.pt\/api\/wp\/v2\/users\/2"}],"replies":[{"embeddable":true,"href":"https:\/\/portaltela.pt\/api\/wp\/v2\/comments?post=214088"}],"version-history":[{"count":0,"href":"https:\/\/portaltela.pt\/api\/wp\/v2\/posts\/214088\/revisions"}],"wp:featuredmedia":[{"embeddable":true,"href":"https:\/\/portaltela.pt\/api\/wp\/v2\/media\/214091"}],"wp:attachment":[{"href":"https:\/\/portaltela.pt\/api\/wp\/v2\/media?parent=214088"}],"wp:term":[{"taxonomy":"category","embeddable":true,"href":"https:\/\/portaltela.pt\/api\/wp\/v2\/categories?post=214088"},{"taxonomy":"post_tag","embeddable":true,"href":"https:\/\/portaltela.pt\/api\/wp\/v2\/tags?post=214088"}],"curies":[{"name":"wp","href":"https:\/\/api.w.org\/{rel}","templated":true}]}}