{"id":214063,"date":"2026-02-16T04:34:00","date_gmt":"2026-02-16T07:34:00","guid":{"rendered":"https:\/\/portaltela.pt\/noticias\/2026\/02\/16\/chuva-mantem-se-ate-quinta-feira-sobretudo-no-norte-e-centro\/"},"modified":"2026-02-16T04:34:00","modified_gmt":"2026-02-16T07:34:00","slug":"chuva-mantem-se-ate-quinta-feira-sobretudo-no-norte-e-centro","status":"publish","type":"post","link":"https:\/\/portaltela.pt\/noticias\/2026\/02\/16\/chuva-mantem-se-ate-quinta-feira-sobretudo-no-norte-e-centro\/","title":{"rendered":"Chuva mant\u00e9m-se at\u00e9 quinta-feira, sobretudo no norte e centro"},"content":{"rendered":"<p>A chuva vai manter-se em Portugal continental at\u00e9 quinta-feira, com maior incid\u00eancia no norte e centro, segundo a meteorologista Cristina Sim\u00f5es, do IPMA, em consulta \u00e0 Lusa. A situa\u00e7\u00e3o n\u00e3o \u00e9 considerada grave, com precipita\u00e7\u00f5es discretas.<\/p>\n<p>As superf\u00edcies frontais devem continuar a afetar sobretudo norte e centro, enquanto o sul fica mais protegido pelo anticiclone pr\u00f3ximo ao continente, descreve a especialista. As previs\u00f5es apontam para precipita\u00e7\u00e3o dispersa ao longo destes dias.<\/p>\n<p>Na segunda-feira, s\u00e3o esperados per\u00edodos de chuva, com vento oeste fraco a moderado, por vezes forte nas zonas de altas terras.<\/p>\n<h3>Perspetiva para quarta-feira e quinta-feira<\/h3>\n<p>A passagem de uma frente de norte para sul deve chegar ao Alentejo com chuva fraca, mantendo-se mais intensa no Minho e Douro Litoral. Ao sul, a atividade tende a diminuir, com chuva mais fraca.<\/p>\n<p>A chuva e os aguaceiros devem manter-se at\u00e9 quinta-feira, com possibilidade de neve na Serra da Estrela em condi\u00e7\u00e3o de altitude superior.<\/p>\n<h3>Temperaturas e perspetivas para o fim de semana<\/h3>\n<p>Haver\u00e1 descida de temperaturas na quinta-feira, com as m\u00ednimas a atingir cerca de 3 graus Celsius na Guarda. O IPMA estima que a partir de sexta-feira j\u00e1 n\u00e3o haja precipita\u00e7\u00e3o, levando a um fim de semana com dias de sol.<\/p>\n","protected":false},"excerpt":{"rendered":"<ul>\n<li>A chuva mant\u00e9m-se em Portugal continental at\u00e9 quinta-feira, sobretudo no norte e centro, segundo a meteorologista Cristina Sim\u00f5es do Instituto Portugu\u00eas do Mar e da Atmosfera (IPMA).<\/li>\n<li>Para segunda-feira prev\u00eaem-se per\u00edodos de chuva, com vento oeste fraco a moderado, por vezes forte nas terras altas.<\/li>\n<li>Na quarta-feira chega ao Alentejo uma frente fria vinda de norte para sul, com chuva fraca no sul e Douro litoral, e chuva mais intensa no Minho; no sul vai perdendo atividade.<\/li>\n<li>A chuva e aguaceiros devem manter-se at\u00e9 quinta-feira, com possibilidade de neve na Serra da Estrela.<\/li>\n<li>As temperaturas descem na quinta-feira, com a m\u00ednima a chegar a tr\u00eas graus Celsius na Guarda, e prev\u00ea-se regi\u00e3o sul com menor precipita\u00e7\u00e3o; a partir de sexta-feira poder\u00e1 haver tempo est\u00e1vel e fim de chuva para o pr\u00f3ximo fim de semana.<\/li>\n<\/ul>\n","protected":false},"author":2,"featured_media":214064,"comment_status":"closed","ping_status":"closed","sticky":false,"template":"","format":"standard","meta":{"footnotes":""},"categories":[1],"tags":[1309,5329,5224,3968,2765,1658],"class_list":["post-214063","post","type-post","status-publish","format-standard","has-post-thumbnail","hentry","category-noticias","tag-centro","tag-chuva","tag-clima","tag-ipma","tag-norte","tag-serra-da-estrela"],"yoast_head":"<!-- This site is optimized with the Yoast SEO plugin v27.2 - https:\/\/yoast.com\/product\/yoast-seo-wordpress\/ -->\n<title>Chuva mant\u00e9m-se at\u00e9 quinta-feira, sobretudo no norte e centro - Portal Tela Portugal<\/title>\n<meta name=\"robots\" content=\"index, follow, max-snippet:-1, max-image-preview:large, max-video-preview:-1\" \/>\n<meta property=\"og:locale\" content=\"pt_PT\" \/>\n<meta property=\"og:type\" content=\"article\" \/>\n<meta property=\"og:title\" content=\"Chuva mant\u00e9m-se at\u00e9 quinta-feira, sobretudo no norte e centro - Portal Tela Portugal\" \/>\n<meta property=\"og:description\" content=\"A chuva mant\u00e9m-se em Portugal continental at\u00e9 quinta-feira, sobretudo no norte e centro, segundo a meteorologista Cristina Sim\u00f5es do Instituto Portugu\u00eas do Mar e da Atmosfera (IPMA). Para segunda-feira prev\u00eaem-se per\u00edodos de chuva, com vento oeste fraco a moderado, por vezes forte nas terras altas. Na quarta-feira chega ao Alentejo uma frente fria vinda de norte para sul, com chuva fraca no sul e Douro litoral, e chuva mais intensa no Minho; no sul vai perdendo atividade. A chuva e aguaceiros devem manter-se at\u00e9 quinta-feira, com possibilidade de neve na Serra da Estrela. As temperaturas descem na quinta-feira, com a m\u00ednima a chegar a tr\u00eas graus Celsius na Guarda, e prev\u00ea-se regi\u00e3o sul com menor precipita\u00e7\u00e3o; a partir de sexta-feira poder\u00e1 haver tempo est\u00e1vel e fim de chuva para o pr\u00f3ximo fim de semana.\" \/>\n<meta property=\"og:url\" content=\"https:\/\/portaltela.pt\/noticias\/2026\/02\/16\/chuva-mantem-se-ate-quinta-feira-sobretudo-no-norte-e-centro\/\" \/>\n<meta property=\"og:site_name\" content=\"Portal Tela Portugal\" \/>\n<meta property=\"article:published_time\" content=\"2026-02-16T07:34:00+00:00\" \/>\n<meta name=\"author\" content=\"Telinha\" \/>\n<meta name=\"twitter:card\" content=\"summary_large_image\" \/>\n<meta name=\"twitter:label1\" content=\"Escrito por\" \/>\n\t<meta name=\"twitter:data1\" content=\"Telinha\" \/>\n\t<meta name=\"twitter:label2\" content=\"Tempo estimado de leitura\" \/>\n\t<meta name=\"twitter:data2\" content=\"1 minuto\" \/>\n<script type=\"application\/ld+json\" class=\"yoast-schema-graph\">{\"@context\":\"https:\/\/schema.org\",\"@graph\":[{\"@type\":\"Article\",\"@id\":\"https:\/\/portaltela.pt\/noticias\/2026\/02\/16\/chuva-mantem-se-ate-quinta-feira-sobretudo-no-norte-e-centro\/#article\",\"isPartOf\":{\"@id\":\"https:\/\/portaltela.pt\/noticias\/2026\/02\/16\/chuva-mantem-se-ate-quinta-feira-sobretudo-no-norte-e-centro\/\"},\"author\":{\"name\":\"Telinha\",\"@id\":\"https:\/\/portaltela.pt\/#\/schema\/person\/c4278d4a6028830caff9ee44b42d32ed\"},\"headline\":\"Chuva mant\u00e9m-se at\u00e9 quinta-feira, sobretudo no norte e centro\",\"datePublished\":\"2026-02-16T07:34:00+00:00\",\"mainEntityOfPage\":{\"@id\":\"https:\/\/portaltela.pt\/noticias\/2026\/02\/16\/chuva-mantem-se-ate-quinta-feira-sobretudo-no-norte-e-centro\/\"},\"wordCount\":224,\"image\":{\"@id\":\"https:\/\/portaltela.pt\/noticias\/2026\/02\/16\/chuva-mantem-se-ate-quinta-feira-sobretudo-no-norte-e-centro\/#primaryimage\"},\"thumbnailUrl\":\"https:\/\/portaltela.pt\/s.01k8rhncp4jt1\/2026\/02\/img_1280x721uu2026-02-06-10-29-03-2265179-1.jpg\",\"keywords\":[\"Centro\",\"chuva\",\"clima\",\"IPMA\",\"Norte\",\"Serra da Estrela\"],\"articleSection\":[\"Not\u00edcias\"],\"inLanguage\":\"pt-PT\"},{\"@type\":\"WebPage\",\"@id\":\"https:\/\/portaltela.pt\/noticias\/2026\/02\/16\/chuva-mantem-se-ate-quinta-feira-sobretudo-no-norte-e-centro\/\",\"url\":\"https:\/\/portaltela.pt\/noticias\/2026\/02\/16\/chuva-mantem-se-ate-quinta-feira-sobretudo-no-norte-e-centro\/\",\"name\":\"Chuva mant\u00e9m-se at\u00e9 quinta-feira, sobretudo no norte e centro - Portal Tela Portugal\",\"isPartOf\":{\"@id\":\"https:\/\/portaltela.pt\/#website\"},\"primaryImageOfPage\":{\"@id\":\"https:\/\/portaltela.pt\/noticias\/2026\/02\/16\/chuva-mantem-se-ate-quinta-feira-sobretudo-no-norte-e-centro\/#primaryimage\"},\"image\":{\"@id\":\"https:\/\/portaltela.pt\/noticias\/2026\/02\/16\/chuva-mantem-se-ate-quinta-feira-sobretudo-no-norte-e-centro\/#primaryimage\"},\"thumbnailUrl\":\"https:\/\/portaltela.pt\/s.01k8rhncp4jt1\/2026\/02\/img_1280x721uu2026-02-06-10-29-03-2265179-1.jpg\",\"datePublished\":\"2026-02-16T07:34:00+00:00\",\"author\":{\"@id\":\"https:\/\/portaltela.pt\/#\/schema\/person\/c4278d4a6028830caff9ee44b42d32ed\"},\"breadcrumb\":{\"@id\":\"https:\/\/portaltela.pt\/noticias\/2026\/02\/16\/chuva-mantem-se-ate-quinta-feira-sobretudo-no-norte-e-centro\/#breadcrumb\"},\"inLanguage\":\"pt-PT\",\"potentialAction\":[{\"@type\":\"ReadAction\",\"target\":[\"https:\/\/portaltela.pt\/noticias\/2026\/02\/16\/chuva-mantem-se-ate-quinta-feira-sobretudo-no-norte-e-centro\/\"]}]},{\"@type\":\"ImageObject\",\"inLanguage\":\"pt-PT\",\"@id\":\"https:\/\/portaltela.pt\/noticias\/2026\/02\/16\/chuva-mantem-se-ate-quinta-feira-sobretudo-no-norte-e-centro\/#primaryimage\",\"url\":\"https:\/\/portaltela.pt\/s.01k8rhncp4jt1\/2026\/02\/img_1280x721uu2026-02-06-10-29-03-2265179-1.jpg\",\"contentUrl\":\"https:\/\/portaltela.pt\/s.01k8rhncp4jt1\/2026\/02\/img_1280x721uu2026-02-06-10-29-03-2265179-1.jpg\",\"width\":796,\"height\":448,\"caption\":\"V\u00e1rias zonas do pa\u00eds foram afetadas pelo mau tempo das \u00faltimas semanas\"},{\"@type\":\"BreadcrumbList\",\"@id\":\"https:\/\/portaltela.pt\/noticias\/2026\/02\/16\/chuva-mantem-se-ate-quinta-feira-sobretudo-no-norte-e-centro\/#breadcrumb\",\"itemListElement\":[{\"@type\":\"ListItem\",\"position\":1,\"name\":\"In\u00edcio\",\"item\":\"https:\/\/portaltela.pt\/\"},{\"@type\":\"ListItem\",\"position\":2,\"name\":\"Chuva mant\u00e9m-se at\u00e9 quinta-feira, sobretudo no norte e centro\"}]},{\"@type\":\"WebSite\",\"@id\":\"https:\/\/portaltela.pt\/#website\",\"url\":\"https:\/\/portaltela.pt\/\",\"name\":\"Portal Tela Portugal\",\"description\":\"\",\"potentialAction\":[{\"@type\":\"SearchAction\",\"target\":{\"@type\":\"EntryPoint\",\"urlTemplate\":\"https:\/\/portaltela.pt\/?s={search_term_string}\"},\"query-input\":{\"@type\":\"PropertyValueSpecification\",\"valueRequired\":true,\"valueName\":\"search_term_string\"}}],\"inLanguage\":\"pt-PT\"},{\"@type\":\"Person\",\"@id\":\"https:\/\/portaltela.pt\/#\/schema\/person\/c4278d4a6028830caff9ee44b42d32ed\",\"name\":\"Telinha\",\"image\":{\"@type\":\"ImageObject\",\"inLanguage\":\"pt-PT\",\"@id\":\"https:\/\/portaltela.pt\/s.01k8rhncp4jt1\/2025\/11\/talking-bot-125x125.png\",\"url\":\"https:\/\/portaltela.pt\/s.01k8rhncp4jt1\/2025\/11\/talking-bot-125x125.png\",\"contentUrl\":\"https:\/\/portaltela.pt\/s.01k8rhncp4jt1\/2025\/11\/talking-bot-125x125.png\",\"caption\":\"Telinha\"},\"sameAs\":[\"https:\/\/portaltela.pt\/\"],\"url\":\"https:\/\/portaltela.pt\/por\/367410592786\/\"}]}<\/script>\n<!-- \/ Yoast SEO plugin. -->","yoast_head_json":{"title":"Chuva mant\u00e9m-se at\u00e9 quinta-feira, sobretudo no norte e centro - Portal Tela Portugal","robots":{"index":"index","follow":"follow","max-snippet":"max-snippet:-1","max-image-preview":"max-image-preview:large","max-video-preview":"max-video-preview:-1"},"og_locale":"pt_PT","og_type":"article","og_title":"Chuva mant\u00e9m-se at\u00e9 quinta-feira, sobretudo no norte e centro - Portal Tela Portugal","og_description":"A chuva mant\u00e9m-se em Portugal continental at\u00e9 quinta-feira, sobretudo no norte e centro, segundo a meteorologista Cristina Sim\u00f5es do Instituto Portugu\u00eas do Mar e da Atmosfera (IPMA). Para segunda-feira prev\u00eaem-se per\u00edodos de chuva, com vento oeste fraco a moderado, por vezes forte nas terras altas. Na quarta-feira chega ao Alentejo uma frente fria vinda de norte para sul, com chuva fraca no sul e Douro litoral, e chuva mais intensa no Minho; no sul vai perdendo atividade. A chuva e aguaceiros devem manter-se at\u00e9 quinta-feira, com possibilidade de neve na Serra da Estrela. As temperaturas descem na quinta-feira, com a m\u00ednima a chegar a tr\u00eas graus Celsius na Guarda, e prev\u00ea-se regi\u00e3o sul com menor precipita\u00e7\u00e3o; a partir de sexta-feira poder\u00e1 haver tempo est\u00e1vel e fim de chuva para o pr\u00f3ximo fim de semana.","og_url":"https:\/\/portaltela.pt\/noticias\/2026\/02\/16\/chuva-mantem-se-ate-quinta-feira-sobretudo-no-norte-e-centro\/","og_site_name":"Portal Tela Portugal","article_published_time":"2026-02-16T07:34:00+00:00","author":"Telinha","twitter_card":"summary_large_image","twitter_misc":{"Escrito por":"Telinha","Tempo estimado de leitura":"1 minuto"},"schema":{"@context":"https:\/\/schema.org","@graph":[{"@type":"Article","@id":"https:\/\/portaltela.pt\/noticias\/2026\/02\/16\/chuva-mantem-se-ate-quinta-feira-sobretudo-no-norte-e-centro\/#article","isPartOf":{"@id":"https:\/\/portaltela.pt\/noticias\/2026\/02\/16\/chuva-mantem-se-ate-quinta-feira-sobretudo-no-norte-e-centro\/"},"author":{"name":"Telinha","@id":"https:\/\/portaltela.pt\/#\/schema\/person\/c4278d4a6028830caff9ee44b42d32ed"},"headline":"Chuva mant\u00e9m-se at\u00e9 quinta-feira, sobretudo no norte e centro","datePublished":"2026-02-16T07:34:00+00:00","mainEntityOfPage":{"@id":"https:\/\/portaltela.pt\/noticias\/2026\/02\/16\/chuva-mantem-se-ate-quinta-feira-sobretudo-no-norte-e-centro\/"},"wordCount":224,"image":{"@id":"https:\/\/portaltela.pt\/noticias\/2026\/02\/16\/chuva-mantem-se-ate-quinta-feira-sobretudo-no-norte-e-centro\/#primaryimage"},"thumbnailUrl":"https:\/\/portaltela.pt\/s.01k8rhncp4jt1\/2026\/02\/img_1280x721uu2026-02-06-10-29-03-2265179-1.jpg","keywords":["Centro","chuva","clima","IPMA","Norte","Serra da Estrela"],"articleSection":["Not\u00edcias"],"inLanguage":"pt-PT"},{"@type":"WebPage","@id":"https:\/\/portaltela.pt\/noticias\/2026\/02\/16\/chuva-mantem-se-ate-quinta-feira-sobretudo-no-norte-e-centro\/","url":"https:\/\/portaltela.pt\/noticias\/2026\/02\/16\/chuva-mantem-se-ate-quinta-feira-sobretudo-no-norte-e-centro\/","name":"Chuva mant\u00e9m-se at\u00e9 quinta-feira, sobretudo no norte e centro - Portal Tela Portugal","isPartOf":{"@id":"https:\/\/portaltela.pt\/#website"},"primaryImageOfPage":{"@id":"https:\/\/portaltela.pt\/noticias\/2026\/02\/16\/chuva-mantem-se-ate-quinta-feira-sobretudo-no-norte-e-centro\/#primaryimage"},"image":{"@id":"https:\/\/portaltela.pt\/noticias\/2026\/02\/16\/chuva-mantem-se-ate-quinta-feira-sobretudo-no-norte-e-centro\/#primaryimage"},"thumbnailUrl":"https:\/\/portaltela.pt\/s.01k8rhncp4jt1\/2026\/02\/img_1280x721uu2026-02-06-10-29-03-2265179-1.jpg","datePublished":"2026-02-16T07:34:00+00:00","author":{"@id":"https:\/\/portaltela.pt\/#\/schema\/person\/c4278d4a6028830caff9ee44b42d32ed"},"breadcrumb":{"@id":"https:\/\/portaltela.pt\/noticias\/2026\/02\/16\/chuva-mantem-se-ate-quinta-feira-sobretudo-no-norte-e-centro\/#breadcrumb"},"inLanguage":"pt-PT","potentialAction":[{"@type":"ReadAction","target":["https:\/\/portaltela.pt\/noticias\/2026\/02\/16\/chuva-mantem-se-ate-quinta-feira-sobretudo-no-norte-e-centro\/"]}]},{"@type":"ImageObject","inLanguage":"pt-PT","@id":"https:\/\/portaltela.pt\/noticias\/2026\/02\/16\/chuva-mantem-se-ate-quinta-feira-sobretudo-no-norte-e-centro\/#primaryimage","url":"https:\/\/portaltela.pt\/s.01k8rhncp4jt1\/2026\/02\/img_1280x721uu2026-02-06-10-29-03-2265179-1.jpg","contentUrl":"https:\/\/portaltela.pt\/s.01k8rhncp4jt1\/2026\/02\/img_1280x721uu2026-02-06-10-29-03-2265179-1.jpg","width":796,"height":448,"caption":"V\u00e1rias zonas do pa\u00eds foram afetadas pelo mau tempo das \u00faltimas semanas"},{"@type":"BreadcrumbList","@id":"https:\/\/portaltela.pt\/noticias\/2026\/02\/16\/chuva-mantem-se-ate-quinta-feira-sobretudo-no-norte-e-centro\/#breadcrumb","itemListElement":[{"@type":"ListItem","position":1,"name":"In\u00edcio","item":"https:\/\/portaltela.pt\/"},{"@type":"ListItem","position":2,"name":"Chuva mant\u00e9m-se at\u00e9 quinta-feira, sobretudo no norte e centro"}]},{"@type":"WebSite","@id":"https:\/\/portaltela.pt\/#website","url":"https:\/\/portaltela.pt\/","name":"Portal Tela Portugal","description":"","potentialAction":[{"@type":"SearchAction","target":{"@type":"EntryPoint","urlTemplate":"https:\/\/portaltela.pt\/?s={search_term_string}"},"query-input":{"@type":"PropertyValueSpecification","valueRequired":true,"valueName":"search_term_string"}}],"inLanguage":"pt-PT"},{"@type":"Person","@id":"https:\/\/portaltela.pt\/#\/schema\/person\/c4278d4a6028830caff9ee44b42d32ed","name":"Telinha","image":{"@type":"ImageObject","inLanguage":"pt-PT","@id":"https:\/\/portaltela.pt\/s.01k8rhncp4jt1\/2025\/11\/talking-bot-125x125.png","url":"https:\/\/portaltela.pt\/s.01k8rhncp4jt1\/2025\/11\/talking-bot-125x125.png","contentUrl":"https:\/\/portaltela.pt\/s.01k8rhncp4jt1\/2025\/11\/talking-bot-125x125.png","caption":"Telinha"},"sameAs":["https:\/\/portaltela.pt\/"],"url":"https:\/\/portaltela.pt\/por\/367410592786\/"}]}},"_links":{"self":[{"href":"https:\/\/portaltela.pt\/api\/wp\/v2\/posts\/214063","targetHints":{"allow":["GET"]}}],"collection":[{"href":"https:\/\/portaltela.pt\/api\/wp\/v2\/posts"}],"about":[{"href":"https:\/\/portaltela.pt\/api\/wp\/v2\/types\/post"}],"author":[{"embeddable":true,"href":"https:\/\/portaltela.pt\/api\/wp\/v2\/users\/2"}],"replies":[{"embeddable":true,"href":"https:\/\/portaltela.pt\/api\/wp\/v2\/comments?post=214063"}],"version-history":[{"count":0,"href":"https:\/\/portaltela.pt\/api\/wp\/v2\/posts\/214063\/revisions"}],"wp:featuredmedia":[{"embeddable":true,"href":"https:\/\/portaltela.pt\/api\/wp\/v2\/media\/214064"}],"wp:attachment":[{"href":"https:\/\/portaltela.pt\/api\/wp\/v2\/media?parent=214063"}],"wp:term":[{"taxonomy":"category","embeddable":true,"href":"https:\/\/portaltela.pt\/api\/wp\/v2\/categories?post=214063"},{"taxonomy":"post_tag","embeddable":true,"href":"https:\/\/portaltela.pt\/api\/wp\/v2\/tags?post=214063"}],"curies":[{"name":"wp","href":"https:\/\/api.w.org\/{rel}","templated":true}]}}