{"id":214060,"date":"2026-02-16T04:47:00","date_gmt":"2026-02-16T07:47:00","guid":{"rendered":"https:\/\/portaltela.pt\/noticias\/2026\/02\/16\/finlandia-alerta-que-a-russia-reforca-meios-nucleares-junto-a-fronteira\/"},"modified":"2026-02-16T04:47:00","modified_gmt":"2026-02-16T07:47:00","slug":"finlandia-alerta-que-a-russia-reforca-meios-nucleares-junto-a-fronteira","status":"publish","type":"post","link":"https:\/\/portaltela.pt\/noticias\/2026\/02\/16\/finlandia-alerta-que-a-russia-reforca-meios-nucleares-junto-a-fronteira\/","title":{"rendered":"Finl\u00e2ndia alerta que a R\u00fassia refor\u00e7a meios nucleares junto \u00e0 fronteira"},"content":{"rendered":"<p>O ministro da Defesa da Finl\u00e2ndia informou \u00e0 Euronews que a R\u00fassia est\u00e1 a refor\u00e7ar recursos estrat\u00e9gicos no \u00c1rtico e a construir novas instala\u00e7\u00f5es ao longo da fronteira com a Finl\u00e2ndia. A entrevista ocorreu \u00e0 margem da Confer\u00eancia de Seguran\u00e7a de Munique.<\/p>\n<p>H\u00e4kk\u00e4nen afirmou que a \u00e1rea da Pen\u00ednsula de Kola concentra a maior parte do arsenal nuclear estrat\u00e9gico russo, incluindo submarinos e bombardeiros de longo alcance. O ministro destacou que o aumento de capacidades no \u00c1rtico exige vigil\u00e2ncia refor\u00e7ada.<\/p>\n<p>A Finl\u00e2ndia, que aderiu \u00e0 NATO ap\u00f3s a invas\u00e3o da Ucr\u00e2nia, acompanha de perto a renova\u00e7\u00e3o da defesa no Extremo Norte. O ministro referiu o lan\u00e7amento da iniciativa de vigil\u00e2ncia Sentinela do \u00c1rtico e ressaltou que a seguran\u00e7a regional devia ter sido prioridade h\u00e1 anos.<\/p>\n<h3>Investimento e reforma<\/h3>\n<p>A Finl\u00e2ndia participa de um programa de defesa da UE envolvendo financiamento de empr\u00e9stimo, aprovado pela Comiss\u00e3o Europeia. O montante total \u00e9 de 150 mil milh\u00f5es de euros, com uma parte significativa destinado \u00e0s for\u00e7as terrestres para adquirir ve\u00edculos blindados e drones.<\/p>\n<p>H\u00e4kk\u00e4nen indicou que, no ano passado, Hels\u00ednquia iniciou um amplo plano de reforma da defesa terrestre, at\u00e9 2035, com foco em capacidade de ataque, moderniza\u00e7\u00e3o de infraestruturas e desenvolvimento de sistemas n\u00e3o tripulados.<\/p>\n<h3>Rela\u00e7\u00e3o EUA-UE e dissuas\u00e3o nuclear<\/h3>\n<p>O ministro sublinhou que a Uni\u00e3o Europeia est\u00e1 a aprender com a guerra na Ucr\u00e2nia e a refor\u00e7ar a defesa pr\u00f3pria, mantendo os EUA como pilar essencial a curto prazo. Atrav\u00e9s do artigo 5\u00ba, os EUA continuam vistos como garantia da dissuas\u00e3o na regi\u00e3o.<\/p>\n<p>Quanto \u00e0 dissuas\u00e3o nuclear europeia, H\u00e4kk\u00e4nen disse que \u00e9 bem-vinda, mas n\u00e3o pode substituir a NATO. A Fran\u00e7a e o Reino Unido mostraram interesse em ampliar capacidades nucleares na Europa, mas o ministro afastou essa ideia como solu\u00e7\u00e3o \u00fanica.<\/p>\n<h3>Contexto regional<\/h3>\n<p>A regi\u00e3o \u00e1rtica \u00e9 apresentada pelo ministro como fundamental para a estabilidade europeia. A Finl\u00e2ndia, que mantinha posi\u00e7\u00f5es de neutralidade antes da ades\u00e3o \u00e0 NATO, refor\u00e7a a coopera\u00e7\u00e3o com aliados para proteger a regi\u00e3o fronteiri\u00e7a, sem descurar a compreens\u00e3o dos riscos estrat\u00e9gicos.<\/p>\n","protected":false},"excerpt":{"rendered":"<ul>\n<li>O ministro da Defesa da Finl\u00e2ndia, Antti H\u00e4kk\u00e4nen, afirma que a R\u00fassia est\u00e1 a refor\u00e7ar meios estrat\u00e9gicos nucleares no \u00c1rtico e a construir novas instala\u00e7\u00f5es ao longo da fronteira com a Finl\u00e2ndia.<\/li>\n<li>A \u00e1rea da Pen\u00ednsula de Kola alberga a maior parte do arsenal estrat\u00e9gico russo, incluindo submarinos e meios a\u00e9reos de longo alcance.<\/li>\n<li>H\u00e4kk\u00e4nen destacou a renova\u00e7\u00e3o do planeamento de defesa da NATO no Extremo Norte e elogiou a vigil\u00e2ncia refor\u00e7ada \u201cSentinela do \u00c1rtico\u201d, sublinhando a import\u00e2ncia da regi\u00e3o para a defesa europeia.<\/li>\n<li>A Finl\u00e2ndia, como outros 18 Estados-membros da Uni\u00e3o Europeia, pediu financiamento ao abrigo do programa de defesa por empr\u00e9stimo, no valor de mil milh\u00f5es de euros; o obrigat\u00f3rio foi aprovado pela Comiss\u00e3o e aguarda aprova\u00e7\u00e3o final.<\/li>\n<li>O ministro disse que, a curto prazo, \u00e9 fundamental manter os EUA como base da dissuas\u00e3o europeia, mas que, a longo prazo, os europeus devem desenvolver capacidades pr\u00f3prias e fortes, incluindo coopera\u00e7\u00e3o nuclear com Fran\u00e7a e Reino Unido.<\/li>\n<\/ul>\n","protected":false},"author":2,"featured_media":214062,"comment_status":"closed","ping_status":"closed","sticky":false,"template":"","format":"standard","meta":{"footnotes":""},"categories":[1],"tags":[2198,256,2336,3484,1779,5530],"class_list":["post-214060","post","type-post","status-publish","format-standard","has-post-thumbnail","hentry","category-noticias","tag-conflitos-internacionais","tag-cooperacao-internacional","tag-defesa-nacional","tag-finlandia","tag-forcas-armadas","tag-investimentos-internacionais"],"yoast_head":"<!-- This site is optimized with the Yoast SEO plugin v27.2 - https:\/\/yoast.com\/product\/yoast-seo-wordpress\/ -->\n<title>Finl\u00e2ndia alerta que a R\u00fassia refor\u00e7a meios nucleares junto \u00e0 fronteira - Portal Tela Portugal<\/title>\n<meta name=\"robots\" content=\"index, follow, max-snippet:-1, max-image-preview:large, max-video-preview:-1\" \/>\n<meta property=\"og:locale\" content=\"pt_PT\" \/>\n<meta property=\"og:type\" content=\"article\" \/>\n<meta property=\"og:title\" content=\"Finl\u00e2ndia alerta que a R\u00fassia refor\u00e7a meios nucleares junto \u00e0 fronteira - Portal Tela Portugal\" \/>\n<meta property=\"og:description\" content=\"O ministro da Defesa da Finl\u00e2ndia, Antti H\u00e4kk\u00e4nen, afirma que a R\u00fassia est\u00e1 a refor\u00e7ar meios estrat\u00e9gicos nucleares no \u00c1rtico e a construir novas instala\u00e7\u00f5es ao longo da fronteira com a Finl\u00e2ndia. A \u00e1rea da Pen\u00ednsula de Kola alberga a maior parte do arsenal estrat\u00e9gico russo, incluindo submarinos e meios a\u00e9reos de longo alcance. H\u00e4kk\u00e4nen destacou a renova\u00e7\u00e3o do planeamento de defesa da NATO no Extremo Norte e elogiou a vigil\u00e2ncia refor\u00e7ada \u201cSentinela do \u00c1rtico\u201d, sublinhando a import\u00e2ncia da regi\u00e3o para a defesa europeia. A Finl\u00e2ndia, como outros 18 Estados-membros da Uni\u00e3o Europeia, pediu financiamento ao abrigo do programa de defesa por empr\u00e9stimo, no valor de mil milh\u00f5es de euros; o obrigat\u00f3rio foi aprovado pela Comiss\u00e3o e aguarda aprova\u00e7\u00e3o final. O ministro disse que, a curto prazo, \u00e9 fundamental manter os EUA como base da dissuas\u00e3o europeia, mas que, a longo prazo, os europeus devem desenvolver capacidades pr\u00f3prias e fortes, incluindo coopera\u00e7\u00e3o nuclear com Fran\u00e7a e Reino Unido.\" \/>\n<meta property=\"og:url\" content=\"https:\/\/portaltela.pt\/noticias\/2026\/02\/16\/finlandia-alerta-que-a-russia-reforca-meios-nucleares-junto-a-fronteira\/\" \/>\n<meta property=\"og:site_name\" content=\"Portal Tela Portugal\" \/>\n<meta property=\"article:published_time\" content=\"2026-02-16T07:47:00+00:00\" \/>\n<meta name=\"author\" content=\"Telinha\" \/>\n<meta name=\"twitter:card\" content=\"summary_large_image\" \/>\n<meta name=\"twitter:label1\" content=\"Escrito por\" \/>\n\t<meta name=\"twitter:data1\" content=\"Telinha\" \/>\n\t<meta name=\"twitter:label2\" content=\"Tempo estimado de leitura\" \/>\n\t<meta name=\"twitter:data2\" content=\"2 minutos\" \/>\n<script type=\"application\/ld+json\" class=\"yoast-schema-graph\">{\"@context\":\"https:\/\/schema.org\",\"@graph\":[{\"@type\":\"Article\",\"@id\":\"https:\/\/portaltela.pt\/noticias\/2026\/02\/16\/finlandia-alerta-que-a-russia-reforca-meios-nucleares-junto-a-fronteira\/#article\",\"isPartOf\":{\"@id\":\"https:\/\/portaltela.pt\/noticias\/2026\/02\/16\/finlandia-alerta-que-a-russia-reforca-meios-nucleares-junto-a-fronteira\/\"},\"author\":{\"name\":\"Telinha\",\"@id\":\"https:\/\/portaltela.pt\/#\/schema\/person\/c4278d4a6028830caff9ee44b42d32ed\"},\"headline\":\"Finl\u00e2ndia alerta que a R\u00fassia refor\u00e7a meios nucleares junto \u00e0 fronteira\",\"datePublished\":\"2026-02-16T07:47:00+00:00\",\"mainEntityOfPage\":{\"@id\":\"https:\/\/portaltela.pt\/noticias\/2026\/02\/16\/finlandia-alerta-que-a-russia-reforca-meios-nucleares-junto-a-fronteira\/\"},\"wordCount\":395,\"image\":{\"@id\":\"https:\/\/portaltela.pt\/noticias\/2026\/02\/16\/finlandia-alerta-que-a-russia-reforca-meios-nucleares-junto-a-fronteira\/#primaryimage\"},\"thumbnailUrl\":\"https:\/\/portaltela.pt\/s.01k8rhncp4jt1\/2026\/02\/1536x864_cmsv2_f60ac634-a142-51e7-8d34-f9aad281062f-9651884.jpg\",\"keywords\":[\"conflitos internacionais\",\"coopera\u00e7\u00e3o internacional\",\"Defesa Nacional\",\"Finl\u00e2ndia\",\"For\u00e7as Armadas\",\"investimentos internacionais\"],\"articleSection\":[\"Not\u00edcias\"],\"inLanguage\":\"pt-PT\"},{\"@type\":\"WebPage\",\"@id\":\"https:\/\/portaltela.pt\/noticias\/2026\/02\/16\/finlandia-alerta-que-a-russia-reforca-meios-nucleares-junto-a-fronteira\/\",\"url\":\"https:\/\/portaltela.pt\/noticias\/2026\/02\/16\/finlandia-alerta-que-a-russia-reforca-meios-nucleares-junto-a-fronteira\/\",\"name\":\"Finl\u00e2ndia alerta que a R\u00fassia refor\u00e7a meios nucleares junto \u00e0 fronteira - Portal Tela Portugal\",\"isPartOf\":{\"@id\":\"https:\/\/portaltela.pt\/#website\"},\"primaryImageOfPage\":{\"@id\":\"https:\/\/portaltela.pt\/noticias\/2026\/02\/16\/finlandia-alerta-que-a-russia-reforca-meios-nucleares-junto-a-fronteira\/#primaryimage\"},\"image\":{\"@id\":\"https:\/\/portaltela.pt\/noticias\/2026\/02\/16\/finlandia-alerta-que-a-russia-reforca-meios-nucleares-junto-a-fronteira\/#primaryimage\"},\"thumbnailUrl\":\"https:\/\/portaltela.pt\/s.01k8rhncp4jt1\/2026\/02\/1536x864_cmsv2_f60ac634-a142-51e7-8d34-f9aad281062f-9651884.jpg\",\"datePublished\":\"2026-02-16T07:47:00+00:00\",\"author\":{\"@id\":\"https:\/\/portaltela.pt\/#\/schema\/person\/c4278d4a6028830caff9ee44b42d32ed\"},\"breadcrumb\":{\"@id\":\"https:\/\/portaltela.pt\/noticias\/2026\/02\/16\/finlandia-alerta-que-a-russia-reforca-meios-nucleares-junto-a-fronteira\/#breadcrumb\"},\"inLanguage\":\"pt-PT\",\"potentialAction\":[{\"@type\":\"ReadAction\",\"target\":[\"https:\/\/portaltela.pt\/noticias\/2026\/02\/16\/finlandia-alerta-que-a-russia-reforca-meios-nucleares-junto-a-fronteira\/\"]}]},{\"@type\":\"ImageObject\",\"inLanguage\":\"pt-PT\",\"@id\":\"https:\/\/portaltela.pt\/noticias\/2026\/02\/16\/finlandia-alerta-que-a-russia-reforca-meios-nucleares-junto-a-fronteira\/#primaryimage\",\"url\":\"https:\/\/portaltela.pt\/s.01k8rhncp4jt1\/2026\/02\/1536x864_cmsv2_f60ac634-a142-51e7-8d34-f9aad281062f-9651884.jpg\",\"contentUrl\":\"https:\/\/portaltela.pt\/s.01k8rhncp4jt1\/2026\/02\/1536x864_cmsv2_f60ac634-a142-51e7-8d34-f9aad281062f-9651884.jpg\",\"width\":796,\"height\":448,\"caption\":\"O ministro da Defesa finland\u00eas, Antti H\u00e4kk\u00e4nen, numa cimeira dos pa\u00edses da NATO do Mar B\u00e1ltico em Hels\u00ednquia, Finl\u00e2ndia, 14 de janeiro de 2025\"},{\"@type\":\"BreadcrumbList\",\"@id\":\"https:\/\/portaltela.pt\/noticias\/2026\/02\/16\/finlandia-alerta-que-a-russia-reforca-meios-nucleares-junto-a-fronteira\/#breadcrumb\",\"itemListElement\":[{\"@type\":\"ListItem\",\"position\":1,\"name\":\"In\u00edcio\",\"item\":\"https:\/\/portaltela.pt\/\"},{\"@type\":\"ListItem\",\"position\":2,\"name\":\"Finl\u00e2ndia alerta que a R\u00fassia refor\u00e7a meios nucleares junto \u00e0 fronteira\"}]},{\"@type\":\"WebSite\",\"@id\":\"https:\/\/portaltela.pt\/#website\",\"url\":\"https:\/\/portaltela.pt\/\",\"name\":\"Portal Tela Portugal\",\"description\":\"\",\"potentialAction\":[{\"@type\":\"SearchAction\",\"target\":{\"@type\":\"EntryPoint\",\"urlTemplate\":\"https:\/\/portaltela.pt\/?s={search_term_string}\"},\"query-input\":{\"@type\":\"PropertyValueSpecification\",\"valueRequired\":true,\"valueName\":\"search_term_string\"}}],\"inLanguage\":\"pt-PT\"},{\"@type\":\"Person\",\"@id\":\"https:\/\/portaltela.pt\/#\/schema\/person\/c4278d4a6028830caff9ee44b42d32ed\",\"name\":\"Telinha\",\"image\":{\"@type\":\"ImageObject\",\"inLanguage\":\"pt-PT\",\"@id\":\"https:\/\/portaltela.pt\/s.01k8rhncp4jt1\/2025\/11\/talking-bot-125x125.png\",\"url\":\"https:\/\/portaltela.pt\/s.01k8rhncp4jt1\/2025\/11\/talking-bot-125x125.png\",\"contentUrl\":\"https:\/\/portaltela.pt\/s.01k8rhncp4jt1\/2025\/11\/talking-bot-125x125.png\",\"caption\":\"Telinha\"},\"sameAs\":[\"https:\/\/portaltela.pt\/\"],\"url\":\"https:\/\/portaltela.pt\/por\/367410592786\/\"}]}<\/script>\n<!-- \/ Yoast SEO plugin. -->","yoast_head_json":{"title":"Finl\u00e2ndia alerta que a R\u00fassia refor\u00e7a meios nucleares junto \u00e0 fronteira - Portal Tela Portugal","robots":{"index":"index","follow":"follow","max-snippet":"max-snippet:-1","max-image-preview":"max-image-preview:large","max-video-preview":"max-video-preview:-1"},"og_locale":"pt_PT","og_type":"article","og_title":"Finl\u00e2ndia alerta que a R\u00fassia refor\u00e7a meios nucleares junto \u00e0 fronteira - Portal Tela Portugal","og_description":"O ministro da Defesa da Finl\u00e2ndia, Antti H\u00e4kk\u00e4nen, afirma que a R\u00fassia est\u00e1 a refor\u00e7ar meios estrat\u00e9gicos nucleares no \u00c1rtico e a construir novas instala\u00e7\u00f5es ao longo da fronteira com a Finl\u00e2ndia. A \u00e1rea da Pen\u00ednsula de Kola alberga a maior parte do arsenal estrat\u00e9gico russo, incluindo submarinos e meios a\u00e9reos de longo alcance. H\u00e4kk\u00e4nen destacou a renova\u00e7\u00e3o do planeamento de defesa da NATO no Extremo Norte e elogiou a vigil\u00e2ncia refor\u00e7ada \u201cSentinela do \u00c1rtico\u201d, sublinhando a import\u00e2ncia da regi\u00e3o para a defesa europeia. A Finl\u00e2ndia, como outros 18 Estados-membros da Uni\u00e3o Europeia, pediu financiamento ao abrigo do programa de defesa por empr\u00e9stimo, no valor de mil milh\u00f5es de euros; o obrigat\u00f3rio foi aprovado pela Comiss\u00e3o e aguarda aprova\u00e7\u00e3o final. O ministro disse que, a curto prazo, \u00e9 fundamental manter os EUA como base da dissuas\u00e3o europeia, mas que, a longo prazo, os europeus devem desenvolver capacidades pr\u00f3prias e fortes, incluindo coopera\u00e7\u00e3o nuclear com Fran\u00e7a e Reino Unido.","og_url":"https:\/\/portaltela.pt\/noticias\/2026\/02\/16\/finlandia-alerta-que-a-russia-reforca-meios-nucleares-junto-a-fronteira\/","og_site_name":"Portal Tela Portugal","article_published_time":"2026-02-16T07:47:00+00:00","author":"Telinha","twitter_card":"summary_large_image","twitter_misc":{"Escrito por":"Telinha","Tempo estimado de leitura":"2 minutos"},"schema":{"@context":"https:\/\/schema.org","@graph":[{"@type":"Article","@id":"https:\/\/portaltela.pt\/noticias\/2026\/02\/16\/finlandia-alerta-que-a-russia-reforca-meios-nucleares-junto-a-fronteira\/#article","isPartOf":{"@id":"https:\/\/portaltela.pt\/noticias\/2026\/02\/16\/finlandia-alerta-que-a-russia-reforca-meios-nucleares-junto-a-fronteira\/"},"author":{"name":"Telinha","@id":"https:\/\/portaltela.pt\/#\/schema\/person\/c4278d4a6028830caff9ee44b42d32ed"},"headline":"Finl\u00e2ndia alerta que a R\u00fassia refor\u00e7a meios nucleares junto \u00e0 fronteira","datePublished":"2026-02-16T07:47:00+00:00","mainEntityOfPage":{"@id":"https:\/\/portaltela.pt\/noticias\/2026\/02\/16\/finlandia-alerta-que-a-russia-reforca-meios-nucleares-junto-a-fronteira\/"},"wordCount":395,"image":{"@id":"https:\/\/portaltela.pt\/noticias\/2026\/02\/16\/finlandia-alerta-que-a-russia-reforca-meios-nucleares-junto-a-fronteira\/#primaryimage"},"thumbnailUrl":"https:\/\/portaltela.pt\/s.01k8rhncp4jt1\/2026\/02\/1536x864_cmsv2_f60ac634-a142-51e7-8d34-f9aad281062f-9651884.jpg","keywords":["conflitos internacionais","coopera\u00e7\u00e3o internacional","Defesa Nacional","Finl\u00e2ndia","For\u00e7as Armadas","investimentos internacionais"],"articleSection":["Not\u00edcias"],"inLanguage":"pt-PT"},{"@type":"WebPage","@id":"https:\/\/portaltela.pt\/noticias\/2026\/02\/16\/finlandia-alerta-que-a-russia-reforca-meios-nucleares-junto-a-fronteira\/","url":"https:\/\/portaltela.pt\/noticias\/2026\/02\/16\/finlandia-alerta-que-a-russia-reforca-meios-nucleares-junto-a-fronteira\/","name":"Finl\u00e2ndia alerta que a R\u00fassia refor\u00e7a meios nucleares junto \u00e0 fronteira - Portal Tela Portugal","isPartOf":{"@id":"https:\/\/portaltela.pt\/#website"},"primaryImageOfPage":{"@id":"https:\/\/portaltela.pt\/noticias\/2026\/02\/16\/finlandia-alerta-que-a-russia-reforca-meios-nucleares-junto-a-fronteira\/#primaryimage"},"image":{"@id":"https:\/\/portaltela.pt\/noticias\/2026\/02\/16\/finlandia-alerta-que-a-russia-reforca-meios-nucleares-junto-a-fronteira\/#primaryimage"},"thumbnailUrl":"https:\/\/portaltela.pt\/s.01k8rhncp4jt1\/2026\/02\/1536x864_cmsv2_f60ac634-a142-51e7-8d34-f9aad281062f-9651884.jpg","datePublished":"2026-02-16T07:47:00+00:00","author":{"@id":"https:\/\/portaltela.pt\/#\/schema\/person\/c4278d4a6028830caff9ee44b42d32ed"},"breadcrumb":{"@id":"https:\/\/portaltela.pt\/noticias\/2026\/02\/16\/finlandia-alerta-que-a-russia-reforca-meios-nucleares-junto-a-fronteira\/#breadcrumb"},"inLanguage":"pt-PT","potentialAction":[{"@type":"ReadAction","target":["https:\/\/portaltela.pt\/noticias\/2026\/02\/16\/finlandia-alerta-que-a-russia-reforca-meios-nucleares-junto-a-fronteira\/"]}]},{"@type":"ImageObject","inLanguage":"pt-PT","@id":"https:\/\/portaltela.pt\/noticias\/2026\/02\/16\/finlandia-alerta-que-a-russia-reforca-meios-nucleares-junto-a-fronteira\/#primaryimage","url":"https:\/\/portaltela.pt\/s.01k8rhncp4jt1\/2026\/02\/1536x864_cmsv2_f60ac634-a142-51e7-8d34-f9aad281062f-9651884.jpg","contentUrl":"https:\/\/portaltela.pt\/s.01k8rhncp4jt1\/2026\/02\/1536x864_cmsv2_f60ac634-a142-51e7-8d34-f9aad281062f-9651884.jpg","width":796,"height":448,"caption":"O ministro da Defesa finland\u00eas, Antti H\u00e4kk\u00e4nen, numa cimeira dos pa\u00edses da NATO do Mar B\u00e1ltico em Hels\u00ednquia, Finl\u00e2ndia, 14 de janeiro de 2025"},{"@type":"BreadcrumbList","@id":"https:\/\/portaltela.pt\/noticias\/2026\/02\/16\/finlandia-alerta-que-a-russia-reforca-meios-nucleares-junto-a-fronteira\/#breadcrumb","itemListElement":[{"@type":"ListItem","position":1,"name":"In\u00edcio","item":"https:\/\/portaltela.pt\/"},{"@type":"ListItem","position":2,"name":"Finl\u00e2ndia alerta que a R\u00fassia refor\u00e7a meios nucleares junto \u00e0 fronteira"}]},{"@type":"WebSite","@id":"https:\/\/portaltela.pt\/#website","url":"https:\/\/portaltela.pt\/","name":"Portal Tela Portugal","description":"","potentialAction":[{"@type":"SearchAction","target":{"@type":"EntryPoint","urlTemplate":"https:\/\/portaltela.pt\/?s={search_term_string}"},"query-input":{"@type":"PropertyValueSpecification","valueRequired":true,"valueName":"search_term_string"}}],"inLanguage":"pt-PT"},{"@type":"Person","@id":"https:\/\/portaltela.pt\/#\/schema\/person\/c4278d4a6028830caff9ee44b42d32ed","name":"Telinha","image":{"@type":"ImageObject","inLanguage":"pt-PT","@id":"https:\/\/portaltela.pt\/s.01k8rhncp4jt1\/2025\/11\/talking-bot-125x125.png","url":"https:\/\/portaltela.pt\/s.01k8rhncp4jt1\/2025\/11\/talking-bot-125x125.png","contentUrl":"https:\/\/portaltela.pt\/s.01k8rhncp4jt1\/2025\/11\/talking-bot-125x125.png","caption":"Telinha"},"sameAs":["https:\/\/portaltela.pt\/"],"url":"https:\/\/portaltela.pt\/por\/367410592786\/"}]}},"_links":{"self":[{"href":"https:\/\/portaltela.pt\/api\/wp\/v2\/posts\/214060","targetHints":{"allow":["GET"]}}],"collection":[{"href":"https:\/\/portaltela.pt\/api\/wp\/v2\/posts"}],"about":[{"href":"https:\/\/portaltela.pt\/api\/wp\/v2\/types\/post"}],"author":[{"embeddable":true,"href":"https:\/\/portaltela.pt\/api\/wp\/v2\/users\/2"}],"replies":[{"embeddable":true,"href":"https:\/\/portaltela.pt\/api\/wp\/v2\/comments?post=214060"}],"version-history":[{"count":0,"href":"https:\/\/portaltela.pt\/api\/wp\/v2\/posts\/214060\/revisions"}],"wp:featuredmedia":[{"embeddable":true,"href":"https:\/\/portaltela.pt\/api\/wp\/v2\/media\/214062"}],"wp:attachment":[{"href":"https:\/\/portaltela.pt\/api\/wp\/v2\/media?parent=214060"}],"wp:term":[{"taxonomy":"category","embeddable":true,"href":"https:\/\/portaltela.pt\/api\/wp\/v2\/categories?post=214060"},{"taxonomy":"post_tag","embeddable":true,"href":"https:\/\/portaltela.pt\/api\/wp\/v2\/tags?post=214060"}],"curies":[{"name":"wp","href":"https:\/\/api.w.org\/{rel}","templated":true}]}}