{"id":214044,"date":"2026-02-16T04:30:11","date_gmt":"2026-02-16T07:30:11","guid":{"rendered":"https:\/\/portaltela.pt\/noticias\/2026\/02\/16\/protecao-civil-registava-95-ocorrencias-nas-primeiras-horas-de-segunda-feira\/"},"modified":"2026-02-16T04:30:11","modified_gmt":"2026-02-16T07:30:11","slug":"protecao-civil-registava-95-ocorrencias-nas-primeiras-horas-de-segunda-feira","status":"publish","type":"post","link":"https:\/\/portaltela.pt\/noticias\/2026\/02\/16\/protecao-civil-registava-95-ocorrencias-nas-primeiras-horas-de-segunda-feira\/","title":{"rendered":"Prote\u00e7\u00e3o Civil registava 95 ocorr\u00eancias nas primeiras horas de segunda-feira"},"content":{"rendered":"<p>Na madrugada desta segunda-feira, \u00e0s 4h00, a Prote\u00e7\u00e3o Civil j\u00e1 registava 95 ocorr\u00eancias no territ\u00f3rio continental de Portugal, reportando uma redu\u00e7\u00e3o de cerca de 50 casos face ao s\u00e1bado. As ocorr\u00eancias est\u00e3o associadas principalmente \u00e0 situa\u00e7\u00e3o meteorol\u00f3gica adversa em curso.<\/p>\n<p>Segundo o portal da Autoridade Nacional de Emerg\u00eancia e Prote\u00e7\u00e3o Civil (ANEPC), as regi\u00f5es mais afetadas s\u00e3o o Centro, com 38 ocorr\u00eancias, e Lisboa e Vale do Tejo, com 37. As sub-regi\u00f5es com mais interven\u00e7\u00f5es s\u00e3o M\u00e9dio-Tejo (21), Leiria (19), Lez\u00edria do Tejo (10) e Coimbra (9).<\/p>\n<h3>Regi\u00f5es com maior atividade<\/h3>\n<p>As dificuldades continuam concentradas no Centro e na \u00e1rea de Lisboa e Vale do Tejo, que juntos respondem por grande parte das ocorr\u00eancias. O balan\u00e7o di\u00e1rio pode variar conforme a evolu\u00e7\u00e3o das condi\u00e7\u00f5es meteorol\u00f3gicas e a\u00e7\u00f5es de resposta das autoridades.<\/p>\n","protected":false},"excerpt":{"rendered":"<ul>\n<li>\u00c0s 4h00 de segunda-feira, a Prote\u00e7\u00e3o Civil registava 95 ocorr\u00eancias.<\/li>\n<li>O total era 50 menos do que no s\u00e1bado, refletindo condi\u00e7\u00f5es meteorol\u00f3gicas menos adversas.<\/li>\n<li>As regi\u00f5es mais afetadas foram o Centro (38) e Lisboa e Vale do Tejo (37).<\/li>\n<li>Entre as sub-regi\u00f5es, destacavam-se M\u00e9dio-Tejo (21), Leiria (19), Lez\u00edria do Tejo (10) e Coimbra (9).<\/li>\n<\/ul>\n","protected":false},"author":2,"featured_media":214046,"comment_status":"closed","ping_status":"closed","sticky":false,"template":"","format":"standard","meta":{"footnotes":""},"categories":[1],"tags":[1309,1070,1385,981,3709,5099],"class_list":["post-214044","post","type-post","status-publish","format-standard","has-post-thumbnail","hentry","category-noticias","tag-centro","tag-coimbra","tag-leiria","tag-lisboa","tag-medio-tejo","tag-protecao-civil-municipal"],"yoast_head":"<!-- This site is optimized with the Yoast SEO plugin v27.2 - https:\/\/yoast.com\/product\/yoast-seo-wordpress\/ -->\n<title>Prote\u00e7\u00e3o Civil registava 95 ocorr\u00eancias nas primeiras horas de segunda-feira - Portal Tela Portugal<\/title>\n<meta name=\"robots\" content=\"index, follow, max-snippet:-1, max-image-preview:large, max-video-preview:-1\" \/>\n<meta property=\"og:locale\" content=\"pt_PT\" \/>\n<meta property=\"og:type\" content=\"article\" \/>\n<meta property=\"og:title\" content=\"Prote\u00e7\u00e3o Civil registava 95 ocorr\u00eancias nas primeiras horas de segunda-feira - Portal Tela Portugal\" \/>\n<meta property=\"og:description\" content=\"\u00c0s 4h00 de segunda-feira, a Prote\u00e7\u00e3o Civil registava 95 ocorr\u00eancias. O total era 50 menos do que no s\u00e1bado, refletindo condi\u00e7\u00f5es meteorol\u00f3gicas menos adversas. As regi\u00f5es mais afetadas foram o Centro (38) e Lisboa e Vale do Tejo (37). Entre as sub-regi\u00f5es, destacavam-se M\u00e9dio-Tejo (21), Leiria (19), Lez\u00edria do Tejo (10) e Coimbra (9).\" \/>\n<meta property=\"og:url\" content=\"https:\/\/portaltela.pt\/noticias\/2026\/02\/16\/protecao-civil-registava-95-ocorrencias-nas-primeiras-horas-de-segunda-feira\/\" \/>\n<meta property=\"og:site_name\" content=\"Portal Tela Portugal\" \/>\n<meta property=\"article:published_time\" content=\"2026-02-16T07:30:11+00:00\" \/>\n<meta name=\"author\" content=\"Telinha\" \/>\n<meta name=\"twitter:card\" content=\"summary_large_image\" \/>\n<meta name=\"twitter:label1\" content=\"Escrito por\" \/>\n\t<meta name=\"twitter:data1\" content=\"Telinha\" \/>\n\t<meta name=\"twitter:label2\" content=\"Tempo estimado de leitura\" \/>\n\t<meta name=\"twitter:data2\" content=\"1 minuto\" \/>\n<script type=\"application\/ld+json\" class=\"yoast-schema-graph\">{\"@context\":\"https:\/\/schema.org\",\"@graph\":[{\"@type\":\"Article\",\"@id\":\"https:\/\/portaltela.pt\/noticias\/2026\/02\/16\/protecao-civil-registava-95-ocorrencias-nas-primeiras-horas-de-segunda-feira\/#article\",\"isPartOf\":{\"@id\":\"https:\/\/portaltela.pt\/noticias\/2026\/02\/16\/protecao-civil-registava-95-ocorrencias-nas-primeiras-horas-de-segunda-feira\/\"},\"author\":{\"name\":\"Telinha\",\"@id\":\"https:\/\/portaltela.pt\/#\/schema\/person\/c4278d4a6028830caff9ee44b42d32ed\"},\"headline\":\"Prote\u00e7\u00e3o Civil registava 95 ocorr\u00eancias nas primeiras horas de segunda-feira\",\"datePublished\":\"2026-02-16T07:30:11+00:00\",\"mainEntityOfPage\":{\"@id\":\"https:\/\/portaltela.pt\/noticias\/2026\/02\/16\/protecao-civil-registava-95-ocorrencias-nas-primeiras-horas-de-segunda-feira\/\"},\"wordCount\":160,\"image\":{\"@id\":\"https:\/\/portaltela.pt\/noticias\/2026\/02\/16\/protecao-civil-registava-95-ocorrencias-nas-primeiras-horas-de-segunda-feira\/#primaryimage\"},\"thumbnailUrl\":\"https:\/\/portaltela.pt\/s.01k8rhncp4jt1\/2026\/02\/img_1500x1000uu2020-02-01-07-41-00-921431-1.jpg\",\"keywords\":[\"Centro\",\"Coimbra\",\"Leiria\",\"Lisboa\",\"M\u00e9dio Tejo\",\"Prote\u00e7\u00e3o Civil Municipal\"],\"articleSection\":[\"Not\u00edcias\"],\"inLanguage\":\"pt-PT\"},{\"@type\":\"WebPage\",\"@id\":\"https:\/\/portaltela.pt\/noticias\/2026\/02\/16\/protecao-civil-registava-95-ocorrencias-nas-primeiras-horas-de-segunda-feira\/\",\"url\":\"https:\/\/portaltela.pt\/noticias\/2026\/02\/16\/protecao-civil-registava-95-ocorrencias-nas-primeiras-horas-de-segunda-feira\/\",\"name\":\"Prote\u00e7\u00e3o Civil registava 95 ocorr\u00eancias nas primeiras horas de segunda-feira - Portal Tela Portugal\",\"isPartOf\":{\"@id\":\"https:\/\/portaltela.pt\/#website\"},\"primaryImageOfPage\":{\"@id\":\"https:\/\/portaltela.pt\/noticias\/2026\/02\/16\/protecao-civil-registava-95-ocorrencias-nas-primeiras-horas-de-segunda-feira\/#primaryimage\"},\"image\":{\"@id\":\"https:\/\/portaltela.pt\/noticias\/2026\/02\/16\/protecao-civil-registava-95-ocorrencias-nas-primeiras-horas-de-segunda-feira\/#primaryimage\"},\"thumbnailUrl\":\"https:\/\/portaltela.pt\/s.01k8rhncp4jt1\/2026\/02\/img_1500x1000uu2020-02-01-07-41-00-921431-1.jpg\",\"datePublished\":\"2026-02-16T07:30:11+00:00\",\"author\":{\"@id\":\"https:\/\/portaltela.pt\/#\/schema\/person\/c4278d4a6028830caff9ee44b42d32ed\"},\"breadcrumb\":{\"@id\":\"https:\/\/portaltela.pt\/noticias\/2026\/02\/16\/protecao-civil-registava-95-ocorrencias-nas-primeiras-horas-de-segunda-feira\/#breadcrumb\"},\"inLanguage\":\"pt-PT\",\"potentialAction\":[{\"@type\":\"ReadAction\",\"target\":[\"https:\/\/portaltela.pt\/noticias\/2026\/02\/16\/protecao-civil-registava-95-ocorrencias-nas-primeiras-horas-de-segunda-feira\/\"]}]},{\"@type\":\"ImageObject\",\"inLanguage\":\"pt-PT\",\"@id\":\"https:\/\/portaltela.pt\/noticias\/2026\/02\/16\/protecao-civil-registava-95-ocorrencias-nas-primeiras-horas-de-segunda-feira\/#primaryimage\",\"url\":\"https:\/\/portaltela.pt\/s.01k8rhncp4jt1\/2026\/02\/img_1500x1000uu2020-02-01-07-41-00-921431-1.jpg\",\"contentUrl\":\"https:\/\/portaltela.pt\/s.01k8rhncp4jt1\/2026\/02\/img_1500x1000uu2020-02-01-07-41-00-921431-1.jpg\",\"width\":796,\"height\":448,\"caption\":\"Mau tempo continua a afetar o territ\u00f3rio, ainda que a tend\u00eancia seja de melhoria\"},{\"@type\":\"BreadcrumbList\",\"@id\":\"https:\/\/portaltela.pt\/noticias\/2026\/02\/16\/protecao-civil-registava-95-ocorrencias-nas-primeiras-horas-de-segunda-feira\/#breadcrumb\",\"itemListElement\":[{\"@type\":\"ListItem\",\"position\":1,\"name\":\"In\u00edcio\",\"item\":\"https:\/\/portaltela.pt\/\"},{\"@type\":\"ListItem\",\"position\":2,\"name\":\"Prote\u00e7\u00e3o Civil registava 95 ocorr\u00eancias nas primeiras horas de segunda-feira\"}]},{\"@type\":\"WebSite\",\"@id\":\"https:\/\/portaltela.pt\/#website\",\"url\":\"https:\/\/portaltela.pt\/\",\"name\":\"Portal Tela Portugal\",\"description\":\"\",\"potentialAction\":[{\"@type\":\"SearchAction\",\"target\":{\"@type\":\"EntryPoint\",\"urlTemplate\":\"https:\/\/portaltela.pt\/?s={search_term_string}\"},\"query-input\":{\"@type\":\"PropertyValueSpecification\",\"valueRequired\":true,\"valueName\":\"search_term_string\"}}],\"inLanguage\":\"pt-PT\"},{\"@type\":\"Person\",\"@id\":\"https:\/\/portaltela.pt\/#\/schema\/person\/c4278d4a6028830caff9ee44b42d32ed\",\"name\":\"Telinha\",\"image\":{\"@type\":\"ImageObject\",\"inLanguage\":\"pt-PT\",\"@id\":\"https:\/\/portaltela.pt\/s.01k8rhncp4jt1\/2025\/11\/talking-bot-125x125.png\",\"url\":\"https:\/\/portaltela.pt\/s.01k8rhncp4jt1\/2025\/11\/talking-bot-125x125.png\",\"contentUrl\":\"https:\/\/portaltela.pt\/s.01k8rhncp4jt1\/2025\/11\/talking-bot-125x125.png\",\"caption\":\"Telinha\"},\"sameAs\":[\"https:\/\/portaltela.pt\/\"],\"url\":\"https:\/\/portaltela.pt\/por\/367410592786\/\"}]}<\/script>\n<!-- \/ Yoast SEO plugin. -->","yoast_head_json":{"title":"Prote\u00e7\u00e3o Civil registava 95 ocorr\u00eancias nas primeiras horas de segunda-feira - Portal Tela Portugal","robots":{"index":"index","follow":"follow","max-snippet":"max-snippet:-1","max-image-preview":"max-image-preview:large","max-video-preview":"max-video-preview:-1"},"og_locale":"pt_PT","og_type":"article","og_title":"Prote\u00e7\u00e3o Civil registava 95 ocorr\u00eancias nas primeiras horas de segunda-feira - Portal Tela Portugal","og_description":"\u00c0s 4h00 de segunda-feira, a Prote\u00e7\u00e3o Civil registava 95 ocorr\u00eancias. O total era 50 menos do que no s\u00e1bado, refletindo condi\u00e7\u00f5es meteorol\u00f3gicas menos adversas. As regi\u00f5es mais afetadas foram o Centro (38) e Lisboa e Vale do Tejo (37). Entre as sub-regi\u00f5es, destacavam-se M\u00e9dio-Tejo (21), Leiria (19), Lez\u00edria do Tejo (10) e Coimbra (9).","og_url":"https:\/\/portaltela.pt\/noticias\/2026\/02\/16\/protecao-civil-registava-95-ocorrencias-nas-primeiras-horas-de-segunda-feira\/","og_site_name":"Portal Tela Portugal","article_published_time":"2026-02-16T07:30:11+00:00","author":"Telinha","twitter_card":"summary_large_image","twitter_misc":{"Escrito por":"Telinha","Tempo estimado de leitura":"1 minuto"},"schema":{"@context":"https:\/\/schema.org","@graph":[{"@type":"Article","@id":"https:\/\/portaltela.pt\/noticias\/2026\/02\/16\/protecao-civil-registava-95-ocorrencias-nas-primeiras-horas-de-segunda-feira\/#article","isPartOf":{"@id":"https:\/\/portaltela.pt\/noticias\/2026\/02\/16\/protecao-civil-registava-95-ocorrencias-nas-primeiras-horas-de-segunda-feira\/"},"author":{"name":"Telinha","@id":"https:\/\/portaltela.pt\/#\/schema\/person\/c4278d4a6028830caff9ee44b42d32ed"},"headline":"Prote\u00e7\u00e3o Civil registava 95 ocorr\u00eancias nas primeiras horas de segunda-feira","datePublished":"2026-02-16T07:30:11+00:00","mainEntityOfPage":{"@id":"https:\/\/portaltela.pt\/noticias\/2026\/02\/16\/protecao-civil-registava-95-ocorrencias-nas-primeiras-horas-de-segunda-feira\/"},"wordCount":160,"image":{"@id":"https:\/\/portaltela.pt\/noticias\/2026\/02\/16\/protecao-civil-registava-95-ocorrencias-nas-primeiras-horas-de-segunda-feira\/#primaryimage"},"thumbnailUrl":"https:\/\/portaltela.pt\/s.01k8rhncp4jt1\/2026\/02\/img_1500x1000uu2020-02-01-07-41-00-921431-1.jpg","keywords":["Centro","Coimbra","Leiria","Lisboa","M\u00e9dio Tejo","Prote\u00e7\u00e3o Civil Municipal"],"articleSection":["Not\u00edcias"],"inLanguage":"pt-PT"},{"@type":"WebPage","@id":"https:\/\/portaltela.pt\/noticias\/2026\/02\/16\/protecao-civil-registava-95-ocorrencias-nas-primeiras-horas-de-segunda-feira\/","url":"https:\/\/portaltela.pt\/noticias\/2026\/02\/16\/protecao-civil-registava-95-ocorrencias-nas-primeiras-horas-de-segunda-feira\/","name":"Prote\u00e7\u00e3o Civil registava 95 ocorr\u00eancias nas primeiras horas de segunda-feira - Portal Tela Portugal","isPartOf":{"@id":"https:\/\/portaltela.pt\/#website"},"primaryImageOfPage":{"@id":"https:\/\/portaltela.pt\/noticias\/2026\/02\/16\/protecao-civil-registava-95-ocorrencias-nas-primeiras-horas-de-segunda-feira\/#primaryimage"},"image":{"@id":"https:\/\/portaltela.pt\/noticias\/2026\/02\/16\/protecao-civil-registava-95-ocorrencias-nas-primeiras-horas-de-segunda-feira\/#primaryimage"},"thumbnailUrl":"https:\/\/portaltela.pt\/s.01k8rhncp4jt1\/2026\/02\/img_1500x1000uu2020-02-01-07-41-00-921431-1.jpg","datePublished":"2026-02-16T07:30:11+00:00","author":{"@id":"https:\/\/portaltela.pt\/#\/schema\/person\/c4278d4a6028830caff9ee44b42d32ed"},"breadcrumb":{"@id":"https:\/\/portaltela.pt\/noticias\/2026\/02\/16\/protecao-civil-registava-95-ocorrencias-nas-primeiras-horas-de-segunda-feira\/#breadcrumb"},"inLanguage":"pt-PT","potentialAction":[{"@type":"ReadAction","target":["https:\/\/portaltela.pt\/noticias\/2026\/02\/16\/protecao-civil-registava-95-ocorrencias-nas-primeiras-horas-de-segunda-feira\/"]}]},{"@type":"ImageObject","inLanguage":"pt-PT","@id":"https:\/\/portaltela.pt\/noticias\/2026\/02\/16\/protecao-civil-registava-95-ocorrencias-nas-primeiras-horas-de-segunda-feira\/#primaryimage","url":"https:\/\/portaltela.pt\/s.01k8rhncp4jt1\/2026\/02\/img_1500x1000uu2020-02-01-07-41-00-921431-1.jpg","contentUrl":"https:\/\/portaltela.pt\/s.01k8rhncp4jt1\/2026\/02\/img_1500x1000uu2020-02-01-07-41-00-921431-1.jpg","width":796,"height":448,"caption":"Mau tempo continua a afetar o territ\u00f3rio, ainda que a tend\u00eancia seja de melhoria"},{"@type":"BreadcrumbList","@id":"https:\/\/portaltela.pt\/noticias\/2026\/02\/16\/protecao-civil-registava-95-ocorrencias-nas-primeiras-horas-de-segunda-feira\/#breadcrumb","itemListElement":[{"@type":"ListItem","position":1,"name":"In\u00edcio","item":"https:\/\/portaltela.pt\/"},{"@type":"ListItem","position":2,"name":"Prote\u00e7\u00e3o Civil registava 95 ocorr\u00eancias nas primeiras horas de segunda-feira"}]},{"@type":"WebSite","@id":"https:\/\/portaltela.pt\/#website","url":"https:\/\/portaltela.pt\/","name":"Portal Tela Portugal","description":"","potentialAction":[{"@type":"SearchAction","target":{"@type":"EntryPoint","urlTemplate":"https:\/\/portaltela.pt\/?s={search_term_string}"},"query-input":{"@type":"PropertyValueSpecification","valueRequired":true,"valueName":"search_term_string"}}],"inLanguage":"pt-PT"},{"@type":"Person","@id":"https:\/\/portaltela.pt\/#\/schema\/person\/c4278d4a6028830caff9ee44b42d32ed","name":"Telinha","image":{"@type":"ImageObject","inLanguage":"pt-PT","@id":"https:\/\/portaltela.pt\/s.01k8rhncp4jt1\/2025\/11\/talking-bot-125x125.png","url":"https:\/\/portaltela.pt\/s.01k8rhncp4jt1\/2025\/11\/talking-bot-125x125.png","contentUrl":"https:\/\/portaltela.pt\/s.01k8rhncp4jt1\/2025\/11\/talking-bot-125x125.png","caption":"Telinha"},"sameAs":["https:\/\/portaltela.pt\/"],"url":"https:\/\/portaltela.pt\/por\/367410592786\/"}]}},"_links":{"self":[{"href":"https:\/\/portaltela.pt\/api\/wp\/v2\/posts\/214044","targetHints":{"allow":["GET"]}}],"collection":[{"href":"https:\/\/portaltela.pt\/api\/wp\/v2\/posts"}],"about":[{"href":"https:\/\/portaltela.pt\/api\/wp\/v2\/types\/post"}],"author":[{"embeddable":true,"href":"https:\/\/portaltela.pt\/api\/wp\/v2\/users\/2"}],"replies":[{"embeddable":true,"href":"https:\/\/portaltela.pt\/api\/wp\/v2\/comments?post=214044"}],"version-history":[{"count":0,"href":"https:\/\/portaltela.pt\/api\/wp\/v2\/posts\/214044\/revisions"}],"wp:featuredmedia":[{"embeddable":true,"href":"https:\/\/portaltela.pt\/api\/wp\/v2\/media\/214046"}],"wp:attachment":[{"href":"https:\/\/portaltela.pt\/api\/wp\/v2\/media?parent=214044"}],"wp:term":[{"taxonomy":"category","embeddable":true,"href":"https:\/\/portaltela.pt\/api\/wp\/v2\/categories?post=214044"},{"taxonomy":"post_tag","embeddable":true,"href":"https:\/\/portaltela.pt\/api\/wp\/v2\/tags?post=214044"}],"curies":[{"name":"wp","href":"https:\/\/api.w.org\/{rel}","templated":true}]}}