{"id":214043,"date":"2026-02-16T04:24:00","date_gmt":"2026-02-16T07:24:00","guid":{"rendered":"https:\/\/portaltela.pt\/noticias\/2026\/02\/16\/autor-alegado-do-atentado-em-bondi-aparece-pela-primeira-vez-em-tribunal\/"},"modified":"2026-02-16T04:24:00","modified_gmt":"2026-02-16T07:24:00","slug":"autor-alegado-do-atentado-em-bondi-aparece-pela-primeira-vez-em-tribunal","status":"publish","type":"post","link":"https:\/\/portaltela.pt\/noticias\/2026\/02\/16\/autor-alegado-do-atentado-em-bondi-aparece-pela-primeira-vez-em-tribunal\/","title":{"rendered":"Autor alegado do atentado em Bondi aparece pela primeira vez em tribunal"},"content":{"rendered":"<p>Um dos dois alegados autores do ataque de dezembro na praia de Bondi, Sydney, compareceu hoje pela primeira vez num tribunal australiano, enfrentando 59 acusa\u00e7\u00f5es, incluindo 15 de homic\u00eddio e uma de terrorismo.<\/p>\n<p>O ataque ocorreu a 14 de dezembro, quando dois atiradores mataram 15 pessoas num festival judaico durante as celebra\u00e7\u00f5es de Hanukkah em Bondi. A motiva\u00e7\u00e3o foi considerada pelas autoridades ligada ao Estado Isl\u00e2mico.<\/p>\n<p>O pai, Sajid Akram, de 50 anos, foi morto a tiro pela pol\u00edcia no ataque. O filho, Naveed Akram, de 24, ficou ferido e foi detido pela pol\u00edcia. As autoridades associam o facto ao extremismo isl\u00e2mico como poss\u00edvel inspira\u00e7\u00e3o.<\/p>\n<p>Entre as acusa\u00e7\u00f5es est\u00e3o homic\u00eddio, tentativa de homic\u00eddio e crimes de terrorism, com o processo a seguir rumo ao tribunal. As informa\u00e7\u00f5es oficiais descrevem o incidente como um ataque dirigido a uma comunidade espec\u00edfica, sem ainda esclarecimentos finais sobre as motiva\u00e7\u00f5es.<\/p>\n","protected":false},"excerpt":{"rendered":"<ul>\n<li>Um dos alegados autores do ataque de dezembro na praia de Bondi, em Sydney, apresentou-se pela primeira vez em tribunal, enfrentando 59 acusa\u00e7\u00f5es, incluindo 15 homic\u00eddios e terrorismo.<\/li>\n<li>O ataque ocorreu a 14 de dezembro, durante um festival judaico, e as autoridades disseram que foi inspirado pelo grupo extremista Estado Isl\u00e2mico.<\/li>\n<li>O pai, Sajid Akram, de 50 anos, foi morto pela pol\u00edcia; o filho, Naveed Akram, de 24 anos, ficou ferido e detido.<\/li>\n<li>No total, morreram 15 pessoas e v\u00e1rias ficaram feridas durante as celebra\u00e7\u00f5es do Hanukkah na Bondi Beach.<\/li>\n<\/ul>\n","protected":false},"author":2,"featured_media":214045,"comment_status":"closed","ping_status":"closed","sticky":false,"template":"","format":"standard","meta":{"footnotes":""},"categories":[1],"tags":[1602,177,3625,3446,1345,4989],"class_list":["post-214043","post","type-post","status-publish","format-standard","has-post-thumbnail","hentry","category-noticias","tag-australia","tag-crimes","tag-estado-islamico","tag-extremismo","tag-homicidio","tag-terrorismo"],"yoast_head":"<!-- This site is optimized with the Yoast SEO plugin v27.2 - https:\/\/yoast.com\/product\/yoast-seo-wordpress\/ -->\n<title>Autor alegado do atentado em Bondi aparece pela primeira vez em tribunal - Portal Tela Portugal<\/title>\n<meta name=\"robots\" content=\"index, follow, max-snippet:-1, max-image-preview:large, max-video-preview:-1\" \/>\n<meta property=\"og:locale\" content=\"pt_PT\" \/>\n<meta property=\"og:type\" content=\"article\" \/>\n<meta property=\"og:title\" content=\"Autor alegado do atentado em Bondi aparece pela primeira vez em tribunal - Portal Tela Portugal\" \/>\n<meta property=\"og:description\" content=\"Um dos alegados autores do ataque de dezembro na praia de Bondi, em Sydney, apresentou-se pela primeira vez em tribunal, enfrentando 59 acusa\u00e7\u00f5es, incluindo 15 homic\u00eddios e terrorismo. O ataque ocorreu a 14 de dezembro, durante um festival judaico, e as autoridades disseram que foi inspirado pelo grupo extremista Estado Isl\u00e2mico. O pai, Sajid Akram, de 50 anos, foi morto pela pol\u00edcia; o filho, Naveed Akram, de 24 anos, ficou ferido e detido. No total, morreram 15 pessoas e v\u00e1rias ficaram feridas durante as celebra\u00e7\u00f5es do Hanukkah na Bondi Beach.\" \/>\n<meta property=\"og:url\" content=\"https:\/\/portaltela.pt\/noticias\/2026\/02\/16\/autor-alegado-do-atentado-em-bondi-aparece-pela-primeira-vez-em-tribunal\/\" \/>\n<meta property=\"og:site_name\" content=\"Portal Tela Portugal\" \/>\n<meta property=\"article:published_time\" content=\"2026-02-16T07:24:00+00:00\" \/>\n<meta name=\"author\" content=\"Telinha\" \/>\n<meta name=\"twitter:card\" content=\"summary_large_image\" \/>\n<meta name=\"twitter:label1\" content=\"Escrito por\" \/>\n\t<meta name=\"twitter:data1\" content=\"Telinha\" \/>\n\t<meta name=\"twitter:label2\" content=\"Tempo estimado de leitura\" \/>\n\t<meta name=\"twitter:data2\" content=\"1 minuto\" \/>\n<script type=\"application\/ld+json\" class=\"yoast-schema-graph\">{\"@context\":\"https:\/\/schema.org\",\"@graph\":[{\"@type\":\"Article\",\"@id\":\"https:\/\/portaltela.pt\/noticias\/2026\/02\/16\/autor-alegado-do-atentado-em-bondi-aparece-pela-primeira-vez-em-tribunal\/#article\",\"isPartOf\":{\"@id\":\"https:\/\/portaltela.pt\/noticias\/2026\/02\/16\/autor-alegado-do-atentado-em-bondi-aparece-pela-primeira-vez-em-tribunal\/\"},\"author\":{\"name\":\"Telinha\",\"@id\":\"https:\/\/portaltela.pt\/#\/schema\/person\/c4278d4a6028830caff9ee44b42d32ed\"},\"headline\":\"Autor alegado do atentado em Bondi aparece pela primeira vez em tribunal\",\"datePublished\":\"2026-02-16T07:24:00+00:00\",\"mainEntityOfPage\":{\"@id\":\"https:\/\/portaltela.pt\/noticias\/2026\/02\/16\/autor-alegado-do-atentado-em-bondi-aparece-pela-primeira-vez-em-tribunal\/\"},\"wordCount\":169,\"image\":{\"@id\":\"https:\/\/portaltela.pt\/noticias\/2026\/02\/16\/autor-alegado-do-atentado-em-bondi-aparece-pela-primeira-vez-em-tribunal\/#primaryimage\"},\"thumbnailUrl\":\"https:\/\/portaltela.pt\/s.01k8rhncp4jt1\/2026\/02\/img_1500x1000uu2026-02-16-07-24-45-2255001.jpg\",\"keywords\":[\"Austr\u00e1lia\",\"crimes\",\"Estado Isl\u00e2mico\",\"extremismo\",\"homic\u00eddio\",\"terrorismo\"],\"articleSection\":[\"Not\u00edcias\"],\"inLanguage\":\"pt-PT\"},{\"@type\":\"WebPage\",\"@id\":\"https:\/\/portaltela.pt\/noticias\/2026\/02\/16\/autor-alegado-do-atentado-em-bondi-aparece-pela-primeira-vez-em-tribunal\/\",\"url\":\"https:\/\/portaltela.pt\/noticias\/2026\/02\/16\/autor-alegado-do-atentado-em-bondi-aparece-pela-primeira-vez-em-tribunal\/\",\"name\":\"Autor alegado do atentado em Bondi aparece pela primeira vez em tribunal - Portal Tela Portugal\",\"isPartOf\":{\"@id\":\"https:\/\/portaltela.pt\/#website\"},\"primaryImageOfPage\":{\"@id\":\"https:\/\/portaltela.pt\/noticias\/2026\/02\/16\/autor-alegado-do-atentado-em-bondi-aparece-pela-primeira-vez-em-tribunal\/#primaryimage\"},\"image\":{\"@id\":\"https:\/\/portaltela.pt\/noticias\/2026\/02\/16\/autor-alegado-do-atentado-em-bondi-aparece-pela-primeira-vez-em-tribunal\/#primaryimage\"},\"thumbnailUrl\":\"https:\/\/portaltela.pt\/s.01k8rhncp4jt1\/2026\/02\/img_1500x1000uu2026-02-16-07-24-45-2255001.jpg\",\"datePublished\":\"2026-02-16T07:24:00+00:00\",\"author\":{\"@id\":\"https:\/\/portaltela.pt\/#\/schema\/person\/c4278d4a6028830caff9ee44b42d32ed\"},\"breadcrumb\":{\"@id\":\"https:\/\/portaltela.pt\/noticias\/2026\/02\/16\/autor-alegado-do-atentado-em-bondi-aparece-pela-primeira-vez-em-tribunal\/#breadcrumb\"},\"inLanguage\":\"pt-PT\",\"potentialAction\":[{\"@type\":\"ReadAction\",\"target\":[\"https:\/\/portaltela.pt\/noticias\/2026\/02\/16\/autor-alegado-do-atentado-em-bondi-aparece-pela-primeira-vez-em-tribunal\/\"]}]},{\"@type\":\"ImageObject\",\"inLanguage\":\"pt-PT\",\"@id\":\"https:\/\/portaltela.pt\/noticias\/2026\/02\/16\/autor-alegado-do-atentado-em-bondi-aparece-pela-primeira-vez-em-tribunal\/#primaryimage\",\"url\":\"https:\/\/portaltela.pt\/s.01k8rhncp4jt1\/2026\/02\/img_1500x1000uu2026-02-16-07-24-45-2255001.jpg\",\"contentUrl\":\"https:\/\/portaltela.pt\/s.01k8rhncp4jt1\/2026\/02\/img_1500x1000uu2026-02-16-07-24-45-2255001.jpg\",\"width\":796,\"height\":448,\"caption\":\"Naveed Akram ficou ferido e foi detido. O pai e coautor do ataque morreu\"},{\"@type\":\"BreadcrumbList\",\"@id\":\"https:\/\/portaltela.pt\/noticias\/2026\/02\/16\/autor-alegado-do-atentado-em-bondi-aparece-pela-primeira-vez-em-tribunal\/#breadcrumb\",\"itemListElement\":[{\"@type\":\"ListItem\",\"position\":1,\"name\":\"In\u00edcio\",\"item\":\"https:\/\/portaltela.pt\/\"},{\"@type\":\"ListItem\",\"position\":2,\"name\":\"Autor alegado do atentado em Bondi aparece pela primeira vez em tribunal\"}]},{\"@type\":\"WebSite\",\"@id\":\"https:\/\/portaltela.pt\/#website\",\"url\":\"https:\/\/portaltela.pt\/\",\"name\":\"Portal Tela Portugal\",\"description\":\"\",\"potentialAction\":[{\"@type\":\"SearchAction\",\"target\":{\"@type\":\"EntryPoint\",\"urlTemplate\":\"https:\/\/portaltela.pt\/?s={search_term_string}\"},\"query-input\":{\"@type\":\"PropertyValueSpecification\",\"valueRequired\":true,\"valueName\":\"search_term_string\"}}],\"inLanguage\":\"pt-PT\"},{\"@type\":\"Person\",\"@id\":\"https:\/\/portaltela.pt\/#\/schema\/person\/c4278d4a6028830caff9ee44b42d32ed\",\"name\":\"Telinha\",\"image\":{\"@type\":\"ImageObject\",\"inLanguage\":\"pt-PT\",\"@id\":\"https:\/\/portaltela.pt\/s.01k8rhncp4jt1\/2025\/11\/talking-bot-125x125.png\",\"url\":\"https:\/\/portaltela.pt\/s.01k8rhncp4jt1\/2025\/11\/talking-bot-125x125.png\",\"contentUrl\":\"https:\/\/portaltela.pt\/s.01k8rhncp4jt1\/2025\/11\/talking-bot-125x125.png\",\"caption\":\"Telinha\"},\"sameAs\":[\"https:\/\/portaltela.pt\/\"],\"url\":\"https:\/\/portaltela.pt\/por\/367410592786\/\"}]}<\/script>\n<!-- \/ Yoast SEO plugin. -->","yoast_head_json":{"title":"Autor alegado do atentado em Bondi aparece pela primeira vez em tribunal - Portal Tela Portugal","robots":{"index":"index","follow":"follow","max-snippet":"max-snippet:-1","max-image-preview":"max-image-preview:large","max-video-preview":"max-video-preview:-1"},"og_locale":"pt_PT","og_type":"article","og_title":"Autor alegado do atentado em Bondi aparece pela primeira vez em tribunal - Portal Tela Portugal","og_description":"Um dos alegados autores do ataque de dezembro na praia de Bondi, em Sydney, apresentou-se pela primeira vez em tribunal, enfrentando 59 acusa\u00e7\u00f5es, incluindo 15 homic\u00eddios e terrorismo. O ataque ocorreu a 14 de dezembro, durante um festival judaico, e as autoridades disseram que foi inspirado pelo grupo extremista Estado Isl\u00e2mico. O pai, Sajid Akram, de 50 anos, foi morto pela pol\u00edcia; o filho, Naveed Akram, de 24 anos, ficou ferido e detido. No total, morreram 15 pessoas e v\u00e1rias ficaram feridas durante as celebra\u00e7\u00f5es do Hanukkah na Bondi Beach.","og_url":"https:\/\/portaltela.pt\/noticias\/2026\/02\/16\/autor-alegado-do-atentado-em-bondi-aparece-pela-primeira-vez-em-tribunal\/","og_site_name":"Portal Tela Portugal","article_published_time":"2026-02-16T07:24:00+00:00","author":"Telinha","twitter_card":"summary_large_image","twitter_misc":{"Escrito por":"Telinha","Tempo estimado de leitura":"1 minuto"},"schema":{"@context":"https:\/\/schema.org","@graph":[{"@type":"Article","@id":"https:\/\/portaltela.pt\/noticias\/2026\/02\/16\/autor-alegado-do-atentado-em-bondi-aparece-pela-primeira-vez-em-tribunal\/#article","isPartOf":{"@id":"https:\/\/portaltela.pt\/noticias\/2026\/02\/16\/autor-alegado-do-atentado-em-bondi-aparece-pela-primeira-vez-em-tribunal\/"},"author":{"name":"Telinha","@id":"https:\/\/portaltela.pt\/#\/schema\/person\/c4278d4a6028830caff9ee44b42d32ed"},"headline":"Autor alegado do atentado em Bondi aparece pela primeira vez em tribunal","datePublished":"2026-02-16T07:24:00+00:00","mainEntityOfPage":{"@id":"https:\/\/portaltela.pt\/noticias\/2026\/02\/16\/autor-alegado-do-atentado-em-bondi-aparece-pela-primeira-vez-em-tribunal\/"},"wordCount":169,"image":{"@id":"https:\/\/portaltela.pt\/noticias\/2026\/02\/16\/autor-alegado-do-atentado-em-bondi-aparece-pela-primeira-vez-em-tribunal\/#primaryimage"},"thumbnailUrl":"https:\/\/portaltela.pt\/s.01k8rhncp4jt1\/2026\/02\/img_1500x1000uu2026-02-16-07-24-45-2255001.jpg","keywords":["Austr\u00e1lia","crimes","Estado Isl\u00e2mico","extremismo","homic\u00eddio","terrorismo"],"articleSection":["Not\u00edcias"],"inLanguage":"pt-PT"},{"@type":"WebPage","@id":"https:\/\/portaltela.pt\/noticias\/2026\/02\/16\/autor-alegado-do-atentado-em-bondi-aparece-pela-primeira-vez-em-tribunal\/","url":"https:\/\/portaltela.pt\/noticias\/2026\/02\/16\/autor-alegado-do-atentado-em-bondi-aparece-pela-primeira-vez-em-tribunal\/","name":"Autor alegado do atentado em Bondi aparece pela primeira vez em tribunal - Portal Tela Portugal","isPartOf":{"@id":"https:\/\/portaltela.pt\/#website"},"primaryImageOfPage":{"@id":"https:\/\/portaltela.pt\/noticias\/2026\/02\/16\/autor-alegado-do-atentado-em-bondi-aparece-pela-primeira-vez-em-tribunal\/#primaryimage"},"image":{"@id":"https:\/\/portaltela.pt\/noticias\/2026\/02\/16\/autor-alegado-do-atentado-em-bondi-aparece-pela-primeira-vez-em-tribunal\/#primaryimage"},"thumbnailUrl":"https:\/\/portaltela.pt\/s.01k8rhncp4jt1\/2026\/02\/img_1500x1000uu2026-02-16-07-24-45-2255001.jpg","datePublished":"2026-02-16T07:24:00+00:00","author":{"@id":"https:\/\/portaltela.pt\/#\/schema\/person\/c4278d4a6028830caff9ee44b42d32ed"},"breadcrumb":{"@id":"https:\/\/portaltela.pt\/noticias\/2026\/02\/16\/autor-alegado-do-atentado-em-bondi-aparece-pela-primeira-vez-em-tribunal\/#breadcrumb"},"inLanguage":"pt-PT","potentialAction":[{"@type":"ReadAction","target":["https:\/\/portaltela.pt\/noticias\/2026\/02\/16\/autor-alegado-do-atentado-em-bondi-aparece-pela-primeira-vez-em-tribunal\/"]}]},{"@type":"ImageObject","inLanguage":"pt-PT","@id":"https:\/\/portaltela.pt\/noticias\/2026\/02\/16\/autor-alegado-do-atentado-em-bondi-aparece-pela-primeira-vez-em-tribunal\/#primaryimage","url":"https:\/\/portaltela.pt\/s.01k8rhncp4jt1\/2026\/02\/img_1500x1000uu2026-02-16-07-24-45-2255001.jpg","contentUrl":"https:\/\/portaltela.pt\/s.01k8rhncp4jt1\/2026\/02\/img_1500x1000uu2026-02-16-07-24-45-2255001.jpg","width":796,"height":448,"caption":"Naveed Akram ficou ferido e foi detido. O pai e coautor do ataque morreu"},{"@type":"BreadcrumbList","@id":"https:\/\/portaltela.pt\/noticias\/2026\/02\/16\/autor-alegado-do-atentado-em-bondi-aparece-pela-primeira-vez-em-tribunal\/#breadcrumb","itemListElement":[{"@type":"ListItem","position":1,"name":"In\u00edcio","item":"https:\/\/portaltela.pt\/"},{"@type":"ListItem","position":2,"name":"Autor alegado do atentado em Bondi aparece pela primeira vez em tribunal"}]},{"@type":"WebSite","@id":"https:\/\/portaltela.pt\/#website","url":"https:\/\/portaltela.pt\/","name":"Portal Tela Portugal","description":"","potentialAction":[{"@type":"SearchAction","target":{"@type":"EntryPoint","urlTemplate":"https:\/\/portaltela.pt\/?s={search_term_string}"},"query-input":{"@type":"PropertyValueSpecification","valueRequired":true,"valueName":"search_term_string"}}],"inLanguage":"pt-PT"},{"@type":"Person","@id":"https:\/\/portaltela.pt\/#\/schema\/person\/c4278d4a6028830caff9ee44b42d32ed","name":"Telinha","image":{"@type":"ImageObject","inLanguage":"pt-PT","@id":"https:\/\/portaltela.pt\/s.01k8rhncp4jt1\/2025\/11\/talking-bot-125x125.png","url":"https:\/\/portaltela.pt\/s.01k8rhncp4jt1\/2025\/11\/talking-bot-125x125.png","contentUrl":"https:\/\/portaltela.pt\/s.01k8rhncp4jt1\/2025\/11\/talking-bot-125x125.png","caption":"Telinha"},"sameAs":["https:\/\/portaltela.pt\/"],"url":"https:\/\/portaltela.pt\/por\/367410592786\/"}]}},"_links":{"self":[{"href":"https:\/\/portaltela.pt\/api\/wp\/v2\/posts\/214043","targetHints":{"allow":["GET"]}}],"collection":[{"href":"https:\/\/portaltela.pt\/api\/wp\/v2\/posts"}],"about":[{"href":"https:\/\/portaltela.pt\/api\/wp\/v2\/types\/post"}],"author":[{"embeddable":true,"href":"https:\/\/portaltela.pt\/api\/wp\/v2\/users\/2"}],"replies":[{"embeddable":true,"href":"https:\/\/portaltela.pt\/api\/wp\/v2\/comments?post=214043"}],"version-history":[{"count":0,"href":"https:\/\/portaltela.pt\/api\/wp\/v2\/posts\/214043\/revisions"}],"wp:featuredmedia":[{"embeddable":true,"href":"https:\/\/portaltela.pt\/api\/wp\/v2\/media\/214045"}],"wp:attachment":[{"href":"https:\/\/portaltela.pt\/api\/wp\/v2\/media?parent=214043"}],"wp:term":[{"taxonomy":"category","embeddable":true,"href":"https:\/\/portaltela.pt\/api\/wp\/v2\/categories?post=214043"},{"taxonomy":"post_tag","embeddable":true,"href":"https:\/\/portaltela.pt\/api\/wp\/v2\/tags?post=214043"}],"curies":[{"name":"wp","href":"https:\/\/api.w.org\/{rel}","templated":true}]}}