{"id":214032,"date":"2026-02-16T04:17:04","date_gmt":"2026-02-16T07:17:04","guid":{"rendered":"https:\/\/portaltela.pt\/noticias\/2026\/02\/16\/ataque-de-drone-ucraniano-causa-incendio-em-porto-russo-no-mar-negro\/"},"modified":"2026-02-16T04:17:04","modified_gmt":"2026-02-16T07:17:04","slug":"ataque-de-drone-ucraniano-causa-incendio-em-porto-russo-no-mar-negro","status":"publish","type":"post","link":"https:\/\/portaltela.pt\/noticias\/internacional\/2026\/02\/16\/ataque-de-drone-ucraniano-causa-incendio-em-porto-russo-no-mar-negro\/","title":{"rendered":"Ataque de drone ucraniano causa inc\u00eandio em porto russo no Mar Negro"},"content":{"rendered":"<p>O ataque de drone de origem ucraniana incendiou parte de um porto russo no Mar Negro, antes de uma nova ronda de negocia\u00e7\u00f5es mediadas pelos EUA. O incidente ocorreu no porto de Taman, na regi\u00e3o de Krasnodar, e resultou em danos a um tanque de petr\u00f3leo, a um armaz\u00e9m e a terminais, com dois feridos segundo o governo regional.<\/p>\n<p>De acordo com o governador Veniamin Kondratyev, as chamas afetaram infraestruturas de armazenamento e carga no porto. Em Odessa, autoridades locais reportaram queda de destro\u00e7os de drones russos que danificaram estruturas civis e de transporte, prejudicando o fornecimento de energia e \u00e1gua aos residentes.<\/p>\n<h3>Novo ciclo de negocia\u00e7\u00f5es em Genebra<\/h3>\n<p>Estas a\u00e7\u00f5es ocorrem em v\u00e9spera de uma nova ronda de conversa\u00e7\u00f5es entre enviados da R\u00fassia e da Ucr\u00e2nia, mediadas pelos Estados Unidos, marcada para ter\u00e7a e quarta-feira em Genebra. O objetivo \u00e9 avan\u00e7ar nas discuss\u00f5es para p\u00f4r fim \u00e0 guerra, que se iniciou a 24 de fevereiro de 2022.<\/p>\n<p>O ataque surge, ainda, num contexto de tens\u00e3o energ\u00e9tica. Kiev afirma que ataques a instala\u00e7\u00f5es russas visam dificultar a capta\u00e7\u00e3o de receitas das exporta\u00e7\u00f5es de petr\u00f3leo para sustentar a ofensiva. Moscovo tem respondido com a\u00e7\u00f5es que visam desestabilizar a rede el\u00e9trica ucraniana, com impactos na vida quotidiana da popula\u00e7\u00e3o.<\/p>\n<h3>Perspectivas e posi\u00e7\u00f5es internacionais<\/h3>\n<p>Durante a Confer\u00eancia de Seguran\u00e7a de Munique, o presidente ucraniano sinalizou d\u00favidas sobre garantias futuras de seguran\u00e7a em qualquer acordo de paz. A l\u00edder da pol\u00edtica externa da UE, Kaja Kallas, alertou que a R\u00fassia pode tentar obter ganhos diplom\u00e1ticos dif\u00edceis de confirmar no terreno, esperando concess\u00f5es dos EUA na mesa de negocia\u00e7\u00f5es.<\/p>\n<p>As \u00faltimas tentativas de media\u00e7\u00e3o lideradas pelos EUA, incluindo negocia\u00e7\u00f5es em Abu Dhabi, n\u00e3o chegaram a uma conclus\u00e3o sobre quest\u00f5es centrais, como o estatuto do Donbass, n\u00facleo industrial da Ucr\u00e2nia sob controlo russo em grande parte.<\/p>\n","protected":false},"excerpt":{"rendered":"<ul>\n<li>Um ataque de drone ucraniano atingiu o porto de Taman, no Mar Negro, provocando inc\u00eandios e danos a um tanque de armazenamento de petr\u00f3leo, a um armaz\u00e9m e a terminais; ficaram feridas duas pessoas.<\/li>\n<li>Em Odessa, a queda de destro\u00e7os de drones russos danificou infraestruturas civis e de transporte, causando perturba\u00e7\u00f5es no fornecimento de energia e \u00e1gua.<\/li>\n<li>Os ataques ocorrem antes de uma nova ronda de negocia\u00e7\u00f5es entre Russia e Ucr\u00e2nia, mediadas pelos EUA, marcada para Genebra na pr\u00f3xima ter\u00e7a e quarta-feira.<\/li>\n<li>O presidente ucraniano, Volodymyr Zelenskyy, disse que as garantias de seguran\u00e7a permanecem em aberto; a senadora Jeanne Shaheen pediu garantias reais num poss\u00edvel acordo de paz.<\/li>\n<li>A chefe da pol\u00edtica externa da Uni\u00e3o Europeia, Kaja Kallas, alertou que a R\u00fassia busca ganhos diplom\u00e1ticos e que a Europa precisa de concess\u00f5es para uma paz est\u00e1vel, incluindo quest\u00f5es ligadas a Donbass e san\u00e7\u00f5es.<\/li>\n<\/ul>\n","protected":false},"author":2,"featured_media":214035,"comment_status":"closed","ping_status":"closed","sticky":false,"template":"","format":"standard","meta":{"footnotes":""},"categories":[4,1],"tags":[2198,5451,174,1438,2036,5013],"class_list":["post-214032","post","type-post","status-publish","format-standard","has-post-thumbnail","hentry","category-internacional","category-noticias","tag-conflitos-internacionais","tag-donbass","tag-energia","tag-incendio","tag-negociacoes-internacionais","tag-portos"],"yoast_head":"<!-- This site is optimized with the Yoast SEO plugin v27.2 - https:\/\/yoast.com\/product\/yoast-seo-wordpress\/ -->\n<title>Ataque de drone ucraniano causa inc\u00eandio em porto russo no Mar Negro - Portal Tela Portugal<\/title>\n<meta name=\"robots\" content=\"index, follow, max-snippet:-1, max-image-preview:large, max-video-preview:-1\" \/>\n<meta property=\"og:locale\" content=\"pt_PT\" \/>\n<meta property=\"og:type\" content=\"article\" \/>\n<meta property=\"og:title\" content=\"Ataque de drone ucraniano causa inc\u00eandio em porto russo no Mar Negro - Portal Tela Portugal\" \/>\n<meta property=\"og:description\" content=\"Um ataque de drone ucraniano atingiu o porto de Taman, no Mar Negro, provocando inc\u00eandios e danos a um tanque de armazenamento de petr\u00f3leo, a um armaz\u00e9m e a terminais; ficaram feridas duas pessoas. Em Odessa, a queda de destro\u00e7os de drones russos danificou infraestruturas civis e de transporte, causando perturba\u00e7\u00f5es no fornecimento de energia e \u00e1gua. Os ataques ocorrem antes de uma nova ronda de negocia\u00e7\u00f5es entre Russia e Ucr\u00e2nia, mediadas pelos EUA, marcada para Genebra na pr\u00f3xima ter\u00e7a e quarta-feira. O presidente ucraniano, Volodymyr Zelenskyy, disse que as garantias de seguran\u00e7a permanecem em aberto; a senadora Jeanne Shaheen pediu garantias reais num poss\u00edvel acordo de paz. A chefe da pol\u00edtica externa da Uni\u00e3o Europeia, Kaja Kallas, alertou que a R\u00fassia busca ganhos diplom\u00e1ticos e que a Europa precisa de concess\u00f5es para uma paz est\u00e1vel, incluindo quest\u00f5es ligadas a Donbass e san\u00e7\u00f5es.\" \/>\n<meta property=\"og:url\" content=\"https:\/\/portaltela.pt\/noticias\/2026\/02\/16\/ataque-de-drone-ucraniano-causa-incendio-em-porto-russo-no-mar-negro\/\" \/>\n<meta property=\"og:site_name\" content=\"Portal Tela Portugal\" \/>\n<meta property=\"article:published_time\" content=\"2026-02-16T07:17:04+00:00\" \/>\n<meta name=\"author\" content=\"Telinha\" \/>\n<meta name=\"twitter:card\" content=\"summary_large_image\" \/>\n<meta name=\"twitter:label1\" content=\"Escrito por\" \/>\n\t<meta name=\"twitter:data1\" content=\"Telinha\" \/>\n\t<meta name=\"twitter:label2\" content=\"Tempo estimado de leitura\" \/>\n\t<meta name=\"twitter:data2\" content=\"2 minutos\" \/>\n<script type=\"application\/ld+json\" class=\"yoast-schema-graph\">{\"@context\":\"https:\/\/schema.org\",\"@graph\":[{\"@type\":\"Article\",\"@id\":\"https:\/\/portaltela.pt\/noticias\/2026\/02\/16\/ataque-de-drone-ucraniano-causa-incendio-em-porto-russo-no-mar-negro\/#article\",\"isPartOf\":{\"@id\":\"https:\/\/portaltela.pt\/noticias\/2026\/02\/16\/ataque-de-drone-ucraniano-causa-incendio-em-porto-russo-no-mar-negro\/\"},\"author\":{\"name\":\"Telinha\",\"@id\":\"https:\/\/portaltela.pt\/#\/schema\/person\/c4278d4a6028830caff9ee44b42d32ed\"},\"headline\":\"Ataque de drone ucraniano causa inc\u00eandio em porto russo no Mar Negro\",\"datePublished\":\"2026-02-16T07:17:04+00:00\",\"mainEntityOfPage\":{\"@id\":\"https:\/\/portaltela.pt\/noticias\/2026\/02\/16\/ataque-de-drone-ucraniano-causa-incendio-em-porto-russo-no-mar-negro\/\"},\"wordCount\":352,\"image\":{\"@id\":\"https:\/\/portaltela.pt\/noticias\/2026\/02\/16\/ataque-de-drone-ucraniano-causa-incendio-em-porto-russo-no-mar-negro\/#primaryimage\"},\"thumbnailUrl\":\"https:\/\/portaltela.pt\/s.01k8rhncp4jt1\/2026\/02\/1536x864_cmsv2_34af4e7b-6ffd-5675-abda-3574c9f70058-7800642.jpg\",\"keywords\":[\"conflitos internacionais\",\"Donbass\",\"energia\",\"inc\u00eandio\",\"negocia\u00e7\u00f5es internacionais\",\"Portos\"],\"articleSection\":[\"Internacional\",\"Not\u00edcias\"],\"inLanguage\":\"pt-PT\"},{\"@type\":\"WebPage\",\"@id\":\"https:\/\/portaltela.pt\/noticias\/2026\/02\/16\/ataque-de-drone-ucraniano-causa-incendio-em-porto-russo-no-mar-negro\/\",\"url\":\"https:\/\/portaltela.pt\/noticias\/2026\/02\/16\/ataque-de-drone-ucraniano-causa-incendio-em-porto-russo-no-mar-negro\/\",\"name\":\"Ataque de drone ucraniano causa inc\u00eandio em porto russo no Mar Negro - Portal Tela Portugal\",\"isPartOf\":{\"@id\":\"https:\/\/portaltela.pt\/#website\"},\"primaryImageOfPage\":{\"@id\":\"https:\/\/portaltela.pt\/noticias\/2026\/02\/16\/ataque-de-drone-ucraniano-causa-incendio-em-porto-russo-no-mar-negro\/#primaryimage\"},\"image\":{\"@id\":\"https:\/\/portaltela.pt\/noticias\/2026\/02\/16\/ataque-de-drone-ucraniano-causa-incendio-em-porto-russo-no-mar-negro\/#primaryimage\"},\"thumbnailUrl\":\"https:\/\/portaltela.pt\/s.01k8rhncp4jt1\/2026\/02\/1536x864_cmsv2_34af4e7b-6ffd-5675-abda-3574c9f70058-7800642.jpg\",\"datePublished\":\"2026-02-16T07:17:04+00:00\",\"author\":{\"@id\":\"https:\/\/portaltela.pt\/#\/schema\/person\/c4278d4a6028830caff9ee44b42d32ed\"},\"breadcrumb\":{\"@id\":\"https:\/\/portaltela.pt\/noticias\/2026\/02\/16\/ataque-de-drone-ucraniano-causa-incendio-em-porto-russo-no-mar-negro\/#breadcrumb\"},\"inLanguage\":\"pt-PT\",\"potentialAction\":[{\"@type\":\"ReadAction\",\"target\":[\"https:\/\/portaltela.pt\/noticias\/2026\/02\/16\/ataque-de-drone-ucraniano-causa-incendio-em-porto-russo-no-mar-negro\/\"]}]},{\"@type\":\"ImageObject\",\"inLanguage\":\"pt-PT\",\"@id\":\"https:\/\/portaltela.pt\/noticias\/2026\/02\/16\/ataque-de-drone-ucraniano-causa-incendio-em-porto-russo-no-mar-negro\/#primaryimage\",\"url\":\"https:\/\/portaltela.pt\/s.01k8rhncp4jt1\/2026\/02\/1536x864_cmsv2_34af4e7b-6ffd-5675-abda-3574c9f70058-7800642.jpg\",\"contentUrl\":\"https:\/\/portaltela.pt\/s.01k8rhncp4jt1\/2026\/02\/1536x864_cmsv2_34af4e7b-6ffd-5675-abda-3574c9f70058-7800642.jpg\",\"width\":796,\"height\":448,\"caption\":\"ARQUIVO - Nesta imagem retirada de um v\u00eddeo divulgado na sexta-feira, 4 de agosto de 2023, um drone faz manobras enquanto se aproxima de uma embarca\u00e7\u00e3o que se diz ser um grande navio de desembarque russo\"},{\"@type\":\"BreadcrumbList\",\"@id\":\"https:\/\/portaltela.pt\/noticias\/2026\/02\/16\/ataque-de-drone-ucraniano-causa-incendio-em-porto-russo-no-mar-negro\/#breadcrumb\",\"itemListElement\":[{\"@type\":\"ListItem\",\"position\":1,\"name\":\"In\u00edcio\",\"item\":\"https:\/\/portaltela.pt\/\"},{\"@type\":\"ListItem\",\"position\":2,\"name\":\"Ataque de drone ucraniano causa inc\u00eandio em porto russo no Mar Negro\"}]},{\"@type\":\"WebSite\",\"@id\":\"https:\/\/portaltela.pt\/#website\",\"url\":\"https:\/\/portaltela.pt\/\",\"name\":\"Portal Tela Portugal\",\"description\":\"\",\"potentialAction\":[{\"@type\":\"SearchAction\",\"target\":{\"@type\":\"EntryPoint\",\"urlTemplate\":\"https:\/\/portaltela.pt\/?s={search_term_string}\"},\"query-input\":{\"@type\":\"PropertyValueSpecification\",\"valueRequired\":true,\"valueName\":\"search_term_string\"}}],\"inLanguage\":\"pt-PT\"},{\"@type\":\"Person\",\"@id\":\"https:\/\/portaltela.pt\/#\/schema\/person\/c4278d4a6028830caff9ee44b42d32ed\",\"name\":\"Telinha\",\"image\":{\"@type\":\"ImageObject\",\"inLanguage\":\"pt-PT\",\"@id\":\"https:\/\/portaltela.pt\/s.01k8rhncp4jt1\/2025\/11\/talking-bot-125x125.png\",\"url\":\"https:\/\/portaltela.pt\/s.01k8rhncp4jt1\/2025\/11\/talking-bot-125x125.png\",\"contentUrl\":\"https:\/\/portaltela.pt\/s.01k8rhncp4jt1\/2025\/11\/talking-bot-125x125.png\",\"caption\":\"Telinha\"},\"sameAs\":[\"https:\/\/portaltela.pt\/\"],\"url\":\"https:\/\/portaltela.pt\/por\/367410592786\/\"}]}<\/script>\n<!-- \/ Yoast SEO plugin. -->","yoast_head_json":{"title":"Ataque de drone ucraniano causa inc\u00eandio em porto russo no Mar Negro - Portal Tela Portugal","robots":{"index":"index","follow":"follow","max-snippet":"max-snippet:-1","max-image-preview":"max-image-preview:large","max-video-preview":"max-video-preview:-1"},"og_locale":"pt_PT","og_type":"article","og_title":"Ataque de drone ucraniano causa inc\u00eandio em porto russo no Mar Negro - Portal Tela Portugal","og_description":"Um ataque de drone ucraniano atingiu o porto de Taman, no Mar Negro, provocando inc\u00eandios e danos a um tanque de armazenamento de petr\u00f3leo, a um armaz\u00e9m e a terminais; ficaram feridas duas pessoas. Em Odessa, a queda de destro\u00e7os de drones russos danificou infraestruturas civis e de transporte, causando perturba\u00e7\u00f5es no fornecimento de energia e \u00e1gua. Os ataques ocorrem antes de uma nova ronda de negocia\u00e7\u00f5es entre Russia e Ucr\u00e2nia, mediadas pelos EUA, marcada para Genebra na pr\u00f3xima ter\u00e7a e quarta-feira. O presidente ucraniano, Volodymyr Zelenskyy, disse que as garantias de seguran\u00e7a permanecem em aberto; a senadora Jeanne Shaheen pediu garantias reais num poss\u00edvel acordo de paz. A chefe da pol\u00edtica externa da Uni\u00e3o Europeia, Kaja Kallas, alertou que a R\u00fassia busca ganhos diplom\u00e1ticos e que a Europa precisa de concess\u00f5es para uma paz est\u00e1vel, incluindo quest\u00f5es ligadas a Donbass e san\u00e7\u00f5es.","og_url":"https:\/\/portaltela.pt\/noticias\/2026\/02\/16\/ataque-de-drone-ucraniano-causa-incendio-em-porto-russo-no-mar-negro\/","og_site_name":"Portal Tela Portugal","article_published_time":"2026-02-16T07:17:04+00:00","author":"Telinha","twitter_card":"summary_large_image","twitter_misc":{"Escrito por":"Telinha","Tempo estimado de leitura":"2 minutos"},"schema":{"@context":"https:\/\/schema.org","@graph":[{"@type":"Article","@id":"https:\/\/portaltela.pt\/noticias\/2026\/02\/16\/ataque-de-drone-ucraniano-causa-incendio-em-porto-russo-no-mar-negro\/#article","isPartOf":{"@id":"https:\/\/portaltela.pt\/noticias\/2026\/02\/16\/ataque-de-drone-ucraniano-causa-incendio-em-porto-russo-no-mar-negro\/"},"author":{"name":"Telinha","@id":"https:\/\/portaltela.pt\/#\/schema\/person\/c4278d4a6028830caff9ee44b42d32ed"},"headline":"Ataque de drone ucraniano causa inc\u00eandio em porto russo no Mar Negro","datePublished":"2026-02-16T07:17:04+00:00","mainEntityOfPage":{"@id":"https:\/\/portaltela.pt\/noticias\/2026\/02\/16\/ataque-de-drone-ucraniano-causa-incendio-em-porto-russo-no-mar-negro\/"},"wordCount":352,"image":{"@id":"https:\/\/portaltela.pt\/noticias\/2026\/02\/16\/ataque-de-drone-ucraniano-causa-incendio-em-porto-russo-no-mar-negro\/#primaryimage"},"thumbnailUrl":"https:\/\/portaltela.pt\/s.01k8rhncp4jt1\/2026\/02\/1536x864_cmsv2_34af4e7b-6ffd-5675-abda-3574c9f70058-7800642.jpg","keywords":["conflitos internacionais","Donbass","energia","inc\u00eandio","negocia\u00e7\u00f5es internacionais","Portos"],"articleSection":["Internacional","Not\u00edcias"],"inLanguage":"pt-PT"},{"@type":"WebPage","@id":"https:\/\/portaltela.pt\/noticias\/2026\/02\/16\/ataque-de-drone-ucraniano-causa-incendio-em-porto-russo-no-mar-negro\/","url":"https:\/\/portaltela.pt\/noticias\/2026\/02\/16\/ataque-de-drone-ucraniano-causa-incendio-em-porto-russo-no-mar-negro\/","name":"Ataque de drone ucraniano causa inc\u00eandio em porto russo no Mar Negro - Portal Tela Portugal","isPartOf":{"@id":"https:\/\/portaltela.pt\/#website"},"primaryImageOfPage":{"@id":"https:\/\/portaltela.pt\/noticias\/2026\/02\/16\/ataque-de-drone-ucraniano-causa-incendio-em-porto-russo-no-mar-negro\/#primaryimage"},"image":{"@id":"https:\/\/portaltela.pt\/noticias\/2026\/02\/16\/ataque-de-drone-ucraniano-causa-incendio-em-porto-russo-no-mar-negro\/#primaryimage"},"thumbnailUrl":"https:\/\/portaltela.pt\/s.01k8rhncp4jt1\/2026\/02\/1536x864_cmsv2_34af4e7b-6ffd-5675-abda-3574c9f70058-7800642.jpg","datePublished":"2026-02-16T07:17:04+00:00","author":{"@id":"https:\/\/portaltela.pt\/#\/schema\/person\/c4278d4a6028830caff9ee44b42d32ed"},"breadcrumb":{"@id":"https:\/\/portaltela.pt\/noticias\/2026\/02\/16\/ataque-de-drone-ucraniano-causa-incendio-em-porto-russo-no-mar-negro\/#breadcrumb"},"inLanguage":"pt-PT","potentialAction":[{"@type":"ReadAction","target":["https:\/\/portaltela.pt\/noticias\/2026\/02\/16\/ataque-de-drone-ucraniano-causa-incendio-em-porto-russo-no-mar-negro\/"]}]},{"@type":"ImageObject","inLanguage":"pt-PT","@id":"https:\/\/portaltela.pt\/noticias\/2026\/02\/16\/ataque-de-drone-ucraniano-causa-incendio-em-porto-russo-no-mar-negro\/#primaryimage","url":"https:\/\/portaltela.pt\/s.01k8rhncp4jt1\/2026\/02\/1536x864_cmsv2_34af4e7b-6ffd-5675-abda-3574c9f70058-7800642.jpg","contentUrl":"https:\/\/portaltela.pt\/s.01k8rhncp4jt1\/2026\/02\/1536x864_cmsv2_34af4e7b-6ffd-5675-abda-3574c9f70058-7800642.jpg","width":796,"height":448,"caption":"ARQUIVO - Nesta imagem retirada de um v\u00eddeo divulgado na sexta-feira, 4 de agosto de 2023, um drone faz manobras enquanto se aproxima de uma embarca\u00e7\u00e3o que se diz ser um grande navio de desembarque russo"},{"@type":"BreadcrumbList","@id":"https:\/\/portaltela.pt\/noticias\/2026\/02\/16\/ataque-de-drone-ucraniano-causa-incendio-em-porto-russo-no-mar-negro\/#breadcrumb","itemListElement":[{"@type":"ListItem","position":1,"name":"In\u00edcio","item":"https:\/\/portaltela.pt\/"},{"@type":"ListItem","position":2,"name":"Ataque de drone ucraniano causa inc\u00eandio em porto russo no Mar Negro"}]},{"@type":"WebSite","@id":"https:\/\/portaltela.pt\/#website","url":"https:\/\/portaltela.pt\/","name":"Portal Tela Portugal","description":"","potentialAction":[{"@type":"SearchAction","target":{"@type":"EntryPoint","urlTemplate":"https:\/\/portaltela.pt\/?s={search_term_string}"},"query-input":{"@type":"PropertyValueSpecification","valueRequired":true,"valueName":"search_term_string"}}],"inLanguage":"pt-PT"},{"@type":"Person","@id":"https:\/\/portaltela.pt\/#\/schema\/person\/c4278d4a6028830caff9ee44b42d32ed","name":"Telinha","image":{"@type":"ImageObject","inLanguage":"pt-PT","@id":"https:\/\/portaltela.pt\/s.01k8rhncp4jt1\/2025\/11\/talking-bot-125x125.png","url":"https:\/\/portaltela.pt\/s.01k8rhncp4jt1\/2025\/11\/talking-bot-125x125.png","contentUrl":"https:\/\/portaltela.pt\/s.01k8rhncp4jt1\/2025\/11\/talking-bot-125x125.png","caption":"Telinha"},"sameAs":["https:\/\/portaltela.pt\/"],"url":"https:\/\/portaltela.pt\/por\/367410592786\/"}]}},"_links":{"self":[{"href":"https:\/\/portaltela.pt\/api\/wp\/v2\/posts\/214032","targetHints":{"allow":["GET"]}}],"collection":[{"href":"https:\/\/portaltela.pt\/api\/wp\/v2\/posts"}],"about":[{"href":"https:\/\/portaltela.pt\/api\/wp\/v2\/types\/post"}],"author":[{"embeddable":true,"href":"https:\/\/portaltela.pt\/api\/wp\/v2\/users\/2"}],"replies":[{"embeddable":true,"href":"https:\/\/portaltela.pt\/api\/wp\/v2\/comments?post=214032"}],"version-history":[{"count":0,"href":"https:\/\/portaltela.pt\/api\/wp\/v2\/posts\/214032\/revisions"}],"wp:featuredmedia":[{"embeddable":true,"href":"https:\/\/portaltela.pt\/api\/wp\/v2\/media\/214035"}],"wp:attachment":[{"href":"https:\/\/portaltela.pt\/api\/wp\/v2\/media?parent=214032"}],"wp:term":[{"taxonomy":"category","embeddable":true,"href":"https:\/\/portaltela.pt\/api\/wp\/v2\/categories?post=214032"},{"taxonomy":"post_tag","embeddable":true,"href":"https:\/\/portaltela.pt\/api\/wp\/v2\/tags?post=214032"}],"curies":[{"name":"wp","href":"https:\/\/api.w.org\/{rel}","templated":true}]}}