{"id":214023,"date":"2026-02-16T03:45:00","date_gmt":"2026-02-16T06:45:00","guid":{"rendered":"https:\/\/portaltela.pt\/noticias\/2026\/02\/16\/equipe-do-presidente-seguro-e-composta-por-homens-e-mulheres\/"},"modified":"2026-02-16T03:45:00","modified_gmt":"2026-02-16T06:45:00","slug":"equipe-do-presidente-seguro-e-composta-por-homens-e-mulheres","status":"publish","type":"post","link":"https:\/\/portaltela.pt\/noticias\/politica\/2026\/02\/16\/equipe-do-presidente-seguro-e-composta-por-homens-e-mulheres\/","title":{"rendered":"Equipe do Presidente Seguro \u00e9 composta por homens e mulheres"},"content":{"rendered":"<p>Os homens e as mulheres que acompanharam Ant\u00f3nio Jos\u00e9 Seguro s\u00e3o o tema de uma leitura sobre a composi\u00e7\u00e3o da sua equipa durante a campanha. O debate persiste sobre quem moldou o desenho estrat\u00e9gico.<\/p>\n<p>H\u00e1 quem afirme que Seguro teve o papel central na condu\u00e7\u00e3o da campanha, atuando tamb\u00e9m como diretor da pr\u00f3pria candidatura. Essa leitura sugere controlo pr\u00f3ximo do processo desde o arranque.<\/p>\n<p>De acordo com algumas leituras, o grupo pr\u00f3ximo ao candidato n\u00e3o integrou as estruturas medi\u00e1ticas tradicionais, reunindo-se de forma discreta em v\u00e1rias fases da campanha para orientar decis\u00f5es estrat\u00e9gicas.<\/p>\n","protected":false},"excerpt":{"rendered":"<ul>\n<li>O Presidente eleito ainda pondera quem vai para Bel\u00e9m e analisa a Casa Civil e Militar.<\/li>\n<li>H\u00e1 foco em ativos da campanha que n\u00e3o s\u00e3o medi\u00e1ticos.<\/li>\n<li>Afirma-se que Ant\u00f3nio Jos\u00e9 Seguro foi candidato e director da pr\u00f3pria campanha, mantendo controlo total do processo.<\/li>\n<li>Cercou-se de pessoas que n\u00e3o tinham visibilidade na comunica\u00e7\u00e3o social.<\/li>\n<li>Em alguns momentos, Seguro atuou como o seu pr\u00f3prio assessor de m\u00faltiplas tarefas.<\/li>\n<\/ul>\n","protected":false},"author":2,"featured_media":214026,"comment_status":"closed","ping_status":"closed","sticky":false,"template":"","format":"standard","meta":{"footnotes":""},"categories":[1,5],"tags":[823,1748,3728,136,2832,30],"class_list":["post-214023","post","type-post","status-publish","format-standard","has-post-thumbnail","hentry","category-noticias","category-politica","tag-campanha","tag-dirigentes","tag-liderancas","tag-organizacoes","tag-politica","tag-presidente"],"yoast_head":"<!-- This site is optimized with the Yoast SEO plugin v27.2 - https:\/\/yoast.com\/product\/yoast-seo-wordpress\/ -->\n<title>Equipe do Presidente Seguro \u00e9 composta por homens e mulheres - Portal Tela Portugal<\/title>\n<meta name=\"robots\" content=\"index, follow, max-snippet:-1, max-image-preview:large, max-video-preview:-1\" \/>\n<meta property=\"og:locale\" content=\"pt_PT\" \/>\n<meta property=\"og:type\" content=\"article\" \/>\n<meta property=\"og:title\" content=\"Equipe do Presidente Seguro \u00e9 composta por homens e mulheres - Portal Tela Portugal\" \/>\n<meta property=\"og:description\" content=\"O Presidente eleito ainda pondera quem vai para Bel\u00e9m e analisa a Casa Civil e Militar. H\u00e1 foco em ativos da campanha que n\u00e3o s\u00e3o medi\u00e1ticos. Afirma-se que Ant\u00f3nio Jos\u00e9 Seguro foi candidato e director da pr\u00f3pria campanha, mantendo controlo total do processo. Cercou-se de pessoas que n\u00e3o tinham visibilidade na comunica\u00e7\u00e3o social. Em alguns momentos, Seguro atuou como o seu pr\u00f3prio assessor de m\u00faltiplas tarefas.\" \/>\n<meta property=\"og:url\" content=\"https:\/\/portaltela.pt\/noticias\/2026\/02\/16\/equipe-do-presidente-seguro-e-composta-por-homens-e-mulheres\/\" \/>\n<meta property=\"og:site_name\" content=\"Portal Tela Portugal\" \/>\n<meta property=\"article:published_time\" content=\"2026-02-16T06:45:00+00:00\" \/>\n<meta name=\"author\" content=\"Telinha\" \/>\n<meta name=\"twitter:card\" content=\"summary_large_image\" \/>\n<meta name=\"twitter:label1\" content=\"Escrito por\" \/>\n\t<meta name=\"twitter:data1\" content=\"Telinha\" \/>\n\t<meta name=\"twitter:label2\" content=\"Tempo estimado de leitura\" \/>\n\t<meta name=\"twitter:data2\" content=\"1 minuto\" \/>\n<script type=\"application\/ld+json\" class=\"yoast-schema-graph\">{\"@context\":\"https:\/\/schema.org\",\"@graph\":[{\"@type\":\"Article\",\"@id\":\"https:\/\/portaltela.pt\/noticias\/2026\/02\/16\/equipe-do-presidente-seguro-e-composta-por-homens-e-mulheres\/#article\",\"isPartOf\":{\"@id\":\"https:\/\/portaltela.pt\/noticias\/2026\/02\/16\/equipe-do-presidente-seguro-e-composta-por-homens-e-mulheres\/\"},\"author\":{\"name\":\"Telinha\",\"@id\":\"https:\/\/portaltela.pt\/#\/schema\/person\/c4278d4a6028830caff9ee44b42d32ed\"},\"headline\":\"Equipe do Presidente Seguro \u00e9 composta por homens e mulheres\",\"datePublished\":\"2026-02-16T06:45:00+00:00\",\"mainEntityOfPage\":{\"@id\":\"https:\/\/portaltela.pt\/noticias\/2026\/02\/16\/equipe-do-presidente-seguro-e-composta-por-homens-e-mulheres\/\"},\"wordCount\":116,\"image\":{\"@id\":\"https:\/\/portaltela.pt\/noticias\/2026\/02\/16\/equipe-do-presidente-seguro-e-composta-por-homens-e-mulheres\/#primaryimage\"},\"thumbnailUrl\":\"https:\/\/portaltela.pt\/s.01k8rhncp4jt1\/2026\/02\/2067517.jpg\",\"keywords\":[\"campanha\",\"Dirigentes\",\"lideran\u00e7as\",\"organiza\u00e7\u00f5es\",\"pol\u00edtica\",\"presidente\"],\"articleSection\":[\"Not\u00edcias\",\"Pol\u00edtica\"],\"inLanguage\":\"pt-PT\"},{\"@type\":\"WebPage\",\"@id\":\"https:\/\/portaltela.pt\/noticias\/2026\/02\/16\/equipe-do-presidente-seguro-e-composta-por-homens-e-mulheres\/\",\"url\":\"https:\/\/portaltela.pt\/noticias\/2026\/02\/16\/equipe-do-presidente-seguro-e-composta-por-homens-e-mulheres\/\",\"name\":\"Equipe do Presidente Seguro \u00e9 composta por homens e mulheres - Portal Tela Portugal\",\"isPartOf\":{\"@id\":\"https:\/\/portaltela.pt\/#website\"},\"primaryImageOfPage\":{\"@id\":\"https:\/\/portaltela.pt\/noticias\/2026\/02\/16\/equipe-do-presidente-seguro-e-composta-por-homens-e-mulheres\/#primaryimage\"},\"image\":{\"@id\":\"https:\/\/portaltela.pt\/noticias\/2026\/02\/16\/equipe-do-presidente-seguro-e-composta-por-homens-e-mulheres\/#primaryimage\"},\"thumbnailUrl\":\"https:\/\/portaltela.pt\/s.01k8rhncp4jt1\/2026\/02\/2067517.jpg\",\"datePublished\":\"2026-02-16T06:45:00+00:00\",\"author\":{\"@id\":\"https:\/\/portaltela.pt\/#\/schema\/person\/c4278d4a6028830caff9ee44b42d32ed\"},\"breadcrumb\":{\"@id\":\"https:\/\/portaltela.pt\/noticias\/2026\/02\/16\/equipe-do-presidente-seguro-e-composta-por-homens-e-mulheres\/#breadcrumb\"},\"inLanguage\":\"pt-PT\",\"potentialAction\":[{\"@type\":\"ReadAction\",\"target\":[\"https:\/\/portaltela.pt\/noticias\/2026\/02\/16\/equipe-do-presidente-seguro-e-composta-por-homens-e-mulheres\/\"]}]},{\"@type\":\"ImageObject\",\"inLanguage\":\"pt-PT\",\"@id\":\"https:\/\/portaltela.pt\/noticias\/2026\/02\/16\/equipe-do-presidente-seguro-e-composta-por-homens-e-mulheres\/#primaryimage\",\"url\":\"https:\/\/portaltela.pt\/s.01k8rhncp4jt1\/2026\/02\/2067517.jpg\",\"contentUrl\":\"https:\/\/portaltela.pt\/s.01k8rhncp4jt1\/2026\/02\/2067517.jpg\",\"width\":796,\"height\":448,\"caption\":\"Ant\u00f3nio Jos\u00e9 Seguro, Presidente eleito, no gabinete do Pal\u00e1cio Nacional de Queluz\"},{\"@type\":\"BreadcrumbList\",\"@id\":\"https:\/\/portaltela.pt\/noticias\/2026\/02\/16\/equipe-do-presidente-seguro-e-composta-por-homens-e-mulheres\/#breadcrumb\",\"itemListElement\":[{\"@type\":\"ListItem\",\"position\":1,\"name\":\"In\u00edcio\",\"item\":\"https:\/\/portaltela.pt\/\"},{\"@type\":\"ListItem\",\"position\":2,\"name\":\"Equipe do Presidente Seguro \u00e9 composta por homens e mulheres\"}]},{\"@type\":\"WebSite\",\"@id\":\"https:\/\/portaltela.pt\/#website\",\"url\":\"https:\/\/portaltela.pt\/\",\"name\":\"Portal Tela Portugal\",\"description\":\"\",\"potentialAction\":[{\"@type\":\"SearchAction\",\"target\":{\"@type\":\"EntryPoint\",\"urlTemplate\":\"https:\/\/portaltela.pt\/?s={search_term_string}\"},\"query-input\":{\"@type\":\"PropertyValueSpecification\",\"valueRequired\":true,\"valueName\":\"search_term_string\"}}],\"inLanguage\":\"pt-PT\"},{\"@type\":\"Person\",\"@id\":\"https:\/\/portaltela.pt\/#\/schema\/person\/c4278d4a6028830caff9ee44b42d32ed\",\"name\":\"Telinha\",\"image\":{\"@type\":\"ImageObject\",\"inLanguage\":\"pt-PT\",\"@id\":\"https:\/\/portaltela.pt\/s.01k8rhncp4jt1\/2025\/11\/talking-bot-125x125.png\",\"url\":\"https:\/\/portaltela.pt\/s.01k8rhncp4jt1\/2025\/11\/talking-bot-125x125.png\",\"contentUrl\":\"https:\/\/portaltela.pt\/s.01k8rhncp4jt1\/2025\/11\/talking-bot-125x125.png\",\"caption\":\"Telinha\"},\"sameAs\":[\"https:\/\/portaltela.pt\/\"],\"url\":\"https:\/\/portaltela.pt\/por\/367410592786\/\"}]}<\/script>\n<!-- \/ Yoast SEO plugin. -->","yoast_head_json":{"title":"Equipe do Presidente Seguro \u00e9 composta por homens e mulheres - Portal Tela Portugal","robots":{"index":"index","follow":"follow","max-snippet":"max-snippet:-1","max-image-preview":"max-image-preview:large","max-video-preview":"max-video-preview:-1"},"og_locale":"pt_PT","og_type":"article","og_title":"Equipe do Presidente Seguro \u00e9 composta por homens e mulheres - Portal Tela Portugal","og_description":"O Presidente eleito ainda pondera quem vai para Bel\u00e9m e analisa a Casa Civil e Militar. H\u00e1 foco em ativos da campanha que n\u00e3o s\u00e3o medi\u00e1ticos. Afirma-se que Ant\u00f3nio Jos\u00e9 Seguro foi candidato e director da pr\u00f3pria campanha, mantendo controlo total do processo. Cercou-se de pessoas que n\u00e3o tinham visibilidade na comunica\u00e7\u00e3o social. Em alguns momentos, Seguro atuou como o seu pr\u00f3prio assessor de m\u00faltiplas tarefas.","og_url":"https:\/\/portaltela.pt\/noticias\/2026\/02\/16\/equipe-do-presidente-seguro-e-composta-por-homens-e-mulheres\/","og_site_name":"Portal Tela Portugal","article_published_time":"2026-02-16T06:45:00+00:00","author":"Telinha","twitter_card":"summary_large_image","twitter_misc":{"Escrito por":"Telinha","Tempo estimado de leitura":"1 minuto"},"schema":{"@context":"https:\/\/schema.org","@graph":[{"@type":"Article","@id":"https:\/\/portaltela.pt\/noticias\/2026\/02\/16\/equipe-do-presidente-seguro-e-composta-por-homens-e-mulheres\/#article","isPartOf":{"@id":"https:\/\/portaltela.pt\/noticias\/2026\/02\/16\/equipe-do-presidente-seguro-e-composta-por-homens-e-mulheres\/"},"author":{"name":"Telinha","@id":"https:\/\/portaltela.pt\/#\/schema\/person\/c4278d4a6028830caff9ee44b42d32ed"},"headline":"Equipe do Presidente Seguro \u00e9 composta por homens e mulheres","datePublished":"2026-02-16T06:45:00+00:00","mainEntityOfPage":{"@id":"https:\/\/portaltela.pt\/noticias\/2026\/02\/16\/equipe-do-presidente-seguro-e-composta-por-homens-e-mulheres\/"},"wordCount":116,"image":{"@id":"https:\/\/portaltela.pt\/noticias\/2026\/02\/16\/equipe-do-presidente-seguro-e-composta-por-homens-e-mulheres\/#primaryimage"},"thumbnailUrl":"https:\/\/portaltela.pt\/s.01k8rhncp4jt1\/2026\/02\/2067517.jpg","keywords":["campanha","Dirigentes","lideran\u00e7as","organiza\u00e7\u00f5es","pol\u00edtica","presidente"],"articleSection":["Not\u00edcias","Pol\u00edtica"],"inLanguage":"pt-PT"},{"@type":"WebPage","@id":"https:\/\/portaltela.pt\/noticias\/2026\/02\/16\/equipe-do-presidente-seguro-e-composta-por-homens-e-mulheres\/","url":"https:\/\/portaltela.pt\/noticias\/2026\/02\/16\/equipe-do-presidente-seguro-e-composta-por-homens-e-mulheres\/","name":"Equipe do Presidente Seguro \u00e9 composta por homens e mulheres - Portal Tela Portugal","isPartOf":{"@id":"https:\/\/portaltela.pt\/#website"},"primaryImageOfPage":{"@id":"https:\/\/portaltela.pt\/noticias\/2026\/02\/16\/equipe-do-presidente-seguro-e-composta-por-homens-e-mulheres\/#primaryimage"},"image":{"@id":"https:\/\/portaltela.pt\/noticias\/2026\/02\/16\/equipe-do-presidente-seguro-e-composta-por-homens-e-mulheres\/#primaryimage"},"thumbnailUrl":"https:\/\/portaltela.pt\/s.01k8rhncp4jt1\/2026\/02\/2067517.jpg","datePublished":"2026-02-16T06:45:00+00:00","author":{"@id":"https:\/\/portaltela.pt\/#\/schema\/person\/c4278d4a6028830caff9ee44b42d32ed"},"breadcrumb":{"@id":"https:\/\/portaltela.pt\/noticias\/2026\/02\/16\/equipe-do-presidente-seguro-e-composta-por-homens-e-mulheres\/#breadcrumb"},"inLanguage":"pt-PT","potentialAction":[{"@type":"ReadAction","target":["https:\/\/portaltela.pt\/noticias\/2026\/02\/16\/equipe-do-presidente-seguro-e-composta-por-homens-e-mulheres\/"]}]},{"@type":"ImageObject","inLanguage":"pt-PT","@id":"https:\/\/portaltela.pt\/noticias\/2026\/02\/16\/equipe-do-presidente-seguro-e-composta-por-homens-e-mulheres\/#primaryimage","url":"https:\/\/portaltela.pt\/s.01k8rhncp4jt1\/2026\/02\/2067517.jpg","contentUrl":"https:\/\/portaltela.pt\/s.01k8rhncp4jt1\/2026\/02\/2067517.jpg","width":796,"height":448,"caption":"Ant\u00f3nio Jos\u00e9 Seguro, Presidente eleito, no gabinete do Pal\u00e1cio Nacional de Queluz"},{"@type":"BreadcrumbList","@id":"https:\/\/portaltela.pt\/noticias\/2026\/02\/16\/equipe-do-presidente-seguro-e-composta-por-homens-e-mulheres\/#breadcrumb","itemListElement":[{"@type":"ListItem","position":1,"name":"In\u00edcio","item":"https:\/\/portaltela.pt\/"},{"@type":"ListItem","position":2,"name":"Equipe do Presidente Seguro \u00e9 composta por homens e mulheres"}]},{"@type":"WebSite","@id":"https:\/\/portaltela.pt\/#website","url":"https:\/\/portaltela.pt\/","name":"Portal Tela Portugal","description":"","potentialAction":[{"@type":"SearchAction","target":{"@type":"EntryPoint","urlTemplate":"https:\/\/portaltela.pt\/?s={search_term_string}"},"query-input":{"@type":"PropertyValueSpecification","valueRequired":true,"valueName":"search_term_string"}}],"inLanguage":"pt-PT"},{"@type":"Person","@id":"https:\/\/portaltela.pt\/#\/schema\/person\/c4278d4a6028830caff9ee44b42d32ed","name":"Telinha","image":{"@type":"ImageObject","inLanguage":"pt-PT","@id":"https:\/\/portaltela.pt\/s.01k8rhncp4jt1\/2025\/11\/talking-bot-125x125.png","url":"https:\/\/portaltela.pt\/s.01k8rhncp4jt1\/2025\/11\/talking-bot-125x125.png","contentUrl":"https:\/\/portaltela.pt\/s.01k8rhncp4jt1\/2025\/11\/talking-bot-125x125.png","caption":"Telinha"},"sameAs":["https:\/\/portaltela.pt\/"],"url":"https:\/\/portaltela.pt\/por\/367410592786\/"}]}},"_links":{"self":[{"href":"https:\/\/portaltela.pt\/api\/wp\/v2\/posts\/214023","targetHints":{"allow":["GET"]}}],"collection":[{"href":"https:\/\/portaltela.pt\/api\/wp\/v2\/posts"}],"about":[{"href":"https:\/\/portaltela.pt\/api\/wp\/v2\/types\/post"}],"author":[{"embeddable":true,"href":"https:\/\/portaltela.pt\/api\/wp\/v2\/users\/2"}],"replies":[{"embeddable":true,"href":"https:\/\/portaltela.pt\/api\/wp\/v2\/comments?post=214023"}],"version-history":[{"count":0,"href":"https:\/\/portaltela.pt\/api\/wp\/v2\/posts\/214023\/revisions"}],"wp:featuredmedia":[{"embeddable":true,"href":"https:\/\/portaltela.pt\/api\/wp\/v2\/media\/214026"}],"wp:attachment":[{"href":"https:\/\/portaltela.pt\/api\/wp\/v2\/media?parent=214023"}],"wp:term":[{"taxonomy":"category","embeddable":true,"href":"https:\/\/portaltela.pt\/api\/wp\/v2\/categories?post=214023"},{"taxonomy":"post_tag","embeddable":true,"href":"https:\/\/portaltela.pt\/api\/wp\/v2\/tags?post=214023"}],"curies":[{"name":"wp","href":"https:\/\/api.w.org\/{rel}","templated":true}]}}