{"id":214015,"date":"2026-02-16T01:18:00","date_gmt":"2026-02-16T04:18:00","guid":{"rendered":"https:\/\/portaltela.pt\/noticias\/2026\/02\/16\/myanmar-expulsa-diplomata-timorense-por-processo-contra-a-junta-militar\/"},"modified":"2026-02-16T01:18:00","modified_gmt":"2026-02-16T04:18:00","slug":"myanmar-expulsa-diplomata-timorense-por-processo-contra-a-junta-militar","status":"publish","type":"post","link":"https:\/\/portaltela.pt\/noticias\/2026\/02\/16\/myanmar-expulsa-diplomata-timorense-por-processo-contra-a-junta-militar\/","title":{"rendered":"Myanmar expulsa diplomata timorense por processo contra a junta militar"},"content":{"rendered":"<p>O regime militar de Myanmar expulsou um diplomata de Timor-Leste, ap\u00f3s um tribunal de D\u00edli aceitar uma queixa-crime por alegados crimes de guerra e contra a humanidade.<\/p>\n<p>A medida envolve a coopera\u00e7\u00e3o entre as autoridades timorenses e o governo de Myanmar, que decidiu afastar o diplomata face \u00e0s acusa\u00e7\u00f5es que culminaram na decis\u00e3o judicial.<\/p>\n<p>Segundo informa\u00e7\u00f5es dispon\u00edveis, a queixa-crime foi apresentada em D\u00edli e agora motiva a expuls\u00e3o por parte de Myanmar, sem detalhes adicionais sobre o inqu\u00e9rito ou o diplomata em quest\u00e3o.<\/p>\n","protected":false},"excerpt":{"rendered":"<ul>\n<li>A junta militar de Myanmar expulsou um diplomata de Timor-Leste.<\/li>\n<li>A decis\u00e3o ocorreu depois de um tribunal de D\u00edli ter aceite uma queixa-crime por alegados crimes de guerra e contra a humanidade.<\/li>\n<li>A queixa-crime foi apresentada junto do tribunal de D\u00edli, o que levou \u00e0 expuls\u00e3o.<\/li>\n<li>N\u00e3o s\u00e3o avan\u00e7ados detalhes adicionais sobre a expuls\u00e3o ou sobre o diplomata envolvido.<\/li>\n<li>O texto n\u00e3o fornece data espec\u00edfica nem informa\u00e7\u00f5es adicionais sobre o caso.<\/li>\n<\/ul>\n","protected":false},"author":2,"featured_media":214016,"comment_status":"closed","ping_status":"closed","sticky":false,"template":"","format":"standard","meta":{"footnotes":""},"categories":[1],"tags":[256,2773,2820,2971,5250,2727],"class_list":["post-214015","post","type-post","status-publish","format-standard","has-post-thumbnail","hentry","category-noticias","tag-cooperacao-internacional","tag-crime-de-guerra","tag-crimes-contra-a-humanidade","tag-expulsoes","tag-myanmar","tag-timor-leste"],"yoast_head":"<!-- This site is optimized with the Yoast SEO plugin v27.2 - https:\/\/yoast.com\/product\/yoast-seo-wordpress\/ -->\n<title>Myanmar expulsa diplomata timorense por processo contra a junta militar - Portal Tela Portugal<\/title>\n<meta name=\"robots\" content=\"index, follow, max-snippet:-1, max-image-preview:large, max-video-preview:-1\" \/>\n<meta property=\"og:locale\" content=\"pt_PT\" \/>\n<meta property=\"og:type\" content=\"article\" \/>\n<meta property=\"og:title\" content=\"Myanmar expulsa diplomata timorense por processo contra a junta militar - Portal Tela Portugal\" \/>\n<meta property=\"og:description\" content=\"A junta militar de Myanmar expulsou um diplomata de Timor-Leste. A decis\u00e3o ocorreu depois de um tribunal de D\u00edli ter aceite uma queixa-crime por alegados crimes de guerra e contra a humanidade. A queixa-crime foi apresentada junto do tribunal de D\u00edli, o que levou \u00e0 expuls\u00e3o. N\u00e3o s\u00e3o avan\u00e7ados detalhes adicionais sobre a expuls\u00e3o ou sobre o diplomata envolvido. O texto n\u00e3o fornece data espec\u00edfica nem informa\u00e7\u00f5es adicionais sobre o caso.\" \/>\n<meta property=\"og:url\" content=\"https:\/\/portaltela.pt\/noticias\/2026\/02\/16\/myanmar-expulsa-diplomata-timorense-por-processo-contra-a-junta-militar\/\" \/>\n<meta property=\"og:site_name\" content=\"Portal Tela Portugal\" \/>\n<meta property=\"article:published_time\" content=\"2026-02-16T04:18:00+00:00\" \/>\n<meta name=\"author\" content=\"Telinha\" \/>\n<meta name=\"twitter:card\" content=\"summary_large_image\" \/>\n<meta name=\"twitter:label1\" content=\"Escrito por\" \/>\n\t<meta name=\"twitter:data1\" content=\"Telinha\" \/>\n<script type=\"application\/ld+json\" class=\"yoast-schema-graph\">{\"@context\":\"https:\/\/schema.org\",\"@graph\":[{\"@type\":\"Article\",\"@id\":\"https:\/\/portaltela.pt\/noticias\/2026\/02\/16\/myanmar-expulsa-diplomata-timorense-por-processo-contra-a-junta-militar\/#article\",\"isPartOf\":{\"@id\":\"https:\/\/portaltela.pt\/noticias\/2026\/02\/16\/myanmar-expulsa-diplomata-timorense-por-processo-contra-a-junta-militar\/\"},\"author\":{\"name\":\"Telinha\",\"@id\":\"https:\/\/portaltela.pt\/#\/schema\/person\/c4278d4a6028830caff9ee44b42d32ed\"},\"headline\":\"Myanmar expulsa diplomata timorense por processo contra a junta militar\",\"datePublished\":\"2026-02-16T04:18:00+00:00\",\"mainEntityOfPage\":{\"@id\":\"https:\/\/portaltela.pt\/noticias\/2026\/02\/16\/myanmar-expulsa-diplomata-timorense-por-processo-contra-a-junta-militar\/\"},\"wordCount\":104,\"image\":{\"@id\":\"https:\/\/portaltela.pt\/noticias\/2026\/02\/16\/myanmar-expulsa-diplomata-timorense-por-processo-contra-a-junta-militar\/#primaryimage\"},\"thumbnailUrl\":\"https:\/\/portaltela.pt\/s.01k8rhncp4jt1\/2026\/02\/CACHE_780X1200_ANALOG_WATERMARKED_46564476_16163647305485.jpg\",\"keywords\":[\"coopera\u00e7\u00e3o internacional\",\"crime de guerra\",\"crimes contra a humanidade\",\"expuls\u00f5es\",\"Myanmar\",\"Timor-Leste\"],\"articleSection\":[\"Not\u00edcias\"],\"inLanguage\":\"pt-PT\"},{\"@type\":\"WebPage\",\"@id\":\"https:\/\/portaltela.pt\/noticias\/2026\/02\/16\/myanmar-expulsa-diplomata-timorense-por-processo-contra-a-junta-militar\/\",\"url\":\"https:\/\/portaltela.pt\/noticias\/2026\/02\/16\/myanmar-expulsa-diplomata-timorense-por-processo-contra-a-junta-militar\/\",\"name\":\"Myanmar expulsa diplomata timorense por processo contra a junta militar - Portal Tela Portugal\",\"isPartOf\":{\"@id\":\"https:\/\/portaltela.pt\/#website\"},\"primaryImageOfPage\":{\"@id\":\"https:\/\/portaltela.pt\/noticias\/2026\/02\/16\/myanmar-expulsa-diplomata-timorense-por-processo-contra-a-junta-militar\/#primaryimage\"},\"image\":{\"@id\":\"https:\/\/portaltela.pt\/noticias\/2026\/02\/16\/myanmar-expulsa-diplomata-timorense-por-processo-contra-a-junta-militar\/#primaryimage\"},\"thumbnailUrl\":\"https:\/\/portaltela.pt\/s.01k8rhncp4jt1\/2026\/02\/CACHE_780X1200_ANALOG_WATERMARKED_46564476_16163647305485.jpg\",\"datePublished\":\"2026-02-16T04:18:00+00:00\",\"author\":{\"@id\":\"https:\/\/portaltela.pt\/#\/schema\/person\/c4278d4a6028830caff9ee44b42d32ed\"},\"breadcrumb\":{\"@id\":\"https:\/\/portaltela.pt\/noticias\/2026\/02\/16\/myanmar-expulsa-diplomata-timorense-por-processo-contra-a-junta-militar\/#breadcrumb\"},\"inLanguage\":\"pt-PT\",\"potentialAction\":[{\"@type\":\"ReadAction\",\"target\":[\"https:\/\/portaltela.pt\/noticias\/2026\/02\/16\/myanmar-expulsa-diplomata-timorense-por-processo-contra-a-junta-militar\/\"]}]},{\"@type\":\"ImageObject\",\"inLanguage\":\"pt-PT\",\"@id\":\"https:\/\/portaltela.pt\/noticias\/2026\/02\/16\/myanmar-expulsa-diplomata-timorense-por-processo-contra-a-junta-militar\/#primaryimage\",\"url\":\"https:\/\/portaltela.pt\/s.01k8rhncp4jt1\/2026\/02\/CACHE_780X1200_ANALOG_WATERMARKED_46564476_16163647305485.jpg\",\"contentUrl\":\"https:\/\/portaltela.pt\/s.01k8rhncp4jt1\/2026\/02\/CACHE_780X1200_ANALOG_WATERMARKED_46564476_16163647305485.jpg\",\"width\":796,\"height\":448,\"caption\":\"Myanmar expulsa diplomata de Timor-Leste devido a processo contra junta militar\"},{\"@type\":\"BreadcrumbList\",\"@id\":\"https:\/\/portaltela.pt\/noticias\/2026\/02\/16\/myanmar-expulsa-diplomata-timorense-por-processo-contra-a-junta-militar\/#breadcrumb\",\"itemListElement\":[{\"@type\":\"ListItem\",\"position\":1,\"name\":\"In\u00edcio\",\"item\":\"https:\/\/portaltela.pt\/\"},{\"@type\":\"ListItem\",\"position\":2,\"name\":\"Myanmar expulsa diplomata timorense por processo contra a junta militar\"}]},{\"@type\":\"WebSite\",\"@id\":\"https:\/\/portaltela.pt\/#website\",\"url\":\"https:\/\/portaltela.pt\/\",\"name\":\"Portal Tela Portugal\",\"description\":\"\",\"potentialAction\":[{\"@type\":\"SearchAction\",\"target\":{\"@type\":\"EntryPoint\",\"urlTemplate\":\"https:\/\/portaltela.pt\/?s={search_term_string}\"},\"query-input\":{\"@type\":\"PropertyValueSpecification\",\"valueRequired\":true,\"valueName\":\"search_term_string\"}}],\"inLanguage\":\"pt-PT\"},{\"@type\":\"Person\",\"@id\":\"https:\/\/portaltela.pt\/#\/schema\/person\/c4278d4a6028830caff9ee44b42d32ed\",\"name\":\"Telinha\",\"image\":{\"@type\":\"ImageObject\",\"inLanguage\":\"pt-PT\",\"@id\":\"https:\/\/portaltela.pt\/s.01k8rhncp4jt1\/2025\/11\/talking-bot-125x125.png\",\"url\":\"https:\/\/portaltela.pt\/s.01k8rhncp4jt1\/2025\/11\/talking-bot-125x125.png\",\"contentUrl\":\"https:\/\/portaltela.pt\/s.01k8rhncp4jt1\/2025\/11\/talking-bot-125x125.png\",\"caption\":\"Telinha\"},\"sameAs\":[\"https:\/\/portaltela.pt\/\"],\"url\":\"https:\/\/portaltela.pt\/por\/367410592786\/\"}]}<\/script>\n<!-- \/ Yoast SEO plugin. -->","yoast_head_json":{"title":"Myanmar expulsa diplomata timorense por processo contra a junta militar - Portal Tela Portugal","robots":{"index":"index","follow":"follow","max-snippet":"max-snippet:-1","max-image-preview":"max-image-preview:large","max-video-preview":"max-video-preview:-1"},"og_locale":"pt_PT","og_type":"article","og_title":"Myanmar expulsa diplomata timorense por processo contra a junta militar - Portal Tela Portugal","og_description":"A junta militar de Myanmar expulsou um diplomata de Timor-Leste. A decis\u00e3o ocorreu depois de um tribunal de D\u00edli ter aceite uma queixa-crime por alegados crimes de guerra e contra a humanidade. A queixa-crime foi apresentada junto do tribunal de D\u00edli, o que levou \u00e0 expuls\u00e3o. N\u00e3o s\u00e3o avan\u00e7ados detalhes adicionais sobre a expuls\u00e3o ou sobre o diplomata envolvido. O texto n\u00e3o fornece data espec\u00edfica nem informa\u00e7\u00f5es adicionais sobre o caso.","og_url":"https:\/\/portaltela.pt\/noticias\/2026\/02\/16\/myanmar-expulsa-diplomata-timorense-por-processo-contra-a-junta-militar\/","og_site_name":"Portal Tela Portugal","article_published_time":"2026-02-16T04:18:00+00:00","author":"Telinha","twitter_card":"summary_large_image","twitter_misc":{"Escrito por":"Telinha"},"schema":{"@context":"https:\/\/schema.org","@graph":[{"@type":"Article","@id":"https:\/\/portaltela.pt\/noticias\/2026\/02\/16\/myanmar-expulsa-diplomata-timorense-por-processo-contra-a-junta-militar\/#article","isPartOf":{"@id":"https:\/\/portaltela.pt\/noticias\/2026\/02\/16\/myanmar-expulsa-diplomata-timorense-por-processo-contra-a-junta-militar\/"},"author":{"name":"Telinha","@id":"https:\/\/portaltela.pt\/#\/schema\/person\/c4278d4a6028830caff9ee44b42d32ed"},"headline":"Myanmar expulsa diplomata timorense por processo contra a junta militar","datePublished":"2026-02-16T04:18:00+00:00","mainEntityOfPage":{"@id":"https:\/\/portaltela.pt\/noticias\/2026\/02\/16\/myanmar-expulsa-diplomata-timorense-por-processo-contra-a-junta-militar\/"},"wordCount":104,"image":{"@id":"https:\/\/portaltela.pt\/noticias\/2026\/02\/16\/myanmar-expulsa-diplomata-timorense-por-processo-contra-a-junta-militar\/#primaryimage"},"thumbnailUrl":"https:\/\/portaltela.pt\/s.01k8rhncp4jt1\/2026\/02\/CACHE_780X1200_ANALOG_WATERMARKED_46564476_16163647305485.jpg","keywords":["coopera\u00e7\u00e3o internacional","crime de guerra","crimes contra a humanidade","expuls\u00f5es","Myanmar","Timor-Leste"],"articleSection":["Not\u00edcias"],"inLanguage":"pt-PT"},{"@type":"WebPage","@id":"https:\/\/portaltela.pt\/noticias\/2026\/02\/16\/myanmar-expulsa-diplomata-timorense-por-processo-contra-a-junta-militar\/","url":"https:\/\/portaltela.pt\/noticias\/2026\/02\/16\/myanmar-expulsa-diplomata-timorense-por-processo-contra-a-junta-militar\/","name":"Myanmar expulsa diplomata timorense por processo contra a junta militar - Portal Tela Portugal","isPartOf":{"@id":"https:\/\/portaltela.pt\/#website"},"primaryImageOfPage":{"@id":"https:\/\/portaltela.pt\/noticias\/2026\/02\/16\/myanmar-expulsa-diplomata-timorense-por-processo-contra-a-junta-militar\/#primaryimage"},"image":{"@id":"https:\/\/portaltela.pt\/noticias\/2026\/02\/16\/myanmar-expulsa-diplomata-timorense-por-processo-contra-a-junta-militar\/#primaryimage"},"thumbnailUrl":"https:\/\/portaltela.pt\/s.01k8rhncp4jt1\/2026\/02\/CACHE_780X1200_ANALOG_WATERMARKED_46564476_16163647305485.jpg","datePublished":"2026-02-16T04:18:00+00:00","author":{"@id":"https:\/\/portaltela.pt\/#\/schema\/person\/c4278d4a6028830caff9ee44b42d32ed"},"breadcrumb":{"@id":"https:\/\/portaltela.pt\/noticias\/2026\/02\/16\/myanmar-expulsa-diplomata-timorense-por-processo-contra-a-junta-militar\/#breadcrumb"},"inLanguage":"pt-PT","potentialAction":[{"@type":"ReadAction","target":["https:\/\/portaltela.pt\/noticias\/2026\/02\/16\/myanmar-expulsa-diplomata-timorense-por-processo-contra-a-junta-militar\/"]}]},{"@type":"ImageObject","inLanguage":"pt-PT","@id":"https:\/\/portaltela.pt\/noticias\/2026\/02\/16\/myanmar-expulsa-diplomata-timorense-por-processo-contra-a-junta-militar\/#primaryimage","url":"https:\/\/portaltela.pt\/s.01k8rhncp4jt1\/2026\/02\/CACHE_780X1200_ANALOG_WATERMARKED_46564476_16163647305485.jpg","contentUrl":"https:\/\/portaltela.pt\/s.01k8rhncp4jt1\/2026\/02\/CACHE_780X1200_ANALOG_WATERMARKED_46564476_16163647305485.jpg","width":796,"height":448,"caption":"Myanmar expulsa diplomata de Timor-Leste devido a processo contra junta militar"},{"@type":"BreadcrumbList","@id":"https:\/\/portaltela.pt\/noticias\/2026\/02\/16\/myanmar-expulsa-diplomata-timorense-por-processo-contra-a-junta-militar\/#breadcrumb","itemListElement":[{"@type":"ListItem","position":1,"name":"In\u00edcio","item":"https:\/\/portaltela.pt\/"},{"@type":"ListItem","position":2,"name":"Myanmar expulsa diplomata timorense por processo contra a junta militar"}]},{"@type":"WebSite","@id":"https:\/\/portaltela.pt\/#website","url":"https:\/\/portaltela.pt\/","name":"Portal Tela Portugal","description":"","potentialAction":[{"@type":"SearchAction","target":{"@type":"EntryPoint","urlTemplate":"https:\/\/portaltela.pt\/?s={search_term_string}"},"query-input":{"@type":"PropertyValueSpecification","valueRequired":true,"valueName":"search_term_string"}}],"inLanguage":"pt-PT"},{"@type":"Person","@id":"https:\/\/portaltela.pt\/#\/schema\/person\/c4278d4a6028830caff9ee44b42d32ed","name":"Telinha","image":{"@type":"ImageObject","inLanguage":"pt-PT","@id":"https:\/\/portaltela.pt\/s.01k8rhncp4jt1\/2025\/11\/talking-bot-125x125.png","url":"https:\/\/portaltela.pt\/s.01k8rhncp4jt1\/2025\/11\/talking-bot-125x125.png","contentUrl":"https:\/\/portaltela.pt\/s.01k8rhncp4jt1\/2025\/11\/talking-bot-125x125.png","caption":"Telinha"},"sameAs":["https:\/\/portaltela.pt\/"],"url":"https:\/\/portaltela.pt\/por\/367410592786\/"}]}},"_links":{"self":[{"href":"https:\/\/portaltela.pt\/api\/wp\/v2\/posts\/214015","targetHints":{"allow":["GET"]}}],"collection":[{"href":"https:\/\/portaltela.pt\/api\/wp\/v2\/posts"}],"about":[{"href":"https:\/\/portaltela.pt\/api\/wp\/v2\/types\/post"}],"author":[{"embeddable":true,"href":"https:\/\/portaltela.pt\/api\/wp\/v2\/users\/2"}],"replies":[{"embeddable":true,"href":"https:\/\/portaltela.pt\/api\/wp\/v2\/comments?post=214015"}],"version-history":[{"count":0,"href":"https:\/\/portaltela.pt\/api\/wp\/v2\/posts\/214015\/revisions"}],"wp:featuredmedia":[{"embeddable":true,"href":"https:\/\/portaltela.pt\/api\/wp\/v2\/media\/214016"}],"wp:attachment":[{"href":"https:\/\/portaltela.pt\/api\/wp\/v2\/media?parent=214015"}],"wp:term":[{"taxonomy":"category","embeddable":true,"href":"https:\/\/portaltela.pt\/api\/wp\/v2\/categories?post=214015"},{"taxonomy":"post_tag","embeddable":true,"href":"https:\/\/portaltela.pt\/api\/wp\/v2\/tags?post=214015"}],"curies":[{"name":"wp","href":"https:\/\/api.w.org\/{rel}","templated":true}]}}