{"id":213994,"date":"2026-02-15T19:25:00","date_gmt":"2026-02-15T22:25:00","guid":{"rendered":"https:\/\/portaltela.pt\/noticias\/2026\/02\/15\/cerca-de-14-mil-clientes-continuam-sem-eletricidade-apos-kristin\/"},"modified":"2026-02-15T19:25:00","modified_gmt":"2026-02-15T22:25:00","slug":"cerca-de-14-mil-clientes-continuam-sem-eletricidade-apos-kristin","status":"publish","type":"post","link":"https:\/\/portaltela.pt\/noticias\/2026\/02\/15\/cerca-de-14-mil-clientes-continuam-sem-eletricidade-apos-kristin\/","title":{"rendered":"Cerca de 14 mil clientes continuam sem eletricidade ap\u00f3s Kristin"},"content":{"rendered":"<p>Cerca de 14 mil clientes permanecem sem eletricidade devido \u00e0 depress\u00e3o Kristin. A informa\u00e7\u00e3o inicial indica danos e perturba\u00e7\u00f5es associadas ao fen\u00f3meno, afetando v\u00e1rias zonas.<\/p>\n<p>N\u00e3o h\u00e1 detalhes oficiais sobre as \u00e1reas exatas afetadas nem sobre o tempo estimado de restabelecimento. As informa\u00e7\u00f5es completas est\u00e3o indispon\u00edveis neste momento.<\/p>\n<p>As pr\u00f3ximas atualiza\u00e7\u00f5es devem esclarecer a extens\u00e3o dos cortes, as vias de repara\u00e7\u00e3o em curso e as previs\u00f5es de normaliza\u00e7\u00e3o, conforme a evolu\u00e7\u00e3o meteorol\u00f3gica e de rede el\u00e9ctrica.<\/p>\n<p>Conte\u00fado completo dispon\u00edvel apenas para subscritores.<\/p>\n","protected":false},"excerpt":{"rendered":"<ul>\n<li>Cerca de 14 mil clientes continuam sem eletricidade devido \u00e0 depress\u00e3o Kristin.<\/li>\n<li>A situa\u00e7\u00e3o persiste, sem indica\u00e7\u00e3o de regresso imediato do fornecimento.<\/li>\n<li>A not\u00edcia original est\u00e1 dispon\u00edvel apenas para subscritores, com acesso integral mediante login.<\/li>\n<li>N\u00e3o foram apresentadas informa\u00e7\u00f5es adicionais sobre regi\u00f5es afetadas ou prazos de restaura\u00e7\u00e3o.<\/li>\n<\/ul>\n","protected":false},"author":2,"featured_media":213995,"comment_status":"closed","ping_status":"closed","sticky":false,"template":"","format":"standard","meta":{"footnotes":""},"categories":[1],"tags":[5050,5224,3732,174,5113],"class_list":["post-213994","post","type-post","status-publish","format-standard","has-post-thumbnail","hentry","category-noticias","tag-calamidades-publicas","tag-clima","tag-eletricidade","tag-energia","tag-redes-eletricas"],"yoast_head":"<!-- This site is optimized with the Yoast SEO plugin v27.2 - https:\/\/yoast.com\/product\/yoast-seo-wordpress\/ -->\n<title>Cerca de 14 mil clientes continuam sem eletricidade ap\u00f3s Kristin - Portal Tela Portugal<\/title>\n<meta name=\"robots\" content=\"index, follow, max-snippet:-1, max-image-preview:large, max-video-preview:-1\" \/>\n<meta property=\"og:locale\" content=\"pt_PT\" \/>\n<meta property=\"og:type\" content=\"article\" \/>\n<meta property=\"og:title\" content=\"Cerca de 14 mil clientes continuam sem eletricidade ap\u00f3s Kristin - Portal Tela Portugal\" \/>\n<meta property=\"og:description\" content=\"Cerca de 14 mil clientes continuam sem eletricidade devido \u00e0 depress\u00e3o Kristin. A situa\u00e7\u00e3o persiste, sem indica\u00e7\u00e3o de regresso imediato do fornecimento. A not\u00edcia original est\u00e1 dispon\u00edvel apenas para subscritores, com acesso integral mediante login. N\u00e3o foram apresentadas informa\u00e7\u00f5es adicionais sobre regi\u00f5es afetadas ou prazos de restaura\u00e7\u00e3o.\" \/>\n<meta property=\"og:url\" content=\"https:\/\/portaltela.pt\/noticias\/2026\/02\/15\/cerca-de-14-mil-clientes-continuam-sem-eletricidade-apos-kristin\/\" \/>\n<meta property=\"og:site_name\" content=\"Portal Tela Portugal\" \/>\n<meta property=\"article:published_time\" content=\"2026-02-15T22:25:00+00:00\" \/>\n<meta name=\"author\" content=\"Telinha\" \/>\n<meta name=\"twitter:card\" content=\"summary_large_image\" \/>\n<meta name=\"twitter:label1\" content=\"Escrito por\" \/>\n\t<meta name=\"twitter:data1\" content=\"Telinha\" \/>\n\t<meta name=\"twitter:label2\" content=\"Tempo estimado de leitura\" \/>\n\t<meta name=\"twitter:data2\" content=\"1 minuto\" \/>\n<script type=\"application\/ld+json\" class=\"yoast-schema-graph\">{\"@context\":\"https:\/\/schema.org\",\"@graph\":[{\"@type\":\"Article\",\"@id\":\"https:\/\/portaltela.pt\/noticias\/2026\/02\/15\/cerca-de-14-mil-clientes-continuam-sem-eletricidade-apos-kristin\/#article\",\"isPartOf\":{\"@id\":\"https:\/\/portaltela.pt\/noticias\/2026\/02\/15\/cerca-de-14-mil-clientes-continuam-sem-eletricidade-apos-kristin\/\"},\"author\":{\"name\":\"Telinha\",\"@id\":\"https:\/\/portaltela.pt\/#\/schema\/person\/c4278d4a6028830caff9ee44b42d32ed\"},\"headline\":\"Cerca de 14 mil clientes continuam sem eletricidade ap\u00f3s Kristin\",\"datePublished\":\"2026-02-15T22:25:00+00:00\",\"mainEntityOfPage\":{\"@id\":\"https:\/\/portaltela.pt\/noticias\/2026\/02\/15\/cerca-de-14-mil-clientes-continuam-sem-eletricidade-apos-kristin\/\"},\"wordCount\":110,\"image\":{\"@id\":\"https:\/\/portaltela.pt\/noticias\/2026\/02\/15\/cerca-de-14-mil-clientes-continuam-sem-eletricidade-apos-kristin\/#primaryimage\"},\"thumbnailUrl\":\"https:\/\/portaltela.pt\/s.01k8rhncp4jt1\/2026\/02\/CACHE_780X1200_ANALOG_WATERMARKED_46524655_3277915_09022026043109-1.jpg\",\"keywords\":[\"calamidades p\u00fablicas\",\"clima\",\"eletricidade\",\"energia\",\"redes el\u00e9tricas\"],\"articleSection\":[\"Not\u00edcias\"],\"inLanguage\":\"pt-PT\"},{\"@type\":\"WebPage\",\"@id\":\"https:\/\/portaltela.pt\/noticias\/2026\/02\/15\/cerca-de-14-mil-clientes-continuam-sem-eletricidade-apos-kristin\/\",\"url\":\"https:\/\/portaltela.pt\/noticias\/2026\/02\/15\/cerca-de-14-mil-clientes-continuam-sem-eletricidade-apos-kristin\/\",\"name\":\"Cerca de 14 mil clientes continuam sem eletricidade ap\u00f3s Kristin - Portal Tela Portugal\",\"isPartOf\":{\"@id\":\"https:\/\/portaltela.pt\/#website\"},\"primaryImageOfPage\":{\"@id\":\"https:\/\/portaltela.pt\/noticias\/2026\/02\/15\/cerca-de-14-mil-clientes-continuam-sem-eletricidade-apos-kristin\/#primaryimage\"},\"image\":{\"@id\":\"https:\/\/portaltela.pt\/noticias\/2026\/02\/15\/cerca-de-14-mil-clientes-continuam-sem-eletricidade-apos-kristin\/#primaryimage\"},\"thumbnailUrl\":\"https:\/\/portaltela.pt\/s.01k8rhncp4jt1\/2026\/02\/CACHE_780X1200_ANALOG_WATERMARKED_46524655_3277915_09022026043109-1.jpg\",\"datePublished\":\"2026-02-15T22:25:00+00:00\",\"author\":{\"@id\":\"https:\/\/portaltela.pt\/#\/schema\/person\/c4278d4a6028830caff9ee44b42d32ed\"},\"breadcrumb\":{\"@id\":\"https:\/\/portaltela.pt\/noticias\/2026\/02\/15\/cerca-de-14-mil-clientes-continuam-sem-eletricidade-apos-kristin\/#breadcrumb\"},\"inLanguage\":\"pt-PT\",\"potentialAction\":[{\"@type\":\"ReadAction\",\"target\":[\"https:\/\/portaltela.pt\/noticias\/2026\/02\/15\/cerca-de-14-mil-clientes-continuam-sem-eletricidade-apos-kristin\/\"]}]},{\"@type\":\"ImageObject\",\"inLanguage\":\"pt-PT\",\"@id\":\"https:\/\/portaltela.pt\/noticias\/2026\/02\/15\/cerca-de-14-mil-clientes-continuam-sem-eletricidade-apos-kristin\/#primaryimage\",\"url\":\"https:\/\/portaltela.pt\/s.01k8rhncp4jt1\/2026\/02\/CACHE_780X1200_ANALOG_WATERMARKED_46524655_3277915_09022026043109-1.jpg\",\"contentUrl\":\"https:\/\/portaltela.pt\/s.01k8rhncp4jt1\/2026\/02\/CACHE_780X1200_ANALOG_WATERMARKED_46524655_3277915_09022026043109-1.jpg\",\"width\":768,\"height\":512,\"caption\":\"Cerca de 14 mil clientes afetados pela depress\u00e3o Kristin ainda sem eletricidade\"},{\"@type\":\"BreadcrumbList\",\"@id\":\"https:\/\/portaltela.pt\/noticias\/2026\/02\/15\/cerca-de-14-mil-clientes-continuam-sem-eletricidade-apos-kristin\/#breadcrumb\",\"itemListElement\":[{\"@type\":\"ListItem\",\"position\":1,\"name\":\"In\u00edcio\",\"item\":\"https:\/\/portaltela.pt\/\"},{\"@type\":\"ListItem\",\"position\":2,\"name\":\"Cerca de 14 mil clientes continuam sem eletricidade ap\u00f3s Kristin\"}]},{\"@type\":\"WebSite\",\"@id\":\"https:\/\/portaltela.pt\/#website\",\"url\":\"https:\/\/portaltela.pt\/\",\"name\":\"Portal Tela Portugal\",\"description\":\"\",\"potentialAction\":[{\"@type\":\"SearchAction\",\"target\":{\"@type\":\"EntryPoint\",\"urlTemplate\":\"https:\/\/portaltela.pt\/?s={search_term_string}\"},\"query-input\":{\"@type\":\"PropertyValueSpecification\",\"valueRequired\":true,\"valueName\":\"search_term_string\"}}],\"inLanguage\":\"pt-PT\"},{\"@type\":\"Person\",\"@id\":\"https:\/\/portaltela.pt\/#\/schema\/person\/c4278d4a6028830caff9ee44b42d32ed\",\"name\":\"Telinha\",\"image\":{\"@type\":\"ImageObject\",\"inLanguage\":\"pt-PT\",\"@id\":\"https:\/\/portaltela.pt\/s.01k8rhncp4jt1\/2025\/11\/talking-bot-125x125.png\",\"url\":\"https:\/\/portaltela.pt\/s.01k8rhncp4jt1\/2025\/11\/talking-bot-125x125.png\",\"contentUrl\":\"https:\/\/portaltela.pt\/s.01k8rhncp4jt1\/2025\/11\/talking-bot-125x125.png\",\"caption\":\"Telinha\"},\"sameAs\":[\"https:\/\/portaltela.pt\/\"],\"url\":\"https:\/\/portaltela.pt\/por\/367410592786\/\"}]}<\/script>\n<!-- \/ Yoast SEO plugin. -->","yoast_head_json":{"title":"Cerca de 14 mil clientes continuam sem eletricidade ap\u00f3s Kristin - Portal Tela Portugal","robots":{"index":"index","follow":"follow","max-snippet":"max-snippet:-1","max-image-preview":"max-image-preview:large","max-video-preview":"max-video-preview:-1"},"og_locale":"pt_PT","og_type":"article","og_title":"Cerca de 14 mil clientes continuam sem eletricidade ap\u00f3s Kristin - Portal Tela Portugal","og_description":"Cerca de 14 mil clientes continuam sem eletricidade devido \u00e0 depress\u00e3o Kristin. A situa\u00e7\u00e3o persiste, sem indica\u00e7\u00e3o de regresso imediato do fornecimento. A not\u00edcia original est\u00e1 dispon\u00edvel apenas para subscritores, com acesso integral mediante login. N\u00e3o foram apresentadas informa\u00e7\u00f5es adicionais sobre regi\u00f5es afetadas ou prazos de restaura\u00e7\u00e3o.","og_url":"https:\/\/portaltela.pt\/noticias\/2026\/02\/15\/cerca-de-14-mil-clientes-continuam-sem-eletricidade-apos-kristin\/","og_site_name":"Portal Tela Portugal","article_published_time":"2026-02-15T22:25:00+00:00","author":"Telinha","twitter_card":"summary_large_image","twitter_misc":{"Escrito por":"Telinha","Tempo estimado de leitura":"1 minuto"},"schema":{"@context":"https:\/\/schema.org","@graph":[{"@type":"Article","@id":"https:\/\/portaltela.pt\/noticias\/2026\/02\/15\/cerca-de-14-mil-clientes-continuam-sem-eletricidade-apos-kristin\/#article","isPartOf":{"@id":"https:\/\/portaltela.pt\/noticias\/2026\/02\/15\/cerca-de-14-mil-clientes-continuam-sem-eletricidade-apos-kristin\/"},"author":{"name":"Telinha","@id":"https:\/\/portaltela.pt\/#\/schema\/person\/c4278d4a6028830caff9ee44b42d32ed"},"headline":"Cerca de 14 mil clientes continuam sem eletricidade ap\u00f3s Kristin","datePublished":"2026-02-15T22:25:00+00:00","mainEntityOfPage":{"@id":"https:\/\/portaltela.pt\/noticias\/2026\/02\/15\/cerca-de-14-mil-clientes-continuam-sem-eletricidade-apos-kristin\/"},"wordCount":110,"image":{"@id":"https:\/\/portaltela.pt\/noticias\/2026\/02\/15\/cerca-de-14-mil-clientes-continuam-sem-eletricidade-apos-kristin\/#primaryimage"},"thumbnailUrl":"https:\/\/portaltela.pt\/s.01k8rhncp4jt1\/2026\/02\/CACHE_780X1200_ANALOG_WATERMARKED_46524655_3277915_09022026043109-1.jpg","keywords":["calamidades p\u00fablicas","clima","eletricidade","energia","redes el\u00e9tricas"],"articleSection":["Not\u00edcias"],"inLanguage":"pt-PT"},{"@type":"WebPage","@id":"https:\/\/portaltela.pt\/noticias\/2026\/02\/15\/cerca-de-14-mil-clientes-continuam-sem-eletricidade-apos-kristin\/","url":"https:\/\/portaltela.pt\/noticias\/2026\/02\/15\/cerca-de-14-mil-clientes-continuam-sem-eletricidade-apos-kristin\/","name":"Cerca de 14 mil clientes continuam sem eletricidade ap\u00f3s Kristin - Portal Tela Portugal","isPartOf":{"@id":"https:\/\/portaltela.pt\/#website"},"primaryImageOfPage":{"@id":"https:\/\/portaltela.pt\/noticias\/2026\/02\/15\/cerca-de-14-mil-clientes-continuam-sem-eletricidade-apos-kristin\/#primaryimage"},"image":{"@id":"https:\/\/portaltela.pt\/noticias\/2026\/02\/15\/cerca-de-14-mil-clientes-continuam-sem-eletricidade-apos-kristin\/#primaryimage"},"thumbnailUrl":"https:\/\/portaltela.pt\/s.01k8rhncp4jt1\/2026\/02\/CACHE_780X1200_ANALOG_WATERMARKED_46524655_3277915_09022026043109-1.jpg","datePublished":"2026-02-15T22:25:00+00:00","author":{"@id":"https:\/\/portaltela.pt\/#\/schema\/person\/c4278d4a6028830caff9ee44b42d32ed"},"breadcrumb":{"@id":"https:\/\/portaltela.pt\/noticias\/2026\/02\/15\/cerca-de-14-mil-clientes-continuam-sem-eletricidade-apos-kristin\/#breadcrumb"},"inLanguage":"pt-PT","potentialAction":[{"@type":"ReadAction","target":["https:\/\/portaltela.pt\/noticias\/2026\/02\/15\/cerca-de-14-mil-clientes-continuam-sem-eletricidade-apos-kristin\/"]}]},{"@type":"ImageObject","inLanguage":"pt-PT","@id":"https:\/\/portaltela.pt\/noticias\/2026\/02\/15\/cerca-de-14-mil-clientes-continuam-sem-eletricidade-apos-kristin\/#primaryimage","url":"https:\/\/portaltela.pt\/s.01k8rhncp4jt1\/2026\/02\/CACHE_780X1200_ANALOG_WATERMARKED_46524655_3277915_09022026043109-1.jpg","contentUrl":"https:\/\/portaltela.pt\/s.01k8rhncp4jt1\/2026\/02\/CACHE_780X1200_ANALOG_WATERMARKED_46524655_3277915_09022026043109-1.jpg","width":768,"height":512,"caption":"Cerca de 14 mil clientes afetados pela depress\u00e3o Kristin ainda sem eletricidade"},{"@type":"BreadcrumbList","@id":"https:\/\/portaltela.pt\/noticias\/2026\/02\/15\/cerca-de-14-mil-clientes-continuam-sem-eletricidade-apos-kristin\/#breadcrumb","itemListElement":[{"@type":"ListItem","position":1,"name":"In\u00edcio","item":"https:\/\/portaltela.pt\/"},{"@type":"ListItem","position":2,"name":"Cerca de 14 mil clientes continuam sem eletricidade ap\u00f3s Kristin"}]},{"@type":"WebSite","@id":"https:\/\/portaltela.pt\/#website","url":"https:\/\/portaltela.pt\/","name":"Portal Tela Portugal","description":"","potentialAction":[{"@type":"SearchAction","target":{"@type":"EntryPoint","urlTemplate":"https:\/\/portaltela.pt\/?s={search_term_string}"},"query-input":{"@type":"PropertyValueSpecification","valueRequired":true,"valueName":"search_term_string"}}],"inLanguage":"pt-PT"},{"@type":"Person","@id":"https:\/\/portaltela.pt\/#\/schema\/person\/c4278d4a6028830caff9ee44b42d32ed","name":"Telinha","image":{"@type":"ImageObject","inLanguage":"pt-PT","@id":"https:\/\/portaltela.pt\/s.01k8rhncp4jt1\/2025\/11\/talking-bot-125x125.png","url":"https:\/\/portaltela.pt\/s.01k8rhncp4jt1\/2025\/11\/talking-bot-125x125.png","contentUrl":"https:\/\/portaltela.pt\/s.01k8rhncp4jt1\/2025\/11\/talking-bot-125x125.png","caption":"Telinha"},"sameAs":["https:\/\/portaltela.pt\/"],"url":"https:\/\/portaltela.pt\/por\/367410592786\/"}]}},"_links":{"self":[{"href":"https:\/\/portaltela.pt\/api\/wp\/v2\/posts\/213994","targetHints":{"allow":["GET"]}}],"collection":[{"href":"https:\/\/portaltela.pt\/api\/wp\/v2\/posts"}],"about":[{"href":"https:\/\/portaltela.pt\/api\/wp\/v2\/types\/post"}],"author":[{"embeddable":true,"href":"https:\/\/portaltela.pt\/api\/wp\/v2\/users\/2"}],"replies":[{"embeddable":true,"href":"https:\/\/portaltela.pt\/api\/wp\/v2\/comments?post=213994"}],"version-history":[{"count":0,"href":"https:\/\/portaltela.pt\/api\/wp\/v2\/posts\/213994\/revisions"}],"wp:featuredmedia":[{"embeddable":true,"href":"https:\/\/portaltela.pt\/api\/wp\/v2\/media\/213995"}],"wp:attachment":[{"href":"https:\/\/portaltela.pt\/api\/wp\/v2\/media?parent=213994"}],"wp:term":[{"taxonomy":"category","embeddable":true,"href":"https:\/\/portaltela.pt\/api\/wp\/v2\/categories?post=213994"},{"taxonomy":"post_tag","embeddable":true,"href":"https:\/\/portaltela.pt\/api\/wp\/v2\/tags?post=213994"}],"curies":[{"name":"wp","href":"https:\/\/api.w.org\/{rel}","templated":true}]}}