{"id":213985,"date":"2026-02-15T22:30:00","date_gmt":"2026-02-16T01:30:00","guid":{"rendered":"https:\/\/portaltela.pt\/noticias\/2026\/02\/15\/folioes-enchem-as-ruas-de-cor-e-alegria\/"},"modified":"2026-02-15T22:30:00","modified_gmt":"2026-02-16T01:30:00","slug":"folioes-enchem-as-ruas-de-cor-e-alegria","status":"publish","type":"post","link":"https:\/\/portaltela.pt\/noticias\/2026\/02\/15\/folioes-enchem-as-ruas-de-cor-e-alegria\/","title":{"rendered":"Foli\u00f5es enchem as ruas de cor e alegria"},"content":{"rendered":"<p>O Carnaval saiu \u00e0s ruas apesar de chuva em v\u00e1rias regi\u00f5es de Portugal. O tempo mais est\u00e1vel permitiu desfiles por todo o pa\u00eds, com v\u00e1rias cidades a manterem o programa, embora alguns eventos tenham sido cancelados devido \u00e0s condi\u00e7\u00f5es meteorol\u00f3gicas.<\/p>\n<p>Em Podence, Macedo de Cavaleiros, o Entrudo chocalheiro manteve a tradi\u00e7\u00e3o reconhecida pela UNESCO. Em Ovar, a capital do Carnaval, tr\u00eas grandes corsos reuniram milhares de figurantes e p\u00fablico, criando um espet\u00e1culo vibrante. Sesimbra viveu uma festa marcada pela m\u00fasica e alegria.<\/p>\n<p>Loures registou folia mesmo com per\u00edodos de chuva, e Elvas encheu o centro hist\u00f3rico de m\u00fasica ap\u00f3s o desfile de s\u00e1bado. Nos pr\u00f3ximos dias, o tempo continua inst\u00e1vel, mas as pessoas est\u00e3o confiantes de que a festa se manter\u00e1.<\/p>\n<h3>Desabafos e impactos<\/h3>\n<p>Alguns desfiles, nomeadamente em Torres Vedras, Tomar, Caldas da Rainha, Vila de Rei, Nazar\u00e9 e Mealhada, foram cancelados devido ao mau tempo. Mesmo assim, o Carnaval manteve-se presente em v\u00e1rias zonas do pa\u00eds, com continuidade amanh\u00e3, ter\u00e7a-feira gorda, em v\u00e1rias freguesias.<\/p>\n<h3>Perspetivas<\/h3>\n<p>A meteorologia alerta para possibilidade de precipita\u00e7\u00e3o ainda nesta segunda-feira, mas os organizadores confirmaram que v\u00e1rias rotas de desfile est\u00e3o manter-se. A fluidez das celebra\u00e7\u00f5es depende da evolu\u00e7\u00e3o clim\u00e1tica ao longo da noite.<\/p>\n","protected":false},"excerpt":{"rendered":"<ul>\n<li>O Carnaval saiu \u00e0s ruas em v\u00e1rias regi\u00f5es do pa\u00eds, ap\u00f3s a chuva dar tr\u00e9guas para os desfiles.<\/li>\n<li>V\u00e1rios desfiles foram cancelados em Torres Vedras, Tomar, Caldas da Rainha, Vila de Rei, Nazar\u00e9 e Mealhada, principalmente onde houve mau tempo.<\/li>\n<li>Em Macedo de Cavaleiros, os foli\u00f5es seguiram para o Entrudo chocalheiro de Podence, honra \u00e0 tradi\u00e7\u00e3o reconhecida pela UNESCO.<\/li>\n<li>Em Ovar, a capital do Carnaval, houve tr\u00eas grandes corsos e mais de dois mil figurantes, num espect\u00e1culo colorido.<\/li>\n<li>Amanh\u00e3, ter\u00e7a-feira gorda, a festa das m\u00e1scaras volta \u00e0s ruas, mantendo-se a instabilidade meteorol\u00f3gica.<\/li>\n<\/ul>\n","protected":false},"author":2,"featured_media":213988,"comment_status":"closed","ping_status":"closed","sticky":false,"template":"","format":"standard","meta":{"footnotes":""},"categories":[1],"tags":[1089,4919,1316,894,3210,1065],"class_list":["post-213985","post","type-post","status-publish","format-standard","has-post-thumbnail","hentry","category-noticias","tag-elvas","tag-festas","tag-mealhada","tag-nazare","tag-ovar","tag-sesimbra"],"yoast_head":"<!-- This site is optimized with the Yoast SEO plugin v27.2 - https:\/\/yoast.com\/product\/yoast-seo-wordpress\/ -->\n<title>Foli\u00f5es enchem as ruas de cor e alegria - Portal Tela Portugal<\/title>\n<meta name=\"robots\" content=\"index, follow, max-snippet:-1, max-image-preview:large, max-video-preview:-1\" \/>\n<meta property=\"og:locale\" content=\"pt_PT\" \/>\n<meta property=\"og:type\" content=\"article\" \/>\n<meta property=\"og:title\" content=\"Foli\u00f5es enchem as ruas de cor e alegria - Portal Tela Portugal\" \/>\n<meta property=\"og:description\" content=\"O Carnaval saiu \u00e0s ruas em v\u00e1rias regi\u00f5es do pa\u00eds, ap\u00f3s a chuva dar tr\u00e9guas para os desfiles. V\u00e1rios desfiles foram cancelados em Torres Vedras, Tomar, Caldas da Rainha, Vila de Rei, Nazar\u00e9 e Mealhada, principalmente onde houve mau tempo. Em Macedo de Cavaleiros, os foli\u00f5es seguiram para o Entrudo chocalheiro de Podence, honra \u00e0 tradi\u00e7\u00e3o reconhecida pela UNESCO. Em Ovar, a capital do Carnaval, houve tr\u00eas grandes corsos e mais de dois mil figurantes, num espect\u00e1culo colorido. Amanh\u00e3, ter\u00e7a-feira gorda, a festa das m\u00e1scaras volta \u00e0s ruas, mantendo-se a instabilidade meteorol\u00f3gica.\" \/>\n<meta property=\"og:url\" content=\"https:\/\/portaltela.pt\/noticias\/2026\/02\/15\/folioes-enchem-as-ruas-de-cor-e-alegria\/\" \/>\n<meta property=\"og:site_name\" content=\"Portal Tela Portugal\" \/>\n<meta property=\"article:published_time\" content=\"2026-02-16T01:30:00+00:00\" \/>\n<meta name=\"author\" content=\"Telinha\" \/>\n<meta name=\"twitter:card\" content=\"summary_large_image\" \/>\n<meta name=\"twitter:label1\" content=\"Escrito por\" \/>\n\t<meta name=\"twitter:data1\" content=\"Telinha\" \/>\n\t<meta name=\"twitter:label2\" content=\"Tempo estimado de leitura\" \/>\n\t<meta name=\"twitter:data2\" content=\"1 minuto\" \/>\n<script type=\"application\/ld+json\" class=\"yoast-schema-graph\">{\"@context\":\"https:\/\/schema.org\",\"@graph\":[{\"@type\":\"Article\",\"@id\":\"https:\/\/portaltela.pt\/noticias\/2026\/02\/15\/folioes-enchem-as-ruas-de-cor-e-alegria\/#article\",\"isPartOf\":{\"@id\":\"https:\/\/portaltela.pt\/noticias\/2026\/02\/15\/folioes-enchem-as-ruas-de-cor-e-alegria\/\"},\"author\":{\"name\":\"Telinha\",\"@id\":\"https:\/\/portaltela.pt\/#\/schema\/person\/c4278d4a6028830caff9ee44b42d32ed\"},\"headline\":\"Foli\u00f5es enchem as ruas de cor e alegria\",\"datePublished\":\"2026-02-16T01:30:00+00:00\",\"mainEntityOfPage\":{\"@id\":\"https:\/\/portaltela.pt\/noticias\/2026\/02\/15\/folioes-enchem-as-ruas-de-cor-e-alegria\/\"},\"wordCount\":238,\"image\":{\"@id\":\"https:\/\/portaltela.pt\/noticias\/2026\/02\/15\/folioes-enchem-as-ruas-de-cor-e-alegria\/#primaryimage\"},\"thumbnailUrl\":\"https:\/\/portaltela.pt\/s.01k8rhncp4jt1\/2026\/02\/img_1280x721uu2026-02-15-23-35-14-2267108.jpg\",\"keywords\":[\"Elvas\",\"festas\",\"Mealhada\",\"Nazar\u00e9\",\"Ovar\",\"Sesimbra\"],\"articleSection\":[\"Not\u00edcias\"],\"inLanguage\":\"pt-PT\"},{\"@type\":\"WebPage\",\"@id\":\"https:\/\/portaltela.pt\/noticias\/2026\/02\/15\/folioes-enchem-as-ruas-de-cor-e-alegria\/\",\"url\":\"https:\/\/portaltela.pt\/noticias\/2026\/02\/15\/folioes-enchem-as-ruas-de-cor-e-alegria\/\",\"name\":\"Foli\u00f5es enchem as ruas de cor e alegria - Portal Tela Portugal\",\"isPartOf\":{\"@id\":\"https:\/\/portaltela.pt\/#website\"},\"primaryImageOfPage\":{\"@id\":\"https:\/\/portaltela.pt\/noticias\/2026\/02\/15\/folioes-enchem-as-ruas-de-cor-e-alegria\/#primaryimage\"},\"image\":{\"@id\":\"https:\/\/portaltela.pt\/noticias\/2026\/02\/15\/folioes-enchem-as-ruas-de-cor-e-alegria\/#primaryimage\"},\"thumbnailUrl\":\"https:\/\/portaltela.pt\/s.01k8rhncp4jt1\/2026\/02\/img_1280x721uu2026-02-15-23-35-14-2267108.jpg\",\"datePublished\":\"2026-02-16T01:30:00+00:00\",\"author\":{\"@id\":\"https:\/\/portaltela.pt\/#\/schema\/person\/c4278d4a6028830caff9ee44b42d32ed\"},\"breadcrumb\":{\"@id\":\"https:\/\/portaltela.pt\/noticias\/2026\/02\/15\/folioes-enchem-as-ruas-de-cor-e-alegria\/#breadcrumb\"},\"inLanguage\":\"pt-PT\",\"potentialAction\":[{\"@type\":\"ReadAction\",\"target\":[\"https:\/\/portaltela.pt\/noticias\/2026\/02\/15\/folioes-enchem-as-ruas-de-cor-e-alegria\/\"]}]},{\"@type\":\"ImageObject\",\"inLanguage\":\"pt-PT\",\"@id\":\"https:\/\/portaltela.pt\/noticias\/2026\/02\/15\/folioes-enchem-as-ruas-de-cor-e-alegria\/#primaryimage\",\"url\":\"https:\/\/portaltela.pt\/s.01k8rhncp4jt1\/2026\/02\/img_1280x721uu2026-02-15-23-35-14-2267108.jpg\",\"contentUrl\":\"https:\/\/portaltela.pt\/s.01k8rhncp4jt1\/2026\/02\/img_1280x721uu2026-02-15-23-35-14-2267108.jpg\",\"width\":796,\"height\":448,\"caption\":\"Foli\u00f5es enchem as ruas de cor e alegria\"},{\"@type\":\"BreadcrumbList\",\"@id\":\"https:\/\/portaltela.pt\/noticias\/2026\/02\/15\/folioes-enchem-as-ruas-de-cor-e-alegria\/#breadcrumb\",\"itemListElement\":[{\"@type\":\"ListItem\",\"position\":1,\"name\":\"In\u00edcio\",\"item\":\"https:\/\/portaltela.pt\/\"},{\"@type\":\"ListItem\",\"position\":2,\"name\":\"Foli\u00f5es enchem as ruas de cor e alegria\"}]},{\"@type\":\"WebSite\",\"@id\":\"https:\/\/portaltela.pt\/#website\",\"url\":\"https:\/\/portaltela.pt\/\",\"name\":\"Portal Tela Portugal\",\"description\":\"\",\"potentialAction\":[{\"@type\":\"SearchAction\",\"target\":{\"@type\":\"EntryPoint\",\"urlTemplate\":\"https:\/\/portaltela.pt\/?s={search_term_string}\"},\"query-input\":{\"@type\":\"PropertyValueSpecification\",\"valueRequired\":true,\"valueName\":\"search_term_string\"}}],\"inLanguage\":\"pt-PT\"},{\"@type\":\"Person\",\"@id\":\"https:\/\/portaltela.pt\/#\/schema\/person\/c4278d4a6028830caff9ee44b42d32ed\",\"name\":\"Telinha\",\"image\":{\"@type\":\"ImageObject\",\"inLanguage\":\"pt-PT\",\"@id\":\"https:\/\/portaltela.pt\/s.01k8rhncp4jt1\/2025\/11\/talking-bot-125x125.png\",\"url\":\"https:\/\/portaltela.pt\/s.01k8rhncp4jt1\/2025\/11\/talking-bot-125x125.png\",\"contentUrl\":\"https:\/\/portaltela.pt\/s.01k8rhncp4jt1\/2025\/11\/talking-bot-125x125.png\",\"caption\":\"Telinha\"},\"sameAs\":[\"https:\/\/portaltela.pt\/\"],\"url\":\"https:\/\/portaltela.pt\/por\/367410592786\/\"}]}<\/script>\n<!-- \/ Yoast SEO plugin. -->","yoast_head_json":{"title":"Foli\u00f5es enchem as ruas de cor e alegria - Portal Tela Portugal","robots":{"index":"index","follow":"follow","max-snippet":"max-snippet:-1","max-image-preview":"max-image-preview:large","max-video-preview":"max-video-preview:-1"},"og_locale":"pt_PT","og_type":"article","og_title":"Foli\u00f5es enchem as ruas de cor e alegria - Portal Tela Portugal","og_description":"O Carnaval saiu \u00e0s ruas em v\u00e1rias regi\u00f5es do pa\u00eds, ap\u00f3s a chuva dar tr\u00e9guas para os desfiles. V\u00e1rios desfiles foram cancelados em Torres Vedras, Tomar, Caldas da Rainha, Vila de Rei, Nazar\u00e9 e Mealhada, principalmente onde houve mau tempo. Em Macedo de Cavaleiros, os foli\u00f5es seguiram para o Entrudo chocalheiro de Podence, honra \u00e0 tradi\u00e7\u00e3o reconhecida pela UNESCO. Em Ovar, a capital do Carnaval, houve tr\u00eas grandes corsos e mais de dois mil figurantes, num espect\u00e1culo colorido. Amanh\u00e3, ter\u00e7a-feira gorda, a festa das m\u00e1scaras volta \u00e0s ruas, mantendo-se a instabilidade meteorol\u00f3gica.","og_url":"https:\/\/portaltela.pt\/noticias\/2026\/02\/15\/folioes-enchem-as-ruas-de-cor-e-alegria\/","og_site_name":"Portal Tela Portugal","article_published_time":"2026-02-16T01:30:00+00:00","author":"Telinha","twitter_card":"summary_large_image","twitter_misc":{"Escrito por":"Telinha","Tempo estimado de leitura":"1 minuto"},"schema":{"@context":"https:\/\/schema.org","@graph":[{"@type":"Article","@id":"https:\/\/portaltela.pt\/noticias\/2026\/02\/15\/folioes-enchem-as-ruas-de-cor-e-alegria\/#article","isPartOf":{"@id":"https:\/\/portaltela.pt\/noticias\/2026\/02\/15\/folioes-enchem-as-ruas-de-cor-e-alegria\/"},"author":{"name":"Telinha","@id":"https:\/\/portaltela.pt\/#\/schema\/person\/c4278d4a6028830caff9ee44b42d32ed"},"headline":"Foli\u00f5es enchem as ruas de cor e alegria","datePublished":"2026-02-16T01:30:00+00:00","mainEntityOfPage":{"@id":"https:\/\/portaltela.pt\/noticias\/2026\/02\/15\/folioes-enchem-as-ruas-de-cor-e-alegria\/"},"wordCount":238,"image":{"@id":"https:\/\/portaltela.pt\/noticias\/2026\/02\/15\/folioes-enchem-as-ruas-de-cor-e-alegria\/#primaryimage"},"thumbnailUrl":"https:\/\/portaltela.pt\/s.01k8rhncp4jt1\/2026\/02\/img_1280x721uu2026-02-15-23-35-14-2267108.jpg","keywords":["Elvas","festas","Mealhada","Nazar\u00e9","Ovar","Sesimbra"],"articleSection":["Not\u00edcias"],"inLanguage":"pt-PT"},{"@type":"WebPage","@id":"https:\/\/portaltela.pt\/noticias\/2026\/02\/15\/folioes-enchem-as-ruas-de-cor-e-alegria\/","url":"https:\/\/portaltela.pt\/noticias\/2026\/02\/15\/folioes-enchem-as-ruas-de-cor-e-alegria\/","name":"Foli\u00f5es enchem as ruas de cor e alegria - Portal Tela Portugal","isPartOf":{"@id":"https:\/\/portaltela.pt\/#website"},"primaryImageOfPage":{"@id":"https:\/\/portaltela.pt\/noticias\/2026\/02\/15\/folioes-enchem-as-ruas-de-cor-e-alegria\/#primaryimage"},"image":{"@id":"https:\/\/portaltela.pt\/noticias\/2026\/02\/15\/folioes-enchem-as-ruas-de-cor-e-alegria\/#primaryimage"},"thumbnailUrl":"https:\/\/portaltela.pt\/s.01k8rhncp4jt1\/2026\/02\/img_1280x721uu2026-02-15-23-35-14-2267108.jpg","datePublished":"2026-02-16T01:30:00+00:00","author":{"@id":"https:\/\/portaltela.pt\/#\/schema\/person\/c4278d4a6028830caff9ee44b42d32ed"},"breadcrumb":{"@id":"https:\/\/portaltela.pt\/noticias\/2026\/02\/15\/folioes-enchem-as-ruas-de-cor-e-alegria\/#breadcrumb"},"inLanguage":"pt-PT","potentialAction":[{"@type":"ReadAction","target":["https:\/\/portaltela.pt\/noticias\/2026\/02\/15\/folioes-enchem-as-ruas-de-cor-e-alegria\/"]}]},{"@type":"ImageObject","inLanguage":"pt-PT","@id":"https:\/\/portaltela.pt\/noticias\/2026\/02\/15\/folioes-enchem-as-ruas-de-cor-e-alegria\/#primaryimage","url":"https:\/\/portaltela.pt\/s.01k8rhncp4jt1\/2026\/02\/img_1280x721uu2026-02-15-23-35-14-2267108.jpg","contentUrl":"https:\/\/portaltela.pt\/s.01k8rhncp4jt1\/2026\/02\/img_1280x721uu2026-02-15-23-35-14-2267108.jpg","width":796,"height":448,"caption":"Foli\u00f5es enchem as ruas de cor e alegria"},{"@type":"BreadcrumbList","@id":"https:\/\/portaltela.pt\/noticias\/2026\/02\/15\/folioes-enchem-as-ruas-de-cor-e-alegria\/#breadcrumb","itemListElement":[{"@type":"ListItem","position":1,"name":"In\u00edcio","item":"https:\/\/portaltela.pt\/"},{"@type":"ListItem","position":2,"name":"Foli\u00f5es enchem as ruas de cor e alegria"}]},{"@type":"WebSite","@id":"https:\/\/portaltela.pt\/#website","url":"https:\/\/portaltela.pt\/","name":"Portal Tela Portugal","description":"","potentialAction":[{"@type":"SearchAction","target":{"@type":"EntryPoint","urlTemplate":"https:\/\/portaltela.pt\/?s={search_term_string}"},"query-input":{"@type":"PropertyValueSpecification","valueRequired":true,"valueName":"search_term_string"}}],"inLanguage":"pt-PT"},{"@type":"Person","@id":"https:\/\/portaltela.pt\/#\/schema\/person\/c4278d4a6028830caff9ee44b42d32ed","name":"Telinha","image":{"@type":"ImageObject","inLanguage":"pt-PT","@id":"https:\/\/portaltela.pt\/s.01k8rhncp4jt1\/2025\/11\/talking-bot-125x125.png","url":"https:\/\/portaltela.pt\/s.01k8rhncp4jt1\/2025\/11\/talking-bot-125x125.png","contentUrl":"https:\/\/portaltela.pt\/s.01k8rhncp4jt1\/2025\/11\/talking-bot-125x125.png","caption":"Telinha"},"sameAs":["https:\/\/portaltela.pt\/"],"url":"https:\/\/portaltela.pt\/por\/367410592786\/"}]}},"_links":{"self":[{"href":"https:\/\/portaltela.pt\/api\/wp\/v2\/posts\/213985","targetHints":{"allow":["GET"]}}],"collection":[{"href":"https:\/\/portaltela.pt\/api\/wp\/v2\/posts"}],"about":[{"href":"https:\/\/portaltela.pt\/api\/wp\/v2\/types\/post"}],"author":[{"embeddable":true,"href":"https:\/\/portaltela.pt\/api\/wp\/v2\/users\/2"}],"replies":[{"embeddable":true,"href":"https:\/\/portaltela.pt\/api\/wp\/v2\/comments?post=213985"}],"version-history":[{"count":0,"href":"https:\/\/portaltela.pt\/api\/wp\/v2\/posts\/213985\/revisions"}],"wp:featuredmedia":[{"embeddable":true,"href":"https:\/\/portaltela.pt\/api\/wp\/v2\/media\/213988"}],"wp:attachment":[{"href":"https:\/\/portaltela.pt\/api\/wp\/v2\/media?parent=213985"}],"wp:term":[{"taxonomy":"category","embeddable":true,"href":"https:\/\/portaltela.pt\/api\/wp\/v2\/categories?post=213985"},{"taxonomy":"post_tag","embeddable":true,"href":"https:\/\/portaltela.pt\/api\/wp\/v2\/tags?post=213985"}],"curies":[{"name":"wp","href":"https:\/\/api.w.org\/{rel}","templated":true}]}}