{"id":213978,"date":"2026-02-15T22:30:00","date_gmt":"2026-02-16T01:30:00","guid":{"rendered":"https:\/\/portaltela.pt\/noticias\/2026\/02\/15\/homem-condenado-a-85-anos-por-abusar-de-dois-meninos-em-casa-de-ama\/"},"modified":"2026-02-15T22:30:00","modified_gmt":"2026-02-16T01:30:00","slug":"homem-condenado-a-85-anos-por-abusar-de-dois-meninos-em-casa-de-ama","status":"publish","type":"post","link":"https:\/\/portaltela.pt\/noticias\/2026\/02\/15\/homem-condenado-a-85-anos-por-abusar-de-dois-meninos-em-casa-de-ama\/","title":{"rendered":"Homem condenado a 8,5 anos por abusar de dois meninos em casa de ama"},"content":{"rendered":"<p>Dois menores, com 11 e 12 anos, foram v\u00edtimas de abuso sexual em casa de ama na zona da Figueira da Foz. O arguido, de 55 anos, irm\u00e3o da mulher que cuidava das crian\u00e7as, foi condenado a oito anos e seis meses de pris\u00e3o. Al\u00e9m disso, foi condenado a pagar 7500 euros a uma das v\u00edtimas e 2500 euros \u00e0 outra.<\/p>\n<p>Os factos ocorreram durante as f\u00e9rias de ver\u00e3o de 2024. Uma das crian\u00e7as vivia na habita\u00e7\u00e3o, sendo familiar da irm\u00e3 do arguido; a outra ficou na casa da ama, conforme os pais j\u00e1 o faziam habitualmente. O coletivo de ju\u00edzes entendeu provados os depoimentos das crian\u00e7as.<\/p>\n<p>O homem aproveitou-se de ficar sozinho com os menores por duas ocasi\u00f5es e cometeu um dos actos de viola\u00e7\u00e3o cerca de um m\u00eas depois, tendo ainda prometido comprar um telem\u00f3vel a uma das v\u00edtimas.<\/p>\n<h3>Acr\u00f3rd\u00e3o e processo<\/h3>\n<p>Durante a leitura do ac\u00f3rd\u00e3o, o tribunal destacou que uma das crian\u00e7as iniciou automutila\u00e7\u00e3o ap\u00f3s os factos. O ac\u00f3rd\u00e3o ser\u00e1 remetido ao Tribunal de Fam\u00edlia e Menores da Figueira da Foz, por desvaloriza\u00e7\u00f5es nas vers\u00f5es apresentadas pela m\u00e3e de um dos menores.<\/p>\n<p>O suspeito encontra-se em pris\u00e3o preventiva desde fevereiro do ano passado, pela Pol\u00edcia Judici\u00e1ria do Centro, estando proibido de contactar as v\u00edtimas e testemunhas.<\/p>\n<p>A leitura do ac\u00f3rd\u00e3o ocorreu por videoconfer\u00eancia, o arguido encontrava-se detido no Estabelecimento Prisional de Aveiro.<\/p>\n","protected":false},"excerpt":{"rendered":"<ul>\n<li>O homem, de cinquenta e cinco anos, foi condenado no Tribunal de Coimbra a oito anos e seis meses de pris\u00e3o por tr\u00eas crimes de abuso sexual de menores agravado e um de viola\u00e7\u00e3o agravada, ocorridos na zona da Figueira da Foz, durante as f\u00e9rias de Ver\u00e3o de 2024, envolvendo dois rapazes de 11 e 12 anos.<\/li>\n<li>O arguido era irm\u00e3o da mulher que cuidava das crian\u00e7as na casa da ama onde os menores eram deixados e acolhidos.<\/li>\n<li>O tribunal determinou o pagamento de quinze mil euros, sendo sete mil e quinhentos euros a uma v\u00edtima e dois mil e quinhentos euros \u00e0 outra; o indiv\u00edduo encontra-se em pris\u00e3o preventiva desde fevereiro do ano passado.<\/li>\n<li>Um dos menores come\u00e7ou a automutilar-se ap\u00f3s os factos; o ac\u00f3rd\u00e3o ser\u00e1 remetido ao Tribunal de Fam\u00edlia e Menores da Figueira da Foz, por desvaloriza\u00e7\u00e3o de factos por parte da m\u00e3e de um dos menores.<\/li>\n<li>A leitura do ac\u00f3rd\u00e3o ocorreu por videoconfer\u00eancia, estando o condenado no Estabelecimento Prisional de Aveiro, com proibi\u00e7\u00e3o de contacto com as v\u00edtimas e testemunhas.<\/li>\n<\/ul>\n","protected":false},"author":2,"featured_media":213984,"comment_status":"closed","ping_status":"closed","sticky":false,"template":"","format":"standard","meta":{"footnotes":""},"categories":[1],"tags":[657,147,177,1417,1103,939],"class_list":["post-213978","post","type-post","status-publish","format-standard","has-post-thumbnail","hentry","category-noticias","tag-abuso-de-sexual-de-menor-dependente-ou-em-situacao-vulneravel","tag-crime","tag-crimes","tag-figueira-da-foz","tag-violacao-de-menor-dependente-ou-em-situacao-vulneravel","tag-violencia"],"yoast_head":"<!-- This site is optimized with the Yoast SEO plugin v27.2 - https:\/\/yoast.com\/product\/yoast-seo-wordpress\/ -->\n<title>Homem condenado a 8,5 anos por abusar de dois meninos em casa de ama - Portal Tela Portugal<\/title>\n<meta name=\"robots\" content=\"index, follow, max-snippet:-1, max-image-preview:large, max-video-preview:-1\" \/>\n<meta property=\"og:locale\" content=\"pt_PT\" \/>\n<meta property=\"og:type\" content=\"article\" \/>\n<meta property=\"og:title\" content=\"Homem condenado a 8,5 anos por abusar de dois meninos em casa de ama - Portal Tela Portugal\" \/>\n<meta property=\"og:description\" content=\"O homem, de cinquenta e cinco anos, foi condenado no Tribunal de Coimbra a oito anos e seis meses de pris\u00e3o por tr\u00eas crimes de abuso sexual de menores agravado e um de viola\u00e7\u00e3o agravada, ocorridos na zona da Figueira da Foz, durante as f\u00e9rias de Ver\u00e3o de 2024, envolvendo dois rapazes de 11 e 12 anos. O arguido era irm\u00e3o da mulher que cuidava das crian\u00e7as na casa da ama onde os menores eram deixados e acolhidos. O tribunal determinou o pagamento de quinze mil euros, sendo sete mil e quinhentos euros a uma v\u00edtima e dois mil e quinhentos euros \u00e0 outra; o indiv\u00edduo encontra-se em pris\u00e3o preventiva desde fevereiro do ano passado. Um dos menores come\u00e7ou a automutilar-se ap\u00f3s os factos; o ac\u00f3rd\u00e3o ser\u00e1 remetido ao Tribunal de Fam\u00edlia e Menores da Figueira da Foz, por desvaloriza\u00e7\u00e3o de factos por parte da m\u00e3e de um dos menores. A leitura do ac\u00f3rd\u00e3o ocorreu por videoconfer\u00eancia, estando o condenado no Estabelecimento Prisional de Aveiro, com proibi\u00e7\u00e3o de contacto com as v\u00edtimas e testemunhas.\" \/>\n<meta property=\"og:url\" content=\"https:\/\/portaltela.pt\/noticias\/2026\/02\/15\/homem-condenado-a-85-anos-por-abusar-de-dois-meninos-em-casa-de-ama\/\" \/>\n<meta property=\"og:site_name\" content=\"Portal Tela Portugal\" \/>\n<meta property=\"article:published_time\" content=\"2026-02-16T01:30:00+00:00\" \/>\n<meta name=\"author\" content=\"Telinha\" \/>\n<meta name=\"twitter:card\" content=\"summary_large_image\" \/>\n<meta name=\"twitter:label1\" content=\"Escrito por\" \/>\n\t<meta name=\"twitter:data1\" content=\"Telinha\" \/>\n\t<meta name=\"twitter:label2\" content=\"Tempo estimado de leitura\" \/>\n\t<meta name=\"twitter:data2\" content=\"1 minuto\" \/>\n<script type=\"application\/ld+json\" class=\"yoast-schema-graph\">{\"@context\":\"https:\/\/schema.org\",\"@graph\":[{\"@type\":\"Article\",\"@id\":\"https:\/\/portaltela.pt\/noticias\/2026\/02\/15\/homem-condenado-a-85-anos-por-abusar-de-dois-meninos-em-casa-de-ama\/#article\",\"isPartOf\":{\"@id\":\"https:\/\/portaltela.pt\/noticias\/2026\/02\/15\/homem-condenado-a-85-anos-por-abusar-de-dois-meninos-em-casa-de-ama\/\"},\"author\":{\"name\":\"Telinha\",\"@id\":\"https:\/\/portaltela.pt\/#\/schema\/person\/c4278d4a6028830caff9ee44b42d32ed\"},\"headline\":\"Homem condenado a 8,5 anos por abusar de dois meninos em casa de ama\",\"datePublished\":\"2026-02-16T01:30:00+00:00\",\"mainEntityOfPage\":{\"@id\":\"https:\/\/portaltela.pt\/noticias\/2026\/02\/15\/homem-condenado-a-85-anos-por-abusar-de-dois-meninos-em-casa-de-ama\/\"},\"wordCount\":269,\"image\":{\"@id\":\"https:\/\/portaltela.pt\/noticias\/2026\/02\/15\/homem-condenado-a-85-anos-por-abusar-de-dois-meninos-em-casa-de-ama\/#primaryimage\"},\"thumbnailUrl\":\"https:\/\/portaltela.pt\/s.01k8rhncp4jt1\/2026\/02\/img_1500x1000uu2024-03-15-21-57-00-1600273.jpg\",\"keywords\":[\"abuso de sexual de menor dependente ou em situa\u00e7\u00e3o vulner\u00e1vel\",\"crime\",\"crimes\",\"Figueira da Foz\",\"viola\u00e7\u00e3o de menor dependente ou em situa\u00e7\u00e3o vulner\u00e1vel\",\"viol\u00eancia\"],\"articleSection\":[\"Not\u00edcias\"],\"inLanguage\":\"pt-PT\"},{\"@type\":\"WebPage\",\"@id\":\"https:\/\/portaltela.pt\/noticias\/2026\/02\/15\/homem-condenado-a-85-anos-por-abusar-de-dois-meninos-em-casa-de-ama\/\",\"url\":\"https:\/\/portaltela.pt\/noticias\/2026\/02\/15\/homem-condenado-a-85-anos-por-abusar-de-dois-meninos-em-casa-de-ama\/\",\"name\":\"Homem condenado a 8,5 anos por abusar de dois meninos em casa de ama - Portal Tela Portugal\",\"isPartOf\":{\"@id\":\"https:\/\/portaltela.pt\/#website\"},\"primaryImageOfPage\":{\"@id\":\"https:\/\/portaltela.pt\/noticias\/2026\/02\/15\/homem-condenado-a-85-anos-por-abusar-de-dois-meninos-em-casa-de-ama\/#primaryimage\"},\"image\":{\"@id\":\"https:\/\/portaltela.pt\/noticias\/2026\/02\/15\/homem-condenado-a-85-anos-por-abusar-de-dois-meninos-em-casa-de-ama\/#primaryimage\"},\"thumbnailUrl\":\"https:\/\/portaltela.pt\/s.01k8rhncp4jt1\/2026\/02\/img_1500x1000uu2024-03-15-21-57-00-1600273.jpg\",\"datePublished\":\"2026-02-16T01:30:00+00:00\",\"author\":{\"@id\":\"https:\/\/portaltela.pt\/#\/schema\/person\/c4278d4a6028830caff9ee44b42d32ed\"},\"breadcrumb\":{\"@id\":\"https:\/\/portaltela.pt\/noticias\/2026\/02\/15\/homem-condenado-a-85-anos-por-abusar-de-dois-meninos-em-casa-de-ama\/#breadcrumb\"},\"inLanguage\":\"pt-PT\",\"potentialAction\":[{\"@type\":\"ReadAction\",\"target\":[\"https:\/\/portaltela.pt\/noticias\/2026\/02\/15\/homem-condenado-a-85-anos-por-abusar-de-dois-meninos-em-casa-de-ama\/\"]}]},{\"@type\":\"ImageObject\",\"inLanguage\":\"pt-PT\",\"@id\":\"https:\/\/portaltela.pt\/noticias\/2026\/02\/15\/homem-condenado-a-85-anos-por-abusar-de-dois-meninos-em-casa-de-ama\/#primaryimage\",\"url\":\"https:\/\/portaltela.pt\/s.01k8rhncp4jt1\/2026\/02\/img_1500x1000uu2024-03-15-21-57-00-1600273.jpg\",\"contentUrl\":\"https:\/\/portaltela.pt\/s.01k8rhncp4jt1\/2026\/02\/img_1500x1000uu2024-03-15-21-57-00-1600273.jpg\",\"width\":796,\"height\":448,\"caption\":\"Tribunal de Coimbra aplicou pena de 8 anos e meio de cadeia\"},{\"@type\":\"BreadcrumbList\",\"@id\":\"https:\/\/portaltela.pt\/noticias\/2026\/02\/15\/homem-condenado-a-85-anos-por-abusar-de-dois-meninos-em-casa-de-ama\/#breadcrumb\",\"itemListElement\":[{\"@type\":\"ListItem\",\"position\":1,\"name\":\"In\u00edcio\",\"item\":\"https:\/\/portaltela.pt\/\"},{\"@type\":\"ListItem\",\"position\":2,\"name\":\"Homem condenado a 8,5 anos por abusar de dois meninos em casa de ama\"}]},{\"@type\":\"WebSite\",\"@id\":\"https:\/\/portaltela.pt\/#website\",\"url\":\"https:\/\/portaltela.pt\/\",\"name\":\"Portal Tela Portugal\",\"description\":\"\",\"potentialAction\":[{\"@type\":\"SearchAction\",\"target\":{\"@type\":\"EntryPoint\",\"urlTemplate\":\"https:\/\/portaltela.pt\/?s={search_term_string}\"},\"query-input\":{\"@type\":\"PropertyValueSpecification\",\"valueRequired\":true,\"valueName\":\"search_term_string\"}}],\"inLanguage\":\"pt-PT\"},{\"@type\":\"Person\",\"@id\":\"https:\/\/portaltela.pt\/#\/schema\/person\/c4278d4a6028830caff9ee44b42d32ed\",\"name\":\"Telinha\",\"image\":{\"@type\":\"ImageObject\",\"inLanguage\":\"pt-PT\",\"@id\":\"https:\/\/portaltela.pt\/s.01k8rhncp4jt1\/2025\/11\/talking-bot-125x125.png\",\"url\":\"https:\/\/portaltela.pt\/s.01k8rhncp4jt1\/2025\/11\/talking-bot-125x125.png\",\"contentUrl\":\"https:\/\/portaltela.pt\/s.01k8rhncp4jt1\/2025\/11\/talking-bot-125x125.png\",\"caption\":\"Telinha\"},\"sameAs\":[\"https:\/\/portaltela.pt\/\"],\"url\":\"https:\/\/portaltela.pt\/por\/367410592786\/\"}]}<\/script>\n<!-- \/ Yoast SEO plugin. -->","yoast_head_json":{"title":"Homem condenado a 8,5 anos por abusar de dois meninos em casa de ama - Portal Tela Portugal","robots":{"index":"index","follow":"follow","max-snippet":"max-snippet:-1","max-image-preview":"max-image-preview:large","max-video-preview":"max-video-preview:-1"},"og_locale":"pt_PT","og_type":"article","og_title":"Homem condenado a 8,5 anos por abusar de dois meninos em casa de ama - Portal Tela Portugal","og_description":"O homem, de cinquenta e cinco anos, foi condenado no Tribunal de Coimbra a oito anos e seis meses de pris\u00e3o por tr\u00eas crimes de abuso sexual de menores agravado e um de viola\u00e7\u00e3o agravada, ocorridos na zona da Figueira da Foz, durante as f\u00e9rias de Ver\u00e3o de 2024, envolvendo dois rapazes de 11 e 12 anos. O arguido era irm\u00e3o da mulher que cuidava das crian\u00e7as na casa da ama onde os menores eram deixados e acolhidos. O tribunal determinou o pagamento de quinze mil euros, sendo sete mil e quinhentos euros a uma v\u00edtima e dois mil e quinhentos euros \u00e0 outra; o indiv\u00edduo encontra-se em pris\u00e3o preventiva desde fevereiro do ano passado. Um dos menores come\u00e7ou a automutilar-se ap\u00f3s os factos; o ac\u00f3rd\u00e3o ser\u00e1 remetido ao Tribunal de Fam\u00edlia e Menores da Figueira da Foz, por desvaloriza\u00e7\u00e3o de factos por parte da m\u00e3e de um dos menores. A leitura do ac\u00f3rd\u00e3o ocorreu por videoconfer\u00eancia, estando o condenado no Estabelecimento Prisional de Aveiro, com proibi\u00e7\u00e3o de contacto com as v\u00edtimas e testemunhas.","og_url":"https:\/\/portaltela.pt\/noticias\/2026\/02\/15\/homem-condenado-a-85-anos-por-abusar-de-dois-meninos-em-casa-de-ama\/","og_site_name":"Portal Tela Portugal","article_published_time":"2026-02-16T01:30:00+00:00","author":"Telinha","twitter_card":"summary_large_image","twitter_misc":{"Escrito por":"Telinha","Tempo estimado de leitura":"1 minuto"},"schema":{"@context":"https:\/\/schema.org","@graph":[{"@type":"Article","@id":"https:\/\/portaltela.pt\/noticias\/2026\/02\/15\/homem-condenado-a-85-anos-por-abusar-de-dois-meninos-em-casa-de-ama\/#article","isPartOf":{"@id":"https:\/\/portaltela.pt\/noticias\/2026\/02\/15\/homem-condenado-a-85-anos-por-abusar-de-dois-meninos-em-casa-de-ama\/"},"author":{"name":"Telinha","@id":"https:\/\/portaltela.pt\/#\/schema\/person\/c4278d4a6028830caff9ee44b42d32ed"},"headline":"Homem condenado a 8,5 anos por abusar de dois meninos em casa de ama","datePublished":"2026-02-16T01:30:00+00:00","mainEntityOfPage":{"@id":"https:\/\/portaltela.pt\/noticias\/2026\/02\/15\/homem-condenado-a-85-anos-por-abusar-de-dois-meninos-em-casa-de-ama\/"},"wordCount":269,"image":{"@id":"https:\/\/portaltela.pt\/noticias\/2026\/02\/15\/homem-condenado-a-85-anos-por-abusar-de-dois-meninos-em-casa-de-ama\/#primaryimage"},"thumbnailUrl":"https:\/\/portaltela.pt\/s.01k8rhncp4jt1\/2026\/02\/img_1500x1000uu2024-03-15-21-57-00-1600273.jpg","keywords":["abuso de sexual de menor dependente ou em situa\u00e7\u00e3o vulner\u00e1vel","crime","crimes","Figueira da Foz","viola\u00e7\u00e3o de menor dependente ou em situa\u00e7\u00e3o vulner\u00e1vel","viol\u00eancia"],"articleSection":["Not\u00edcias"],"inLanguage":"pt-PT"},{"@type":"WebPage","@id":"https:\/\/portaltela.pt\/noticias\/2026\/02\/15\/homem-condenado-a-85-anos-por-abusar-de-dois-meninos-em-casa-de-ama\/","url":"https:\/\/portaltela.pt\/noticias\/2026\/02\/15\/homem-condenado-a-85-anos-por-abusar-de-dois-meninos-em-casa-de-ama\/","name":"Homem condenado a 8,5 anos por abusar de dois meninos em casa de ama - Portal Tela Portugal","isPartOf":{"@id":"https:\/\/portaltela.pt\/#website"},"primaryImageOfPage":{"@id":"https:\/\/portaltela.pt\/noticias\/2026\/02\/15\/homem-condenado-a-85-anos-por-abusar-de-dois-meninos-em-casa-de-ama\/#primaryimage"},"image":{"@id":"https:\/\/portaltela.pt\/noticias\/2026\/02\/15\/homem-condenado-a-85-anos-por-abusar-de-dois-meninos-em-casa-de-ama\/#primaryimage"},"thumbnailUrl":"https:\/\/portaltela.pt\/s.01k8rhncp4jt1\/2026\/02\/img_1500x1000uu2024-03-15-21-57-00-1600273.jpg","datePublished":"2026-02-16T01:30:00+00:00","author":{"@id":"https:\/\/portaltela.pt\/#\/schema\/person\/c4278d4a6028830caff9ee44b42d32ed"},"breadcrumb":{"@id":"https:\/\/portaltela.pt\/noticias\/2026\/02\/15\/homem-condenado-a-85-anos-por-abusar-de-dois-meninos-em-casa-de-ama\/#breadcrumb"},"inLanguage":"pt-PT","potentialAction":[{"@type":"ReadAction","target":["https:\/\/portaltela.pt\/noticias\/2026\/02\/15\/homem-condenado-a-85-anos-por-abusar-de-dois-meninos-em-casa-de-ama\/"]}]},{"@type":"ImageObject","inLanguage":"pt-PT","@id":"https:\/\/portaltela.pt\/noticias\/2026\/02\/15\/homem-condenado-a-85-anos-por-abusar-de-dois-meninos-em-casa-de-ama\/#primaryimage","url":"https:\/\/portaltela.pt\/s.01k8rhncp4jt1\/2026\/02\/img_1500x1000uu2024-03-15-21-57-00-1600273.jpg","contentUrl":"https:\/\/portaltela.pt\/s.01k8rhncp4jt1\/2026\/02\/img_1500x1000uu2024-03-15-21-57-00-1600273.jpg","width":796,"height":448,"caption":"Tribunal de Coimbra aplicou pena de 8 anos e meio de cadeia"},{"@type":"BreadcrumbList","@id":"https:\/\/portaltela.pt\/noticias\/2026\/02\/15\/homem-condenado-a-85-anos-por-abusar-de-dois-meninos-em-casa-de-ama\/#breadcrumb","itemListElement":[{"@type":"ListItem","position":1,"name":"In\u00edcio","item":"https:\/\/portaltela.pt\/"},{"@type":"ListItem","position":2,"name":"Homem condenado a 8,5 anos por abusar de dois meninos em casa de ama"}]},{"@type":"WebSite","@id":"https:\/\/portaltela.pt\/#website","url":"https:\/\/portaltela.pt\/","name":"Portal Tela Portugal","description":"","potentialAction":[{"@type":"SearchAction","target":{"@type":"EntryPoint","urlTemplate":"https:\/\/portaltela.pt\/?s={search_term_string}"},"query-input":{"@type":"PropertyValueSpecification","valueRequired":true,"valueName":"search_term_string"}}],"inLanguage":"pt-PT"},{"@type":"Person","@id":"https:\/\/portaltela.pt\/#\/schema\/person\/c4278d4a6028830caff9ee44b42d32ed","name":"Telinha","image":{"@type":"ImageObject","inLanguage":"pt-PT","@id":"https:\/\/portaltela.pt\/s.01k8rhncp4jt1\/2025\/11\/talking-bot-125x125.png","url":"https:\/\/portaltela.pt\/s.01k8rhncp4jt1\/2025\/11\/talking-bot-125x125.png","contentUrl":"https:\/\/portaltela.pt\/s.01k8rhncp4jt1\/2025\/11\/talking-bot-125x125.png","caption":"Telinha"},"sameAs":["https:\/\/portaltela.pt\/"],"url":"https:\/\/portaltela.pt\/por\/367410592786\/"}]}},"_links":{"self":[{"href":"https:\/\/portaltela.pt\/api\/wp\/v2\/posts\/213978","targetHints":{"allow":["GET"]}}],"collection":[{"href":"https:\/\/portaltela.pt\/api\/wp\/v2\/posts"}],"about":[{"href":"https:\/\/portaltela.pt\/api\/wp\/v2\/types\/post"}],"author":[{"embeddable":true,"href":"https:\/\/portaltela.pt\/api\/wp\/v2\/users\/2"}],"replies":[{"embeddable":true,"href":"https:\/\/portaltela.pt\/api\/wp\/v2\/comments?post=213978"}],"version-history":[{"count":0,"href":"https:\/\/portaltela.pt\/api\/wp\/v2\/posts\/213978\/revisions"}],"wp:featuredmedia":[{"embeddable":true,"href":"https:\/\/portaltela.pt\/api\/wp\/v2\/media\/213984"}],"wp:attachment":[{"href":"https:\/\/portaltela.pt\/api\/wp\/v2\/media?parent=213978"}],"wp:term":[{"taxonomy":"category","embeddable":true,"href":"https:\/\/portaltela.pt\/api\/wp\/v2\/categories?post=213978"},{"taxonomy":"post_tag","embeddable":true,"href":"https:\/\/portaltela.pt\/api\/wp\/v2\/tags?post=213978"}],"curies":[{"name":"wp","href":"https:\/\/api.w.org\/{rel}","templated":true}]}}