{"id":213972,"date":"2026-02-15T22:30:00","date_gmt":"2026-02-16T01:30:00","guid":{"rendered":"https:\/\/portaltela.pt\/noticias\/2026\/02\/15\/dupla-que-assaltou-prostitutas-em-portimao-vai-para-prisao\/"},"modified":"2026-02-15T22:30:00","modified_gmt":"2026-02-16T01:30:00","slug":"dupla-que-assaltou-prostitutas-em-portimao-vai-para-prisao","status":"publish","type":"post","link":"https:\/\/portaltela.pt\/noticias\/2026\/02\/15\/dupla-que-assaltou-prostitutas-em-portimao-vai-para-prisao\/","title":{"rendered":"Dupla que assaltou prostitutas em Portim\u00e3o vai para pris\u00e3o"},"content":{"rendered":"<p>Um homem de 36 anos, trabalhador numa serra\u00e7\u00e3o, e um cadastrado que vivia com ele foram condenados por um roubo em Portim\u00e3o, em agosto de 2024, num apartamento utilizado por prostitutas. O Supremo Tribunal de Justi\u00e7a confirmou as penas: 5 anos e 6 meses para o primeiro, 7 anos para o segundo.<\/p>\n<p>Segundo o ac\u00f3rd\u00e3o, os dois fingiram ser clientes para aceder ao local, cumprimentando com dois beijos na cara e dirigindo-se a quartos distintos com cada v\u00edtima. Um deles, ao entrar no quarto, segurou a ofendida e pressionou-lhe uma faca ao pesco\u00e7o, ordenando que ficasse quieta.<\/p>\n<p>Os arguidos levaram as v\u00edtimas para a casa de banho, amarraram-nas com abra\u00e7adeiras e taparam a boca com fita adesiva. Enquanto o serrador vigiava, o cadastrado revistou os quartos, retirando 3.264 euros e um telem\u00f3vel de uma v\u00edtima, e 1.037 euros da outra.<\/p>\n<p>O cadastrado chegou a amea\u00e7ar as v\u00edtimas de que lhes atiraria \u00e0 testa caso tentassem fugir nos dois minutos seguintes, e ambos fugiram. Foram depois detidos pela Pol\u00edcia Judici\u00e1ria. O recurso em primeira inst\u00e2ncia foi negado pelo Supremo.<\/p>\n<h3>Recursos e contexto<\/h3>\n<p>O serrador alegou ser prim\u00e1rio, o cadastrado afirmou estar arrependido. O Supremo manteve as condena\u00e7\u00f5es, n\u00e3o contribuindo com altera\u00e7\u00f5es relevantes ao ac\u00f3rd\u00e3o inicial. A decis\u00e3o preserva as penas aplicadas na origem. Fonte: ac\u00f3rd\u00e3o do Supremo Tribunal de Justi\u00e7a.<\/p>\n","protected":false},"excerpt":{"rendered":"<ul>\n<li>Em agosto de 2024, em Portim\u00e3o, um apartamento utilizado por duas prostitutas para com\u00e9rcio de sexo foi alvo de roubo, resultando em penas confirmadas pelo Supremo Tribunal de Justi\u00e7a.<\/li>\n<li>Os dois arguidos\u2014um trabalhador de uma serra\u00e7\u00e3o de 36 anos e um cadastrado que vivia com ele, ambos toxicodependentes\u2014disfar\u00e7aram-se de clientes, cumprimentaram-se com dois beijinhos e seguiram para quartos diferentes com cada uma das mulheres.<\/li>\n<li>Um dos arguidos obrigou uma v\u00edtima a ficar em sil\u00eancio com uma faca ao pesco\u00e7o; o segundo impediu a fuga de outra mulher e assegurou o dom\u00ednio no local, enquanto os golpes foram consumados.<\/li>\n<li>No roubo, o serrador levou 3 264\u20ac e um telem\u00f3vel, enquanto o cadastrado ficou com 1 037\u20ac; o serrador utilizou abra\u00e7adeiras e fita adesiva para imobilizar as v\u00edtimas.<\/li>\n<li>As autoridades detiveram os dois autores; o Supremo negou provimento aos recursos apresentados, mantendo as penas de cinco anos e seis meses, e sete anos, respetivamente.<\/li>\n<\/ul>\n","protected":false},"author":2,"featured_media":213979,"comment_status":"closed","ping_status":"closed","sticky":false,"template":"","format":"standard","meta":{"footnotes":""},"categories":[1],"tags":[574,147,215,1802,203,939],"class_list":["post-213972","post","type-post","status-publish","format-standard","has-post-thumbnail","hentry","category-noticias","tag-acordao","tag-crime","tag-investigacao","tag-policia-judiciaria","tag-roubo","tag-violencia"],"yoast_head":"<!-- This site is optimized with the Yoast SEO plugin v27.2 - https:\/\/yoast.com\/product\/yoast-seo-wordpress\/ -->\n<title>Dupla que assaltou prostitutas em Portim\u00e3o vai para pris\u00e3o - Portal Tela Portugal<\/title>\n<meta name=\"robots\" content=\"index, follow, max-snippet:-1, max-image-preview:large, max-video-preview:-1\" \/>\n<meta property=\"og:locale\" content=\"pt_PT\" \/>\n<meta property=\"og:type\" content=\"article\" \/>\n<meta property=\"og:title\" content=\"Dupla que assaltou prostitutas em Portim\u00e3o vai para pris\u00e3o - Portal Tela Portugal\" \/>\n<meta property=\"og:description\" content=\"Em agosto de 2024, em Portim\u00e3o, um apartamento utilizado por duas prostitutas para com\u00e9rcio de sexo foi alvo de roubo, resultando em penas confirmadas pelo Supremo Tribunal de Justi\u00e7a. Os dois arguidos\u2014um trabalhador de uma serra\u00e7\u00e3o de 36 anos e um cadastrado que vivia com ele, ambos toxicodependentes\u2014disfar\u00e7aram-se de clientes, cumprimentaram-se com dois beijinhos e seguiram para quartos diferentes com cada uma das mulheres. Um dos arguidos obrigou uma v\u00edtima a ficar em sil\u00eancio com uma faca ao pesco\u00e7o; o segundo impediu a fuga de outra mulher e assegurou o dom\u00ednio no local, enquanto os golpes foram consumados. No roubo, o serrador levou 3 264\u20ac e um telem\u00f3vel, enquanto o cadastrado ficou com 1 037\u20ac; o serrador utilizou abra\u00e7adeiras e fita adesiva para imobilizar as v\u00edtimas. As autoridades detiveram os dois autores; o Supremo negou provimento aos recursos apresentados, mantendo as penas de cinco anos e seis meses, e sete anos, respetivamente.\" \/>\n<meta property=\"og:url\" content=\"https:\/\/portaltela.pt\/noticias\/2026\/02\/15\/dupla-que-assaltou-prostitutas-em-portimao-vai-para-prisao\/\" \/>\n<meta property=\"og:site_name\" content=\"Portal Tela Portugal\" \/>\n<meta property=\"article:published_time\" content=\"2026-02-16T01:30:00+00:00\" \/>\n<meta name=\"author\" content=\"Telinha\" \/>\n<meta name=\"twitter:card\" content=\"summary_large_image\" \/>\n<meta name=\"twitter:label1\" content=\"Escrito por\" \/>\n\t<meta name=\"twitter:data1\" content=\"Telinha\" \/>\n\t<meta name=\"twitter:label2\" content=\"Tempo estimado de leitura\" \/>\n\t<meta name=\"twitter:data2\" content=\"1 minuto\" \/>\n<script type=\"application\/ld+json\" class=\"yoast-schema-graph\">{\"@context\":\"https:\/\/schema.org\",\"@graph\":[{\"@type\":\"Article\",\"@id\":\"https:\/\/portaltela.pt\/noticias\/2026\/02\/15\/dupla-que-assaltou-prostitutas-em-portimao-vai-para-prisao\/#article\",\"isPartOf\":{\"@id\":\"https:\/\/portaltela.pt\/noticias\/2026\/02\/15\/dupla-que-assaltou-prostitutas-em-portimao-vai-para-prisao\/\"},\"author\":{\"name\":\"Telinha\",\"@id\":\"https:\/\/portaltela.pt\/#\/schema\/person\/c4278d4a6028830caff9ee44b42d32ed\"},\"headline\":\"Dupla que assaltou prostitutas em Portim\u00e3o vai para pris\u00e3o\",\"datePublished\":\"2026-02-16T01:30:00+00:00\",\"mainEntityOfPage\":{\"@id\":\"https:\/\/portaltela.pt\/noticias\/2026\/02\/15\/dupla-que-assaltou-prostitutas-em-portimao-vai-para-prisao\/\"},\"wordCount\":248,\"image\":{\"@id\":\"https:\/\/portaltela.pt\/noticias\/2026\/02\/15\/dupla-que-assaltou-prostitutas-em-portimao-vai-para-prisao\/#primaryimage\"},\"thumbnailUrl\":\"https:\/\/portaltela.pt\/s.01k8rhncp4jt1\/2026\/02\/img_1500x1000uu2021-04-19-01-24-30-1030752.jpg\",\"keywords\":[\"ac\u00f3rd\u00e3o\",\"crime\",\"investiga\u00e7\u00e3o\",\"Pol\u00edcia Judici\u00e1ria\",\"roubo\",\"viol\u00eancia\"],\"articleSection\":[\"Not\u00edcias\"],\"inLanguage\":\"pt-PT\"},{\"@type\":\"WebPage\",\"@id\":\"https:\/\/portaltela.pt\/noticias\/2026\/02\/15\/dupla-que-assaltou-prostitutas-em-portimao-vai-para-prisao\/\",\"url\":\"https:\/\/portaltela.pt\/noticias\/2026\/02\/15\/dupla-que-assaltou-prostitutas-em-portimao-vai-para-prisao\/\",\"name\":\"Dupla que assaltou prostitutas em Portim\u00e3o vai para pris\u00e3o - Portal Tela Portugal\",\"isPartOf\":{\"@id\":\"https:\/\/portaltela.pt\/#website\"},\"primaryImageOfPage\":{\"@id\":\"https:\/\/portaltela.pt\/noticias\/2026\/02\/15\/dupla-que-assaltou-prostitutas-em-portimao-vai-para-prisao\/#primaryimage\"},\"image\":{\"@id\":\"https:\/\/portaltela.pt\/noticias\/2026\/02\/15\/dupla-que-assaltou-prostitutas-em-portimao-vai-para-prisao\/#primaryimage\"},\"thumbnailUrl\":\"https:\/\/portaltela.pt\/s.01k8rhncp4jt1\/2026\/02\/img_1500x1000uu2021-04-19-01-24-30-1030752.jpg\",\"datePublished\":\"2026-02-16T01:30:00+00:00\",\"author\":{\"@id\":\"https:\/\/portaltela.pt\/#\/schema\/person\/c4278d4a6028830caff9ee44b42d32ed\"},\"breadcrumb\":{\"@id\":\"https:\/\/portaltela.pt\/noticias\/2026\/02\/15\/dupla-que-assaltou-prostitutas-em-portimao-vai-para-prisao\/#breadcrumb\"},\"inLanguage\":\"pt-PT\",\"potentialAction\":[{\"@type\":\"ReadAction\",\"target\":[\"https:\/\/portaltela.pt\/noticias\/2026\/02\/15\/dupla-que-assaltou-prostitutas-em-portimao-vai-para-prisao\/\"]}]},{\"@type\":\"ImageObject\",\"inLanguage\":\"pt-PT\",\"@id\":\"https:\/\/portaltela.pt\/noticias\/2026\/02\/15\/dupla-que-assaltou-prostitutas-em-portimao-vai-para-prisao\/#primaryimage\",\"url\":\"https:\/\/portaltela.pt\/s.01k8rhncp4jt1\/2026\/02\/img_1500x1000uu2021-04-19-01-24-30-1030752.jpg\",\"contentUrl\":\"https:\/\/portaltela.pt\/s.01k8rhncp4jt1\/2026\/02\/img_1500x1000uu2021-04-19-01-24-30-1030752.jpg\",\"width\":796,\"height\":448,\"caption\":\"Homens assaltaram prostitutas\"},{\"@type\":\"BreadcrumbList\",\"@id\":\"https:\/\/portaltela.pt\/noticias\/2026\/02\/15\/dupla-que-assaltou-prostitutas-em-portimao-vai-para-prisao\/#breadcrumb\",\"itemListElement\":[{\"@type\":\"ListItem\",\"position\":1,\"name\":\"In\u00edcio\",\"item\":\"https:\/\/portaltela.pt\/\"},{\"@type\":\"ListItem\",\"position\":2,\"name\":\"Dupla que assaltou prostitutas em Portim\u00e3o vai para pris\u00e3o\"}]},{\"@type\":\"WebSite\",\"@id\":\"https:\/\/portaltela.pt\/#website\",\"url\":\"https:\/\/portaltela.pt\/\",\"name\":\"Portal Tela Portugal\",\"description\":\"\",\"potentialAction\":[{\"@type\":\"SearchAction\",\"target\":{\"@type\":\"EntryPoint\",\"urlTemplate\":\"https:\/\/portaltela.pt\/?s={search_term_string}\"},\"query-input\":{\"@type\":\"PropertyValueSpecification\",\"valueRequired\":true,\"valueName\":\"search_term_string\"}}],\"inLanguage\":\"pt-PT\"},{\"@type\":\"Person\",\"@id\":\"https:\/\/portaltela.pt\/#\/schema\/person\/c4278d4a6028830caff9ee44b42d32ed\",\"name\":\"Telinha\",\"image\":{\"@type\":\"ImageObject\",\"inLanguage\":\"pt-PT\",\"@id\":\"https:\/\/portaltela.pt\/s.01k8rhncp4jt1\/2025\/11\/talking-bot-125x125.png\",\"url\":\"https:\/\/portaltela.pt\/s.01k8rhncp4jt1\/2025\/11\/talking-bot-125x125.png\",\"contentUrl\":\"https:\/\/portaltela.pt\/s.01k8rhncp4jt1\/2025\/11\/talking-bot-125x125.png\",\"caption\":\"Telinha\"},\"sameAs\":[\"https:\/\/portaltela.pt\/\"],\"url\":\"https:\/\/portaltela.pt\/por\/367410592786\/\"}]}<\/script>\n<!-- \/ Yoast SEO plugin. -->","yoast_head_json":{"title":"Dupla que assaltou prostitutas em Portim\u00e3o vai para pris\u00e3o - Portal Tela Portugal","robots":{"index":"index","follow":"follow","max-snippet":"max-snippet:-1","max-image-preview":"max-image-preview:large","max-video-preview":"max-video-preview:-1"},"og_locale":"pt_PT","og_type":"article","og_title":"Dupla que assaltou prostitutas em Portim\u00e3o vai para pris\u00e3o - Portal Tela Portugal","og_description":"Em agosto de 2024, em Portim\u00e3o, um apartamento utilizado por duas prostitutas para com\u00e9rcio de sexo foi alvo de roubo, resultando em penas confirmadas pelo Supremo Tribunal de Justi\u00e7a. Os dois arguidos\u2014um trabalhador de uma serra\u00e7\u00e3o de 36 anos e um cadastrado que vivia com ele, ambos toxicodependentes\u2014disfar\u00e7aram-se de clientes, cumprimentaram-se com dois beijinhos e seguiram para quartos diferentes com cada uma das mulheres. Um dos arguidos obrigou uma v\u00edtima a ficar em sil\u00eancio com uma faca ao pesco\u00e7o; o segundo impediu a fuga de outra mulher e assegurou o dom\u00ednio no local, enquanto os golpes foram consumados. No roubo, o serrador levou 3 264\u20ac e um telem\u00f3vel, enquanto o cadastrado ficou com 1 037\u20ac; o serrador utilizou abra\u00e7adeiras e fita adesiva para imobilizar as v\u00edtimas. As autoridades detiveram os dois autores; o Supremo negou provimento aos recursos apresentados, mantendo as penas de cinco anos e seis meses, e sete anos, respetivamente.","og_url":"https:\/\/portaltela.pt\/noticias\/2026\/02\/15\/dupla-que-assaltou-prostitutas-em-portimao-vai-para-prisao\/","og_site_name":"Portal Tela Portugal","article_published_time":"2026-02-16T01:30:00+00:00","author":"Telinha","twitter_card":"summary_large_image","twitter_misc":{"Escrito por":"Telinha","Tempo estimado de leitura":"1 minuto"},"schema":{"@context":"https:\/\/schema.org","@graph":[{"@type":"Article","@id":"https:\/\/portaltela.pt\/noticias\/2026\/02\/15\/dupla-que-assaltou-prostitutas-em-portimao-vai-para-prisao\/#article","isPartOf":{"@id":"https:\/\/portaltela.pt\/noticias\/2026\/02\/15\/dupla-que-assaltou-prostitutas-em-portimao-vai-para-prisao\/"},"author":{"name":"Telinha","@id":"https:\/\/portaltela.pt\/#\/schema\/person\/c4278d4a6028830caff9ee44b42d32ed"},"headline":"Dupla que assaltou prostitutas em Portim\u00e3o vai para pris\u00e3o","datePublished":"2026-02-16T01:30:00+00:00","mainEntityOfPage":{"@id":"https:\/\/portaltela.pt\/noticias\/2026\/02\/15\/dupla-que-assaltou-prostitutas-em-portimao-vai-para-prisao\/"},"wordCount":248,"image":{"@id":"https:\/\/portaltela.pt\/noticias\/2026\/02\/15\/dupla-que-assaltou-prostitutas-em-portimao-vai-para-prisao\/#primaryimage"},"thumbnailUrl":"https:\/\/portaltela.pt\/s.01k8rhncp4jt1\/2026\/02\/img_1500x1000uu2021-04-19-01-24-30-1030752.jpg","keywords":["ac\u00f3rd\u00e3o","crime","investiga\u00e7\u00e3o","Pol\u00edcia Judici\u00e1ria","roubo","viol\u00eancia"],"articleSection":["Not\u00edcias"],"inLanguage":"pt-PT"},{"@type":"WebPage","@id":"https:\/\/portaltela.pt\/noticias\/2026\/02\/15\/dupla-que-assaltou-prostitutas-em-portimao-vai-para-prisao\/","url":"https:\/\/portaltela.pt\/noticias\/2026\/02\/15\/dupla-que-assaltou-prostitutas-em-portimao-vai-para-prisao\/","name":"Dupla que assaltou prostitutas em Portim\u00e3o vai para pris\u00e3o - Portal Tela Portugal","isPartOf":{"@id":"https:\/\/portaltela.pt\/#website"},"primaryImageOfPage":{"@id":"https:\/\/portaltela.pt\/noticias\/2026\/02\/15\/dupla-que-assaltou-prostitutas-em-portimao-vai-para-prisao\/#primaryimage"},"image":{"@id":"https:\/\/portaltela.pt\/noticias\/2026\/02\/15\/dupla-que-assaltou-prostitutas-em-portimao-vai-para-prisao\/#primaryimage"},"thumbnailUrl":"https:\/\/portaltela.pt\/s.01k8rhncp4jt1\/2026\/02\/img_1500x1000uu2021-04-19-01-24-30-1030752.jpg","datePublished":"2026-02-16T01:30:00+00:00","author":{"@id":"https:\/\/portaltela.pt\/#\/schema\/person\/c4278d4a6028830caff9ee44b42d32ed"},"breadcrumb":{"@id":"https:\/\/portaltela.pt\/noticias\/2026\/02\/15\/dupla-que-assaltou-prostitutas-em-portimao-vai-para-prisao\/#breadcrumb"},"inLanguage":"pt-PT","potentialAction":[{"@type":"ReadAction","target":["https:\/\/portaltela.pt\/noticias\/2026\/02\/15\/dupla-que-assaltou-prostitutas-em-portimao-vai-para-prisao\/"]}]},{"@type":"ImageObject","inLanguage":"pt-PT","@id":"https:\/\/portaltela.pt\/noticias\/2026\/02\/15\/dupla-que-assaltou-prostitutas-em-portimao-vai-para-prisao\/#primaryimage","url":"https:\/\/portaltela.pt\/s.01k8rhncp4jt1\/2026\/02\/img_1500x1000uu2021-04-19-01-24-30-1030752.jpg","contentUrl":"https:\/\/portaltela.pt\/s.01k8rhncp4jt1\/2026\/02\/img_1500x1000uu2021-04-19-01-24-30-1030752.jpg","width":796,"height":448,"caption":"Homens assaltaram prostitutas"},{"@type":"BreadcrumbList","@id":"https:\/\/portaltela.pt\/noticias\/2026\/02\/15\/dupla-que-assaltou-prostitutas-em-portimao-vai-para-prisao\/#breadcrumb","itemListElement":[{"@type":"ListItem","position":1,"name":"In\u00edcio","item":"https:\/\/portaltela.pt\/"},{"@type":"ListItem","position":2,"name":"Dupla que assaltou prostitutas em Portim\u00e3o vai para pris\u00e3o"}]},{"@type":"WebSite","@id":"https:\/\/portaltela.pt\/#website","url":"https:\/\/portaltela.pt\/","name":"Portal Tela Portugal","description":"","potentialAction":[{"@type":"SearchAction","target":{"@type":"EntryPoint","urlTemplate":"https:\/\/portaltela.pt\/?s={search_term_string}"},"query-input":{"@type":"PropertyValueSpecification","valueRequired":true,"valueName":"search_term_string"}}],"inLanguage":"pt-PT"},{"@type":"Person","@id":"https:\/\/portaltela.pt\/#\/schema\/person\/c4278d4a6028830caff9ee44b42d32ed","name":"Telinha","image":{"@type":"ImageObject","inLanguage":"pt-PT","@id":"https:\/\/portaltela.pt\/s.01k8rhncp4jt1\/2025\/11\/talking-bot-125x125.png","url":"https:\/\/portaltela.pt\/s.01k8rhncp4jt1\/2025\/11\/talking-bot-125x125.png","contentUrl":"https:\/\/portaltela.pt\/s.01k8rhncp4jt1\/2025\/11\/talking-bot-125x125.png","caption":"Telinha"},"sameAs":["https:\/\/portaltela.pt\/"],"url":"https:\/\/portaltela.pt\/por\/367410592786\/"}]}},"_links":{"self":[{"href":"https:\/\/portaltela.pt\/api\/wp\/v2\/posts\/213972","targetHints":{"allow":["GET"]}}],"collection":[{"href":"https:\/\/portaltela.pt\/api\/wp\/v2\/posts"}],"about":[{"href":"https:\/\/portaltela.pt\/api\/wp\/v2\/types\/post"}],"author":[{"embeddable":true,"href":"https:\/\/portaltela.pt\/api\/wp\/v2\/users\/2"}],"replies":[{"embeddable":true,"href":"https:\/\/portaltela.pt\/api\/wp\/v2\/comments?post=213972"}],"version-history":[{"count":0,"href":"https:\/\/portaltela.pt\/api\/wp\/v2\/posts\/213972\/revisions"}],"wp:featuredmedia":[{"embeddable":true,"href":"https:\/\/portaltela.pt\/api\/wp\/v2\/media\/213979"}],"wp:attachment":[{"href":"https:\/\/portaltela.pt\/api\/wp\/v2\/media?parent=213972"}],"wp:term":[{"taxonomy":"category","embeddable":true,"href":"https:\/\/portaltela.pt\/api\/wp\/v2\/categories?post=213972"},{"taxonomy":"post_tag","embeddable":true,"href":"https:\/\/portaltela.pt\/api\/wp\/v2\/tags?post=213972"}],"curies":[{"name":"wp","href":"https:\/\/api.w.org\/{rel}","templated":true}]}}