{"id":213965,"date":"2026-02-15T22:30:00","date_gmt":"2026-02-16T01:30:00","guid":{"rendered":"https:\/\/portaltela.pt\/noticias\/2026\/02\/15\/princesa-leopoldina-casa-em-lisboa-no-dia-dos-namorados\/"},"modified":"2026-02-15T22:30:00","modified_gmt":"2026-02-16T01:30:00","slug":"princesa-leopoldina-casa-em-lisboa-no-dia-dos-namorados","status":"publish","type":"post","link":"https:\/\/portaltela.pt\/noticias\/2026\/02\/15\/princesa-leopoldina-casa-em-lisboa-no-dia-dos-namorados\/","title":{"rendered":"Princesa Leopoldina casa em Lisboa no Dia dos Namorados"},"content":{"rendered":"<p>A princesa Leopoldina do Liechtenstein casou-se em Lisboa no Dia dos Namorados, anunciando um enlace discreto com o empres\u00e1rio brasileiro Bruno Walter. A cerim\u00f3nia teve lugar na Bas\u00edlica da Estrela, em Lisboa, com a presen\u00e7a de familiares e convidados de relevo.<\/p>\n<p>Leopoldina, de 35 anos, vinha de uma noiva anunciada h\u00e1 um ano. O casamento reuniu a nata da realeza europeia, incluindo D. Duarte de Bragan\u00e7a e D. Isabel de Her\u00e9dia, que possuem afinidades com a fam\u00edlia real do Liechtenstein. Carlos Moedas tamb\u00e9m esteve entre os convidados.<\/p>\n<p>O vestido da noiva gerou curiosidade: cetim branco, manga curta e sem tiara. A cerim\u00f3nia refletiu o estilo mais contido da princesa, conhecida pela vida discreta fora de holofotes. A presen\u00e7a de familiares ilustrou a liga\u00e7\u00e3o entre casas reais e elites pol\u00edticas.<\/p>\n<h3>Convidados de relevo<\/h3>\n<p>Entre os presentes, destacaram-se membros de fam\u00edlias reais e figuras p\u00fablicas, refor\u00e7ando o simbolismo do enlace na capital portuguesa. A organiza\u00e7\u00e3o manteve o perfil reservado, sem detalhes adicionais sobre o protocolo ou discursos.<\/p>\n","protected":false},"excerpt":{"rendered":"<ul>\n<li>A princesa Leopoldina do Liechtenstein casou em Lisboa com o empres\u00e1rio brasileiro Bruno Walter, no Dia dos Namorados, na Bas\u00edlica da Estrela.<\/li>\n<li>Leopoldina tem 35 anos e tinha ficado noiva h\u00e1 cerca de um ano; a cerim\u00f3nia contou com a presen\u00e7a de convidados da realeza europeia, incluindo D. Duarte de Bragan\u00e7a e D. Isabel de Her\u00e9dia.<\/li>\n<li>Entre os convidados estavam tamb\u00e9m o autarca Carlos Moedas e outros familiares ligados a la\u00e7os hist\u00f3ricos com a casa de Liechtenstein.<\/li>\n<li>A cerim\u00f3nia destacou a simplicidade do vestido da princesa, um modelito de cetim branco com manga \u00be, sem tiara, em linha com a sua imagem mais discreta.<\/li>\n<li>Historiadores e familiares recordaram liga\u00e7\u00f5es entre as fam\u00edlias ao longo do tempo, incluindo liga\u00e7\u00f5es de ex\u00edlio de bisav\u00f3s em Sintra e a rela\u00e7\u00e3o entre o av\u00f4 de Leopoldina e a casa de Bragan\u00e7a.<\/li>\n<\/ul>\n","protected":false},"author":2,"featured_media":213971,"comment_status":"closed","ping_status":"closed","sticky":false,"template":"","format":"standard","meta":{"footnotes":""},"categories":[1],"tags":[5839,3948,2717,148,981],"class_list":["post-213965","post","type-post","status-publish","format-standard","has-post-thumbnail","hentry","category-noticias","tag-a-nobreza","tag-carlos-moedas","tag-casamentos","tag-familias","tag-lisboa"],"yoast_head":"<!-- This site is optimized with the Yoast SEO plugin v27.2 - https:\/\/yoast.com\/product\/yoast-seo-wordpress\/ -->\n<title>Princesa Leopoldina casa em Lisboa no Dia dos Namorados - Portal Tela Portugal<\/title>\n<meta name=\"robots\" content=\"index, follow, max-snippet:-1, max-image-preview:large, max-video-preview:-1\" \/>\n<meta property=\"og:locale\" content=\"pt_PT\" \/>\n<meta property=\"og:type\" content=\"article\" \/>\n<meta property=\"og:title\" content=\"Princesa Leopoldina casa em Lisboa no Dia dos Namorados - Portal Tela Portugal\" \/>\n<meta property=\"og:description\" content=\"A princesa Leopoldina do Liechtenstein casou em Lisboa com o empres\u00e1rio brasileiro Bruno Walter, no Dia dos Namorados, na Bas\u00edlica da Estrela. Leopoldina tem 35 anos e tinha ficado noiva h\u00e1 cerca de um ano; a cerim\u00f3nia contou com a presen\u00e7a de convidados da realeza europeia, incluindo D. Duarte de Bragan\u00e7a e D. Isabel de Her\u00e9dia. Entre os convidados estavam tamb\u00e9m o autarca Carlos Moedas e outros familiares ligados a la\u00e7os hist\u00f3ricos com a casa de Liechtenstein. A cerim\u00f3nia destacou a simplicidade do vestido da princesa, um modelito de cetim branco com manga \u00be, sem tiara, em linha com a sua imagem mais discreta. Historiadores e familiares recordaram liga\u00e7\u00f5es entre as fam\u00edlias ao longo do tempo, incluindo liga\u00e7\u00f5es de ex\u00edlio de bisav\u00f3s em Sintra e a rela\u00e7\u00e3o entre o av\u00f4 de Leopoldina e a casa de Bragan\u00e7a.\" \/>\n<meta property=\"og:url\" content=\"https:\/\/portaltela.pt\/noticias\/2026\/02\/15\/princesa-leopoldina-casa-em-lisboa-no-dia-dos-namorados\/\" \/>\n<meta property=\"og:site_name\" content=\"Portal Tela Portugal\" \/>\n<meta property=\"article:published_time\" content=\"2026-02-16T01:30:00+00:00\" \/>\n<meta name=\"author\" content=\"Telinha\" \/>\n<meta name=\"twitter:card\" content=\"summary_large_image\" \/>\n<meta name=\"twitter:label1\" content=\"Escrito por\" \/>\n\t<meta name=\"twitter:data1\" content=\"Telinha\" \/>\n\t<meta name=\"twitter:label2\" content=\"Tempo estimado de leitura\" \/>\n\t<meta name=\"twitter:data2\" content=\"1 minuto\" \/>\n<script type=\"application\/ld+json\" class=\"yoast-schema-graph\">{\"@context\":\"https:\/\/schema.org\",\"@graph\":[{\"@type\":\"Article\",\"@id\":\"https:\/\/portaltela.pt\/noticias\/2026\/02\/15\/princesa-leopoldina-casa-em-lisboa-no-dia-dos-namorados\/#article\",\"isPartOf\":{\"@id\":\"https:\/\/portaltela.pt\/noticias\/2026\/02\/15\/princesa-leopoldina-casa-em-lisboa-no-dia-dos-namorados\/\"},\"author\":{\"name\":\"Telinha\",\"@id\":\"https:\/\/portaltela.pt\/#\/schema\/person\/c4278d4a6028830caff9ee44b42d32ed\"},\"headline\":\"Princesa Leopoldina casa em Lisboa no Dia dos Namorados\",\"datePublished\":\"2026-02-16T01:30:00+00:00\",\"mainEntityOfPage\":{\"@id\":\"https:\/\/portaltela.pt\/noticias\/2026\/02\/15\/princesa-leopoldina-casa-em-lisboa-no-dia-dos-namorados\/\"},\"wordCount\":189,\"image\":{\"@id\":\"https:\/\/portaltela.pt\/noticias\/2026\/02\/15\/princesa-leopoldina-casa-em-lisboa-no-dia-dos-namorados\/#primaryimage\"},\"thumbnailUrl\":\"https:\/\/portaltela.pt\/s.01k8rhncp4jt1\/2026\/02\/img_1280x718uu2026-02-15-18-42-18-2267050-im-639067930224603660.jpg\",\"keywords\":[\"a nobreza\",\"Carlos Moedas\",\"casamentos\",\"fam\u00edlias\",\"Lisboa\"],\"articleSection\":[\"Not\u00edcias\"],\"inLanguage\":\"pt-PT\"},{\"@type\":\"WebPage\",\"@id\":\"https:\/\/portaltela.pt\/noticias\/2026\/02\/15\/princesa-leopoldina-casa-em-lisboa-no-dia-dos-namorados\/\",\"url\":\"https:\/\/portaltela.pt\/noticias\/2026\/02\/15\/princesa-leopoldina-casa-em-lisboa-no-dia-dos-namorados\/\",\"name\":\"Princesa Leopoldina casa em Lisboa no Dia dos Namorados - Portal Tela Portugal\",\"isPartOf\":{\"@id\":\"https:\/\/portaltela.pt\/#website\"},\"primaryImageOfPage\":{\"@id\":\"https:\/\/portaltela.pt\/noticias\/2026\/02\/15\/princesa-leopoldina-casa-em-lisboa-no-dia-dos-namorados\/#primaryimage\"},\"image\":{\"@id\":\"https:\/\/portaltela.pt\/noticias\/2026\/02\/15\/princesa-leopoldina-casa-em-lisboa-no-dia-dos-namorados\/#primaryimage\"},\"thumbnailUrl\":\"https:\/\/portaltela.pt\/s.01k8rhncp4jt1\/2026\/02\/img_1280x718uu2026-02-15-18-42-18-2267050-im-639067930224603660.jpg\",\"datePublished\":\"2026-02-16T01:30:00+00:00\",\"author\":{\"@id\":\"https:\/\/portaltela.pt\/#\/schema\/person\/c4278d4a6028830caff9ee44b42d32ed\"},\"breadcrumb\":{\"@id\":\"https:\/\/portaltela.pt\/noticias\/2026\/02\/15\/princesa-leopoldina-casa-em-lisboa-no-dia-dos-namorados\/#breadcrumb\"},\"inLanguage\":\"pt-PT\",\"potentialAction\":[{\"@type\":\"ReadAction\",\"target\":[\"https:\/\/portaltela.pt\/noticias\/2026\/02\/15\/princesa-leopoldina-casa-em-lisboa-no-dia-dos-namorados\/\"]}]},{\"@type\":\"ImageObject\",\"inLanguage\":\"pt-PT\",\"@id\":\"https:\/\/portaltela.pt\/noticias\/2026\/02\/15\/princesa-leopoldina-casa-em-lisboa-no-dia-dos-namorados\/#primaryimage\",\"url\":\"https:\/\/portaltela.pt\/s.01k8rhncp4jt1\/2026\/02\/img_1280x718uu2026-02-15-18-42-18-2267050-im-639067930224603660.jpg\",\"contentUrl\":\"https:\/\/portaltela.pt\/s.01k8rhncp4jt1\/2026\/02\/img_1280x718uu2026-02-15-18-42-18-2267050-im-639067930224603660.jpg\",\"width\":796,\"height\":448,\"caption\":\"Princesa Leopoldina do Liechtenstein casou em Lisboa, na Bas\u00edlica da Estrela\"},{\"@type\":\"BreadcrumbList\",\"@id\":\"https:\/\/portaltela.pt\/noticias\/2026\/02\/15\/princesa-leopoldina-casa-em-lisboa-no-dia-dos-namorados\/#breadcrumb\",\"itemListElement\":[{\"@type\":\"ListItem\",\"position\":1,\"name\":\"In\u00edcio\",\"item\":\"https:\/\/portaltela.pt\/\"},{\"@type\":\"ListItem\",\"position\":2,\"name\":\"Princesa Leopoldina casa em Lisboa no Dia dos Namorados\"}]},{\"@type\":\"WebSite\",\"@id\":\"https:\/\/portaltela.pt\/#website\",\"url\":\"https:\/\/portaltela.pt\/\",\"name\":\"Portal Tela Portugal\",\"description\":\"\",\"potentialAction\":[{\"@type\":\"SearchAction\",\"target\":{\"@type\":\"EntryPoint\",\"urlTemplate\":\"https:\/\/portaltela.pt\/?s={search_term_string}\"},\"query-input\":{\"@type\":\"PropertyValueSpecification\",\"valueRequired\":true,\"valueName\":\"search_term_string\"}}],\"inLanguage\":\"pt-PT\"},{\"@type\":\"Person\",\"@id\":\"https:\/\/portaltela.pt\/#\/schema\/person\/c4278d4a6028830caff9ee44b42d32ed\",\"name\":\"Telinha\",\"image\":{\"@type\":\"ImageObject\",\"inLanguage\":\"pt-PT\",\"@id\":\"https:\/\/portaltela.pt\/s.01k8rhncp4jt1\/2025\/11\/talking-bot-125x125.png\",\"url\":\"https:\/\/portaltela.pt\/s.01k8rhncp4jt1\/2025\/11\/talking-bot-125x125.png\",\"contentUrl\":\"https:\/\/portaltela.pt\/s.01k8rhncp4jt1\/2025\/11\/talking-bot-125x125.png\",\"caption\":\"Telinha\"},\"sameAs\":[\"https:\/\/portaltela.pt\/\"],\"url\":\"https:\/\/portaltela.pt\/por\/367410592786\/\"}]}<\/script>\n<!-- \/ Yoast SEO plugin. -->","yoast_head_json":{"title":"Princesa Leopoldina casa em Lisboa no Dia dos Namorados - Portal Tela Portugal","robots":{"index":"index","follow":"follow","max-snippet":"max-snippet:-1","max-image-preview":"max-image-preview:large","max-video-preview":"max-video-preview:-1"},"og_locale":"pt_PT","og_type":"article","og_title":"Princesa Leopoldina casa em Lisboa no Dia dos Namorados - Portal Tela Portugal","og_description":"A princesa Leopoldina do Liechtenstein casou em Lisboa com o empres\u00e1rio brasileiro Bruno Walter, no Dia dos Namorados, na Bas\u00edlica da Estrela. Leopoldina tem 35 anos e tinha ficado noiva h\u00e1 cerca de um ano; a cerim\u00f3nia contou com a presen\u00e7a de convidados da realeza europeia, incluindo D. Duarte de Bragan\u00e7a e D. Isabel de Her\u00e9dia. Entre os convidados estavam tamb\u00e9m o autarca Carlos Moedas e outros familiares ligados a la\u00e7os hist\u00f3ricos com a casa de Liechtenstein. A cerim\u00f3nia destacou a simplicidade do vestido da princesa, um modelito de cetim branco com manga \u00be, sem tiara, em linha com a sua imagem mais discreta. Historiadores e familiares recordaram liga\u00e7\u00f5es entre as fam\u00edlias ao longo do tempo, incluindo liga\u00e7\u00f5es de ex\u00edlio de bisav\u00f3s em Sintra e a rela\u00e7\u00e3o entre o av\u00f4 de Leopoldina e a casa de Bragan\u00e7a.","og_url":"https:\/\/portaltela.pt\/noticias\/2026\/02\/15\/princesa-leopoldina-casa-em-lisboa-no-dia-dos-namorados\/","og_site_name":"Portal Tela Portugal","article_published_time":"2026-02-16T01:30:00+00:00","author":"Telinha","twitter_card":"summary_large_image","twitter_misc":{"Escrito por":"Telinha","Tempo estimado de leitura":"1 minuto"},"schema":{"@context":"https:\/\/schema.org","@graph":[{"@type":"Article","@id":"https:\/\/portaltela.pt\/noticias\/2026\/02\/15\/princesa-leopoldina-casa-em-lisboa-no-dia-dos-namorados\/#article","isPartOf":{"@id":"https:\/\/portaltela.pt\/noticias\/2026\/02\/15\/princesa-leopoldina-casa-em-lisboa-no-dia-dos-namorados\/"},"author":{"name":"Telinha","@id":"https:\/\/portaltela.pt\/#\/schema\/person\/c4278d4a6028830caff9ee44b42d32ed"},"headline":"Princesa Leopoldina casa em Lisboa no Dia dos Namorados","datePublished":"2026-02-16T01:30:00+00:00","mainEntityOfPage":{"@id":"https:\/\/portaltela.pt\/noticias\/2026\/02\/15\/princesa-leopoldina-casa-em-lisboa-no-dia-dos-namorados\/"},"wordCount":189,"image":{"@id":"https:\/\/portaltela.pt\/noticias\/2026\/02\/15\/princesa-leopoldina-casa-em-lisboa-no-dia-dos-namorados\/#primaryimage"},"thumbnailUrl":"https:\/\/portaltela.pt\/s.01k8rhncp4jt1\/2026\/02\/img_1280x718uu2026-02-15-18-42-18-2267050-im-639067930224603660.jpg","keywords":["a nobreza","Carlos Moedas","casamentos","fam\u00edlias","Lisboa"],"articleSection":["Not\u00edcias"],"inLanguage":"pt-PT"},{"@type":"WebPage","@id":"https:\/\/portaltela.pt\/noticias\/2026\/02\/15\/princesa-leopoldina-casa-em-lisboa-no-dia-dos-namorados\/","url":"https:\/\/portaltela.pt\/noticias\/2026\/02\/15\/princesa-leopoldina-casa-em-lisboa-no-dia-dos-namorados\/","name":"Princesa Leopoldina casa em Lisboa no Dia dos Namorados - Portal Tela Portugal","isPartOf":{"@id":"https:\/\/portaltela.pt\/#website"},"primaryImageOfPage":{"@id":"https:\/\/portaltela.pt\/noticias\/2026\/02\/15\/princesa-leopoldina-casa-em-lisboa-no-dia-dos-namorados\/#primaryimage"},"image":{"@id":"https:\/\/portaltela.pt\/noticias\/2026\/02\/15\/princesa-leopoldina-casa-em-lisboa-no-dia-dos-namorados\/#primaryimage"},"thumbnailUrl":"https:\/\/portaltela.pt\/s.01k8rhncp4jt1\/2026\/02\/img_1280x718uu2026-02-15-18-42-18-2267050-im-639067930224603660.jpg","datePublished":"2026-02-16T01:30:00+00:00","author":{"@id":"https:\/\/portaltela.pt\/#\/schema\/person\/c4278d4a6028830caff9ee44b42d32ed"},"breadcrumb":{"@id":"https:\/\/portaltela.pt\/noticias\/2026\/02\/15\/princesa-leopoldina-casa-em-lisboa-no-dia-dos-namorados\/#breadcrumb"},"inLanguage":"pt-PT","potentialAction":[{"@type":"ReadAction","target":["https:\/\/portaltela.pt\/noticias\/2026\/02\/15\/princesa-leopoldina-casa-em-lisboa-no-dia-dos-namorados\/"]}]},{"@type":"ImageObject","inLanguage":"pt-PT","@id":"https:\/\/portaltela.pt\/noticias\/2026\/02\/15\/princesa-leopoldina-casa-em-lisboa-no-dia-dos-namorados\/#primaryimage","url":"https:\/\/portaltela.pt\/s.01k8rhncp4jt1\/2026\/02\/img_1280x718uu2026-02-15-18-42-18-2267050-im-639067930224603660.jpg","contentUrl":"https:\/\/portaltela.pt\/s.01k8rhncp4jt1\/2026\/02\/img_1280x718uu2026-02-15-18-42-18-2267050-im-639067930224603660.jpg","width":796,"height":448,"caption":"Princesa Leopoldina do Liechtenstein casou em Lisboa, na Bas\u00edlica da Estrela"},{"@type":"BreadcrumbList","@id":"https:\/\/portaltela.pt\/noticias\/2026\/02\/15\/princesa-leopoldina-casa-em-lisboa-no-dia-dos-namorados\/#breadcrumb","itemListElement":[{"@type":"ListItem","position":1,"name":"In\u00edcio","item":"https:\/\/portaltela.pt\/"},{"@type":"ListItem","position":2,"name":"Princesa Leopoldina casa em Lisboa no Dia dos Namorados"}]},{"@type":"WebSite","@id":"https:\/\/portaltela.pt\/#website","url":"https:\/\/portaltela.pt\/","name":"Portal Tela Portugal","description":"","potentialAction":[{"@type":"SearchAction","target":{"@type":"EntryPoint","urlTemplate":"https:\/\/portaltela.pt\/?s={search_term_string}"},"query-input":{"@type":"PropertyValueSpecification","valueRequired":true,"valueName":"search_term_string"}}],"inLanguage":"pt-PT"},{"@type":"Person","@id":"https:\/\/portaltela.pt\/#\/schema\/person\/c4278d4a6028830caff9ee44b42d32ed","name":"Telinha","image":{"@type":"ImageObject","inLanguage":"pt-PT","@id":"https:\/\/portaltela.pt\/s.01k8rhncp4jt1\/2025\/11\/talking-bot-125x125.png","url":"https:\/\/portaltela.pt\/s.01k8rhncp4jt1\/2025\/11\/talking-bot-125x125.png","contentUrl":"https:\/\/portaltela.pt\/s.01k8rhncp4jt1\/2025\/11\/talking-bot-125x125.png","caption":"Telinha"},"sameAs":["https:\/\/portaltela.pt\/"],"url":"https:\/\/portaltela.pt\/por\/367410592786\/"}]}},"_links":{"self":[{"href":"https:\/\/portaltela.pt\/api\/wp\/v2\/posts\/213965","targetHints":{"allow":["GET"]}}],"collection":[{"href":"https:\/\/portaltela.pt\/api\/wp\/v2\/posts"}],"about":[{"href":"https:\/\/portaltela.pt\/api\/wp\/v2\/types\/post"}],"author":[{"embeddable":true,"href":"https:\/\/portaltela.pt\/api\/wp\/v2\/users\/2"}],"replies":[{"embeddable":true,"href":"https:\/\/portaltela.pt\/api\/wp\/v2\/comments?post=213965"}],"version-history":[{"count":0,"href":"https:\/\/portaltela.pt\/api\/wp\/v2\/posts\/213965\/revisions"}],"wp:featuredmedia":[{"embeddable":true,"href":"https:\/\/portaltela.pt\/api\/wp\/v2\/media\/213971"}],"wp:attachment":[{"href":"https:\/\/portaltela.pt\/api\/wp\/v2\/media?parent=213965"}],"wp:term":[{"taxonomy":"category","embeddable":true,"href":"https:\/\/portaltela.pt\/api\/wp\/v2\/categories?post=213965"},{"taxonomy":"post_tag","embeddable":true,"href":"https:\/\/portaltela.pt\/api\/wp\/v2\/tags?post=213965"}],"curies":[{"name":"wp","href":"https:\/\/api.w.org\/{rel}","templated":true}]}}