{"id":213950,"date":"2026-02-15T22:30:00","date_gmt":"2026-02-16T01:30:00","guid":{"rendered":"https:\/\/portaltela.pt\/noticias\/2026\/02\/15\/governo-paga-20-mil-euros-para-ver-a-bola-na-residencia-do-primeiro-ministro\/"},"modified":"2026-02-15T22:30:00","modified_gmt":"2026-02-16T01:30:00","slug":"governo-paga-20-mil-euros-para-ver-a-bola-na-residencia-do-primeiro-ministro","status":"publish","type":"post","link":"https:\/\/portaltela.pt\/noticias\/politica\/2026\/02\/15\/governo-paga-20-mil-euros-para-ver-a-bola-na-residencia-do-primeiro-ministro\/","title":{"rendered":"Governo paga 20 mil euros para ver a bola na resid\u00eancia do Primeiro-Ministro"},"content":{"rendered":"<p>A Secretaria-Geral do Governo (SGG) assinou um contrato de cerca de 20 mil euros para ter SportTV na resid\u00eancia oficial do Primeiro-Ministro e no Parlamento. O acordo assegura a subscri\u00e7\u00e3o premium do canal at\u00e9 19 de agosto de 2028.<\/p>\n<p>O ajuste direto foi celebrado com uma operadora de telecomunica\u00e7\u00f5es a 23 de dezembro do ano passado, duas semanas antes do Natal, segundo os documentos oficiais.<\/p>\n<h3>Detalhes do acordo<\/h3>\n<p>O contrato cobre o acesso ao canal de desporto nas duas instala\u00e7\u00f5es p\u00fablicas mencionadas, mantendo a transmiss\u00e3o dispon\u00edvel ao longo do per\u00edodo acordado. A finalidade \u00e9 facilitar o acesso a conte\u00fados desportivos a funcion\u00e1rios p\u00fablicos nas resid\u00eancias oficiais.<\/p>\n<p>A SGG n\u00e3o informou houver outras entidades envolvidas nem altera\u00e7\u00f5es futuras no contrato. N\u00e3o foram divulgados valores adicionais al\u00e9m do montante indicado inicialmente.<\/p>\n","protected":false},"excerpt":{"rendered":"<ul>\n<li>A Secretaria-Geral do Governo assinou um ajuste direto de cerca de 20 mil euros para ter SportTV na resid\u00eancia oficial do primeiro-ministro e no Parlamento.<\/li>\n<li>O contrato foi celebrado a 23 de dezembro do ano passado, dois dias antes do natal, com uma operadora de telecomunica\u00e7\u00f5es.<\/li>\n<li>A assinatura garante a subscri\u00e7\u00e3o premium do canal SportTV.<\/li>\n<li>O acordo mant\u00e9m o acesso at\u00e9 19 de agosto de 2028.<\/li>\n<\/ul>\n","protected":false},"author":2,"featured_media":213955,"comment_status":"closed","ping_status":"closed","sticky":false,"template":"","format":"standard","meta":{"footnotes":""},"categories":[1,5],"tags":[34,4115,1221,1900,5799],"class_list":["post-213950","post","type-post","status-publish","format-standard","has-post-thumbnail","hentry","category-noticias","category-politica","tag-governo","tag-residencias","tag-servicos-publicos","tag-sporttv","tag-transmissoes"],"yoast_head":"<!-- This site is optimized with the Yoast SEO plugin v27.2 - https:\/\/yoast.com\/product\/yoast-seo-wordpress\/ -->\n<title>Governo paga 20 mil euros para ver a bola na resid\u00eancia do Primeiro-Ministro - Portal Tela Portugal<\/title>\n<meta name=\"robots\" content=\"index, follow, max-snippet:-1, max-image-preview:large, max-video-preview:-1\" \/>\n<meta property=\"og:locale\" content=\"pt_PT\" \/>\n<meta property=\"og:type\" content=\"article\" \/>\n<meta property=\"og:title\" content=\"Governo paga 20 mil euros para ver a bola na resid\u00eancia do Primeiro-Ministro - Portal Tela Portugal\" \/>\n<meta property=\"og:description\" content=\"A Secretaria-Geral do Governo assinou um ajuste direto de cerca de 20 mil euros para ter SportTV na resid\u00eancia oficial do primeiro-ministro e no Parlamento. O contrato foi celebrado a 23 de dezembro do ano passado, dois dias antes do natal, com uma operadora de telecomunica\u00e7\u00f5es. A assinatura garante a subscri\u00e7\u00e3o premium do canal SportTV. O acordo mant\u00e9m o acesso at\u00e9 19 de agosto de 2028.\" \/>\n<meta property=\"og:url\" content=\"https:\/\/portaltela.pt\/noticias\/2026\/02\/15\/governo-paga-20-mil-euros-para-ver-a-bola-na-residencia-do-primeiro-ministro\/\" \/>\n<meta property=\"og:site_name\" content=\"Portal Tela Portugal\" \/>\n<meta property=\"article:published_time\" content=\"2026-02-16T01:30:00+00:00\" \/>\n<meta name=\"author\" content=\"Telinha\" \/>\n<meta name=\"twitter:card\" content=\"summary_large_image\" \/>\n<meta name=\"twitter:label1\" content=\"Escrito por\" \/>\n\t<meta name=\"twitter:data1\" content=\"Telinha\" \/>\n\t<meta name=\"twitter:label2\" content=\"Tempo estimado de leitura\" \/>\n\t<meta name=\"twitter:data2\" content=\"1 minuto\" \/>\n<script type=\"application\/ld+json\" class=\"yoast-schema-graph\">{\"@context\":\"https:\/\/schema.org\",\"@graph\":[{\"@type\":\"Article\",\"@id\":\"https:\/\/portaltela.pt\/noticias\/2026\/02\/15\/governo-paga-20-mil-euros-para-ver-a-bola-na-residencia-do-primeiro-ministro\/#article\",\"isPartOf\":{\"@id\":\"https:\/\/portaltela.pt\/noticias\/2026\/02\/15\/governo-paga-20-mil-euros-para-ver-a-bola-na-residencia-do-primeiro-ministro\/\"},\"author\":{\"name\":\"Telinha\",\"@id\":\"https:\/\/portaltela.pt\/#\/schema\/person\/c4278d4a6028830caff9ee44b42d32ed\"},\"headline\":\"Governo paga 20 mil euros para ver a bola na resid\u00eancia do Primeiro-Ministro\",\"datePublished\":\"2026-02-16T01:30:00+00:00\",\"mainEntityOfPage\":{\"@id\":\"https:\/\/portaltela.pt\/noticias\/2026\/02\/15\/governo-paga-20-mil-euros-para-ver-a-bola-na-residencia-do-primeiro-ministro\/\"},\"wordCount\":153,\"image\":{\"@id\":\"https:\/\/portaltela.pt\/noticias\/2026\/02\/15\/governo-paga-20-mil-euros-para-ver-a-bola-na-residencia-do-primeiro-ministro\/#primaryimage\"},\"thumbnailUrl\":\"https:\/\/portaltela.pt\/s.01k8rhncp4jt1\/2026\/02\/img_1500x1000uu2026-02-15-15-19-07-2267003.jpg\",\"keywords\":[\"governo\",\"resid\u00eancias\",\"servi\u00e7os p\u00fablicos\",\"SportTV\",\"transmiss\u00f5es\"],\"articleSection\":[\"Not\u00edcias\",\"Pol\u00edtica\"],\"inLanguage\":\"pt-PT\"},{\"@type\":\"WebPage\",\"@id\":\"https:\/\/portaltela.pt\/noticias\/2026\/02\/15\/governo-paga-20-mil-euros-para-ver-a-bola-na-residencia-do-primeiro-ministro\/\",\"url\":\"https:\/\/portaltela.pt\/noticias\/2026\/02\/15\/governo-paga-20-mil-euros-para-ver-a-bola-na-residencia-do-primeiro-ministro\/\",\"name\":\"Governo paga 20 mil euros para ver a bola na resid\u00eancia do Primeiro-Ministro - Portal Tela Portugal\",\"isPartOf\":{\"@id\":\"https:\/\/portaltela.pt\/#website\"},\"primaryImageOfPage\":{\"@id\":\"https:\/\/portaltela.pt\/noticias\/2026\/02\/15\/governo-paga-20-mil-euros-para-ver-a-bola-na-residencia-do-primeiro-ministro\/#primaryimage\"},\"image\":{\"@id\":\"https:\/\/portaltela.pt\/noticias\/2026\/02\/15\/governo-paga-20-mil-euros-para-ver-a-bola-na-residencia-do-primeiro-ministro\/#primaryimage\"},\"thumbnailUrl\":\"https:\/\/portaltela.pt\/s.01k8rhncp4jt1\/2026\/02\/img_1500x1000uu2026-02-15-15-19-07-2267003.jpg\",\"datePublished\":\"2026-02-16T01:30:00+00:00\",\"author\":{\"@id\":\"https:\/\/portaltela.pt\/#\/schema\/person\/c4278d4a6028830caff9ee44b42d32ed\"},\"breadcrumb\":{\"@id\":\"https:\/\/portaltela.pt\/noticias\/2026\/02\/15\/governo-paga-20-mil-euros-para-ver-a-bola-na-residencia-do-primeiro-ministro\/#breadcrumb\"},\"inLanguage\":\"pt-PT\",\"potentialAction\":[{\"@type\":\"ReadAction\",\"target\":[\"https:\/\/portaltela.pt\/noticias\/2026\/02\/15\/governo-paga-20-mil-euros-para-ver-a-bola-na-residencia-do-primeiro-ministro\/\"]}]},{\"@type\":\"ImageObject\",\"inLanguage\":\"pt-PT\",\"@id\":\"https:\/\/portaltela.pt\/noticias\/2026\/02\/15\/governo-paga-20-mil-euros-para-ver-a-bola-na-residencia-do-primeiro-ministro\/#primaryimage\",\"url\":\"https:\/\/portaltela.pt\/s.01k8rhncp4jt1\/2026\/02\/img_1500x1000uu2026-02-15-15-19-07-2267003.jpg\",\"contentUrl\":\"https:\/\/portaltela.pt\/s.01k8rhncp4jt1\/2026\/02\/img_1500x1000uu2026-02-15-15-19-07-2267003.jpg\",\"width\":796,\"height\":448,\"caption\":\"Lu\u00eds Montenegro\"},{\"@type\":\"BreadcrumbList\",\"@id\":\"https:\/\/portaltela.pt\/noticias\/2026\/02\/15\/governo-paga-20-mil-euros-para-ver-a-bola-na-residencia-do-primeiro-ministro\/#breadcrumb\",\"itemListElement\":[{\"@type\":\"ListItem\",\"position\":1,\"name\":\"In\u00edcio\",\"item\":\"https:\/\/portaltela.pt\/\"},{\"@type\":\"ListItem\",\"position\":2,\"name\":\"Governo paga 20 mil euros para ver a bola na resid\u00eancia do Primeiro-Ministro\"}]},{\"@type\":\"WebSite\",\"@id\":\"https:\/\/portaltela.pt\/#website\",\"url\":\"https:\/\/portaltela.pt\/\",\"name\":\"Portal Tela Portugal\",\"description\":\"\",\"potentialAction\":[{\"@type\":\"SearchAction\",\"target\":{\"@type\":\"EntryPoint\",\"urlTemplate\":\"https:\/\/portaltela.pt\/?s={search_term_string}\"},\"query-input\":{\"@type\":\"PropertyValueSpecification\",\"valueRequired\":true,\"valueName\":\"search_term_string\"}}],\"inLanguage\":\"pt-PT\"},{\"@type\":\"Person\",\"@id\":\"https:\/\/portaltela.pt\/#\/schema\/person\/c4278d4a6028830caff9ee44b42d32ed\",\"name\":\"Telinha\",\"image\":{\"@type\":\"ImageObject\",\"inLanguage\":\"pt-PT\",\"@id\":\"https:\/\/portaltela.pt\/s.01k8rhncp4jt1\/2025\/11\/talking-bot-125x125.png\",\"url\":\"https:\/\/portaltela.pt\/s.01k8rhncp4jt1\/2025\/11\/talking-bot-125x125.png\",\"contentUrl\":\"https:\/\/portaltela.pt\/s.01k8rhncp4jt1\/2025\/11\/talking-bot-125x125.png\",\"caption\":\"Telinha\"},\"sameAs\":[\"https:\/\/portaltela.pt\/\"],\"url\":\"https:\/\/portaltela.pt\/por\/367410592786\/\"}]}<\/script>\n<!-- \/ Yoast SEO plugin. -->","yoast_head_json":{"title":"Governo paga 20 mil euros para ver a bola na resid\u00eancia do Primeiro-Ministro - Portal Tela Portugal","robots":{"index":"index","follow":"follow","max-snippet":"max-snippet:-1","max-image-preview":"max-image-preview:large","max-video-preview":"max-video-preview:-1"},"og_locale":"pt_PT","og_type":"article","og_title":"Governo paga 20 mil euros para ver a bola na resid\u00eancia do Primeiro-Ministro - Portal Tela Portugal","og_description":"A Secretaria-Geral do Governo assinou um ajuste direto de cerca de 20 mil euros para ter SportTV na resid\u00eancia oficial do primeiro-ministro e no Parlamento. O contrato foi celebrado a 23 de dezembro do ano passado, dois dias antes do natal, com uma operadora de telecomunica\u00e7\u00f5es. A assinatura garante a subscri\u00e7\u00e3o premium do canal SportTV. O acordo mant\u00e9m o acesso at\u00e9 19 de agosto de 2028.","og_url":"https:\/\/portaltela.pt\/noticias\/2026\/02\/15\/governo-paga-20-mil-euros-para-ver-a-bola-na-residencia-do-primeiro-ministro\/","og_site_name":"Portal Tela Portugal","article_published_time":"2026-02-16T01:30:00+00:00","author":"Telinha","twitter_card":"summary_large_image","twitter_misc":{"Escrito por":"Telinha","Tempo estimado de leitura":"1 minuto"},"schema":{"@context":"https:\/\/schema.org","@graph":[{"@type":"Article","@id":"https:\/\/portaltela.pt\/noticias\/2026\/02\/15\/governo-paga-20-mil-euros-para-ver-a-bola-na-residencia-do-primeiro-ministro\/#article","isPartOf":{"@id":"https:\/\/portaltela.pt\/noticias\/2026\/02\/15\/governo-paga-20-mil-euros-para-ver-a-bola-na-residencia-do-primeiro-ministro\/"},"author":{"name":"Telinha","@id":"https:\/\/portaltela.pt\/#\/schema\/person\/c4278d4a6028830caff9ee44b42d32ed"},"headline":"Governo paga 20 mil euros para ver a bola na resid\u00eancia do Primeiro-Ministro","datePublished":"2026-02-16T01:30:00+00:00","mainEntityOfPage":{"@id":"https:\/\/portaltela.pt\/noticias\/2026\/02\/15\/governo-paga-20-mil-euros-para-ver-a-bola-na-residencia-do-primeiro-ministro\/"},"wordCount":153,"image":{"@id":"https:\/\/portaltela.pt\/noticias\/2026\/02\/15\/governo-paga-20-mil-euros-para-ver-a-bola-na-residencia-do-primeiro-ministro\/#primaryimage"},"thumbnailUrl":"https:\/\/portaltela.pt\/s.01k8rhncp4jt1\/2026\/02\/img_1500x1000uu2026-02-15-15-19-07-2267003.jpg","keywords":["governo","resid\u00eancias","servi\u00e7os p\u00fablicos","SportTV","transmiss\u00f5es"],"articleSection":["Not\u00edcias","Pol\u00edtica"],"inLanguage":"pt-PT"},{"@type":"WebPage","@id":"https:\/\/portaltela.pt\/noticias\/2026\/02\/15\/governo-paga-20-mil-euros-para-ver-a-bola-na-residencia-do-primeiro-ministro\/","url":"https:\/\/portaltela.pt\/noticias\/2026\/02\/15\/governo-paga-20-mil-euros-para-ver-a-bola-na-residencia-do-primeiro-ministro\/","name":"Governo paga 20 mil euros para ver a bola na resid\u00eancia do Primeiro-Ministro - Portal Tela Portugal","isPartOf":{"@id":"https:\/\/portaltela.pt\/#website"},"primaryImageOfPage":{"@id":"https:\/\/portaltela.pt\/noticias\/2026\/02\/15\/governo-paga-20-mil-euros-para-ver-a-bola-na-residencia-do-primeiro-ministro\/#primaryimage"},"image":{"@id":"https:\/\/portaltela.pt\/noticias\/2026\/02\/15\/governo-paga-20-mil-euros-para-ver-a-bola-na-residencia-do-primeiro-ministro\/#primaryimage"},"thumbnailUrl":"https:\/\/portaltela.pt\/s.01k8rhncp4jt1\/2026\/02\/img_1500x1000uu2026-02-15-15-19-07-2267003.jpg","datePublished":"2026-02-16T01:30:00+00:00","author":{"@id":"https:\/\/portaltela.pt\/#\/schema\/person\/c4278d4a6028830caff9ee44b42d32ed"},"breadcrumb":{"@id":"https:\/\/portaltela.pt\/noticias\/2026\/02\/15\/governo-paga-20-mil-euros-para-ver-a-bola-na-residencia-do-primeiro-ministro\/#breadcrumb"},"inLanguage":"pt-PT","potentialAction":[{"@type":"ReadAction","target":["https:\/\/portaltela.pt\/noticias\/2026\/02\/15\/governo-paga-20-mil-euros-para-ver-a-bola-na-residencia-do-primeiro-ministro\/"]}]},{"@type":"ImageObject","inLanguage":"pt-PT","@id":"https:\/\/portaltela.pt\/noticias\/2026\/02\/15\/governo-paga-20-mil-euros-para-ver-a-bola-na-residencia-do-primeiro-ministro\/#primaryimage","url":"https:\/\/portaltela.pt\/s.01k8rhncp4jt1\/2026\/02\/img_1500x1000uu2026-02-15-15-19-07-2267003.jpg","contentUrl":"https:\/\/portaltela.pt\/s.01k8rhncp4jt1\/2026\/02\/img_1500x1000uu2026-02-15-15-19-07-2267003.jpg","width":796,"height":448,"caption":"Lu\u00eds Montenegro"},{"@type":"BreadcrumbList","@id":"https:\/\/portaltela.pt\/noticias\/2026\/02\/15\/governo-paga-20-mil-euros-para-ver-a-bola-na-residencia-do-primeiro-ministro\/#breadcrumb","itemListElement":[{"@type":"ListItem","position":1,"name":"In\u00edcio","item":"https:\/\/portaltela.pt\/"},{"@type":"ListItem","position":2,"name":"Governo paga 20 mil euros para ver a bola na resid\u00eancia do Primeiro-Ministro"}]},{"@type":"WebSite","@id":"https:\/\/portaltela.pt\/#website","url":"https:\/\/portaltela.pt\/","name":"Portal Tela Portugal","description":"","potentialAction":[{"@type":"SearchAction","target":{"@type":"EntryPoint","urlTemplate":"https:\/\/portaltela.pt\/?s={search_term_string}"},"query-input":{"@type":"PropertyValueSpecification","valueRequired":true,"valueName":"search_term_string"}}],"inLanguage":"pt-PT"},{"@type":"Person","@id":"https:\/\/portaltela.pt\/#\/schema\/person\/c4278d4a6028830caff9ee44b42d32ed","name":"Telinha","image":{"@type":"ImageObject","inLanguage":"pt-PT","@id":"https:\/\/portaltela.pt\/s.01k8rhncp4jt1\/2025\/11\/talking-bot-125x125.png","url":"https:\/\/portaltela.pt\/s.01k8rhncp4jt1\/2025\/11\/talking-bot-125x125.png","contentUrl":"https:\/\/portaltela.pt\/s.01k8rhncp4jt1\/2025\/11\/talking-bot-125x125.png","caption":"Telinha"},"sameAs":["https:\/\/portaltela.pt\/"],"url":"https:\/\/portaltela.pt\/por\/367410592786\/"}]}},"_links":{"self":[{"href":"https:\/\/portaltela.pt\/api\/wp\/v2\/posts\/213950","targetHints":{"allow":["GET"]}}],"collection":[{"href":"https:\/\/portaltela.pt\/api\/wp\/v2\/posts"}],"about":[{"href":"https:\/\/portaltela.pt\/api\/wp\/v2\/types\/post"}],"author":[{"embeddable":true,"href":"https:\/\/portaltela.pt\/api\/wp\/v2\/users\/2"}],"replies":[{"embeddable":true,"href":"https:\/\/portaltela.pt\/api\/wp\/v2\/comments?post=213950"}],"version-history":[{"count":0,"href":"https:\/\/portaltela.pt\/api\/wp\/v2\/posts\/213950\/revisions"}],"wp:featuredmedia":[{"embeddable":true,"href":"https:\/\/portaltela.pt\/api\/wp\/v2\/media\/213955"}],"wp:attachment":[{"href":"https:\/\/portaltela.pt\/api\/wp\/v2\/media?parent=213950"}],"wp:term":[{"taxonomy":"category","embeddable":true,"href":"https:\/\/portaltela.pt\/api\/wp\/v2\/categories?post=213950"},{"taxonomy":"post_tag","embeddable":true,"href":"https:\/\/portaltela.pt\/api\/wp\/v2\/tags?post=213950"}],"curies":[{"name":"wp","href":"https:\/\/api.w.org\/{rel}","templated":true}]}}