{"id":213907,"date":"2026-02-15T21:03:00","date_gmt":"2026-02-16T00:03:00","guid":{"rendered":"https:\/\/portaltela.pt\/noticias\/2026\/02\/15\/politica-social-promete-nao-deixar-ninguem-para-tras\/"},"modified":"2026-02-15T21:03:00","modified_gmt":"2026-02-16T00:03:00","slug":"politica-social-promete-nao-deixar-ninguem-para-tras","status":"publish","type":"post","link":"https:\/\/portaltela.pt\/desporto\/futebol\/2026\/02\/15\/politica-social-promete-nao-deixar-ninguem-para-tras\/","title":{"rendered":"Pol\u00edtica social promete n\u00e3o deixar ningu\u00e9m para tr\u00e1s"},"content":{"rendered":"<p>O mau tempo afetou v\u00e1rias regi\u00f5es do territ\u00f3rio nacional nas \u00faltimas semanas, colocando \u00e0 prova a resili\u00eancia das comunidades. A resposta inicial veio do futebol, que se mobilizou para apoiar quem viu o quotidiano alterado.<\/p>\n<p>A Federa\u00e7\u00e3o Portuguesa de Futebol (FPF) disponibilizou a Cidade do Futebol para clubes com instala\u00e7\u00f5es destru\u00eddas. A Comiss\u00e3o Coordenadora para as Emerg\u00eancias no Futebol coordena a resposta com o Sindicato dos Jogadores, a Liga Portugal, a ANTF e a Mesa do Plen\u00e1rio das Associa\u00e7\u00f5es Distritais e Regionais de Futebol.<\/p>\n<p>Esta estrutura n\u00e3o se limita \u00e0 ajuda imediata: funciona tamb\u00e9m como ag\u00eancia de candidaturas ao Fundo de Cat\u00e1strofes, criando planos para mitigar impactos futuros sempre que ocorrerem eventos clim\u00e1ticos extremos.<\/p>\n<p>Pedro Proen\u00e7a, presidente da FPF, visitou Leiria e Santar\u00e9m, distritos fortemente atingidos, e prev\u00ea desloca\u00e7\u00f5es a Coimbra para fortalecer a liga\u00e7\u00e3o com comunidades ligadas ao futebol, autoridades locais e associa\u00e7\u00f5es.<\/p>\n<p>Leiria recebe, no dia 10 de junho, o \u00faltimo jogo de Portugal antes do Mundial, com parte da receita de bilheteira canalizada para fins solid\u00e1rios. Este acto simboliza a mobiliza\u00e7\u00e3o centrada no apoio \u00e0s fam\u00edlias afetadas.<\/p>\n<p>Na pr\u00f3xima sexta-feira, Leiria acolhe a segunda reuni\u00e3o de Dire\u00e7\u00e3o Descentralizada, refor\u00e7ando o compromisso de aproximar a FPF de quem faz o futebol no terreno e de quem o apoia no quotidiano.<\/p>\n","protected":false},"excerpt":{"rendered":"<ul>\n<li>A Federa\u00e7\u00e3o Portuguesa de Futebol (FPF) disponibilizou a Cidade do Futebol para clubes com instala\u00e7\u00f5es destru\u00eddas, desde o primeiro dia.<\/li>\n<li>Criou\u2011se a Comiss\u00e3o Coordenadora para as Emerg\u00eancias no Futebol, que agrega o Sindicato dos Jogadores, a Liga Portugal, a Associa\u00e7\u00e3o Nacional de Treinadores de Futebol e a Mesa do Plen\u00e1rio das Associa\u00e7\u00f5es Distritais e Regionais de Futebol, com um Fundo de Cat\u00e1strofes e planos para mitigar impactos futuros.<\/li>\n<li>O presidente da FPF, Pedro Proen\u00e7a, visitou Leiria e Santar\u00e9m e vai estar em Coimbra, junto da comunidade do futebol e das autarquias, para apoiar a\u00e7\u00f5es concretas.<\/li>\n<li>Em Leiria, no dia 10 de junho, realiza\u2011se o \u00faltimo jogo da sele\u00e7\u00e3o antes do Mundial, com parte da receita de bilheteira destinada a fins solid\u00e1rios.<\/li>\n<li>Leiria acolhe, na pr\u00f3xima sexta\u2011feira, a segunda reuni\u00e3o de Dire\u00e7\u00e3o descentralizada, refor\u00e7ando o compromisso da FPF com clubes, autarquias e comunidades.<\/li>\n<\/ul>\n","protected":false},"author":2,"featured_media":213911,"comment_status":"closed","ping_status":"closed","sticky":false,"template":"","format":"standard","meta":{"footnotes":""},"categories":[21,24],"tags":[5838,1070,5888,32,1385,898],"class_list":["post-213907","post","type-post","status-publish","format-standard","has-post-thumbnail","hentry","category-desporto","category-futebol","tag-cidade-do-futebol","tag-coimbra","tag-fundo-de-catastrofes","tag-futebol","tag-leiria","tag-santarem"],"yoast_head":"<!-- This site is optimized with the Yoast SEO plugin v27.2 - https:\/\/yoast.com\/product\/yoast-seo-wordpress\/ -->\n<title>Pol\u00edtica social promete n\u00e3o deixar ningu\u00e9m para tr\u00e1s - Portal Tela Portugal<\/title>\n<meta name=\"robots\" content=\"index, follow, max-snippet:-1, max-image-preview:large, max-video-preview:-1\" \/>\n<meta property=\"og:locale\" content=\"pt_PT\" \/>\n<meta property=\"og:type\" content=\"article\" \/>\n<meta property=\"og:title\" content=\"Pol\u00edtica social promete n\u00e3o deixar ningu\u00e9m para tr\u00e1s - Portal Tela Portugal\" \/>\n<meta property=\"og:description\" content=\"A Federa\u00e7\u00e3o Portuguesa de Futebol (FPF) disponibilizou a Cidade do Futebol para clubes com instala\u00e7\u00f5es destru\u00eddas, desde o primeiro dia. Criou\u2011se a Comiss\u00e3o Coordenadora para as Emerg\u00eancias no Futebol, que agrega o Sindicato dos Jogadores, a Liga Portugal, a Associa\u00e7\u00e3o Nacional de Treinadores de Futebol e a Mesa do Plen\u00e1rio das Associa\u00e7\u00f5es Distritais e Regionais de Futebol, com um Fundo de Cat\u00e1strofes e planos para mitigar impactos futuros. O presidente da FPF, Pedro Proen\u00e7a, visitou Leiria e Santar\u00e9m e vai estar em Coimbra, junto da comunidade do futebol e das autarquias, para apoiar a\u00e7\u00f5es concretas. Em Leiria, no dia 10 de junho, realiza\u2011se o \u00faltimo jogo da sele\u00e7\u00e3o antes do Mundial, com parte da receita de bilheteira destinada a fins solid\u00e1rios. Leiria acolhe, na pr\u00f3xima sexta\u2011feira, a segunda reuni\u00e3o de Dire\u00e7\u00e3o descentralizada, refor\u00e7ando o compromisso da FPF com clubes, autarquias e comunidades.\" \/>\n<meta property=\"og:url\" content=\"https:\/\/portaltela.pt\/noticias\/2026\/02\/15\/politica-social-promete-nao-deixar-ninguem-para-tras\/\" \/>\n<meta property=\"og:site_name\" content=\"Portal Tela Portugal\" \/>\n<meta property=\"article:published_time\" content=\"2026-02-16T00:03:00+00:00\" \/>\n<meta name=\"author\" content=\"Telinha\" \/>\n<meta name=\"twitter:card\" content=\"summary_large_image\" \/>\n<meta name=\"twitter:label1\" content=\"Escrito por\" \/>\n\t<meta name=\"twitter:data1\" content=\"Telinha\" \/>\n\t<meta name=\"twitter:label2\" content=\"Tempo estimado de leitura\" \/>\n\t<meta name=\"twitter:data2\" content=\"1 minuto\" \/>\n<script type=\"application\/ld+json\" class=\"yoast-schema-graph\">{\"@context\":\"https:\/\/schema.org\",\"@graph\":[{\"@type\":\"Article\",\"@id\":\"https:\/\/portaltela.pt\/noticias\/2026\/02\/15\/politica-social-promete-nao-deixar-ninguem-para-tras\/#article\",\"isPartOf\":{\"@id\":\"https:\/\/portaltela.pt\/noticias\/2026\/02\/15\/politica-social-promete-nao-deixar-ninguem-para-tras\/\"},\"author\":{\"name\":\"Telinha\",\"@id\":\"https:\/\/portaltela.pt\/#\/schema\/person\/c4278d4a6028830caff9ee44b42d32ed\"},\"headline\":\"Pol\u00edtica social promete n\u00e3o deixar ningu\u00e9m para tr\u00e1s\",\"datePublished\":\"2026-02-16T00:03:00+00:00\",\"mainEntityOfPage\":{\"@id\":\"https:\/\/portaltela.pt\/noticias\/2026\/02\/15\/politica-social-promete-nao-deixar-ninguem-para-tras\/\"},\"wordCount\":249,\"image\":{\"@id\":\"https:\/\/portaltela.pt\/noticias\/2026\/02\/15\/politica-social-promete-nao-deixar-ninguem-para-tras\/#primaryimage\"},\"thumbnailUrl\":\"https:\/\/portaltela.pt\/s.01k8rhncp4jt1\/2026\/02\/b3c523d2-8562-4722-bb2e-353aaffd56fe_1200x675-1.jpg\",\"keywords\":[\"Cidade do Futebol\",\"Coimbra\",\"Fundo de Cat\u00e1strofes\",\"futebol\",\"Leiria\",\"Santar\u00e9m\"],\"articleSection\":[\"Desporto\",\"Futebol\"],\"inLanguage\":\"pt-PT\"},{\"@type\":\"WebPage\",\"@id\":\"https:\/\/portaltela.pt\/noticias\/2026\/02\/15\/politica-social-promete-nao-deixar-ninguem-para-tras\/\",\"url\":\"https:\/\/portaltela.pt\/noticias\/2026\/02\/15\/politica-social-promete-nao-deixar-ninguem-para-tras\/\",\"name\":\"Pol\u00edtica social promete n\u00e3o deixar ningu\u00e9m para tr\u00e1s - Portal Tela Portugal\",\"isPartOf\":{\"@id\":\"https:\/\/portaltela.pt\/#website\"},\"primaryImageOfPage\":{\"@id\":\"https:\/\/portaltela.pt\/noticias\/2026\/02\/15\/politica-social-promete-nao-deixar-ninguem-para-tras\/#primaryimage\"},\"image\":{\"@id\":\"https:\/\/portaltela.pt\/noticias\/2026\/02\/15\/politica-social-promete-nao-deixar-ninguem-para-tras\/#primaryimage\"},\"thumbnailUrl\":\"https:\/\/portaltela.pt\/s.01k8rhncp4jt1\/2026\/02\/b3c523d2-8562-4722-bb2e-353aaffd56fe_1200x675-1.jpg\",\"datePublished\":\"2026-02-16T00:03:00+00:00\",\"author\":{\"@id\":\"https:\/\/portaltela.pt\/#\/schema\/person\/c4278d4a6028830caff9ee44b42d32ed\"},\"breadcrumb\":{\"@id\":\"https:\/\/portaltela.pt\/noticias\/2026\/02\/15\/politica-social-promete-nao-deixar-ninguem-para-tras\/#breadcrumb\"},\"inLanguage\":\"pt-PT\",\"potentialAction\":[{\"@type\":\"ReadAction\",\"target\":[\"https:\/\/portaltela.pt\/noticias\/2026\/02\/15\/politica-social-promete-nao-deixar-ninguem-para-tras\/\"]}]},{\"@type\":\"ImageObject\",\"inLanguage\":\"pt-PT\",\"@id\":\"https:\/\/portaltela.pt\/noticias\/2026\/02\/15\/politica-social-promete-nao-deixar-ninguem-para-tras\/#primaryimage\",\"url\":\"https:\/\/portaltela.pt\/s.01k8rhncp4jt1\/2026\/02\/b3c523d2-8562-4722-bb2e-353aaffd56fe_1200x675-1.jpg\",\"contentUrl\":\"https:\/\/portaltela.pt\/s.01k8rhncp4jt1\/2026\/02\/b3c523d2-8562-4722-bb2e-353aaffd56fe_1200x675-1.jpg\",\"width\":796,\"height\":448,\"caption\":\"Photo\"},{\"@type\":\"BreadcrumbList\",\"@id\":\"https:\/\/portaltela.pt\/noticias\/2026\/02\/15\/politica-social-promete-nao-deixar-ninguem-para-tras\/#breadcrumb\",\"itemListElement\":[{\"@type\":\"ListItem\",\"position\":1,\"name\":\"In\u00edcio\",\"item\":\"https:\/\/portaltela.pt\/\"},{\"@type\":\"ListItem\",\"position\":2,\"name\":\"Pol\u00edtica social promete n\u00e3o deixar ningu\u00e9m para tr\u00e1s\"}]},{\"@type\":\"WebSite\",\"@id\":\"https:\/\/portaltela.pt\/#website\",\"url\":\"https:\/\/portaltela.pt\/\",\"name\":\"Portal Tela Portugal\",\"description\":\"\",\"potentialAction\":[{\"@type\":\"SearchAction\",\"target\":{\"@type\":\"EntryPoint\",\"urlTemplate\":\"https:\/\/portaltela.pt\/?s={search_term_string}\"},\"query-input\":{\"@type\":\"PropertyValueSpecification\",\"valueRequired\":true,\"valueName\":\"search_term_string\"}}],\"inLanguage\":\"pt-PT\"},{\"@type\":\"Person\",\"@id\":\"https:\/\/portaltela.pt\/#\/schema\/person\/c4278d4a6028830caff9ee44b42d32ed\",\"name\":\"Telinha\",\"image\":{\"@type\":\"ImageObject\",\"inLanguage\":\"pt-PT\",\"@id\":\"https:\/\/portaltela.pt\/s.01k8rhncp4jt1\/2025\/11\/talking-bot-125x125.png\",\"url\":\"https:\/\/portaltela.pt\/s.01k8rhncp4jt1\/2025\/11\/talking-bot-125x125.png\",\"contentUrl\":\"https:\/\/portaltela.pt\/s.01k8rhncp4jt1\/2025\/11\/talking-bot-125x125.png\",\"caption\":\"Telinha\"},\"sameAs\":[\"https:\/\/portaltela.pt\/\"],\"url\":\"https:\/\/portaltela.pt\/por\/367410592786\/\"}]}<\/script>\n<!-- \/ Yoast SEO plugin. -->","yoast_head_json":{"title":"Pol\u00edtica social promete n\u00e3o deixar ningu\u00e9m para tr\u00e1s - Portal Tela Portugal","robots":{"index":"index","follow":"follow","max-snippet":"max-snippet:-1","max-image-preview":"max-image-preview:large","max-video-preview":"max-video-preview:-1"},"og_locale":"pt_PT","og_type":"article","og_title":"Pol\u00edtica social promete n\u00e3o deixar ningu\u00e9m para tr\u00e1s - Portal Tela Portugal","og_description":"A Federa\u00e7\u00e3o Portuguesa de Futebol (FPF) disponibilizou a Cidade do Futebol para clubes com instala\u00e7\u00f5es destru\u00eddas, desde o primeiro dia. Criou\u2011se a Comiss\u00e3o Coordenadora para as Emerg\u00eancias no Futebol, que agrega o Sindicato dos Jogadores, a Liga Portugal, a Associa\u00e7\u00e3o Nacional de Treinadores de Futebol e a Mesa do Plen\u00e1rio das Associa\u00e7\u00f5es Distritais e Regionais de Futebol, com um Fundo de Cat\u00e1strofes e planos para mitigar impactos futuros. O presidente da FPF, Pedro Proen\u00e7a, visitou Leiria e Santar\u00e9m e vai estar em Coimbra, junto da comunidade do futebol e das autarquias, para apoiar a\u00e7\u00f5es concretas. Em Leiria, no dia 10 de junho, realiza\u2011se o \u00faltimo jogo da sele\u00e7\u00e3o antes do Mundial, com parte da receita de bilheteira destinada a fins solid\u00e1rios. Leiria acolhe, na pr\u00f3xima sexta\u2011feira, a segunda reuni\u00e3o de Dire\u00e7\u00e3o descentralizada, refor\u00e7ando o compromisso da FPF com clubes, autarquias e comunidades.","og_url":"https:\/\/portaltela.pt\/noticias\/2026\/02\/15\/politica-social-promete-nao-deixar-ninguem-para-tras\/","og_site_name":"Portal Tela Portugal","article_published_time":"2026-02-16T00:03:00+00:00","author":"Telinha","twitter_card":"summary_large_image","twitter_misc":{"Escrito por":"Telinha","Tempo estimado de leitura":"1 minuto"},"schema":{"@context":"https:\/\/schema.org","@graph":[{"@type":"Article","@id":"https:\/\/portaltela.pt\/noticias\/2026\/02\/15\/politica-social-promete-nao-deixar-ninguem-para-tras\/#article","isPartOf":{"@id":"https:\/\/portaltela.pt\/noticias\/2026\/02\/15\/politica-social-promete-nao-deixar-ninguem-para-tras\/"},"author":{"name":"Telinha","@id":"https:\/\/portaltela.pt\/#\/schema\/person\/c4278d4a6028830caff9ee44b42d32ed"},"headline":"Pol\u00edtica social promete n\u00e3o deixar ningu\u00e9m para tr\u00e1s","datePublished":"2026-02-16T00:03:00+00:00","mainEntityOfPage":{"@id":"https:\/\/portaltela.pt\/noticias\/2026\/02\/15\/politica-social-promete-nao-deixar-ninguem-para-tras\/"},"wordCount":249,"image":{"@id":"https:\/\/portaltela.pt\/noticias\/2026\/02\/15\/politica-social-promete-nao-deixar-ninguem-para-tras\/#primaryimage"},"thumbnailUrl":"https:\/\/portaltela.pt\/s.01k8rhncp4jt1\/2026\/02\/b3c523d2-8562-4722-bb2e-353aaffd56fe_1200x675-1.jpg","keywords":["Cidade do Futebol","Coimbra","Fundo de Cat\u00e1strofes","futebol","Leiria","Santar\u00e9m"],"articleSection":["Desporto","Futebol"],"inLanguage":"pt-PT"},{"@type":"WebPage","@id":"https:\/\/portaltela.pt\/noticias\/2026\/02\/15\/politica-social-promete-nao-deixar-ninguem-para-tras\/","url":"https:\/\/portaltela.pt\/noticias\/2026\/02\/15\/politica-social-promete-nao-deixar-ninguem-para-tras\/","name":"Pol\u00edtica social promete n\u00e3o deixar ningu\u00e9m para tr\u00e1s - Portal Tela Portugal","isPartOf":{"@id":"https:\/\/portaltela.pt\/#website"},"primaryImageOfPage":{"@id":"https:\/\/portaltela.pt\/noticias\/2026\/02\/15\/politica-social-promete-nao-deixar-ninguem-para-tras\/#primaryimage"},"image":{"@id":"https:\/\/portaltela.pt\/noticias\/2026\/02\/15\/politica-social-promete-nao-deixar-ninguem-para-tras\/#primaryimage"},"thumbnailUrl":"https:\/\/portaltela.pt\/s.01k8rhncp4jt1\/2026\/02\/b3c523d2-8562-4722-bb2e-353aaffd56fe_1200x675-1.jpg","datePublished":"2026-02-16T00:03:00+00:00","author":{"@id":"https:\/\/portaltela.pt\/#\/schema\/person\/c4278d4a6028830caff9ee44b42d32ed"},"breadcrumb":{"@id":"https:\/\/portaltela.pt\/noticias\/2026\/02\/15\/politica-social-promete-nao-deixar-ninguem-para-tras\/#breadcrumb"},"inLanguage":"pt-PT","potentialAction":[{"@type":"ReadAction","target":["https:\/\/portaltela.pt\/noticias\/2026\/02\/15\/politica-social-promete-nao-deixar-ninguem-para-tras\/"]}]},{"@type":"ImageObject","inLanguage":"pt-PT","@id":"https:\/\/portaltela.pt\/noticias\/2026\/02\/15\/politica-social-promete-nao-deixar-ninguem-para-tras\/#primaryimage","url":"https:\/\/portaltela.pt\/s.01k8rhncp4jt1\/2026\/02\/b3c523d2-8562-4722-bb2e-353aaffd56fe_1200x675-1.jpg","contentUrl":"https:\/\/portaltela.pt\/s.01k8rhncp4jt1\/2026\/02\/b3c523d2-8562-4722-bb2e-353aaffd56fe_1200x675-1.jpg","width":796,"height":448,"caption":"Photo"},{"@type":"BreadcrumbList","@id":"https:\/\/portaltela.pt\/noticias\/2026\/02\/15\/politica-social-promete-nao-deixar-ninguem-para-tras\/#breadcrumb","itemListElement":[{"@type":"ListItem","position":1,"name":"In\u00edcio","item":"https:\/\/portaltela.pt\/"},{"@type":"ListItem","position":2,"name":"Pol\u00edtica social promete n\u00e3o deixar ningu\u00e9m para tr\u00e1s"}]},{"@type":"WebSite","@id":"https:\/\/portaltela.pt\/#website","url":"https:\/\/portaltela.pt\/","name":"Portal Tela Portugal","description":"","potentialAction":[{"@type":"SearchAction","target":{"@type":"EntryPoint","urlTemplate":"https:\/\/portaltela.pt\/?s={search_term_string}"},"query-input":{"@type":"PropertyValueSpecification","valueRequired":true,"valueName":"search_term_string"}}],"inLanguage":"pt-PT"},{"@type":"Person","@id":"https:\/\/portaltela.pt\/#\/schema\/person\/c4278d4a6028830caff9ee44b42d32ed","name":"Telinha","image":{"@type":"ImageObject","inLanguage":"pt-PT","@id":"https:\/\/portaltela.pt\/s.01k8rhncp4jt1\/2025\/11\/talking-bot-125x125.png","url":"https:\/\/portaltela.pt\/s.01k8rhncp4jt1\/2025\/11\/talking-bot-125x125.png","contentUrl":"https:\/\/portaltela.pt\/s.01k8rhncp4jt1\/2025\/11\/talking-bot-125x125.png","caption":"Telinha"},"sameAs":["https:\/\/portaltela.pt\/"],"url":"https:\/\/portaltela.pt\/por\/367410592786\/"}]}},"_links":{"self":[{"href":"https:\/\/portaltela.pt\/api\/wp\/v2\/posts\/213907","targetHints":{"allow":["GET"]}}],"collection":[{"href":"https:\/\/portaltela.pt\/api\/wp\/v2\/posts"}],"about":[{"href":"https:\/\/portaltela.pt\/api\/wp\/v2\/types\/post"}],"author":[{"embeddable":true,"href":"https:\/\/portaltela.pt\/api\/wp\/v2\/users\/2"}],"replies":[{"embeddable":true,"href":"https:\/\/portaltela.pt\/api\/wp\/v2\/comments?post=213907"}],"version-history":[{"count":0,"href":"https:\/\/portaltela.pt\/api\/wp\/v2\/posts\/213907\/revisions"}],"wp:featuredmedia":[{"embeddable":true,"href":"https:\/\/portaltela.pt\/api\/wp\/v2\/media\/213911"}],"wp:attachment":[{"href":"https:\/\/portaltela.pt\/api\/wp\/v2\/media?parent=213907"}],"wp:term":[{"taxonomy":"category","embeddable":true,"href":"https:\/\/portaltela.pt\/api\/wp\/v2\/categories?post=213907"},{"taxonomy":"post_tag","embeddable":true,"href":"https:\/\/portaltela.pt\/api\/wp\/v2\/tags?post=213907"}],"curies":[{"name":"wp","href":"https:\/\/api.w.org\/{rel}","templated":true}]}}