{"id":213869,"date":"2026-02-15T20:22:00","date_gmt":"2026-02-15T23:22:00","guid":{"rendered":"https:\/\/portaltela.pt\/noticias\/2026\/02\/15\/14-mil-clientes-continuam-sem-eletricidade-apos-a-depressao-kristin\/"},"modified":"2026-02-15T20:22:00","modified_gmt":"2026-02-15T23:22:00","slug":"14-mil-clientes-continuam-sem-eletricidade-apos-a-depressao-kristin","status":"publish","type":"post","link":"https:\/\/portaltela.pt\/noticias\/2026\/02\/15\/14-mil-clientes-continuam-sem-eletricidade-apos-a-depressao-kristin\/","title":{"rendered":"14 mil clientes continuam sem eletricidade ap\u00f3s a depress\u00e3o Kristin"},"content":{"rendered":"<p>Na zona mais afetada pela depress\u00e3o Kristin, cerca de 14 mil clientes permanecem sem eletricidade. A E-Redes mant\u00e9m os esfor\u00e7os para restabelecer o fornecimento e alerta para cuidados junto a infraestruturas danificadas.<\/p>\n<p>Hoje, \u00e0s 17 horas, na zona mais cr\u00edtica, estavam sem energia cerca de 14 mil clientes, segundo a E-Redes, que continua a trabalhar no restabelecimento do fornecimento.<\/p>\n<p>Num balan\u00e7o feito ao in\u00edcio da noite de s\u00e1bado, a E-Redes indicou que 26 mil clientes estavam sem abastecimento, sendo cerca de 16 mil da regi\u00e3o afetada pelas condi\u00e7\u00f5es adversas.<\/p>\n<p>A nota da E-Redes refor\u00e7ou o aviso: em caso de infraestruturas ca\u00eddas, as pessoas devem manter-se afastadas e reportar a situa\u00e7\u00e3o atrav\u00e9s do 800 506 506 ou balcaodigital.e-redes.pt.<\/p>\n<h3>Contexto<\/h3>\n<p>A passagem da depress\u00e3o Kristin por Portugal continental, no final de janeiro, deixou danos significativos na regi\u00e3o centro. Al\u00e9m de Kristin, seguiram-se outras depress\u00f5es, Leonardo e Marta, provocando mortes, ferimentos, desalojos e danos materiais.<\/p>\n<p>As consequ\u00eancias matinais do temporal inclu\u00edram destrui\u00e7\u00e3o de casas, quedas de \u00e1rvores e estradas, encerramento de escolas e servi\u00e7os, bem como cortes de energia, \u00e1gua e comunica\u00e7\u00f5es, al\u00e9m de inunda\u00e7\u00f5es.<\/p>\n<p>As regi\u00f5es mais afetadas permanecem o Centro, Lisboa e Vale do Tejo e o Alentejo.<\/p>\n","protected":false},"excerpt":{"rendered":"<ul>\n<li>Cerca de 14 mil clientes na zona mais afetada pela depress\u00e3o Kristin ainda est\u00e3o sem eletricidade \u00e0s 17 horas.<\/li>\n<li>A E-Redes mant\u00e9m os esfor\u00e7os para restabelecer o fornecimento e alerta para cuidados com infraestruturas danificadas.<\/li>\n<li>No in\u00edcio da noite de s\u00e1bado, 26 mil clientes estavam sem abastecimento, cerca de 16 mil deles na regi\u00e3o afetada pelas condi\u00e7\u00f5es atmosf\u00e9ricas.<\/li>\n<li>A empresa recomenda manter-se afastado de infraestruturas el\u00e9tricas danificadas e reportar a situa\u00e7\u00e3o atrav\u00e9s do 800 506 506 ou balcaodigital.e-redes.pt.<\/li>\n<li>As regi\u00f5es Centro, Lisboa e Vale do Tejo e Alentejo s\u00e3o as mais afetadas pela passagem da depress\u00e3o Kristin, com o pa\u00eds a ter tamb\u00e9m epis\u00f3dios das depress\u00f5es Leonardo e Marta, que causaram mortes, ferimentos e desalojos.<\/li>\n<\/ul>\n","protected":false},"author":2,"featured_media":213870,"comment_status":"closed","ping_status":"closed","sticky":false,"template":"","format":"standard","meta":{"footnotes":""},"categories":[1],"tags":[4729,5215,1309,2843,3732,2293],"class_list":["post-213869","post","type-post","status-publish","format-standard","has-post-thumbnail","hentry","category-noticias","tag-abastecimento-de-energia","tag-catastrofes-naturais","tag-centro","tag-desalojamentos","tag-eletricidade","tag-inundacoes"],"yoast_head":"<!-- This site is optimized with the Yoast SEO plugin v27.2 - https:\/\/yoast.com\/product\/yoast-seo-wordpress\/ -->\n<title>14 mil clientes continuam sem eletricidade ap\u00f3s a depress\u00e3o Kristin - Portal Tela Portugal<\/title>\n<meta name=\"robots\" content=\"index, follow, max-snippet:-1, max-image-preview:large, max-video-preview:-1\" \/>\n<meta property=\"og:locale\" content=\"pt_PT\" \/>\n<meta property=\"og:type\" content=\"article\" \/>\n<meta property=\"og:title\" content=\"14 mil clientes continuam sem eletricidade ap\u00f3s a depress\u00e3o Kristin - Portal Tela Portugal\" \/>\n<meta property=\"og:description\" content=\"Cerca de 14 mil clientes na zona mais afetada pela depress\u00e3o Kristin ainda est\u00e3o sem eletricidade \u00e0s 17 horas. A E-Redes mant\u00e9m os esfor\u00e7os para restabelecer o fornecimento e alerta para cuidados com infraestruturas danificadas. No in\u00edcio da noite de s\u00e1bado, 26 mil clientes estavam sem abastecimento, cerca de 16 mil deles na regi\u00e3o afetada pelas condi\u00e7\u00f5es atmosf\u00e9ricas. A empresa recomenda manter-se afastado de infraestruturas el\u00e9tricas danificadas e reportar a situa\u00e7\u00e3o atrav\u00e9s do 800 506 506 ou balcaodigital.e-redes.pt. As regi\u00f5es Centro, Lisboa e Vale do Tejo e Alentejo s\u00e3o as mais afetadas pela passagem da depress\u00e3o Kristin, com o pa\u00eds a ter tamb\u00e9m epis\u00f3dios das depress\u00f5es Leonardo e Marta, que causaram mortes, ferimentos e desalojos.\" \/>\n<meta property=\"og:url\" content=\"https:\/\/portaltela.pt\/noticias\/2026\/02\/15\/14-mil-clientes-continuam-sem-eletricidade-apos-a-depressao-kristin\/\" \/>\n<meta property=\"og:site_name\" content=\"Portal Tela Portugal\" \/>\n<meta property=\"article:published_time\" content=\"2026-02-15T23:22:00+00:00\" \/>\n<meta name=\"author\" content=\"Telinha\" \/>\n<meta name=\"twitter:card\" content=\"summary_large_image\" \/>\n<meta name=\"twitter:label1\" content=\"Escrito por\" \/>\n\t<meta name=\"twitter:data1\" content=\"Telinha\" \/>\n\t<meta name=\"twitter:label2\" content=\"Tempo estimado de leitura\" \/>\n\t<meta name=\"twitter:data2\" content=\"1 minuto\" \/>\n<script type=\"application\/ld+json\" class=\"yoast-schema-graph\">{\"@context\":\"https:\/\/schema.org\",\"@graph\":[{\"@type\":\"Article\",\"@id\":\"https:\/\/portaltela.pt\/noticias\/2026\/02\/15\/14-mil-clientes-continuam-sem-eletricidade-apos-a-depressao-kristin\/#article\",\"isPartOf\":{\"@id\":\"https:\/\/portaltela.pt\/noticias\/2026\/02\/15\/14-mil-clientes-continuam-sem-eletricidade-apos-a-depressao-kristin\/\"},\"author\":{\"name\":\"Telinha\",\"@id\":\"https:\/\/portaltela.pt\/#\/schema\/person\/c4278d4a6028830caff9ee44b42d32ed\"},\"headline\":\"14 mil clientes continuam sem eletricidade ap\u00f3s a depress\u00e3o Kristin\",\"datePublished\":\"2026-02-15T23:22:00+00:00\",\"mainEntityOfPage\":{\"@id\":\"https:\/\/portaltela.pt\/noticias\/2026\/02\/15\/14-mil-clientes-continuam-sem-eletricidade-apos-a-depressao-kristin\/\"},\"wordCount\":227,\"image\":{\"@id\":\"https:\/\/portaltela.pt\/noticias\/2026\/02\/15\/14-mil-clientes-continuam-sem-eletricidade-apos-a-depressao-kristin\/#primaryimage\"},\"thumbnailUrl\":\"https:\/\/portaltela.pt\/s.01k8rhncp4jt1\/2026\/02\/image-1210.jpg\",\"keywords\":[\"abastecimento de energia\",\"cat\u00e1strofes naturais\",\"Centro\",\"desalojamentos\",\"eletricidade\",\"inunda\u00e7\u00f5es\"],\"articleSection\":[\"Not\u00edcias\"],\"inLanguage\":\"pt-PT\"},{\"@type\":\"WebPage\",\"@id\":\"https:\/\/portaltela.pt\/noticias\/2026\/02\/15\/14-mil-clientes-continuam-sem-eletricidade-apos-a-depressao-kristin\/\",\"url\":\"https:\/\/portaltela.pt\/noticias\/2026\/02\/15\/14-mil-clientes-continuam-sem-eletricidade-apos-a-depressao-kristin\/\",\"name\":\"14 mil clientes continuam sem eletricidade ap\u00f3s a depress\u00e3o Kristin - Portal Tela Portugal\",\"isPartOf\":{\"@id\":\"https:\/\/portaltela.pt\/#website\"},\"primaryImageOfPage\":{\"@id\":\"https:\/\/portaltela.pt\/noticias\/2026\/02\/15\/14-mil-clientes-continuam-sem-eletricidade-apos-a-depressao-kristin\/#primaryimage\"},\"image\":{\"@id\":\"https:\/\/portaltela.pt\/noticias\/2026\/02\/15\/14-mil-clientes-continuam-sem-eletricidade-apos-a-depressao-kristin\/#primaryimage\"},\"thumbnailUrl\":\"https:\/\/portaltela.pt\/s.01k8rhncp4jt1\/2026\/02\/image-1210.jpg\",\"datePublished\":\"2026-02-15T23:22:00+00:00\",\"author\":{\"@id\":\"https:\/\/portaltela.pt\/#\/schema\/person\/c4278d4a6028830caff9ee44b42d32ed\"},\"breadcrumb\":{\"@id\":\"https:\/\/portaltela.pt\/noticias\/2026\/02\/15\/14-mil-clientes-continuam-sem-eletricidade-apos-a-depressao-kristin\/#breadcrumb\"},\"inLanguage\":\"pt-PT\",\"potentialAction\":[{\"@type\":\"ReadAction\",\"target\":[\"https:\/\/portaltela.pt\/noticias\/2026\/02\/15\/14-mil-clientes-continuam-sem-eletricidade-apos-a-depressao-kristin\/\"]}]},{\"@type\":\"ImageObject\",\"inLanguage\":\"pt-PT\",\"@id\":\"https:\/\/portaltela.pt\/noticias\/2026\/02\/15\/14-mil-clientes-continuam-sem-eletricidade-apos-a-depressao-kristin\/#primaryimage\",\"url\":\"https:\/\/portaltela.pt\/s.01k8rhncp4jt1\/2026\/02\/image-1210.jpg\",\"contentUrl\":\"https:\/\/portaltela.pt\/s.01k8rhncp4jt1\/2026\/02\/image-1210.jpg\",\"width\":796,\"height\":448,\"caption\":\"Cortes de energia ainda afetam milhares de clientes ap\u00f3s a passagem da depress\u00e3o Kristin\"},{\"@type\":\"BreadcrumbList\",\"@id\":\"https:\/\/portaltela.pt\/noticias\/2026\/02\/15\/14-mil-clientes-continuam-sem-eletricidade-apos-a-depressao-kristin\/#breadcrumb\",\"itemListElement\":[{\"@type\":\"ListItem\",\"position\":1,\"name\":\"In\u00edcio\",\"item\":\"https:\/\/portaltela.pt\/\"},{\"@type\":\"ListItem\",\"position\":2,\"name\":\"14 mil clientes continuam sem eletricidade ap\u00f3s a depress\u00e3o Kristin\"}]},{\"@type\":\"WebSite\",\"@id\":\"https:\/\/portaltela.pt\/#website\",\"url\":\"https:\/\/portaltela.pt\/\",\"name\":\"Portal Tela Portugal\",\"description\":\"\",\"potentialAction\":[{\"@type\":\"SearchAction\",\"target\":{\"@type\":\"EntryPoint\",\"urlTemplate\":\"https:\/\/portaltela.pt\/?s={search_term_string}\"},\"query-input\":{\"@type\":\"PropertyValueSpecification\",\"valueRequired\":true,\"valueName\":\"search_term_string\"}}],\"inLanguage\":\"pt-PT\"},{\"@type\":\"Person\",\"@id\":\"https:\/\/portaltela.pt\/#\/schema\/person\/c4278d4a6028830caff9ee44b42d32ed\",\"name\":\"Telinha\",\"image\":{\"@type\":\"ImageObject\",\"inLanguage\":\"pt-PT\",\"@id\":\"https:\/\/portaltela.pt\/s.01k8rhncp4jt1\/2025\/11\/talking-bot-125x125.png\",\"url\":\"https:\/\/portaltela.pt\/s.01k8rhncp4jt1\/2025\/11\/talking-bot-125x125.png\",\"contentUrl\":\"https:\/\/portaltela.pt\/s.01k8rhncp4jt1\/2025\/11\/talking-bot-125x125.png\",\"caption\":\"Telinha\"},\"sameAs\":[\"https:\/\/portaltela.pt\/\"],\"url\":\"https:\/\/portaltela.pt\/por\/367410592786\/\"}]}<\/script>\n<!-- \/ Yoast SEO plugin. -->","yoast_head_json":{"title":"14 mil clientes continuam sem eletricidade ap\u00f3s a depress\u00e3o Kristin - Portal Tela Portugal","robots":{"index":"index","follow":"follow","max-snippet":"max-snippet:-1","max-image-preview":"max-image-preview:large","max-video-preview":"max-video-preview:-1"},"og_locale":"pt_PT","og_type":"article","og_title":"14 mil clientes continuam sem eletricidade ap\u00f3s a depress\u00e3o Kristin - Portal Tela Portugal","og_description":"Cerca de 14 mil clientes na zona mais afetada pela depress\u00e3o Kristin ainda est\u00e3o sem eletricidade \u00e0s 17 horas. A E-Redes mant\u00e9m os esfor\u00e7os para restabelecer o fornecimento e alerta para cuidados com infraestruturas danificadas. No in\u00edcio da noite de s\u00e1bado, 26 mil clientes estavam sem abastecimento, cerca de 16 mil deles na regi\u00e3o afetada pelas condi\u00e7\u00f5es atmosf\u00e9ricas. A empresa recomenda manter-se afastado de infraestruturas el\u00e9tricas danificadas e reportar a situa\u00e7\u00e3o atrav\u00e9s do 800 506 506 ou balcaodigital.e-redes.pt. As regi\u00f5es Centro, Lisboa e Vale do Tejo e Alentejo s\u00e3o as mais afetadas pela passagem da depress\u00e3o Kristin, com o pa\u00eds a ter tamb\u00e9m epis\u00f3dios das depress\u00f5es Leonardo e Marta, que causaram mortes, ferimentos e desalojos.","og_url":"https:\/\/portaltela.pt\/noticias\/2026\/02\/15\/14-mil-clientes-continuam-sem-eletricidade-apos-a-depressao-kristin\/","og_site_name":"Portal Tela Portugal","article_published_time":"2026-02-15T23:22:00+00:00","author":"Telinha","twitter_card":"summary_large_image","twitter_misc":{"Escrito por":"Telinha","Tempo estimado de leitura":"1 minuto"},"schema":{"@context":"https:\/\/schema.org","@graph":[{"@type":"Article","@id":"https:\/\/portaltela.pt\/noticias\/2026\/02\/15\/14-mil-clientes-continuam-sem-eletricidade-apos-a-depressao-kristin\/#article","isPartOf":{"@id":"https:\/\/portaltela.pt\/noticias\/2026\/02\/15\/14-mil-clientes-continuam-sem-eletricidade-apos-a-depressao-kristin\/"},"author":{"name":"Telinha","@id":"https:\/\/portaltela.pt\/#\/schema\/person\/c4278d4a6028830caff9ee44b42d32ed"},"headline":"14 mil clientes continuam sem eletricidade ap\u00f3s a depress\u00e3o Kristin","datePublished":"2026-02-15T23:22:00+00:00","mainEntityOfPage":{"@id":"https:\/\/portaltela.pt\/noticias\/2026\/02\/15\/14-mil-clientes-continuam-sem-eletricidade-apos-a-depressao-kristin\/"},"wordCount":227,"image":{"@id":"https:\/\/portaltela.pt\/noticias\/2026\/02\/15\/14-mil-clientes-continuam-sem-eletricidade-apos-a-depressao-kristin\/#primaryimage"},"thumbnailUrl":"https:\/\/portaltela.pt\/s.01k8rhncp4jt1\/2026\/02\/image-1210.jpg","keywords":["abastecimento de energia","cat\u00e1strofes naturais","Centro","desalojamentos","eletricidade","inunda\u00e7\u00f5es"],"articleSection":["Not\u00edcias"],"inLanguage":"pt-PT"},{"@type":"WebPage","@id":"https:\/\/portaltela.pt\/noticias\/2026\/02\/15\/14-mil-clientes-continuam-sem-eletricidade-apos-a-depressao-kristin\/","url":"https:\/\/portaltela.pt\/noticias\/2026\/02\/15\/14-mil-clientes-continuam-sem-eletricidade-apos-a-depressao-kristin\/","name":"14 mil clientes continuam sem eletricidade ap\u00f3s a depress\u00e3o Kristin - Portal Tela Portugal","isPartOf":{"@id":"https:\/\/portaltela.pt\/#website"},"primaryImageOfPage":{"@id":"https:\/\/portaltela.pt\/noticias\/2026\/02\/15\/14-mil-clientes-continuam-sem-eletricidade-apos-a-depressao-kristin\/#primaryimage"},"image":{"@id":"https:\/\/portaltela.pt\/noticias\/2026\/02\/15\/14-mil-clientes-continuam-sem-eletricidade-apos-a-depressao-kristin\/#primaryimage"},"thumbnailUrl":"https:\/\/portaltela.pt\/s.01k8rhncp4jt1\/2026\/02\/image-1210.jpg","datePublished":"2026-02-15T23:22:00+00:00","author":{"@id":"https:\/\/portaltela.pt\/#\/schema\/person\/c4278d4a6028830caff9ee44b42d32ed"},"breadcrumb":{"@id":"https:\/\/portaltela.pt\/noticias\/2026\/02\/15\/14-mil-clientes-continuam-sem-eletricidade-apos-a-depressao-kristin\/#breadcrumb"},"inLanguage":"pt-PT","potentialAction":[{"@type":"ReadAction","target":["https:\/\/portaltela.pt\/noticias\/2026\/02\/15\/14-mil-clientes-continuam-sem-eletricidade-apos-a-depressao-kristin\/"]}]},{"@type":"ImageObject","inLanguage":"pt-PT","@id":"https:\/\/portaltela.pt\/noticias\/2026\/02\/15\/14-mil-clientes-continuam-sem-eletricidade-apos-a-depressao-kristin\/#primaryimage","url":"https:\/\/portaltela.pt\/s.01k8rhncp4jt1\/2026\/02\/image-1210.jpg","contentUrl":"https:\/\/portaltela.pt\/s.01k8rhncp4jt1\/2026\/02\/image-1210.jpg","width":796,"height":448,"caption":"Cortes de energia ainda afetam milhares de clientes ap\u00f3s a passagem da depress\u00e3o Kristin"},{"@type":"BreadcrumbList","@id":"https:\/\/portaltela.pt\/noticias\/2026\/02\/15\/14-mil-clientes-continuam-sem-eletricidade-apos-a-depressao-kristin\/#breadcrumb","itemListElement":[{"@type":"ListItem","position":1,"name":"In\u00edcio","item":"https:\/\/portaltela.pt\/"},{"@type":"ListItem","position":2,"name":"14 mil clientes continuam sem eletricidade ap\u00f3s a depress\u00e3o Kristin"}]},{"@type":"WebSite","@id":"https:\/\/portaltela.pt\/#website","url":"https:\/\/portaltela.pt\/","name":"Portal Tela Portugal","description":"","potentialAction":[{"@type":"SearchAction","target":{"@type":"EntryPoint","urlTemplate":"https:\/\/portaltela.pt\/?s={search_term_string}"},"query-input":{"@type":"PropertyValueSpecification","valueRequired":true,"valueName":"search_term_string"}}],"inLanguage":"pt-PT"},{"@type":"Person","@id":"https:\/\/portaltela.pt\/#\/schema\/person\/c4278d4a6028830caff9ee44b42d32ed","name":"Telinha","image":{"@type":"ImageObject","inLanguage":"pt-PT","@id":"https:\/\/portaltela.pt\/s.01k8rhncp4jt1\/2025\/11\/talking-bot-125x125.png","url":"https:\/\/portaltela.pt\/s.01k8rhncp4jt1\/2025\/11\/talking-bot-125x125.png","contentUrl":"https:\/\/portaltela.pt\/s.01k8rhncp4jt1\/2025\/11\/talking-bot-125x125.png","caption":"Telinha"},"sameAs":["https:\/\/portaltela.pt\/"],"url":"https:\/\/portaltela.pt\/por\/367410592786\/"}]}},"_links":{"self":[{"href":"https:\/\/portaltela.pt\/api\/wp\/v2\/posts\/213869","targetHints":{"allow":["GET"]}}],"collection":[{"href":"https:\/\/portaltela.pt\/api\/wp\/v2\/posts"}],"about":[{"href":"https:\/\/portaltela.pt\/api\/wp\/v2\/types\/post"}],"author":[{"embeddable":true,"href":"https:\/\/portaltela.pt\/api\/wp\/v2\/users\/2"}],"replies":[{"embeddable":true,"href":"https:\/\/portaltela.pt\/api\/wp\/v2\/comments?post=213869"}],"version-history":[{"count":0,"href":"https:\/\/portaltela.pt\/api\/wp\/v2\/posts\/213869\/revisions"}],"wp:featuredmedia":[{"embeddable":true,"href":"https:\/\/portaltela.pt\/api\/wp\/v2\/media\/213870"}],"wp:attachment":[{"href":"https:\/\/portaltela.pt\/api\/wp\/v2\/media?parent=213869"}],"wp:term":[{"taxonomy":"category","embeddable":true,"href":"https:\/\/portaltela.pt\/api\/wp\/v2\/categories?post=213869"},{"taxonomy":"post_tag","embeddable":true,"href":"https:\/\/portaltela.pt\/api\/wp\/v2\/tags?post=213869"}],"curies":[{"name":"wp","href":"https:\/\/api.w.org\/{rel}","templated":true}]}}