{"id":213815,"date":"2026-02-15T19:03:00","date_gmt":"2026-02-15T22:03:00","guid":{"rendered":"https:\/\/portaltela.pt\/noticias\/2026\/02\/15\/alisson-marca-na-estreia-da-serie-a-e-salva-napoli-da-derrota-contra-roma\/"},"modified":"2026-02-15T19:03:00","modified_gmt":"2026-02-15T22:03:00","slug":"alisson-marca-na-estreia-da-serie-a-e-salva-napoli-da-derrota-contra-roma","status":"publish","type":"post","link":"https:\/\/portaltela.pt\/desporto\/futebol\/2026\/02\/15\/alisson-marca-na-estreia-da-serie-a-e-salva-napoli-da-derrota-contra-roma\/","title":{"rendered":"Alisson marca na estreia da S\u00e9rie A e salva Napoli da derrota contra Roma"},"content":{"rendered":"<p>Na estreia na Serie A pela Napoli, Alisson Santos marcou aos 82 minutos para evitar a derrota frente \u00e0 Roma. O extremo entrou aos 70 minutos e encheu de for\u00e7a o remate \u00e0 entrada da \u00e1rea, estabelecendo o 2-2 final.<\/p>\n<p>A equipa napolitana, que vencia por 2-1, viu o brasileiro assumir o papel de fator decisivo no jogo disputado em Napoli. A chegada do jogador oriundo do Sporting foi determinante para buscar o empate.<\/p>\n<p>Alisson somou pontos importantes para a Napoli, que continua na luta pela lideran\u00e7a da Serie A. O clube busca consolidar o ganho de moral com a estreia do novo atacante, j\u00e1 que o encontro encerrou-se sem vencedor.<\/p>\n","protected":false},"excerpt":{"rendered":"<ul>\n<li>Alisson Santos chegou ao N\u00e1poles e entrou aos setenta minutos da estreia na Serie A.<\/li>\n<li>O jogador ex-Sporting entrou em campo a ajudar os azuis a buscar o empate frente \u00e0 Roma.<\/li>\n<li>Aos oitenta e dois minutos, fez um remate potente, na entrada da \u00e1rea, para marcar.<\/li>\n<li>O golo permitiu ao N\u00e1poles obter um ponto ao terminar o jogo empatado com a Roma, 2-2.<\/li>\n<li>O tento foi marcado na estreia do jogador pela equipa italiana.<\/li>\n<\/ul>\n","protected":false},"author":2,"featured_media":213816,"comment_status":"closed","ping_status":"closed","sticky":false,"template":"","format":"standard","meta":{"footnotes":""},"categories":[21,24],"tags":[152,2887,32,242,4815],"class_list":["post-213815","post","type-post","status-publish","format-standard","has-post-thumbnail","hentry","category-desporto","category-futebol","tag-desporto","tag-divisao-de-honra-serie-a","tag-futebol","tag-jogadores","tag-roma"],"yoast_head":"<!-- This site is optimized with the Yoast SEO plugin v27.2 - https:\/\/yoast.com\/product\/yoast-seo-wordpress\/ -->\n<title>Alisson marca na estreia da S\u00e9rie A e salva Napoli da derrota contra Roma - Portal Tela Portugal<\/title>\n<meta name=\"robots\" content=\"index, follow, max-snippet:-1, max-image-preview:large, max-video-preview:-1\" \/>\n<meta property=\"og:locale\" content=\"pt_PT\" \/>\n<meta property=\"og:type\" content=\"article\" \/>\n<meta property=\"og:title\" content=\"Alisson marca na estreia da S\u00e9rie A e salva Napoli da derrota contra Roma - Portal Tela Portugal\" \/>\n<meta property=\"og:description\" content=\"Alisson Santos chegou ao N\u00e1poles e entrou aos setenta minutos da estreia na Serie A. O jogador ex-Sporting entrou em campo a ajudar os azuis a buscar o empate frente \u00e0 Roma. Aos oitenta e dois minutos, fez um remate potente, na entrada da \u00e1rea, para marcar. O golo permitiu ao N\u00e1poles obter um ponto ao terminar o jogo empatado com a Roma, 2-2. O tento foi marcado na estreia do jogador pela equipa italiana.\" \/>\n<meta property=\"og:url\" content=\"https:\/\/portaltela.pt\/noticias\/2026\/02\/15\/alisson-marca-na-estreia-da-serie-a-e-salva-napoli-da-derrota-contra-roma\/\" \/>\n<meta property=\"og:site_name\" content=\"Portal Tela Portugal\" \/>\n<meta property=\"article:published_time\" content=\"2026-02-15T22:03:00+00:00\" \/>\n<meta name=\"author\" content=\"Telinha\" \/>\n<meta name=\"twitter:card\" content=\"summary_large_image\" \/>\n<meta name=\"twitter:label1\" content=\"Escrito por\" \/>\n\t<meta name=\"twitter:data1\" content=\"Telinha\" \/>\n\t<meta name=\"twitter:label2\" content=\"Tempo estimado de leitura\" \/>\n\t<meta name=\"twitter:data2\" content=\"1 minuto\" \/>\n<script type=\"application\/ld+json\" class=\"yoast-schema-graph\">{\"@context\":\"https:\/\/schema.org\",\"@graph\":[{\"@type\":\"Article\",\"@id\":\"https:\/\/portaltela.pt\/noticias\/2026\/02\/15\/alisson-marca-na-estreia-da-serie-a-e-salva-napoli-da-derrota-contra-roma\/#article\",\"isPartOf\":{\"@id\":\"https:\/\/portaltela.pt\/noticias\/2026\/02\/15\/alisson-marca-na-estreia-da-serie-a-e-salva-napoli-da-derrota-contra-roma\/\"},\"author\":{\"name\":\"Telinha\",\"@id\":\"https:\/\/portaltela.pt\/#\/schema\/person\/c4278d4a6028830caff9ee44b42d32ed\"},\"headline\":\"Alisson marca na estreia da S\u00e9rie A e salva Napoli da derrota contra Roma\",\"datePublished\":\"2026-02-15T22:03:00+00:00\",\"mainEntityOfPage\":{\"@id\":\"https:\/\/portaltela.pt\/noticias\/2026\/02\/15\/alisson-marca-na-estreia-da-serie-a-e-salva-napoli-da-derrota-contra-roma\/\"},\"wordCount\":124,\"image\":{\"@id\":\"https:\/\/portaltela.pt\/noticias\/2026\/02\/15\/alisson-marca-na-estreia-da-serie-a-e-salva-napoli-da-derrota-contra-roma\/#primaryimage\"},\"thumbnailUrl\":\"https:\/\/portaltela.pt\/s.01k8rhncp4jt1\/2026\/02\/img_1200x721uu2026-02-15-21-52-55-2421870.jpg\",\"keywords\":[\"desporto\",\"Divis\u00e3o de Honra \u2013 S\u00e9rie A\",\"futebol\",\"jogadores\",\"Roma\"],\"articleSection\":[\"Desporto\",\"Futebol\"],\"inLanguage\":\"pt-PT\"},{\"@type\":\"WebPage\",\"@id\":\"https:\/\/portaltela.pt\/noticias\/2026\/02\/15\/alisson-marca-na-estreia-da-serie-a-e-salva-napoli-da-derrota-contra-roma\/\",\"url\":\"https:\/\/portaltela.pt\/noticias\/2026\/02\/15\/alisson-marca-na-estreia-da-serie-a-e-salva-napoli-da-derrota-contra-roma\/\",\"name\":\"Alisson marca na estreia da S\u00e9rie A e salva Napoli da derrota contra Roma - Portal Tela Portugal\",\"isPartOf\":{\"@id\":\"https:\/\/portaltela.pt\/#website\"},\"primaryImageOfPage\":{\"@id\":\"https:\/\/portaltela.pt\/noticias\/2026\/02\/15\/alisson-marca-na-estreia-da-serie-a-e-salva-napoli-da-derrota-contra-roma\/#primaryimage\"},\"image\":{\"@id\":\"https:\/\/portaltela.pt\/noticias\/2026\/02\/15\/alisson-marca-na-estreia-da-serie-a-e-salva-napoli-da-derrota-contra-roma\/#primaryimage\"},\"thumbnailUrl\":\"https:\/\/portaltela.pt\/s.01k8rhncp4jt1\/2026\/02\/img_1200x721uu2026-02-15-21-52-55-2421870.jpg\",\"datePublished\":\"2026-02-15T22:03:00+00:00\",\"author\":{\"@id\":\"https:\/\/portaltela.pt\/#\/schema\/person\/c4278d4a6028830caff9ee44b42d32ed\"},\"breadcrumb\":{\"@id\":\"https:\/\/portaltela.pt\/noticias\/2026\/02\/15\/alisson-marca-na-estreia-da-serie-a-e-salva-napoli-da-derrota-contra-roma\/#breadcrumb\"},\"inLanguage\":\"pt-PT\",\"potentialAction\":[{\"@type\":\"ReadAction\",\"target\":[\"https:\/\/portaltela.pt\/noticias\/2026\/02\/15\/alisson-marca-na-estreia-da-serie-a-e-salva-napoli-da-derrota-contra-roma\/\"]}]},{\"@type\":\"ImageObject\",\"inLanguage\":\"pt-PT\",\"@id\":\"https:\/\/portaltela.pt\/noticias\/2026\/02\/15\/alisson-marca-na-estreia-da-serie-a-e-salva-napoli-da-derrota-contra-roma\/#primaryimage\",\"url\":\"https:\/\/portaltela.pt\/s.01k8rhncp4jt1\/2026\/02\/img_1200x721uu2026-02-15-21-52-55-2421870.jpg\",\"contentUrl\":\"https:\/\/portaltela.pt\/s.01k8rhncp4jt1\/2026\/02\/img_1200x721uu2026-02-15-21-52-55-2421870.jpg\",\"width\":1200,\"height\":721,\"caption\":\"Photo\"},{\"@type\":\"BreadcrumbList\",\"@id\":\"https:\/\/portaltela.pt\/noticias\/2026\/02\/15\/alisson-marca-na-estreia-da-serie-a-e-salva-napoli-da-derrota-contra-roma\/#breadcrumb\",\"itemListElement\":[{\"@type\":\"ListItem\",\"position\":1,\"name\":\"In\u00edcio\",\"item\":\"https:\/\/portaltela.pt\/\"},{\"@type\":\"ListItem\",\"position\":2,\"name\":\"Alisson marca na estreia da S\u00e9rie A e salva Napoli da derrota contra Roma\"}]},{\"@type\":\"WebSite\",\"@id\":\"https:\/\/portaltela.pt\/#website\",\"url\":\"https:\/\/portaltela.pt\/\",\"name\":\"Portal Tela Portugal\",\"description\":\"\",\"potentialAction\":[{\"@type\":\"SearchAction\",\"target\":{\"@type\":\"EntryPoint\",\"urlTemplate\":\"https:\/\/portaltela.pt\/?s={search_term_string}\"},\"query-input\":{\"@type\":\"PropertyValueSpecification\",\"valueRequired\":true,\"valueName\":\"search_term_string\"}}],\"inLanguage\":\"pt-PT\"},{\"@type\":\"Person\",\"@id\":\"https:\/\/portaltela.pt\/#\/schema\/person\/c4278d4a6028830caff9ee44b42d32ed\",\"name\":\"Telinha\",\"image\":{\"@type\":\"ImageObject\",\"inLanguage\":\"pt-PT\",\"@id\":\"https:\/\/portaltela.pt\/s.01k8rhncp4jt1\/2025\/11\/talking-bot-125x125.png\",\"url\":\"https:\/\/portaltela.pt\/s.01k8rhncp4jt1\/2025\/11\/talking-bot-125x125.png\",\"contentUrl\":\"https:\/\/portaltela.pt\/s.01k8rhncp4jt1\/2025\/11\/talking-bot-125x125.png\",\"caption\":\"Telinha\"},\"sameAs\":[\"https:\/\/portaltela.pt\/\"],\"url\":\"https:\/\/portaltela.pt\/por\/367410592786\/\"}]}<\/script>\n<!-- \/ Yoast SEO plugin. -->","yoast_head_json":{"title":"Alisson marca na estreia da S\u00e9rie A e salva Napoli da derrota contra Roma - Portal Tela Portugal","robots":{"index":"index","follow":"follow","max-snippet":"max-snippet:-1","max-image-preview":"max-image-preview:large","max-video-preview":"max-video-preview:-1"},"og_locale":"pt_PT","og_type":"article","og_title":"Alisson marca na estreia da S\u00e9rie A e salva Napoli da derrota contra Roma - Portal Tela Portugal","og_description":"Alisson Santos chegou ao N\u00e1poles e entrou aos setenta minutos da estreia na Serie A. O jogador ex-Sporting entrou em campo a ajudar os azuis a buscar o empate frente \u00e0 Roma. Aos oitenta e dois minutos, fez um remate potente, na entrada da \u00e1rea, para marcar. O golo permitiu ao N\u00e1poles obter um ponto ao terminar o jogo empatado com a Roma, 2-2. O tento foi marcado na estreia do jogador pela equipa italiana.","og_url":"https:\/\/portaltela.pt\/noticias\/2026\/02\/15\/alisson-marca-na-estreia-da-serie-a-e-salva-napoli-da-derrota-contra-roma\/","og_site_name":"Portal Tela Portugal","article_published_time":"2026-02-15T22:03:00+00:00","author":"Telinha","twitter_card":"summary_large_image","twitter_misc":{"Escrito por":"Telinha","Tempo estimado de leitura":"1 minuto"},"schema":{"@context":"https:\/\/schema.org","@graph":[{"@type":"Article","@id":"https:\/\/portaltela.pt\/noticias\/2026\/02\/15\/alisson-marca-na-estreia-da-serie-a-e-salva-napoli-da-derrota-contra-roma\/#article","isPartOf":{"@id":"https:\/\/portaltela.pt\/noticias\/2026\/02\/15\/alisson-marca-na-estreia-da-serie-a-e-salva-napoli-da-derrota-contra-roma\/"},"author":{"name":"Telinha","@id":"https:\/\/portaltela.pt\/#\/schema\/person\/c4278d4a6028830caff9ee44b42d32ed"},"headline":"Alisson marca na estreia da S\u00e9rie A e salva Napoli da derrota contra Roma","datePublished":"2026-02-15T22:03:00+00:00","mainEntityOfPage":{"@id":"https:\/\/portaltela.pt\/noticias\/2026\/02\/15\/alisson-marca-na-estreia-da-serie-a-e-salva-napoli-da-derrota-contra-roma\/"},"wordCount":124,"image":{"@id":"https:\/\/portaltela.pt\/noticias\/2026\/02\/15\/alisson-marca-na-estreia-da-serie-a-e-salva-napoli-da-derrota-contra-roma\/#primaryimage"},"thumbnailUrl":"https:\/\/portaltela.pt\/s.01k8rhncp4jt1\/2026\/02\/img_1200x721uu2026-02-15-21-52-55-2421870.jpg","keywords":["desporto","Divis\u00e3o de Honra \u2013 S\u00e9rie A","futebol","jogadores","Roma"],"articleSection":["Desporto","Futebol"],"inLanguage":"pt-PT"},{"@type":"WebPage","@id":"https:\/\/portaltela.pt\/noticias\/2026\/02\/15\/alisson-marca-na-estreia-da-serie-a-e-salva-napoli-da-derrota-contra-roma\/","url":"https:\/\/portaltela.pt\/noticias\/2026\/02\/15\/alisson-marca-na-estreia-da-serie-a-e-salva-napoli-da-derrota-contra-roma\/","name":"Alisson marca na estreia da S\u00e9rie A e salva Napoli da derrota contra Roma - Portal Tela Portugal","isPartOf":{"@id":"https:\/\/portaltela.pt\/#website"},"primaryImageOfPage":{"@id":"https:\/\/portaltela.pt\/noticias\/2026\/02\/15\/alisson-marca-na-estreia-da-serie-a-e-salva-napoli-da-derrota-contra-roma\/#primaryimage"},"image":{"@id":"https:\/\/portaltela.pt\/noticias\/2026\/02\/15\/alisson-marca-na-estreia-da-serie-a-e-salva-napoli-da-derrota-contra-roma\/#primaryimage"},"thumbnailUrl":"https:\/\/portaltela.pt\/s.01k8rhncp4jt1\/2026\/02\/img_1200x721uu2026-02-15-21-52-55-2421870.jpg","datePublished":"2026-02-15T22:03:00+00:00","author":{"@id":"https:\/\/portaltela.pt\/#\/schema\/person\/c4278d4a6028830caff9ee44b42d32ed"},"breadcrumb":{"@id":"https:\/\/portaltela.pt\/noticias\/2026\/02\/15\/alisson-marca-na-estreia-da-serie-a-e-salva-napoli-da-derrota-contra-roma\/#breadcrumb"},"inLanguage":"pt-PT","potentialAction":[{"@type":"ReadAction","target":["https:\/\/portaltela.pt\/noticias\/2026\/02\/15\/alisson-marca-na-estreia-da-serie-a-e-salva-napoli-da-derrota-contra-roma\/"]}]},{"@type":"ImageObject","inLanguage":"pt-PT","@id":"https:\/\/portaltela.pt\/noticias\/2026\/02\/15\/alisson-marca-na-estreia-da-serie-a-e-salva-napoli-da-derrota-contra-roma\/#primaryimage","url":"https:\/\/portaltela.pt\/s.01k8rhncp4jt1\/2026\/02\/img_1200x721uu2026-02-15-21-52-55-2421870.jpg","contentUrl":"https:\/\/portaltela.pt\/s.01k8rhncp4jt1\/2026\/02\/img_1200x721uu2026-02-15-21-52-55-2421870.jpg","width":1200,"height":721,"caption":"Photo"},{"@type":"BreadcrumbList","@id":"https:\/\/portaltela.pt\/noticias\/2026\/02\/15\/alisson-marca-na-estreia-da-serie-a-e-salva-napoli-da-derrota-contra-roma\/#breadcrumb","itemListElement":[{"@type":"ListItem","position":1,"name":"In\u00edcio","item":"https:\/\/portaltela.pt\/"},{"@type":"ListItem","position":2,"name":"Alisson marca na estreia da S\u00e9rie A e salva Napoli da derrota contra Roma"}]},{"@type":"WebSite","@id":"https:\/\/portaltela.pt\/#website","url":"https:\/\/portaltela.pt\/","name":"Portal Tela Portugal","description":"","potentialAction":[{"@type":"SearchAction","target":{"@type":"EntryPoint","urlTemplate":"https:\/\/portaltela.pt\/?s={search_term_string}"},"query-input":{"@type":"PropertyValueSpecification","valueRequired":true,"valueName":"search_term_string"}}],"inLanguage":"pt-PT"},{"@type":"Person","@id":"https:\/\/portaltela.pt\/#\/schema\/person\/c4278d4a6028830caff9ee44b42d32ed","name":"Telinha","image":{"@type":"ImageObject","inLanguage":"pt-PT","@id":"https:\/\/portaltela.pt\/s.01k8rhncp4jt1\/2025\/11\/talking-bot-125x125.png","url":"https:\/\/portaltela.pt\/s.01k8rhncp4jt1\/2025\/11\/talking-bot-125x125.png","contentUrl":"https:\/\/portaltela.pt\/s.01k8rhncp4jt1\/2025\/11\/talking-bot-125x125.png","caption":"Telinha"},"sameAs":["https:\/\/portaltela.pt\/"],"url":"https:\/\/portaltela.pt\/por\/367410592786\/"}]}},"_links":{"self":[{"href":"https:\/\/portaltela.pt\/api\/wp\/v2\/posts\/213815","targetHints":{"allow":["GET"]}}],"collection":[{"href":"https:\/\/portaltela.pt\/api\/wp\/v2\/posts"}],"about":[{"href":"https:\/\/portaltela.pt\/api\/wp\/v2\/types\/post"}],"author":[{"embeddable":true,"href":"https:\/\/portaltela.pt\/api\/wp\/v2\/users\/2"}],"replies":[{"embeddable":true,"href":"https:\/\/portaltela.pt\/api\/wp\/v2\/comments?post=213815"}],"version-history":[{"count":0,"href":"https:\/\/portaltela.pt\/api\/wp\/v2\/posts\/213815\/revisions"}],"wp:featuredmedia":[{"embeddable":true,"href":"https:\/\/portaltela.pt\/api\/wp\/v2\/media\/213816"}],"wp:attachment":[{"href":"https:\/\/portaltela.pt\/api\/wp\/v2\/media?parent=213815"}],"wp:term":[{"taxonomy":"category","embeddable":true,"href":"https:\/\/portaltela.pt\/api\/wp\/v2\/categories?post=213815"},{"taxonomy":"post_tag","embeddable":true,"href":"https:\/\/portaltela.pt\/api\/wp\/v2\/tags?post=213815"}],"curies":[{"name":"wp","href":"https:\/\/api.w.org\/{rel}","templated":true}]}}