{"id":213809,"date":"2026-02-15T19:08:00","date_gmt":"2026-02-15T22:08:00","guid":{"rendered":"https:\/\/portaltela.pt\/noticias\/2026\/02\/15\/mais-seis-entidades-aderem-ao-projeto-igreja-segura-do-grupo-vita\/"},"modified":"2026-02-15T19:08:00","modified_gmt":"2026-02-15T22:08:00","slug":"mais-seis-entidades-aderem-ao-projeto-igreja-segura-do-grupo-vita","status":"publish","type":"post","link":"https:\/\/portaltela.pt\/noticias\/2026\/02\/15\/mais-seis-entidades-aderem-ao-projeto-igreja-segura-do-grupo-vita\/","title":{"rendered":"Mais seis entidades aderem ao projeto Igreja + Segura do Grupo Vita"},"content":{"rendered":"<p>A Rede Igreja +Segura soma novas ades\u00f5es. Seis entidades aderiram hoje \u00e0 Carta de Compromisso da iniciativa promovida pelo Grupo Vita da Confer\u00eancia Episcopal Portuguesa (CEP). Entre elas est\u00e3o a Funda\u00e7\u00e3o Santa Rafaela Maria, a Par\u00f3quia de Santa Isabel, a Catequese do Patriarcado de Lisboa e o Departamento Nacional da Pastoral Juvenil.<\/p>\n<p>A not\u00edcia foi divulgada pela CEP, que criou o Grupo Vita em maio de 2023 para acompanhar casos de abuso na Igreja Cat\u00f3lica em Portugal. O objetivo \u00e9 prevenir abusos, apoiar v\u00edtimas e acompanhar aggress\u00f5es, com a\u00e7\u00f5es de sensibiliza\u00e7\u00e3o e capacita\u00e7\u00e3o.<\/p>\n<p>Novas ades\u00f5es fortalecem a rede. A assinatura inclui tamb\u00e9m o compromisso de ouvir v\u00edtimas e melhorar ambientes para crian\u00e7as, jovens e pessoas vulner\u00e1veis. J\u00e1 tinham aderido, anteriormente, os Secretariados de Educa\u00e7\u00e3o Moral e Religiosa das dioceses do Porto e Bragan\u00e7a-Miranda, al\u00e9m de nove institui\u00e7\u00f5es de ensino e sa\u00fade das Franciscanas Mission\u00e1rias de Nossa Senhora.<\/p>\n<h3>Protocolo e fases<\/h3>\n<p>A segunda fase do projeto prev\u00ea a atribui\u00e7\u00e3o do Selo Protetor Igreja +Segura \u00e0s entidades certificadas. O selo ser\u00e1 emitido ap\u00f3s auditoria independente que confirme o cumprimento dos compromissos assumidos. Este passo refor\u00e7a a credibilidade da iniciativa.<\/p>\n","protected":false},"excerpt":{"rendered":"<ul>\n<li>Seis entidades aderiram hoje \u00e0 Carta de Compromisso da Rede Igreja + Segura, anunciada pela Confer\u00eancia Episcopal Portuguesa (CEP) para refor\u00e7ar a preven\u00e7\u00e3o e a prote\u00e7\u00e3o de crian\u00e7as, jovens e adultos vulner\u00e1veis.<\/li>\n<li>As novas signat\u00e1rias s\u00e3o a Funda\u00e7\u00e3o Santa Rafaela Maria, a Par\u00f3quia de Santa Isabel, a Catequese do Patriarcado de Lisboa e o Departamento Nacional da Pastoral Juvenil, entre outras j\u00e1 envolvidas.<\/li>\n<li>O comunicado, assinado pela coordenadora do grupo Vita, Rute Agulhas, destaca que o gesto representa um passo na consolida\u00e7\u00e3o da Rede Igreja + Segura.<\/li>\n<li>O Vita foi criado em maio de dois mil e vinte e tr\u00eas para acompanhar abusos na Igreja Cat\u00f3lica em Portugal e tem feito trabalho de preven\u00e7\u00e3o, apoio a v\u00edtimas e acompanhamento de agressores.<\/li>\n<li>A segunda fase do projeto prev\u00ea o Selo Protetor Igreja + Segura, atribu\u00eddo pelo Vita ap\u00f3s auditoria independente, atestando o cumprimento dos compromissos pelas entidades.<\/li>\n<\/ul>\n","protected":false},"author":2,"featured_media":213814,"comment_status":"closed","ping_status":"closed","sticky":false,"template":"","format":"standard","meta":{"footnotes":""},"categories":[1],"tags":[5971,5866,5952,102,2181,104],"class_list":["post-213809","post","type-post","status-publish","format-standard","has-post-thumbnail","hentry","category-noticias","tag-a-educacao-moral-e-religiosa","tag-abusos","tag-caritas-diocesana","tag-igreja","tag-protecao-de-menores","tag-religiao"],"yoast_head":"<!-- This site is optimized with the Yoast SEO plugin v27.2 - https:\/\/yoast.com\/product\/yoast-seo-wordpress\/ -->\n<title>Mais seis entidades aderem ao projeto Igreja + Segura do Grupo Vita - Portal Tela Portugal<\/title>\n<meta name=\"robots\" content=\"index, follow, max-snippet:-1, max-image-preview:large, max-video-preview:-1\" \/>\n<meta property=\"og:locale\" content=\"pt_PT\" \/>\n<meta property=\"og:type\" content=\"article\" \/>\n<meta property=\"og:title\" content=\"Mais seis entidades aderem ao projeto Igreja + Segura do Grupo Vita - Portal Tela Portugal\" \/>\n<meta property=\"og:description\" content=\"Seis entidades aderiram hoje \u00e0 Carta de Compromisso da Rede Igreja + Segura, anunciada pela Confer\u00eancia Episcopal Portuguesa (CEP) para refor\u00e7ar a preven\u00e7\u00e3o e a prote\u00e7\u00e3o de crian\u00e7as, jovens e adultos vulner\u00e1veis. As novas signat\u00e1rias s\u00e3o a Funda\u00e7\u00e3o Santa Rafaela Maria, a Par\u00f3quia de Santa Isabel, a Catequese do Patriarcado de Lisboa e o Departamento Nacional da Pastoral Juvenil, entre outras j\u00e1 envolvidas. O comunicado, assinado pela coordenadora do grupo Vita, Rute Agulhas, destaca que o gesto representa um passo na consolida\u00e7\u00e3o da Rede Igreja + Segura. O Vita foi criado em maio de dois mil e vinte e tr\u00eas para acompanhar abusos na Igreja Cat\u00f3lica em Portugal e tem feito trabalho de preven\u00e7\u00e3o, apoio a v\u00edtimas e acompanhamento de agressores. A segunda fase do projeto prev\u00ea o Selo Protetor Igreja + Segura, atribu\u00eddo pelo Vita ap\u00f3s auditoria independente, atestando o cumprimento dos compromissos pelas entidades.\" \/>\n<meta property=\"og:url\" content=\"https:\/\/portaltela.pt\/noticias\/2026\/02\/15\/mais-seis-entidades-aderem-ao-projeto-igreja-segura-do-grupo-vita\/\" \/>\n<meta property=\"og:site_name\" content=\"Portal Tela Portugal\" \/>\n<meta property=\"article:published_time\" content=\"2026-02-15T22:08:00+00:00\" \/>\n<meta name=\"author\" content=\"Telinha\" \/>\n<meta name=\"twitter:card\" content=\"summary_large_image\" \/>\n<meta name=\"twitter:label1\" content=\"Escrito por\" \/>\n\t<meta name=\"twitter:data1\" content=\"Telinha\" \/>\n\t<meta name=\"twitter:label2\" content=\"Tempo estimado de leitura\" \/>\n\t<meta name=\"twitter:data2\" content=\"1 minuto\" \/>\n<script type=\"application\/ld+json\" class=\"yoast-schema-graph\">{\"@context\":\"https:\/\/schema.org\",\"@graph\":[{\"@type\":\"Article\",\"@id\":\"https:\/\/portaltela.pt\/noticias\/2026\/02\/15\/mais-seis-entidades-aderem-ao-projeto-igreja-segura-do-grupo-vita\/#article\",\"isPartOf\":{\"@id\":\"https:\/\/portaltela.pt\/noticias\/2026\/02\/15\/mais-seis-entidades-aderem-ao-projeto-igreja-segura-do-grupo-vita\/\"},\"author\":{\"name\":\"Telinha\",\"@id\":\"https:\/\/portaltela.pt\/#\/schema\/person\/c4278d4a6028830caff9ee44b42d32ed\"},\"headline\":\"Mais seis entidades aderem ao projeto Igreja + Segura do Grupo Vita\",\"datePublished\":\"2026-02-15T22:08:00+00:00\",\"mainEntityOfPage\":{\"@id\":\"https:\/\/portaltela.pt\/noticias\/2026\/02\/15\/mais-seis-entidades-aderem-ao-projeto-igreja-segura-do-grupo-vita\/\"},\"wordCount\":221,\"image\":{\"@id\":\"https:\/\/portaltela.pt\/noticias\/2026\/02\/15\/mais-seis-entidades-aderem-ao-projeto-igreja-segura-do-grupo-vita\/#primaryimage\"},\"thumbnailUrl\":\"https:\/\/portaltela.pt\/s.01k8rhncp4jt1\/2026\/02\/image-1204.jpg\",\"keywords\":[\"A Educa\u00e7\u00e3o Moral e Religiosa\",\"abusos\",\"C\u00e1ritas Diocesana\",\"igreja\",\"prote\u00e7\u00e3o de menores\",\"religi\u00e3o\"],\"articleSection\":[\"Not\u00edcias\"],\"inLanguage\":\"pt-PT\"},{\"@type\":\"WebPage\",\"@id\":\"https:\/\/portaltela.pt\/noticias\/2026\/02\/15\/mais-seis-entidades-aderem-ao-projeto-igreja-segura-do-grupo-vita\/\",\"url\":\"https:\/\/portaltela.pt\/noticias\/2026\/02\/15\/mais-seis-entidades-aderem-ao-projeto-igreja-segura-do-grupo-vita\/\",\"name\":\"Mais seis entidades aderem ao projeto Igreja + Segura do Grupo Vita - Portal Tela Portugal\",\"isPartOf\":{\"@id\":\"https:\/\/portaltela.pt\/#website\"},\"primaryImageOfPage\":{\"@id\":\"https:\/\/portaltela.pt\/noticias\/2026\/02\/15\/mais-seis-entidades-aderem-ao-projeto-igreja-segura-do-grupo-vita\/#primaryimage\"},\"image\":{\"@id\":\"https:\/\/portaltela.pt\/noticias\/2026\/02\/15\/mais-seis-entidades-aderem-ao-projeto-igreja-segura-do-grupo-vita\/#primaryimage\"},\"thumbnailUrl\":\"https:\/\/portaltela.pt\/s.01k8rhncp4jt1\/2026\/02\/image-1204.jpg\",\"datePublished\":\"2026-02-15T22:08:00+00:00\",\"author\":{\"@id\":\"https:\/\/portaltela.pt\/#\/schema\/person\/c4278d4a6028830caff9ee44b42d32ed\"},\"breadcrumb\":{\"@id\":\"https:\/\/portaltela.pt\/noticias\/2026\/02\/15\/mais-seis-entidades-aderem-ao-projeto-igreja-segura-do-grupo-vita\/#breadcrumb\"},\"inLanguage\":\"pt-PT\",\"potentialAction\":[{\"@type\":\"ReadAction\",\"target\":[\"https:\/\/portaltela.pt\/noticias\/2026\/02\/15\/mais-seis-entidades-aderem-ao-projeto-igreja-segura-do-grupo-vita\/\"]}]},{\"@type\":\"ImageObject\",\"inLanguage\":\"pt-PT\",\"@id\":\"https:\/\/portaltela.pt\/noticias\/2026\/02\/15\/mais-seis-entidades-aderem-ao-projeto-igreja-segura-do-grupo-vita\/#primaryimage\",\"url\":\"https:\/\/portaltela.pt\/s.01k8rhncp4jt1\/2026\/02\/image-1204.jpg\",\"contentUrl\":\"https:\/\/portaltela.pt\/s.01k8rhncp4jt1\/2026\/02\/image-1204.jpg\",\"width\":796,\"height\":448,\"caption\":\"Rute Agulhas, coordenadora do Grupo Vita\"},{\"@type\":\"BreadcrumbList\",\"@id\":\"https:\/\/portaltela.pt\/noticias\/2026\/02\/15\/mais-seis-entidades-aderem-ao-projeto-igreja-segura-do-grupo-vita\/#breadcrumb\",\"itemListElement\":[{\"@type\":\"ListItem\",\"position\":1,\"name\":\"In\u00edcio\",\"item\":\"https:\/\/portaltela.pt\/\"},{\"@type\":\"ListItem\",\"position\":2,\"name\":\"Mais seis entidades aderem ao projeto Igreja + Segura do Grupo Vita\"}]},{\"@type\":\"WebSite\",\"@id\":\"https:\/\/portaltela.pt\/#website\",\"url\":\"https:\/\/portaltela.pt\/\",\"name\":\"Portal Tela Portugal\",\"description\":\"\",\"potentialAction\":[{\"@type\":\"SearchAction\",\"target\":{\"@type\":\"EntryPoint\",\"urlTemplate\":\"https:\/\/portaltela.pt\/?s={search_term_string}\"},\"query-input\":{\"@type\":\"PropertyValueSpecification\",\"valueRequired\":true,\"valueName\":\"search_term_string\"}}],\"inLanguage\":\"pt-PT\"},{\"@type\":\"Person\",\"@id\":\"https:\/\/portaltela.pt\/#\/schema\/person\/c4278d4a6028830caff9ee44b42d32ed\",\"name\":\"Telinha\",\"image\":{\"@type\":\"ImageObject\",\"inLanguage\":\"pt-PT\",\"@id\":\"https:\/\/portaltela.pt\/s.01k8rhncp4jt1\/2025\/11\/talking-bot-125x125.png\",\"url\":\"https:\/\/portaltela.pt\/s.01k8rhncp4jt1\/2025\/11\/talking-bot-125x125.png\",\"contentUrl\":\"https:\/\/portaltela.pt\/s.01k8rhncp4jt1\/2025\/11\/talking-bot-125x125.png\",\"caption\":\"Telinha\"},\"sameAs\":[\"https:\/\/portaltela.pt\/\"],\"url\":\"https:\/\/portaltela.pt\/por\/367410592786\/\"}]}<\/script>\n<!-- \/ Yoast SEO plugin. -->","yoast_head_json":{"title":"Mais seis entidades aderem ao projeto Igreja + Segura do Grupo Vita - Portal Tela Portugal","robots":{"index":"index","follow":"follow","max-snippet":"max-snippet:-1","max-image-preview":"max-image-preview:large","max-video-preview":"max-video-preview:-1"},"og_locale":"pt_PT","og_type":"article","og_title":"Mais seis entidades aderem ao projeto Igreja + Segura do Grupo Vita - Portal Tela Portugal","og_description":"Seis entidades aderiram hoje \u00e0 Carta de Compromisso da Rede Igreja + Segura, anunciada pela Confer\u00eancia Episcopal Portuguesa (CEP) para refor\u00e7ar a preven\u00e7\u00e3o e a prote\u00e7\u00e3o de crian\u00e7as, jovens e adultos vulner\u00e1veis. As novas signat\u00e1rias s\u00e3o a Funda\u00e7\u00e3o Santa Rafaela Maria, a Par\u00f3quia de Santa Isabel, a Catequese do Patriarcado de Lisboa e o Departamento Nacional da Pastoral Juvenil, entre outras j\u00e1 envolvidas. O comunicado, assinado pela coordenadora do grupo Vita, Rute Agulhas, destaca que o gesto representa um passo na consolida\u00e7\u00e3o da Rede Igreja + Segura. O Vita foi criado em maio de dois mil e vinte e tr\u00eas para acompanhar abusos na Igreja Cat\u00f3lica em Portugal e tem feito trabalho de preven\u00e7\u00e3o, apoio a v\u00edtimas e acompanhamento de agressores. A segunda fase do projeto prev\u00ea o Selo Protetor Igreja + Segura, atribu\u00eddo pelo Vita ap\u00f3s auditoria independente, atestando o cumprimento dos compromissos pelas entidades.","og_url":"https:\/\/portaltela.pt\/noticias\/2026\/02\/15\/mais-seis-entidades-aderem-ao-projeto-igreja-segura-do-grupo-vita\/","og_site_name":"Portal Tela Portugal","article_published_time":"2026-02-15T22:08:00+00:00","author":"Telinha","twitter_card":"summary_large_image","twitter_misc":{"Escrito por":"Telinha","Tempo estimado de leitura":"1 minuto"},"schema":{"@context":"https:\/\/schema.org","@graph":[{"@type":"Article","@id":"https:\/\/portaltela.pt\/noticias\/2026\/02\/15\/mais-seis-entidades-aderem-ao-projeto-igreja-segura-do-grupo-vita\/#article","isPartOf":{"@id":"https:\/\/portaltela.pt\/noticias\/2026\/02\/15\/mais-seis-entidades-aderem-ao-projeto-igreja-segura-do-grupo-vita\/"},"author":{"name":"Telinha","@id":"https:\/\/portaltela.pt\/#\/schema\/person\/c4278d4a6028830caff9ee44b42d32ed"},"headline":"Mais seis entidades aderem ao projeto Igreja + Segura do Grupo Vita","datePublished":"2026-02-15T22:08:00+00:00","mainEntityOfPage":{"@id":"https:\/\/portaltela.pt\/noticias\/2026\/02\/15\/mais-seis-entidades-aderem-ao-projeto-igreja-segura-do-grupo-vita\/"},"wordCount":221,"image":{"@id":"https:\/\/portaltela.pt\/noticias\/2026\/02\/15\/mais-seis-entidades-aderem-ao-projeto-igreja-segura-do-grupo-vita\/#primaryimage"},"thumbnailUrl":"https:\/\/portaltela.pt\/s.01k8rhncp4jt1\/2026\/02\/image-1204.jpg","keywords":["A Educa\u00e7\u00e3o Moral e Religiosa","abusos","C\u00e1ritas Diocesana","igreja","prote\u00e7\u00e3o de menores","religi\u00e3o"],"articleSection":["Not\u00edcias"],"inLanguage":"pt-PT"},{"@type":"WebPage","@id":"https:\/\/portaltela.pt\/noticias\/2026\/02\/15\/mais-seis-entidades-aderem-ao-projeto-igreja-segura-do-grupo-vita\/","url":"https:\/\/portaltela.pt\/noticias\/2026\/02\/15\/mais-seis-entidades-aderem-ao-projeto-igreja-segura-do-grupo-vita\/","name":"Mais seis entidades aderem ao projeto Igreja + Segura do Grupo Vita - Portal Tela Portugal","isPartOf":{"@id":"https:\/\/portaltela.pt\/#website"},"primaryImageOfPage":{"@id":"https:\/\/portaltela.pt\/noticias\/2026\/02\/15\/mais-seis-entidades-aderem-ao-projeto-igreja-segura-do-grupo-vita\/#primaryimage"},"image":{"@id":"https:\/\/portaltela.pt\/noticias\/2026\/02\/15\/mais-seis-entidades-aderem-ao-projeto-igreja-segura-do-grupo-vita\/#primaryimage"},"thumbnailUrl":"https:\/\/portaltela.pt\/s.01k8rhncp4jt1\/2026\/02\/image-1204.jpg","datePublished":"2026-02-15T22:08:00+00:00","author":{"@id":"https:\/\/portaltela.pt\/#\/schema\/person\/c4278d4a6028830caff9ee44b42d32ed"},"breadcrumb":{"@id":"https:\/\/portaltela.pt\/noticias\/2026\/02\/15\/mais-seis-entidades-aderem-ao-projeto-igreja-segura-do-grupo-vita\/#breadcrumb"},"inLanguage":"pt-PT","potentialAction":[{"@type":"ReadAction","target":["https:\/\/portaltela.pt\/noticias\/2026\/02\/15\/mais-seis-entidades-aderem-ao-projeto-igreja-segura-do-grupo-vita\/"]}]},{"@type":"ImageObject","inLanguage":"pt-PT","@id":"https:\/\/portaltela.pt\/noticias\/2026\/02\/15\/mais-seis-entidades-aderem-ao-projeto-igreja-segura-do-grupo-vita\/#primaryimage","url":"https:\/\/portaltela.pt\/s.01k8rhncp4jt1\/2026\/02\/image-1204.jpg","contentUrl":"https:\/\/portaltela.pt\/s.01k8rhncp4jt1\/2026\/02\/image-1204.jpg","width":796,"height":448,"caption":"Rute Agulhas, coordenadora do Grupo Vita"},{"@type":"BreadcrumbList","@id":"https:\/\/portaltela.pt\/noticias\/2026\/02\/15\/mais-seis-entidades-aderem-ao-projeto-igreja-segura-do-grupo-vita\/#breadcrumb","itemListElement":[{"@type":"ListItem","position":1,"name":"In\u00edcio","item":"https:\/\/portaltela.pt\/"},{"@type":"ListItem","position":2,"name":"Mais seis entidades aderem ao projeto Igreja + Segura do Grupo Vita"}]},{"@type":"WebSite","@id":"https:\/\/portaltela.pt\/#website","url":"https:\/\/portaltela.pt\/","name":"Portal Tela Portugal","description":"","potentialAction":[{"@type":"SearchAction","target":{"@type":"EntryPoint","urlTemplate":"https:\/\/portaltela.pt\/?s={search_term_string}"},"query-input":{"@type":"PropertyValueSpecification","valueRequired":true,"valueName":"search_term_string"}}],"inLanguage":"pt-PT"},{"@type":"Person","@id":"https:\/\/portaltela.pt\/#\/schema\/person\/c4278d4a6028830caff9ee44b42d32ed","name":"Telinha","image":{"@type":"ImageObject","inLanguage":"pt-PT","@id":"https:\/\/portaltela.pt\/s.01k8rhncp4jt1\/2025\/11\/talking-bot-125x125.png","url":"https:\/\/portaltela.pt\/s.01k8rhncp4jt1\/2025\/11\/talking-bot-125x125.png","contentUrl":"https:\/\/portaltela.pt\/s.01k8rhncp4jt1\/2025\/11\/talking-bot-125x125.png","caption":"Telinha"},"sameAs":["https:\/\/portaltela.pt\/"],"url":"https:\/\/portaltela.pt\/por\/367410592786\/"}]}},"_links":{"self":[{"href":"https:\/\/portaltela.pt\/api\/wp\/v2\/posts\/213809","targetHints":{"allow":["GET"]}}],"collection":[{"href":"https:\/\/portaltela.pt\/api\/wp\/v2\/posts"}],"about":[{"href":"https:\/\/portaltela.pt\/api\/wp\/v2\/types\/post"}],"author":[{"embeddable":true,"href":"https:\/\/portaltela.pt\/api\/wp\/v2\/users\/2"}],"replies":[{"embeddable":true,"href":"https:\/\/portaltela.pt\/api\/wp\/v2\/comments?post=213809"}],"version-history":[{"count":0,"href":"https:\/\/portaltela.pt\/api\/wp\/v2\/posts\/213809\/revisions"}],"wp:featuredmedia":[{"embeddable":true,"href":"https:\/\/portaltela.pt\/api\/wp\/v2\/media\/213814"}],"wp:attachment":[{"href":"https:\/\/portaltela.pt\/api\/wp\/v2\/media?parent=213809"}],"wp:term":[{"taxonomy":"category","embeddable":true,"href":"https:\/\/portaltela.pt\/api\/wp\/v2\/categories?post=213809"},{"taxonomy":"post_tag","embeddable":true,"href":"https:\/\/portaltela.pt\/api\/wp\/v2\/tags?post=213809"}],"curies":[{"name":"wp","href":"https:\/\/api.w.org\/{rel}","templated":true}]}}