{"id":213805,"date":"2026-02-15T18:49:00","date_gmt":"2026-02-15T21:49:00","guid":{"rendered":"https:\/\/portaltela.pt\/noticias\/2026\/02\/15\/abstencao-de-50-na-segunda-volta-das-eleicoes-presidenciais\/"},"modified":"2026-02-15T18:49:00","modified_gmt":"2026-02-15T21:49:00","slug":"abstencao-de-50-na-segunda-volta-das-eleicoes-presidenciais","status":"publish","type":"post","link":"https:\/\/portaltela.pt\/noticias\/politica\/2026\/02\/15\/abstencao-de-50-na-segunda-volta-das-eleicoes-presidenciais\/","title":{"rendered":"Absten\u00e7\u00e3o de 50% na segunda volta das elei\u00e7\u00f5es presidenciais"},"content":{"rendered":"<p>A segunda volta das presidenciais ditou a vit\u00f3ria de Ant\u00f3nio Jos\u00e9 Seguro, registando uma absten\u00e7\u00e3o de 50% entre os eleitores. O escrut\u00ednio decorreu maioritariamente no domingo passado e envolveu 11.039.672 cidad\u00e3os inscritos, com 5.519.808 votos v\u00e1lidos.<\/p>\n<p>De acordo com a SGMAI, a compara\u00e7\u00e3o com a primeira volta indica um aumento da absten\u00e7\u00e3o face a esse lugar, quando 52,26% dos inscritos votaram. Em 2021, a absten\u00e7\u00e3o atingiu 60,76%, o valor mais alto de sempre na nossa hist\u00f3ria eleitoral recente.<\/p>\n<p>A segunda ronda realizou-se em 20 freguesias e sec\u00e7\u00f5es de voto com vota\u00e7\u00e3o adiada para uma semana devido \u00e0s tempestades, abrangendo cerca de 36 mil inscritos. Seguro venceu com mais de 3,5 milh\u00f5es de votos, representando 66,83% dos sufr\u00e1gios.<\/p>\n<p>Andr\u00e9 Ventura, advers\u00e1rio na segunda volta, obteve cerca de 1,7 milh\u00f5es de votos, equivalentes a 33,17%. Registaram-se ainda 175 mil votos brancos (3,18%) e 98 mil nulos (1,79%). A primeira volta ocorreu a 18 de janeiro, com Seguro na frente.<\/p>\n<p>Marcelo Rebelo de Sousa encerra o seu mandato a 9 de mar\u00e7o, data em que Ant\u00f3nio Jos\u00e9 Seguro tomar\u00e1 posse perante a Assembleia da Rep\u00fablica.<\/p>\n","protected":false},"excerpt":{"rendered":"<ul>\n<li>Absten\u00e7\u00e3o de 50% na segunda volta, com 11.039.672 eleitores inscritos e 5.519.808 votos.<\/li>\n<li>A segunda volta ocorreu este domingo, em 20 freguesias e sec\u00e7\u00f5es de voto onde a vota\u00e7\u00e3o foi atrasada por tempestades.<\/li>\n<li>Ant\u00f3nio Jos\u00e9 Seguro obteve mais de 3,5 milh\u00f5es de votos, correspondendo a 66,83% dos votos; Andr\u00e9 Ventura ficou com 1,7 milh\u00f5es, ou 33,17%.<\/li>\n<li>Houve 175 mil votos brancos (3,18%) e 98 mil votos nulos (1,79%).<\/li>\n<li>Na primeira volta, realizada a 18 de janeiro, havia onze candidatos e a participa\u00e7\u00e3o foi de 52,26%.<\/li>\n<\/ul>\n","protected":false},"author":2,"featured_media":213806,"comment_status":"closed","ping_status":"closed","sticky":false,"template":"","format":"standard","meta":{"footnotes":""},"categories":[1,5],"tags":[3412,2795,68,2832,1014,30],"class_list":["post-213805","post","type-post","status-publish","format-standard","has-post-thumbnail","hentry","category-noticias","category-politica","tag-abstencao","tag-democracia","tag-eleicoes","tag-politica","tag-portugal","tag-presidente"],"yoast_head":"<!-- This site is optimized with the Yoast SEO plugin v27.2 - https:\/\/yoast.com\/product\/yoast-seo-wordpress\/ -->\n<title>Absten\u00e7\u00e3o de 50% na segunda volta das elei\u00e7\u00f5es presidenciais - Portal Tela Portugal<\/title>\n<meta name=\"robots\" content=\"index, follow, max-snippet:-1, max-image-preview:large, max-video-preview:-1\" \/>\n<meta property=\"og:locale\" content=\"pt_PT\" \/>\n<meta property=\"og:type\" content=\"article\" \/>\n<meta property=\"og:title\" content=\"Absten\u00e7\u00e3o de 50% na segunda volta das elei\u00e7\u00f5es presidenciais - Portal Tela Portugal\" \/>\n<meta property=\"og:description\" content=\"Absten\u00e7\u00e3o de 50% na segunda volta, com 11.039.672 eleitores inscritos e 5.519.808 votos. A segunda volta ocorreu este domingo, em 20 freguesias e sec\u00e7\u00f5es de voto onde a vota\u00e7\u00e3o foi atrasada por tempestades. Ant\u00f3nio Jos\u00e9 Seguro obteve mais de 3,5 milh\u00f5es de votos, correspondendo a 66,83% dos votos; Andr\u00e9 Ventura ficou com 1,7 milh\u00f5es, ou 33,17%. Houve 175 mil votos brancos (3,18%) e 98 mil votos nulos (1,79%). Na primeira volta, realizada a 18 de janeiro, havia onze candidatos e a participa\u00e7\u00e3o foi de 52,26%.\" \/>\n<meta property=\"og:url\" content=\"https:\/\/portaltela.pt\/noticias\/2026\/02\/15\/abstencao-de-50-na-segunda-volta-das-eleicoes-presidenciais\/\" \/>\n<meta property=\"og:site_name\" content=\"Portal Tela Portugal\" \/>\n<meta property=\"article:published_time\" content=\"2026-02-15T21:49:00+00:00\" \/>\n<meta name=\"author\" content=\"Telinha\" \/>\n<meta name=\"twitter:card\" content=\"summary_large_image\" \/>\n<meta name=\"twitter:label1\" content=\"Escrito por\" \/>\n\t<meta name=\"twitter:data1\" content=\"Telinha\" \/>\n\t<meta name=\"twitter:label2\" content=\"Tempo estimado de leitura\" \/>\n\t<meta name=\"twitter:data2\" content=\"1 minuto\" \/>\n<script type=\"application\/ld+json\" class=\"yoast-schema-graph\">{\"@context\":\"https:\/\/schema.org\",\"@graph\":[{\"@type\":\"Article\",\"@id\":\"https:\/\/portaltela.pt\/noticias\/2026\/02\/15\/abstencao-de-50-na-segunda-volta-das-eleicoes-presidenciais\/#article\",\"isPartOf\":{\"@id\":\"https:\/\/portaltela.pt\/noticias\/2026\/02\/15\/abstencao-de-50-na-segunda-volta-das-eleicoes-presidenciais\/\"},\"author\":{\"name\":\"Telinha\",\"@id\":\"https:\/\/portaltela.pt\/#\/schema\/person\/c4278d4a6028830caff9ee44b42d32ed\"},\"headline\":\"Absten\u00e7\u00e3o de 50% na segunda volta das elei\u00e7\u00f5es presidenciais\",\"datePublished\":\"2026-02-15T21:49:00+00:00\",\"mainEntityOfPage\":{\"@id\":\"https:\/\/portaltela.pt\/noticias\/2026\/02\/15\/abstencao-de-50-na-segunda-volta-das-eleicoes-presidenciais\/\"},\"wordCount\":193,\"image\":{\"@id\":\"https:\/\/portaltela.pt\/noticias\/2026\/02\/15\/abstencao-de-50-na-segunda-volta-das-eleicoes-presidenciais\/#primaryimage\"},\"thumbnailUrl\":\"https:\/\/portaltela.pt\/s.01k8rhncp4jt1\/2026\/02\/img_1500x1000uu2019-09-26-22-59-54-888652-1.jpg\",\"keywords\":[\"absten\u00e7\u00e3o\",\"democracia\",\"elei\u00e7\u00f5es\",\"pol\u00edtica\",\"Portugal\",\"presidente\"],\"articleSection\":[\"Not\u00edcias\",\"Pol\u00edtica\"],\"inLanguage\":\"pt-PT\"},{\"@type\":\"WebPage\",\"@id\":\"https:\/\/portaltela.pt\/noticias\/2026\/02\/15\/abstencao-de-50-na-segunda-volta-das-eleicoes-presidenciais\/\",\"url\":\"https:\/\/portaltela.pt\/noticias\/2026\/02\/15\/abstencao-de-50-na-segunda-volta-das-eleicoes-presidenciais\/\",\"name\":\"Absten\u00e7\u00e3o de 50% na segunda volta das elei\u00e7\u00f5es presidenciais - Portal Tela Portugal\",\"isPartOf\":{\"@id\":\"https:\/\/portaltela.pt\/#website\"},\"primaryImageOfPage\":{\"@id\":\"https:\/\/portaltela.pt\/noticias\/2026\/02\/15\/abstencao-de-50-na-segunda-volta-das-eleicoes-presidenciais\/#primaryimage\"},\"image\":{\"@id\":\"https:\/\/portaltela.pt\/noticias\/2026\/02\/15\/abstencao-de-50-na-segunda-volta-das-eleicoes-presidenciais\/#primaryimage\"},\"thumbnailUrl\":\"https:\/\/portaltela.pt\/s.01k8rhncp4jt1\/2026\/02\/img_1500x1000uu2019-09-26-22-59-54-888652-1.jpg\",\"datePublished\":\"2026-02-15T21:49:00+00:00\",\"author\":{\"@id\":\"https:\/\/portaltela.pt\/#\/schema\/person\/c4278d4a6028830caff9ee44b42d32ed\"},\"breadcrumb\":{\"@id\":\"https:\/\/portaltela.pt\/noticias\/2026\/02\/15\/abstencao-de-50-na-segunda-volta-das-eleicoes-presidenciais\/#breadcrumb\"},\"inLanguage\":\"pt-PT\",\"potentialAction\":[{\"@type\":\"ReadAction\",\"target\":[\"https:\/\/portaltela.pt\/noticias\/2026\/02\/15\/abstencao-de-50-na-segunda-volta-das-eleicoes-presidenciais\/\"]}]},{\"@type\":\"ImageObject\",\"inLanguage\":\"pt-PT\",\"@id\":\"https:\/\/portaltela.pt\/noticias\/2026\/02\/15\/abstencao-de-50-na-segunda-volta-das-eleicoes-presidenciais\/#primaryimage\",\"url\":\"https:\/\/portaltela.pt\/s.01k8rhncp4jt1\/2026\/02\/img_1500x1000uu2019-09-26-22-59-54-888652-1.jpg\",\"contentUrl\":\"https:\/\/portaltela.pt\/s.01k8rhncp4jt1\/2026\/02\/img_1500x1000uu2019-09-26-22-59-54-888652-1.jpg\",\"width\":796,\"height\":448,\"caption\":\"Elei\u00e7\u00f5es\"},{\"@type\":\"BreadcrumbList\",\"@id\":\"https:\/\/portaltela.pt\/noticias\/2026\/02\/15\/abstencao-de-50-na-segunda-volta-das-eleicoes-presidenciais\/#breadcrumb\",\"itemListElement\":[{\"@type\":\"ListItem\",\"position\":1,\"name\":\"In\u00edcio\",\"item\":\"https:\/\/portaltela.pt\/\"},{\"@type\":\"ListItem\",\"position\":2,\"name\":\"Absten\u00e7\u00e3o de 50% na segunda volta das elei\u00e7\u00f5es presidenciais\"}]},{\"@type\":\"WebSite\",\"@id\":\"https:\/\/portaltela.pt\/#website\",\"url\":\"https:\/\/portaltela.pt\/\",\"name\":\"Portal Tela Portugal\",\"description\":\"\",\"potentialAction\":[{\"@type\":\"SearchAction\",\"target\":{\"@type\":\"EntryPoint\",\"urlTemplate\":\"https:\/\/portaltela.pt\/?s={search_term_string}\"},\"query-input\":{\"@type\":\"PropertyValueSpecification\",\"valueRequired\":true,\"valueName\":\"search_term_string\"}}],\"inLanguage\":\"pt-PT\"},{\"@type\":\"Person\",\"@id\":\"https:\/\/portaltela.pt\/#\/schema\/person\/c4278d4a6028830caff9ee44b42d32ed\",\"name\":\"Telinha\",\"image\":{\"@type\":\"ImageObject\",\"inLanguage\":\"pt-PT\",\"@id\":\"https:\/\/portaltela.pt\/s.01k8rhncp4jt1\/2025\/11\/talking-bot-125x125.png\",\"url\":\"https:\/\/portaltela.pt\/s.01k8rhncp4jt1\/2025\/11\/talking-bot-125x125.png\",\"contentUrl\":\"https:\/\/portaltela.pt\/s.01k8rhncp4jt1\/2025\/11\/talking-bot-125x125.png\",\"caption\":\"Telinha\"},\"sameAs\":[\"https:\/\/portaltela.pt\/\"],\"url\":\"https:\/\/portaltela.pt\/por\/367410592786\/\"}]}<\/script>\n<!-- \/ Yoast SEO plugin. -->","yoast_head_json":{"title":"Absten\u00e7\u00e3o de 50% na segunda volta das elei\u00e7\u00f5es presidenciais - Portal Tela Portugal","robots":{"index":"index","follow":"follow","max-snippet":"max-snippet:-1","max-image-preview":"max-image-preview:large","max-video-preview":"max-video-preview:-1"},"og_locale":"pt_PT","og_type":"article","og_title":"Absten\u00e7\u00e3o de 50% na segunda volta das elei\u00e7\u00f5es presidenciais - Portal Tela Portugal","og_description":"Absten\u00e7\u00e3o de 50% na segunda volta, com 11.039.672 eleitores inscritos e 5.519.808 votos. A segunda volta ocorreu este domingo, em 20 freguesias e sec\u00e7\u00f5es de voto onde a vota\u00e7\u00e3o foi atrasada por tempestades. Ant\u00f3nio Jos\u00e9 Seguro obteve mais de 3,5 milh\u00f5es de votos, correspondendo a 66,83% dos votos; Andr\u00e9 Ventura ficou com 1,7 milh\u00f5es, ou 33,17%. Houve 175 mil votos brancos (3,18%) e 98 mil votos nulos (1,79%). Na primeira volta, realizada a 18 de janeiro, havia onze candidatos e a participa\u00e7\u00e3o foi de 52,26%.","og_url":"https:\/\/portaltela.pt\/noticias\/2026\/02\/15\/abstencao-de-50-na-segunda-volta-das-eleicoes-presidenciais\/","og_site_name":"Portal Tela Portugal","article_published_time":"2026-02-15T21:49:00+00:00","author":"Telinha","twitter_card":"summary_large_image","twitter_misc":{"Escrito por":"Telinha","Tempo estimado de leitura":"1 minuto"},"schema":{"@context":"https:\/\/schema.org","@graph":[{"@type":"Article","@id":"https:\/\/portaltela.pt\/noticias\/2026\/02\/15\/abstencao-de-50-na-segunda-volta-das-eleicoes-presidenciais\/#article","isPartOf":{"@id":"https:\/\/portaltela.pt\/noticias\/2026\/02\/15\/abstencao-de-50-na-segunda-volta-das-eleicoes-presidenciais\/"},"author":{"name":"Telinha","@id":"https:\/\/portaltela.pt\/#\/schema\/person\/c4278d4a6028830caff9ee44b42d32ed"},"headline":"Absten\u00e7\u00e3o de 50% na segunda volta das elei\u00e7\u00f5es presidenciais","datePublished":"2026-02-15T21:49:00+00:00","mainEntityOfPage":{"@id":"https:\/\/portaltela.pt\/noticias\/2026\/02\/15\/abstencao-de-50-na-segunda-volta-das-eleicoes-presidenciais\/"},"wordCount":193,"image":{"@id":"https:\/\/portaltela.pt\/noticias\/2026\/02\/15\/abstencao-de-50-na-segunda-volta-das-eleicoes-presidenciais\/#primaryimage"},"thumbnailUrl":"https:\/\/portaltela.pt\/s.01k8rhncp4jt1\/2026\/02\/img_1500x1000uu2019-09-26-22-59-54-888652-1.jpg","keywords":["absten\u00e7\u00e3o","democracia","elei\u00e7\u00f5es","pol\u00edtica","Portugal","presidente"],"articleSection":["Not\u00edcias","Pol\u00edtica"],"inLanguage":"pt-PT"},{"@type":"WebPage","@id":"https:\/\/portaltela.pt\/noticias\/2026\/02\/15\/abstencao-de-50-na-segunda-volta-das-eleicoes-presidenciais\/","url":"https:\/\/portaltela.pt\/noticias\/2026\/02\/15\/abstencao-de-50-na-segunda-volta-das-eleicoes-presidenciais\/","name":"Absten\u00e7\u00e3o de 50% na segunda volta das elei\u00e7\u00f5es presidenciais - Portal Tela Portugal","isPartOf":{"@id":"https:\/\/portaltela.pt\/#website"},"primaryImageOfPage":{"@id":"https:\/\/portaltela.pt\/noticias\/2026\/02\/15\/abstencao-de-50-na-segunda-volta-das-eleicoes-presidenciais\/#primaryimage"},"image":{"@id":"https:\/\/portaltela.pt\/noticias\/2026\/02\/15\/abstencao-de-50-na-segunda-volta-das-eleicoes-presidenciais\/#primaryimage"},"thumbnailUrl":"https:\/\/portaltela.pt\/s.01k8rhncp4jt1\/2026\/02\/img_1500x1000uu2019-09-26-22-59-54-888652-1.jpg","datePublished":"2026-02-15T21:49:00+00:00","author":{"@id":"https:\/\/portaltela.pt\/#\/schema\/person\/c4278d4a6028830caff9ee44b42d32ed"},"breadcrumb":{"@id":"https:\/\/portaltela.pt\/noticias\/2026\/02\/15\/abstencao-de-50-na-segunda-volta-das-eleicoes-presidenciais\/#breadcrumb"},"inLanguage":"pt-PT","potentialAction":[{"@type":"ReadAction","target":["https:\/\/portaltela.pt\/noticias\/2026\/02\/15\/abstencao-de-50-na-segunda-volta-das-eleicoes-presidenciais\/"]}]},{"@type":"ImageObject","inLanguage":"pt-PT","@id":"https:\/\/portaltela.pt\/noticias\/2026\/02\/15\/abstencao-de-50-na-segunda-volta-das-eleicoes-presidenciais\/#primaryimage","url":"https:\/\/portaltela.pt\/s.01k8rhncp4jt1\/2026\/02\/img_1500x1000uu2019-09-26-22-59-54-888652-1.jpg","contentUrl":"https:\/\/portaltela.pt\/s.01k8rhncp4jt1\/2026\/02\/img_1500x1000uu2019-09-26-22-59-54-888652-1.jpg","width":796,"height":448,"caption":"Elei\u00e7\u00f5es"},{"@type":"BreadcrumbList","@id":"https:\/\/portaltela.pt\/noticias\/2026\/02\/15\/abstencao-de-50-na-segunda-volta-das-eleicoes-presidenciais\/#breadcrumb","itemListElement":[{"@type":"ListItem","position":1,"name":"In\u00edcio","item":"https:\/\/portaltela.pt\/"},{"@type":"ListItem","position":2,"name":"Absten\u00e7\u00e3o de 50% na segunda volta das elei\u00e7\u00f5es presidenciais"}]},{"@type":"WebSite","@id":"https:\/\/portaltela.pt\/#website","url":"https:\/\/portaltela.pt\/","name":"Portal Tela Portugal","description":"","potentialAction":[{"@type":"SearchAction","target":{"@type":"EntryPoint","urlTemplate":"https:\/\/portaltela.pt\/?s={search_term_string}"},"query-input":{"@type":"PropertyValueSpecification","valueRequired":true,"valueName":"search_term_string"}}],"inLanguage":"pt-PT"},{"@type":"Person","@id":"https:\/\/portaltela.pt\/#\/schema\/person\/c4278d4a6028830caff9ee44b42d32ed","name":"Telinha","image":{"@type":"ImageObject","inLanguage":"pt-PT","@id":"https:\/\/portaltela.pt\/s.01k8rhncp4jt1\/2025\/11\/talking-bot-125x125.png","url":"https:\/\/portaltela.pt\/s.01k8rhncp4jt1\/2025\/11\/talking-bot-125x125.png","contentUrl":"https:\/\/portaltela.pt\/s.01k8rhncp4jt1\/2025\/11\/talking-bot-125x125.png","caption":"Telinha"},"sameAs":["https:\/\/portaltela.pt\/"],"url":"https:\/\/portaltela.pt\/por\/367410592786\/"}]}},"_links":{"self":[{"href":"https:\/\/portaltela.pt\/api\/wp\/v2\/posts\/213805","targetHints":{"allow":["GET"]}}],"collection":[{"href":"https:\/\/portaltela.pt\/api\/wp\/v2\/posts"}],"about":[{"href":"https:\/\/portaltela.pt\/api\/wp\/v2\/types\/post"}],"author":[{"embeddable":true,"href":"https:\/\/portaltela.pt\/api\/wp\/v2\/users\/2"}],"replies":[{"embeddable":true,"href":"https:\/\/portaltela.pt\/api\/wp\/v2\/comments?post=213805"}],"version-history":[{"count":0,"href":"https:\/\/portaltela.pt\/api\/wp\/v2\/posts\/213805\/revisions"}],"wp:featuredmedia":[{"embeddable":true,"href":"https:\/\/portaltela.pt\/api\/wp\/v2\/media\/213806"}],"wp:attachment":[{"href":"https:\/\/portaltela.pt\/api\/wp\/v2\/media?parent=213805"}],"wp:term":[{"taxonomy":"category","embeddable":true,"href":"https:\/\/portaltela.pt\/api\/wp\/v2\/categories?post=213805"},{"taxonomy":"post_tag","embeddable":true,"href":"https:\/\/portaltela.pt\/api\/wp\/v2\/tags?post=213805"}],"curies":[{"name":"wp","href":"https:\/\/api.w.org\/{rel}","templated":true}]}}