{"id":213798,"date":"2026-02-15T18:53:00","date_gmt":"2026-02-15T21:53:00","guid":{"rendered":"https:\/\/portaltela.pt\/noticias\/2026\/02\/15\/homem-negocia-com-a-eternidade\/"},"modified":"2026-02-15T18:53:00","modified_gmt":"2026-02-15T21:53:00","slug":"homem-negocia-com-a-eternidade","status":"publish","type":"post","link":"https:\/\/portaltela.pt\/noticias\/2026\/02\/15\/homem-negocia-com-a-eternidade\/","title":{"rendered":"Homem negocia com a eternidade"},"content":{"rendered":"<p>O Museu Soares dos Reis, no Porto, re\u00fane as obras Descida da Cruz e Adora\u00e7\u00e3o dos Magos numa nova exposi\u00e7\u00e3o intitulada Sequeira: os estudos finais. A mostra destaca a liga\u00e7\u00e3o entre as pe\u00e7as e o estudo do processo criativo de Domingos Sequeira.<\/p>\n<p>A exposi\u00e7\u00e3o foca a fase final da vida de Sequeira, durante os anos em Roma (1827-1833). O artista, conhecido pela carreira turbulenta, passou a fixar a luz divina no papel com carv\u00e3o e giz, antes de encerrar o ciclo criativo.<\/p>\n<p>Sequeira: os estudos finais oferece uma leitura da produ\u00e7\u00e3o de Sequeira nesse per\u00edodo de transi\u00e7\u00e3o, marcada pela intensidade do estudo preparat\u00f3rio e pela vis\u00e3o dram\u00e1tica das composi\u00e7\u00f5es religiosas.<\/p>\n<h3>O que revela a exposi\u00e7\u00e3o<\/h3>\n<p>Ela evidencia a rela\u00e7\u00e3o entre as obras e o m\u00e9todo de trabalho do pintor, destacando a t\u00e9cnica em carv\u00e3o e giz. A curadoria analisa o papel do artista como testemunha de uma \u00e9poca de cria\u00e7\u00e3o contida e meticulosa.<\/p>\n<p>Resultado: a mostra permite compreender o modo como Sequeira articulou luz, sombra e compasso narrativo nas pe\u00e7as finais. O conjunto oferece uma vis\u00e3o hist\u00f3rica sobre o fim de uma trajet\u00f3ria art\u00edstica.<\/p>\n","protected":false},"excerpt":{"rendered":"<ul>\n<li>O Museu Soares dos Reis, no Porto, apresenta a exposi\u00e7\u00e3o &#8220;Sequeira: os estudos finais&#8221;, reunindo as obras Descida da Cruz e Adora\u00e7\u00e3o dos Magos.<\/li>\n<li>A mostra foca o est\u00e1gio final da produ\u00e7\u00e3o de Domingos Sequeira, criado durante o per\u00edodo em Roma entre 1827 e 1833.<\/li>\n<li>O objetivo \u00e9 mostrar o processo criativo do artista na fase mais direta, quando a luz divina \u00e9 fixada no papel com carv\u00e3o e giz.<\/li>\n<li>A exposi\u00e7\u00e3o destaca a rela\u00e7\u00e3o entre a turbulenta carreira de Sequeira e a sua busca por eternizar a luz nas obras.<\/li>\n<\/ul>\n","protected":false},"author":2,"featured_media":213799,"comment_status":"closed","ping_status":"closed","sticky":false,"template":"","format":"standard","meta":{"footnotes":""},"categories":[1],"tags":[70,2954,1192,248,982],"class_list":["post-213798","post","type-post","status-publish","format-standard","has-post-thumbnail","hentry","category-noticias","tag-arte","tag-museus-e-monumentos-de-portugal","tag-museus-arquivos","tag-pintura","tag-porto"],"yoast_head":"<!-- This site is optimized with the Yoast SEO plugin v27.2 - https:\/\/yoast.com\/product\/yoast-seo-wordpress\/ -->\n<title>Homem negocia com a eternidade - Portal Tela Portugal<\/title>\n<meta name=\"robots\" content=\"index, follow, max-snippet:-1, max-image-preview:large, max-video-preview:-1\" \/>\n<meta property=\"og:locale\" content=\"pt_PT\" \/>\n<meta property=\"og:type\" content=\"article\" \/>\n<meta property=\"og:title\" content=\"Homem negocia com a eternidade - Portal Tela Portugal\" \/>\n<meta property=\"og:description\" content=\"O Museu Soares dos Reis, no Porto, apresenta a exposi\u00e7\u00e3o &quot;Sequeira: os estudos finais&quot;, reunindo as obras Descida da Cruz e Adora\u00e7\u00e3o dos Magos. A mostra foca o est\u00e1gio final da produ\u00e7\u00e3o de Domingos Sequeira, criado durante o per\u00edodo em Roma entre 1827 e 1833. O objetivo \u00e9 mostrar o processo criativo do artista na fase mais direta, quando a luz divina \u00e9 fixada no papel com carv\u00e3o e giz. A exposi\u00e7\u00e3o destaca a rela\u00e7\u00e3o entre a turbulenta carreira de Sequeira e a sua busca por eternizar a luz nas obras.\" \/>\n<meta property=\"og:url\" content=\"https:\/\/portaltela.pt\/noticias\/2026\/02\/15\/homem-negocia-com-a-eternidade\/\" \/>\n<meta property=\"og:site_name\" content=\"Portal Tela Portugal\" \/>\n<meta property=\"article:published_time\" content=\"2026-02-15T21:53:00+00:00\" \/>\n<meta name=\"author\" content=\"Telinha\" \/>\n<meta name=\"twitter:card\" content=\"summary_large_image\" \/>\n<meta name=\"twitter:label1\" content=\"Escrito por\" \/>\n\t<meta name=\"twitter:data1\" content=\"Telinha\" \/>\n\t<meta name=\"twitter:label2\" content=\"Tempo estimado de leitura\" \/>\n\t<meta name=\"twitter:data2\" content=\"1 minuto\" \/>\n<script type=\"application\/ld+json\" class=\"yoast-schema-graph\">{\"@context\":\"https:\/\/schema.org\",\"@graph\":[{\"@type\":\"Article\",\"@id\":\"https:\/\/portaltela.pt\/noticias\/2026\/02\/15\/homem-negocia-com-a-eternidade\/#article\",\"isPartOf\":{\"@id\":\"https:\/\/portaltela.pt\/noticias\/2026\/02\/15\/homem-negocia-com-a-eternidade\/\"},\"author\":{\"name\":\"Telinha\",\"@id\":\"https:\/\/portaltela.pt\/#\/schema\/person\/c4278d4a6028830caff9ee44b42d32ed\"},\"headline\":\"Homem negocia com a eternidade\",\"datePublished\":\"2026-02-15T21:53:00+00:00\",\"mainEntityOfPage\":{\"@id\":\"https:\/\/portaltela.pt\/noticias\/2026\/02\/15\/homem-negocia-com-a-eternidade\/\"},\"wordCount\":214,\"image\":{\"@id\":\"https:\/\/portaltela.pt\/noticias\/2026\/02\/15\/homem-negocia-com-a-eternidade\/#primaryimage\"},\"thumbnailUrl\":\"https:\/\/portaltela.pt\/s.01k8rhncp4jt1\/2026\/02\/image-1202.jpg\",\"keywords\":[\"arte\",\"Museus e Monumentos de Portugal\",\"museus\/arquivos\",\"pintura\",\"Porto\"],\"articleSection\":[\"Not\u00edcias\"],\"inLanguage\":\"pt-PT\"},{\"@type\":\"WebPage\",\"@id\":\"https:\/\/portaltela.pt\/noticias\/2026\/02\/15\/homem-negocia-com-a-eternidade\/\",\"url\":\"https:\/\/portaltela.pt\/noticias\/2026\/02\/15\/homem-negocia-com-a-eternidade\/\",\"name\":\"Homem negocia com a eternidade - Portal Tela Portugal\",\"isPartOf\":{\"@id\":\"https:\/\/portaltela.pt\/#website\"},\"primaryImageOfPage\":{\"@id\":\"https:\/\/portaltela.pt\/noticias\/2026\/02\/15\/homem-negocia-com-a-eternidade\/#primaryimage\"},\"image\":{\"@id\":\"https:\/\/portaltela.pt\/noticias\/2026\/02\/15\/homem-negocia-com-a-eternidade\/#primaryimage\"},\"thumbnailUrl\":\"https:\/\/portaltela.pt\/s.01k8rhncp4jt1\/2026\/02\/image-1202.jpg\",\"datePublished\":\"2026-02-15T21:53:00+00:00\",\"author\":{\"@id\":\"https:\/\/portaltela.pt\/#\/schema\/person\/c4278d4a6028830caff9ee44b42d32ed\"},\"breadcrumb\":{\"@id\":\"https:\/\/portaltela.pt\/noticias\/2026\/02\/15\/homem-negocia-com-a-eternidade\/#breadcrumb\"},\"inLanguage\":\"pt-PT\",\"potentialAction\":[{\"@type\":\"ReadAction\",\"target\":[\"https:\/\/portaltela.pt\/noticias\/2026\/02\/15\/homem-negocia-com-a-eternidade\/\"]}]},{\"@type\":\"ImageObject\",\"inLanguage\":\"pt-PT\",\"@id\":\"https:\/\/portaltela.pt\/noticias\/2026\/02\/15\/homem-negocia-com-a-eternidade\/#primaryimage\",\"url\":\"https:\/\/portaltela.pt\/s.01k8rhncp4jt1\/2026\/02\/image-1202.jpg\",\"contentUrl\":\"https:\/\/portaltela.pt\/s.01k8rhncp4jt1\/2026\/02\/image-1202.jpg\",\"width\":796,\"height\":448,\"caption\":\"\\\"Adora\u00e7\u00e3o dos Magos\\\": pintura cinematogr\u00e1fica de 1828 \u00e9 considerada o testamento art\u00edstico de Domingos Sequeira\"},{\"@type\":\"BreadcrumbList\",\"@id\":\"https:\/\/portaltela.pt\/noticias\/2026\/02\/15\/homem-negocia-com-a-eternidade\/#breadcrumb\",\"itemListElement\":[{\"@type\":\"ListItem\",\"position\":1,\"name\":\"In\u00edcio\",\"item\":\"https:\/\/portaltela.pt\/\"},{\"@type\":\"ListItem\",\"position\":2,\"name\":\"Homem negocia com a eternidade\"}]},{\"@type\":\"WebSite\",\"@id\":\"https:\/\/portaltela.pt\/#website\",\"url\":\"https:\/\/portaltela.pt\/\",\"name\":\"Portal Tela Portugal\",\"description\":\"\",\"potentialAction\":[{\"@type\":\"SearchAction\",\"target\":{\"@type\":\"EntryPoint\",\"urlTemplate\":\"https:\/\/portaltela.pt\/?s={search_term_string}\"},\"query-input\":{\"@type\":\"PropertyValueSpecification\",\"valueRequired\":true,\"valueName\":\"search_term_string\"}}],\"inLanguage\":\"pt-PT\"},{\"@type\":\"Person\",\"@id\":\"https:\/\/portaltela.pt\/#\/schema\/person\/c4278d4a6028830caff9ee44b42d32ed\",\"name\":\"Telinha\",\"image\":{\"@type\":\"ImageObject\",\"inLanguage\":\"pt-PT\",\"@id\":\"https:\/\/portaltela.pt\/s.01k8rhncp4jt1\/2025\/11\/talking-bot-125x125.png\",\"url\":\"https:\/\/portaltela.pt\/s.01k8rhncp4jt1\/2025\/11\/talking-bot-125x125.png\",\"contentUrl\":\"https:\/\/portaltela.pt\/s.01k8rhncp4jt1\/2025\/11\/talking-bot-125x125.png\",\"caption\":\"Telinha\"},\"sameAs\":[\"https:\/\/portaltela.pt\/\"],\"url\":\"https:\/\/portaltela.pt\/por\/367410592786\/\"}]}<\/script>\n<!-- \/ Yoast SEO plugin. -->","yoast_head_json":{"title":"Homem negocia com a eternidade - Portal Tela Portugal","robots":{"index":"index","follow":"follow","max-snippet":"max-snippet:-1","max-image-preview":"max-image-preview:large","max-video-preview":"max-video-preview:-1"},"og_locale":"pt_PT","og_type":"article","og_title":"Homem negocia com a eternidade - Portal Tela Portugal","og_description":"O Museu Soares dos Reis, no Porto, apresenta a exposi\u00e7\u00e3o \"Sequeira: os estudos finais\", reunindo as obras Descida da Cruz e Adora\u00e7\u00e3o dos Magos. A mostra foca o est\u00e1gio final da produ\u00e7\u00e3o de Domingos Sequeira, criado durante o per\u00edodo em Roma entre 1827 e 1833. O objetivo \u00e9 mostrar o processo criativo do artista na fase mais direta, quando a luz divina \u00e9 fixada no papel com carv\u00e3o e giz. A exposi\u00e7\u00e3o destaca a rela\u00e7\u00e3o entre a turbulenta carreira de Sequeira e a sua busca por eternizar a luz nas obras.","og_url":"https:\/\/portaltela.pt\/noticias\/2026\/02\/15\/homem-negocia-com-a-eternidade\/","og_site_name":"Portal Tela Portugal","article_published_time":"2026-02-15T21:53:00+00:00","author":"Telinha","twitter_card":"summary_large_image","twitter_misc":{"Escrito por":"Telinha","Tempo estimado de leitura":"1 minuto"},"schema":{"@context":"https:\/\/schema.org","@graph":[{"@type":"Article","@id":"https:\/\/portaltela.pt\/noticias\/2026\/02\/15\/homem-negocia-com-a-eternidade\/#article","isPartOf":{"@id":"https:\/\/portaltela.pt\/noticias\/2026\/02\/15\/homem-negocia-com-a-eternidade\/"},"author":{"name":"Telinha","@id":"https:\/\/portaltela.pt\/#\/schema\/person\/c4278d4a6028830caff9ee44b42d32ed"},"headline":"Homem negocia com a eternidade","datePublished":"2026-02-15T21:53:00+00:00","mainEntityOfPage":{"@id":"https:\/\/portaltela.pt\/noticias\/2026\/02\/15\/homem-negocia-com-a-eternidade\/"},"wordCount":214,"image":{"@id":"https:\/\/portaltela.pt\/noticias\/2026\/02\/15\/homem-negocia-com-a-eternidade\/#primaryimage"},"thumbnailUrl":"https:\/\/portaltela.pt\/s.01k8rhncp4jt1\/2026\/02\/image-1202.jpg","keywords":["arte","Museus e Monumentos de Portugal","museus\/arquivos","pintura","Porto"],"articleSection":["Not\u00edcias"],"inLanguage":"pt-PT"},{"@type":"WebPage","@id":"https:\/\/portaltela.pt\/noticias\/2026\/02\/15\/homem-negocia-com-a-eternidade\/","url":"https:\/\/portaltela.pt\/noticias\/2026\/02\/15\/homem-negocia-com-a-eternidade\/","name":"Homem negocia com a eternidade - Portal Tela Portugal","isPartOf":{"@id":"https:\/\/portaltela.pt\/#website"},"primaryImageOfPage":{"@id":"https:\/\/portaltela.pt\/noticias\/2026\/02\/15\/homem-negocia-com-a-eternidade\/#primaryimage"},"image":{"@id":"https:\/\/portaltela.pt\/noticias\/2026\/02\/15\/homem-negocia-com-a-eternidade\/#primaryimage"},"thumbnailUrl":"https:\/\/portaltela.pt\/s.01k8rhncp4jt1\/2026\/02\/image-1202.jpg","datePublished":"2026-02-15T21:53:00+00:00","author":{"@id":"https:\/\/portaltela.pt\/#\/schema\/person\/c4278d4a6028830caff9ee44b42d32ed"},"breadcrumb":{"@id":"https:\/\/portaltela.pt\/noticias\/2026\/02\/15\/homem-negocia-com-a-eternidade\/#breadcrumb"},"inLanguage":"pt-PT","potentialAction":[{"@type":"ReadAction","target":["https:\/\/portaltela.pt\/noticias\/2026\/02\/15\/homem-negocia-com-a-eternidade\/"]}]},{"@type":"ImageObject","inLanguage":"pt-PT","@id":"https:\/\/portaltela.pt\/noticias\/2026\/02\/15\/homem-negocia-com-a-eternidade\/#primaryimage","url":"https:\/\/portaltela.pt\/s.01k8rhncp4jt1\/2026\/02\/image-1202.jpg","contentUrl":"https:\/\/portaltela.pt\/s.01k8rhncp4jt1\/2026\/02\/image-1202.jpg","width":796,"height":448,"caption":"\"Adora\u00e7\u00e3o dos Magos\": pintura cinematogr\u00e1fica de 1828 \u00e9 considerada o testamento art\u00edstico de Domingos Sequeira"},{"@type":"BreadcrumbList","@id":"https:\/\/portaltela.pt\/noticias\/2026\/02\/15\/homem-negocia-com-a-eternidade\/#breadcrumb","itemListElement":[{"@type":"ListItem","position":1,"name":"In\u00edcio","item":"https:\/\/portaltela.pt\/"},{"@type":"ListItem","position":2,"name":"Homem negocia com a eternidade"}]},{"@type":"WebSite","@id":"https:\/\/portaltela.pt\/#website","url":"https:\/\/portaltela.pt\/","name":"Portal Tela Portugal","description":"","potentialAction":[{"@type":"SearchAction","target":{"@type":"EntryPoint","urlTemplate":"https:\/\/portaltela.pt\/?s={search_term_string}"},"query-input":{"@type":"PropertyValueSpecification","valueRequired":true,"valueName":"search_term_string"}}],"inLanguage":"pt-PT"},{"@type":"Person","@id":"https:\/\/portaltela.pt\/#\/schema\/person\/c4278d4a6028830caff9ee44b42d32ed","name":"Telinha","image":{"@type":"ImageObject","inLanguage":"pt-PT","@id":"https:\/\/portaltela.pt\/s.01k8rhncp4jt1\/2025\/11\/talking-bot-125x125.png","url":"https:\/\/portaltela.pt\/s.01k8rhncp4jt1\/2025\/11\/talking-bot-125x125.png","contentUrl":"https:\/\/portaltela.pt\/s.01k8rhncp4jt1\/2025\/11\/talking-bot-125x125.png","caption":"Telinha"},"sameAs":["https:\/\/portaltela.pt\/"],"url":"https:\/\/portaltela.pt\/por\/367410592786\/"}]}},"_links":{"self":[{"href":"https:\/\/portaltela.pt\/api\/wp\/v2\/posts\/213798","targetHints":{"allow":["GET"]}}],"collection":[{"href":"https:\/\/portaltela.pt\/api\/wp\/v2\/posts"}],"about":[{"href":"https:\/\/portaltela.pt\/api\/wp\/v2\/types\/post"}],"author":[{"embeddable":true,"href":"https:\/\/portaltela.pt\/api\/wp\/v2\/users\/2"}],"replies":[{"embeddable":true,"href":"https:\/\/portaltela.pt\/api\/wp\/v2\/comments?post=213798"}],"version-history":[{"count":0,"href":"https:\/\/portaltela.pt\/api\/wp\/v2\/posts\/213798\/revisions"}],"wp:featuredmedia":[{"embeddable":true,"href":"https:\/\/portaltela.pt\/api\/wp\/v2\/media\/213799"}],"wp:attachment":[{"href":"https:\/\/portaltela.pt\/api\/wp\/v2\/media?parent=213798"}],"wp:term":[{"taxonomy":"category","embeddable":true,"href":"https:\/\/portaltela.pt\/api\/wp\/v2\/categories?post=213798"},{"taxonomy":"post_tag","embeddable":true,"href":"https:\/\/portaltela.pt\/api\/wp\/v2\/tags?post=213798"}],"curies":[{"name":"wp","href":"https:\/\/api.w.org\/{rel}","templated":true}]}}