{"id":213787,"date":"2026-02-15T18:43:28","date_gmt":"2026-02-15T21:43:28","guid":{"rendered":"https:\/\/portaltela.pt\/noticias\/2026\/02\/15\/homem-desaparece-no-rio-guadiana-apos-queda-na-margem-espanhola\/"},"modified":"2026-02-15T18:43:28","modified_gmt":"2026-02-15T21:43:28","slug":"homem-desaparece-no-rio-guadiana-apos-queda-na-margem-espanhola","status":"publish","type":"post","link":"https:\/\/portaltela.pt\/noticias\/internacional\/2026\/02\/15\/homem-desaparece-no-rio-guadiana-apos-queda-na-margem-espanhola\/","title":{"rendered":"Homem desaparece no rio Guadiana ap\u00f3s queda na margem espanhola"},"content":{"rendered":"<p>Um homem franc\u00eas de 58 anos est\u00e1 desaparecido ap\u00f3s alegadamente ter ca\u00eddo ao rio Guadiana, na margem espanhola, no s\u00e1bado ao fim da tarde, numa \u00e1rea a sul do Porto de La Laja, na prov\u00edncia de Huelva.<\/p>\n<p>A Autoridade Mar\u00edtima Nacional acionou as autoridades espanholas e iniciou buscas com a tripula\u00e7\u00e3o da Esta\u00e7\u00e3o Salva-vidas de Vila Real de Santo Ant\u00f3nio, a Capitania do Porto e o Comando Local da Pol\u00edcia Mar\u00edtima de Vila Real de Santo Ant\u00f3nio, apoiados por mergulhadores do Salvamento Mar\u00edtimo de Huelva e por uma aeronave.<\/p>\n<p>At\u00e9 ao final do dia de domingo, o homem n\u00e3o tinha sido localizado.<\/p>\n","protected":false},"excerpt":{"rendered":"<ul>\n<li>Homem de 58 anos, nacionalidade francesa, est\u00e1 desaparecido ap\u00f3s alegadamente ter ca\u00eddo ao rio Guadiana, na margem espanhola.<\/li>\n<li>O incidente ocorreu no s\u00e1bado, ao final do dia, numa zona a sul do Porto de La Laja, na prov\u00edncia de Huelva.<\/li>\n<li>A Autoridade Mar\u00edtima Nacional acionou as autoridades espanholas e iniciou buscas com a Esta\u00e7\u00e3o Salva-vidas de Vila Real de Santo Ant\u00f3nio, Capitania do Porto e Comando Local da Pol\u00edcia Mar\u00edtima de Vila Real de Santo Ant\u00f3nio.<\/li>\n<li>Elementos do Salvamento Mar\u00edtimo de Huelva, incluindo mergulhadores, apoiados por uma aeronave, participam nas opera\u00e7\u00f5es.<\/li>\n<li>At\u00e9 ao final do dia de domingo, o homem ainda n\u00e3o tinha sido localizado.<\/li>\n<\/ul>\n","protected":false},"author":2,"featured_media":213791,"comment_status":"closed","ping_status":"closed","sticky":false,"template":"","format":"standard","meta":{"footnotes":""},"categories":[4,1],"tags":[2625,2598,1935,1014,1007,1665],"class_list":["post-213787","post","type-post","status-publish","format-standard","has-post-thumbnail","hentry","category-internacional","category-noticias","tag-aeronautica","tag-autoridade-maritima-nacional","tag-emergencias","tag-portugal","tag-resgate-maritimo","tag-vila-real"],"yoast_head":"<!-- This site is optimized with the Yoast SEO plugin v27.2 - https:\/\/yoast.com\/product\/yoast-seo-wordpress\/ -->\n<title>Homem desaparece no rio Guadiana ap\u00f3s queda na margem espanhola - Portal Tela Portugal<\/title>\n<meta name=\"robots\" content=\"index, follow, max-snippet:-1, max-image-preview:large, max-video-preview:-1\" \/>\n<meta property=\"og:locale\" content=\"pt_PT\" \/>\n<meta property=\"og:type\" content=\"article\" \/>\n<meta property=\"og:title\" content=\"Homem desaparece no rio Guadiana ap\u00f3s queda na margem espanhola - Portal Tela Portugal\" \/>\n<meta property=\"og:description\" content=\"Homem de 58 anos, nacionalidade francesa, est\u00e1 desaparecido ap\u00f3s alegadamente ter ca\u00eddo ao rio Guadiana, na margem espanhola. O incidente ocorreu no s\u00e1bado, ao final do dia, numa zona a sul do Porto de La Laja, na prov\u00edncia de Huelva. A Autoridade Mar\u00edtima Nacional acionou as autoridades espanholas e iniciou buscas com a Esta\u00e7\u00e3o Salva-vidas de Vila Real de Santo Ant\u00f3nio, Capitania do Porto e Comando Local da Pol\u00edcia Mar\u00edtima de Vila Real de Santo Ant\u00f3nio. Elementos do Salvamento Mar\u00edtimo de Huelva, incluindo mergulhadores, apoiados por uma aeronave, participam nas opera\u00e7\u00f5es. At\u00e9 ao final do dia de domingo, o homem ainda n\u00e3o tinha sido localizado.\" \/>\n<meta property=\"og:url\" content=\"https:\/\/portaltela.pt\/noticias\/2026\/02\/15\/homem-desaparece-no-rio-guadiana-apos-queda-na-margem-espanhola\/\" \/>\n<meta property=\"og:site_name\" content=\"Portal Tela Portugal\" \/>\n<meta property=\"article:published_time\" content=\"2026-02-15T21:43:28+00:00\" \/>\n<meta name=\"author\" content=\"Telinha\" \/>\n<meta name=\"twitter:card\" content=\"summary_large_image\" \/>\n<meta name=\"twitter:label1\" content=\"Escrito por\" \/>\n\t<meta name=\"twitter:data1\" content=\"Telinha\" \/>\n\t<meta name=\"twitter:label2\" content=\"Tempo estimado de leitura\" \/>\n\t<meta name=\"twitter:data2\" content=\"1 minuto\" \/>\n<script type=\"application\/ld+json\" class=\"yoast-schema-graph\">{\"@context\":\"https:\/\/schema.org\",\"@graph\":[{\"@type\":\"Article\",\"@id\":\"https:\/\/portaltela.pt\/noticias\/2026\/02\/15\/homem-desaparece-no-rio-guadiana-apos-queda-na-margem-espanhola\/#article\",\"isPartOf\":{\"@id\":\"https:\/\/portaltela.pt\/noticias\/2026\/02\/15\/homem-desaparece-no-rio-guadiana-apos-queda-na-margem-espanhola\/\"},\"author\":{\"name\":\"Telinha\",\"@id\":\"https:\/\/portaltela.pt\/#\/schema\/person\/c4278d4a6028830caff9ee44b42d32ed\"},\"headline\":\"Homem desaparece no rio Guadiana ap\u00f3s queda na margem espanhola\",\"datePublished\":\"2026-02-15T21:43:28+00:00\",\"mainEntityOfPage\":{\"@id\":\"https:\/\/portaltela.pt\/noticias\/2026\/02\/15\/homem-desaparece-no-rio-guadiana-apos-queda-na-margem-espanhola\/\"},\"wordCount\":126,\"image\":{\"@id\":\"https:\/\/portaltela.pt\/noticias\/2026\/02\/15\/homem-desaparece-no-rio-guadiana-apos-queda-na-margem-espanhola\/#primaryimage\"},\"thumbnailUrl\":\"https:\/\/portaltela.pt\/s.01k8rhncp4jt1\/2026\/02\/img_1500x1000uu2026-02-15-21-42-00-2267093.jpg\",\"keywords\":[\"aeron\u00e1utica\",\"Autoridade Mar\u00edtima Nacional\",\"emerg\u00eancias\",\"Portugal\",\"Resgate Mar\u00edtimo\",\"Vila Real\"],\"articleSection\":[\"Internacional\",\"Not\u00edcias\"],\"inLanguage\":\"pt-PT\"},{\"@type\":\"WebPage\",\"@id\":\"https:\/\/portaltela.pt\/noticias\/2026\/02\/15\/homem-desaparece-no-rio-guadiana-apos-queda-na-margem-espanhola\/\",\"url\":\"https:\/\/portaltela.pt\/noticias\/2026\/02\/15\/homem-desaparece-no-rio-guadiana-apos-queda-na-margem-espanhola\/\",\"name\":\"Homem desaparece no rio Guadiana ap\u00f3s queda na margem espanhola - Portal Tela Portugal\",\"isPartOf\":{\"@id\":\"https:\/\/portaltela.pt\/#website\"},\"primaryImageOfPage\":{\"@id\":\"https:\/\/portaltela.pt\/noticias\/2026\/02\/15\/homem-desaparece-no-rio-guadiana-apos-queda-na-margem-espanhola\/#primaryimage\"},\"image\":{\"@id\":\"https:\/\/portaltela.pt\/noticias\/2026\/02\/15\/homem-desaparece-no-rio-guadiana-apos-queda-na-margem-espanhola\/#primaryimage\"},\"thumbnailUrl\":\"https:\/\/portaltela.pt\/s.01k8rhncp4jt1\/2026\/02\/img_1500x1000uu2026-02-15-21-42-00-2267093.jpg\",\"datePublished\":\"2026-02-15T21:43:28+00:00\",\"author\":{\"@id\":\"https:\/\/portaltela.pt\/#\/schema\/person\/c4278d4a6028830caff9ee44b42d32ed\"},\"breadcrumb\":{\"@id\":\"https:\/\/portaltela.pt\/noticias\/2026\/02\/15\/homem-desaparece-no-rio-guadiana-apos-queda-na-margem-espanhola\/#breadcrumb\"},\"inLanguage\":\"pt-PT\",\"potentialAction\":[{\"@type\":\"ReadAction\",\"target\":[\"https:\/\/portaltela.pt\/noticias\/2026\/02\/15\/homem-desaparece-no-rio-guadiana-apos-queda-na-margem-espanhola\/\"]}]},{\"@type\":\"ImageObject\",\"inLanguage\":\"pt-PT\",\"@id\":\"https:\/\/portaltela.pt\/noticias\/2026\/02\/15\/homem-desaparece-no-rio-guadiana-apos-queda-na-margem-espanhola\/#primaryimage\",\"url\":\"https:\/\/portaltela.pt\/s.01k8rhncp4jt1\/2026\/02\/img_1500x1000uu2026-02-15-21-42-00-2267093.jpg\",\"contentUrl\":\"https:\/\/portaltela.pt\/s.01k8rhncp4jt1\/2026\/02\/img_1500x1000uu2026-02-15-21-42-00-2267093.jpg\",\"width\":796,\"height\":448,\"caption\":\"Homem desaparecido no rio Guadiana ap\u00f3s queda na margem espanhola\"},{\"@type\":\"BreadcrumbList\",\"@id\":\"https:\/\/portaltela.pt\/noticias\/2026\/02\/15\/homem-desaparece-no-rio-guadiana-apos-queda-na-margem-espanhola\/#breadcrumb\",\"itemListElement\":[{\"@type\":\"ListItem\",\"position\":1,\"name\":\"In\u00edcio\",\"item\":\"https:\/\/portaltela.pt\/\"},{\"@type\":\"ListItem\",\"position\":2,\"name\":\"Homem desaparece no rio Guadiana ap\u00f3s queda na margem espanhola\"}]},{\"@type\":\"WebSite\",\"@id\":\"https:\/\/portaltela.pt\/#website\",\"url\":\"https:\/\/portaltela.pt\/\",\"name\":\"Portal Tela Portugal\",\"description\":\"\",\"potentialAction\":[{\"@type\":\"SearchAction\",\"target\":{\"@type\":\"EntryPoint\",\"urlTemplate\":\"https:\/\/portaltela.pt\/?s={search_term_string}\"},\"query-input\":{\"@type\":\"PropertyValueSpecification\",\"valueRequired\":true,\"valueName\":\"search_term_string\"}}],\"inLanguage\":\"pt-PT\"},{\"@type\":\"Person\",\"@id\":\"https:\/\/portaltela.pt\/#\/schema\/person\/c4278d4a6028830caff9ee44b42d32ed\",\"name\":\"Telinha\",\"image\":{\"@type\":\"ImageObject\",\"inLanguage\":\"pt-PT\",\"@id\":\"https:\/\/portaltela.pt\/s.01k8rhncp4jt1\/2025\/11\/talking-bot-125x125.png\",\"url\":\"https:\/\/portaltela.pt\/s.01k8rhncp4jt1\/2025\/11\/talking-bot-125x125.png\",\"contentUrl\":\"https:\/\/portaltela.pt\/s.01k8rhncp4jt1\/2025\/11\/talking-bot-125x125.png\",\"caption\":\"Telinha\"},\"sameAs\":[\"https:\/\/portaltela.pt\/\"],\"url\":\"https:\/\/portaltela.pt\/por\/367410592786\/\"}]}<\/script>\n<!-- \/ Yoast SEO plugin. -->","yoast_head_json":{"title":"Homem desaparece no rio Guadiana ap\u00f3s queda na margem espanhola - Portal Tela Portugal","robots":{"index":"index","follow":"follow","max-snippet":"max-snippet:-1","max-image-preview":"max-image-preview:large","max-video-preview":"max-video-preview:-1"},"og_locale":"pt_PT","og_type":"article","og_title":"Homem desaparece no rio Guadiana ap\u00f3s queda na margem espanhola - Portal Tela Portugal","og_description":"Homem de 58 anos, nacionalidade francesa, est\u00e1 desaparecido ap\u00f3s alegadamente ter ca\u00eddo ao rio Guadiana, na margem espanhola. O incidente ocorreu no s\u00e1bado, ao final do dia, numa zona a sul do Porto de La Laja, na prov\u00edncia de Huelva. A Autoridade Mar\u00edtima Nacional acionou as autoridades espanholas e iniciou buscas com a Esta\u00e7\u00e3o Salva-vidas de Vila Real de Santo Ant\u00f3nio, Capitania do Porto e Comando Local da Pol\u00edcia Mar\u00edtima de Vila Real de Santo Ant\u00f3nio. Elementos do Salvamento Mar\u00edtimo de Huelva, incluindo mergulhadores, apoiados por uma aeronave, participam nas opera\u00e7\u00f5es. At\u00e9 ao final do dia de domingo, o homem ainda n\u00e3o tinha sido localizado.","og_url":"https:\/\/portaltela.pt\/noticias\/2026\/02\/15\/homem-desaparece-no-rio-guadiana-apos-queda-na-margem-espanhola\/","og_site_name":"Portal Tela Portugal","article_published_time":"2026-02-15T21:43:28+00:00","author":"Telinha","twitter_card":"summary_large_image","twitter_misc":{"Escrito por":"Telinha","Tempo estimado de leitura":"1 minuto"},"schema":{"@context":"https:\/\/schema.org","@graph":[{"@type":"Article","@id":"https:\/\/portaltela.pt\/noticias\/2026\/02\/15\/homem-desaparece-no-rio-guadiana-apos-queda-na-margem-espanhola\/#article","isPartOf":{"@id":"https:\/\/portaltela.pt\/noticias\/2026\/02\/15\/homem-desaparece-no-rio-guadiana-apos-queda-na-margem-espanhola\/"},"author":{"name":"Telinha","@id":"https:\/\/portaltela.pt\/#\/schema\/person\/c4278d4a6028830caff9ee44b42d32ed"},"headline":"Homem desaparece no rio Guadiana ap\u00f3s queda na margem espanhola","datePublished":"2026-02-15T21:43:28+00:00","mainEntityOfPage":{"@id":"https:\/\/portaltela.pt\/noticias\/2026\/02\/15\/homem-desaparece-no-rio-guadiana-apos-queda-na-margem-espanhola\/"},"wordCount":126,"image":{"@id":"https:\/\/portaltela.pt\/noticias\/2026\/02\/15\/homem-desaparece-no-rio-guadiana-apos-queda-na-margem-espanhola\/#primaryimage"},"thumbnailUrl":"https:\/\/portaltela.pt\/s.01k8rhncp4jt1\/2026\/02\/img_1500x1000uu2026-02-15-21-42-00-2267093.jpg","keywords":["aeron\u00e1utica","Autoridade Mar\u00edtima Nacional","emerg\u00eancias","Portugal","Resgate Mar\u00edtimo","Vila Real"],"articleSection":["Internacional","Not\u00edcias"],"inLanguage":"pt-PT"},{"@type":"WebPage","@id":"https:\/\/portaltela.pt\/noticias\/2026\/02\/15\/homem-desaparece-no-rio-guadiana-apos-queda-na-margem-espanhola\/","url":"https:\/\/portaltela.pt\/noticias\/2026\/02\/15\/homem-desaparece-no-rio-guadiana-apos-queda-na-margem-espanhola\/","name":"Homem desaparece no rio Guadiana ap\u00f3s queda na margem espanhola - Portal Tela Portugal","isPartOf":{"@id":"https:\/\/portaltela.pt\/#website"},"primaryImageOfPage":{"@id":"https:\/\/portaltela.pt\/noticias\/2026\/02\/15\/homem-desaparece-no-rio-guadiana-apos-queda-na-margem-espanhola\/#primaryimage"},"image":{"@id":"https:\/\/portaltela.pt\/noticias\/2026\/02\/15\/homem-desaparece-no-rio-guadiana-apos-queda-na-margem-espanhola\/#primaryimage"},"thumbnailUrl":"https:\/\/portaltela.pt\/s.01k8rhncp4jt1\/2026\/02\/img_1500x1000uu2026-02-15-21-42-00-2267093.jpg","datePublished":"2026-02-15T21:43:28+00:00","author":{"@id":"https:\/\/portaltela.pt\/#\/schema\/person\/c4278d4a6028830caff9ee44b42d32ed"},"breadcrumb":{"@id":"https:\/\/portaltela.pt\/noticias\/2026\/02\/15\/homem-desaparece-no-rio-guadiana-apos-queda-na-margem-espanhola\/#breadcrumb"},"inLanguage":"pt-PT","potentialAction":[{"@type":"ReadAction","target":["https:\/\/portaltela.pt\/noticias\/2026\/02\/15\/homem-desaparece-no-rio-guadiana-apos-queda-na-margem-espanhola\/"]}]},{"@type":"ImageObject","inLanguage":"pt-PT","@id":"https:\/\/portaltela.pt\/noticias\/2026\/02\/15\/homem-desaparece-no-rio-guadiana-apos-queda-na-margem-espanhola\/#primaryimage","url":"https:\/\/portaltela.pt\/s.01k8rhncp4jt1\/2026\/02\/img_1500x1000uu2026-02-15-21-42-00-2267093.jpg","contentUrl":"https:\/\/portaltela.pt\/s.01k8rhncp4jt1\/2026\/02\/img_1500x1000uu2026-02-15-21-42-00-2267093.jpg","width":796,"height":448,"caption":"Homem desaparecido no rio Guadiana ap\u00f3s queda na margem espanhola"},{"@type":"BreadcrumbList","@id":"https:\/\/portaltela.pt\/noticias\/2026\/02\/15\/homem-desaparece-no-rio-guadiana-apos-queda-na-margem-espanhola\/#breadcrumb","itemListElement":[{"@type":"ListItem","position":1,"name":"In\u00edcio","item":"https:\/\/portaltela.pt\/"},{"@type":"ListItem","position":2,"name":"Homem desaparece no rio Guadiana ap\u00f3s queda na margem espanhola"}]},{"@type":"WebSite","@id":"https:\/\/portaltela.pt\/#website","url":"https:\/\/portaltela.pt\/","name":"Portal Tela Portugal","description":"","potentialAction":[{"@type":"SearchAction","target":{"@type":"EntryPoint","urlTemplate":"https:\/\/portaltela.pt\/?s={search_term_string}"},"query-input":{"@type":"PropertyValueSpecification","valueRequired":true,"valueName":"search_term_string"}}],"inLanguage":"pt-PT"},{"@type":"Person","@id":"https:\/\/portaltela.pt\/#\/schema\/person\/c4278d4a6028830caff9ee44b42d32ed","name":"Telinha","image":{"@type":"ImageObject","inLanguage":"pt-PT","@id":"https:\/\/portaltela.pt\/s.01k8rhncp4jt1\/2025\/11\/talking-bot-125x125.png","url":"https:\/\/portaltela.pt\/s.01k8rhncp4jt1\/2025\/11\/talking-bot-125x125.png","contentUrl":"https:\/\/portaltela.pt\/s.01k8rhncp4jt1\/2025\/11\/talking-bot-125x125.png","caption":"Telinha"},"sameAs":["https:\/\/portaltela.pt\/"],"url":"https:\/\/portaltela.pt\/por\/367410592786\/"}]}},"_links":{"self":[{"href":"https:\/\/portaltela.pt\/api\/wp\/v2\/posts\/213787","targetHints":{"allow":["GET"]}}],"collection":[{"href":"https:\/\/portaltela.pt\/api\/wp\/v2\/posts"}],"about":[{"href":"https:\/\/portaltela.pt\/api\/wp\/v2\/types\/post"}],"author":[{"embeddable":true,"href":"https:\/\/portaltela.pt\/api\/wp\/v2\/users\/2"}],"replies":[{"embeddable":true,"href":"https:\/\/portaltela.pt\/api\/wp\/v2\/comments?post=213787"}],"version-history":[{"count":0,"href":"https:\/\/portaltela.pt\/api\/wp\/v2\/posts\/213787\/revisions"}],"wp:featuredmedia":[{"embeddable":true,"href":"https:\/\/portaltela.pt\/api\/wp\/v2\/media\/213791"}],"wp:attachment":[{"href":"https:\/\/portaltela.pt\/api\/wp\/v2\/media?parent=213787"}],"wp:term":[{"taxonomy":"category","embeddable":true,"href":"https:\/\/portaltela.pt\/api\/wp\/v2\/categories?post=213787"},{"taxonomy":"post_tag","embeddable":true,"href":"https:\/\/portaltela.pt\/api\/wp\/v2\/tags?post=213787"}],"curies":[{"name":"wp","href":"https:\/\/api.w.org\/{rel}","templated":true}]}}