{"id":213776,"date":"2026-02-15T18:28:16","date_gmt":"2026-02-15T21:28:16","guid":{"rendered":"https:\/\/portaltela.pt\/noticias\/2026\/02\/15\/autoridade-maritima-apoia-buscas-de-frances-desaparecido-na-margem-do-guadiana\/"},"modified":"2026-02-15T18:28:16","modified_gmt":"2026-02-15T21:28:16","slug":"autoridade-maritima-apoia-buscas-de-frances-desaparecido-na-margem-do-guadiana","status":"publish","type":"post","link":"https:\/\/portaltela.pt\/noticias\/2026\/02\/15\/autoridade-maritima-apoia-buscas-de-frances-desaparecido-na-margem-do-guadiana\/","title":{"rendered":"Autoridade Mar\u00edtima apoia buscas de franc\u00eas desaparecido na margem do Guadiana"},"content":{"rendered":"<p>A Autoridade Mar\u00edtima Nacional (AMN) est\u00e1 a apoiar as buscas de um cidad\u00e3o franc\u00eas que desapareceu no s\u00e1bado \u00e0 noite na margem espanhola do rio Guadiana, na prov\u00edncia de Huelva, Andaluzia. O homem, de 58 anos, caiu alegadamente ao rio perto do Porto de La Laja, sul de Espanha.<\/p>\n<p>A opera\u00e7\u00e3o envolve a Esta\u00e7\u00e3o Salva-Vidas de Vila Real de Santo Ant\u00f3nio, a Capitania do Porto e o Comando Local da Pol\u00edcia Mar\u00edtima de Vila Real de Santo Ant\u00f3nio, em conjunto com mergulhadores do Salvamento Mar\u00edtimo de Huelva. A atividade contou com o apoio de uma aeronave.<\/p>\n<p>O alerta foi dado \u00e0s 19h10 de s\u00e1bado, referem as autoridades portuguesas. O local da ocorr\u00eancia fica na margem espanhola do Guadiana, a sul do Porto de La Laja, na regi\u00e3o de Huelva.<\/p>\n<h3>Continua\u00e7\u00e3o das buscas<\/h3>\n<p>A opera\u00e7\u00e3o foi interrompida ao fim do dia de domingo, mantendo-se a presen\u00e7a de equipas da AMN, da Pol\u00edcia Mar\u00edtima e do Salvamento Mar\u00edtimo de Espanha. A opera\u00e7\u00e3o deve ser retomada na manh\u00e3 de segunda-feira.<\/p>\n","protected":false},"excerpt":{"rendered":"<ul>\n<li>A Autoridade Mar\u00edtima Nacional (AMN) confirmou que participa nas buscas de um cidad\u00e3o franc\u00eas desaparecido na margem espanhola do Guadiana, na prov\u00edncia de Huelva.<\/li>\n<li>O homem, de 58 anos, foi dado como desaparecido no s\u00e1bado \u00e0s 19h10, alegadamente ap\u00f3s ter ca\u00eddo ao Guadiana, do lado de Espanha, a sul do Porto de La Laja.<\/li>\n<li>Est\u00e3o envolvidos elementos da Esta\u00e7\u00e3o Salva-Vidas de Vila Real de Santo Ant\u00f3nio, bem como da Capitania do Porto e do Comando Local da Pol\u00edcia Mar\u00edtima de Vila Real de Santo Ant\u00f3nio (Faro).<\/li>\n<li>A opera\u00e7\u00e3o, interrompida ao final do dia de hoje, contou com mergulhadores do Salvamento Mar\u00edtimo de Huelva e com o apoio de uma aeronave, sendo que dever\u00e1 ser retomada na segunda-feira de manh\u00e3.<\/li>\n<\/ul>\n","protected":false},"author":2,"featured_media":213778,"comment_status":"closed","ping_status":"closed","sticky":false,"template":"","format":"standard","meta":{"footnotes":""},"categories":[1],"tags":[1856,2409,4298,1014,1007],"class_list":["post-213776","post","type-post","status-publish","format-standard","has-post-thumbnail","hentry","category-noticias","tag-franca","tag-guadiana","tag-marinha","tag-portugal","tag-resgate-maritimo"],"yoast_head":"<!-- This site is optimized with the Yoast SEO plugin v27.2 - https:\/\/yoast.com\/product\/yoast-seo-wordpress\/ -->\n<title>Autoridade Mar\u00edtima apoia buscas de franc\u00eas desaparecido na margem do Guadiana - Portal Tela Portugal<\/title>\n<meta name=\"robots\" content=\"index, follow, max-snippet:-1, max-image-preview:large, max-video-preview:-1\" \/>\n<meta property=\"og:locale\" content=\"pt_PT\" \/>\n<meta property=\"og:type\" content=\"article\" \/>\n<meta property=\"og:title\" content=\"Autoridade Mar\u00edtima apoia buscas de franc\u00eas desaparecido na margem do Guadiana - Portal Tela Portugal\" \/>\n<meta property=\"og:description\" content=\"A Autoridade Mar\u00edtima Nacional (AMN) confirmou que participa nas buscas de um cidad\u00e3o franc\u00eas desaparecido na margem espanhola do Guadiana, na prov\u00edncia de Huelva. O homem, de 58 anos, foi dado como desaparecido no s\u00e1bado \u00e0s 19h10, alegadamente ap\u00f3s ter ca\u00eddo ao Guadiana, do lado de Espanha, a sul do Porto de La Laja. Est\u00e3o envolvidos elementos da Esta\u00e7\u00e3o Salva-Vidas de Vila Real de Santo Ant\u00f3nio, bem como da Capitania do Porto e do Comando Local da Pol\u00edcia Mar\u00edtima de Vila Real de Santo Ant\u00f3nio (Faro). A opera\u00e7\u00e3o, interrompida ao final do dia de hoje, contou com mergulhadores do Salvamento Mar\u00edtimo de Huelva e com o apoio de uma aeronave, sendo que dever\u00e1 ser retomada na segunda-feira de manh\u00e3.\" \/>\n<meta property=\"og:url\" content=\"https:\/\/portaltela.pt\/noticias\/2026\/02\/15\/autoridade-maritima-apoia-buscas-de-frances-desaparecido-na-margem-do-guadiana\/\" \/>\n<meta property=\"og:site_name\" content=\"Portal Tela Portugal\" \/>\n<meta property=\"article:published_time\" content=\"2026-02-15T21:28:16+00:00\" \/>\n<meta name=\"author\" content=\"Telinha\" \/>\n<meta name=\"twitter:card\" content=\"summary_large_image\" \/>\n<meta name=\"twitter:label1\" content=\"Escrito por\" \/>\n\t<meta name=\"twitter:data1\" content=\"Telinha\" \/>\n\t<meta name=\"twitter:label2\" content=\"Tempo estimado de leitura\" \/>\n\t<meta name=\"twitter:data2\" content=\"1 minuto\" \/>\n<script type=\"application\/ld+json\" class=\"yoast-schema-graph\">{\"@context\":\"https:\/\/schema.org\",\"@graph\":[{\"@type\":\"Article\",\"@id\":\"https:\/\/portaltela.pt\/noticias\/2026\/02\/15\/autoridade-maritima-apoia-buscas-de-frances-desaparecido-na-margem-do-guadiana\/#article\",\"isPartOf\":{\"@id\":\"https:\/\/portaltela.pt\/noticias\/2026\/02\/15\/autoridade-maritima-apoia-buscas-de-frances-desaparecido-na-margem-do-guadiana\/\"},\"author\":{\"name\":\"Telinha\",\"@id\":\"https:\/\/portaltela.pt\/#\/schema\/person\/c4278d4a6028830caff9ee44b42d32ed\"},\"headline\":\"Autoridade Mar\u00edtima apoia buscas de franc\u00eas desaparecido na margem do Guadiana\",\"datePublished\":\"2026-02-15T21:28:16+00:00\",\"mainEntityOfPage\":{\"@id\":\"https:\/\/portaltela.pt\/noticias\/2026\/02\/15\/autoridade-maritima-apoia-buscas-de-frances-desaparecido-na-margem-do-guadiana\/\"},\"wordCount\":200,\"image\":{\"@id\":\"https:\/\/portaltela.pt\/noticias\/2026\/02\/15\/autoridade-maritima-apoia-buscas-de-frances-desaparecido-na-margem-do-guadiana\/#primaryimage\"},\"thumbnailUrl\":\"https:\/\/portaltela.pt\/s.01k8rhncp4jt1\/2026\/02\/img_1500x1000uu2024-01-11-20-53-56-1538188-1.jpg\",\"keywords\":[\"Fran\u00e7a\",\"Guadiana\",\"Marinha\",\"Portugal\",\"Resgate Mar\u00edtimo\"],\"articleSection\":[\"Not\u00edcias\"],\"inLanguage\":\"pt-PT\"},{\"@type\":\"WebPage\",\"@id\":\"https:\/\/portaltela.pt\/noticias\/2026\/02\/15\/autoridade-maritima-apoia-buscas-de-frances-desaparecido-na-margem-do-guadiana\/\",\"url\":\"https:\/\/portaltela.pt\/noticias\/2026\/02\/15\/autoridade-maritima-apoia-buscas-de-frances-desaparecido-na-margem-do-guadiana\/\",\"name\":\"Autoridade Mar\u00edtima apoia buscas de franc\u00eas desaparecido na margem do Guadiana - Portal Tela Portugal\",\"isPartOf\":{\"@id\":\"https:\/\/portaltela.pt\/#website\"},\"primaryImageOfPage\":{\"@id\":\"https:\/\/portaltela.pt\/noticias\/2026\/02\/15\/autoridade-maritima-apoia-buscas-de-frances-desaparecido-na-margem-do-guadiana\/#primaryimage\"},\"image\":{\"@id\":\"https:\/\/portaltela.pt\/noticias\/2026\/02\/15\/autoridade-maritima-apoia-buscas-de-frances-desaparecido-na-margem-do-guadiana\/#primaryimage\"},\"thumbnailUrl\":\"https:\/\/portaltela.pt\/s.01k8rhncp4jt1\/2026\/02\/img_1500x1000uu2024-01-11-20-53-56-1538188-1.jpg\",\"datePublished\":\"2026-02-15T21:28:16+00:00\",\"author\":{\"@id\":\"https:\/\/portaltela.pt\/#\/schema\/person\/c4278d4a6028830caff9ee44b42d32ed\"},\"breadcrumb\":{\"@id\":\"https:\/\/portaltela.pt\/noticias\/2026\/02\/15\/autoridade-maritima-apoia-buscas-de-frances-desaparecido-na-margem-do-guadiana\/#breadcrumb\"},\"inLanguage\":\"pt-PT\",\"potentialAction\":[{\"@type\":\"ReadAction\",\"target\":[\"https:\/\/portaltela.pt\/noticias\/2026\/02\/15\/autoridade-maritima-apoia-buscas-de-frances-desaparecido-na-margem-do-guadiana\/\"]}]},{\"@type\":\"ImageObject\",\"inLanguage\":\"pt-PT\",\"@id\":\"https:\/\/portaltela.pt\/noticias\/2026\/02\/15\/autoridade-maritima-apoia-buscas-de-frances-desaparecido-na-margem-do-guadiana\/#primaryimage\",\"url\":\"https:\/\/portaltela.pt\/s.01k8rhncp4jt1\/2026\/02\/img_1500x1000uu2024-01-11-20-53-56-1538188-1.jpg\",\"contentUrl\":\"https:\/\/portaltela.pt\/s.01k8rhncp4jt1\/2026\/02\/img_1500x1000uu2024-01-11-20-53-56-1538188-1.jpg\",\"width\":796,\"height\":448,\"caption\":\"Pol\u00edcia Mar\u00edtima\"},{\"@type\":\"BreadcrumbList\",\"@id\":\"https:\/\/portaltela.pt\/noticias\/2026\/02\/15\/autoridade-maritima-apoia-buscas-de-frances-desaparecido-na-margem-do-guadiana\/#breadcrumb\",\"itemListElement\":[{\"@type\":\"ListItem\",\"position\":1,\"name\":\"In\u00edcio\",\"item\":\"https:\/\/portaltela.pt\/\"},{\"@type\":\"ListItem\",\"position\":2,\"name\":\"Autoridade Mar\u00edtima apoia buscas de franc\u00eas desaparecido na margem do Guadiana\"}]},{\"@type\":\"WebSite\",\"@id\":\"https:\/\/portaltela.pt\/#website\",\"url\":\"https:\/\/portaltela.pt\/\",\"name\":\"Portal Tela Portugal\",\"description\":\"\",\"potentialAction\":[{\"@type\":\"SearchAction\",\"target\":{\"@type\":\"EntryPoint\",\"urlTemplate\":\"https:\/\/portaltela.pt\/?s={search_term_string}\"},\"query-input\":{\"@type\":\"PropertyValueSpecification\",\"valueRequired\":true,\"valueName\":\"search_term_string\"}}],\"inLanguage\":\"pt-PT\"},{\"@type\":\"Person\",\"@id\":\"https:\/\/portaltela.pt\/#\/schema\/person\/c4278d4a6028830caff9ee44b42d32ed\",\"name\":\"Telinha\",\"image\":{\"@type\":\"ImageObject\",\"inLanguage\":\"pt-PT\",\"@id\":\"https:\/\/portaltela.pt\/s.01k8rhncp4jt1\/2025\/11\/talking-bot-125x125.png\",\"url\":\"https:\/\/portaltela.pt\/s.01k8rhncp4jt1\/2025\/11\/talking-bot-125x125.png\",\"contentUrl\":\"https:\/\/portaltela.pt\/s.01k8rhncp4jt1\/2025\/11\/talking-bot-125x125.png\",\"caption\":\"Telinha\"},\"sameAs\":[\"https:\/\/portaltela.pt\/\"],\"url\":\"https:\/\/portaltela.pt\/por\/367410592786\/\"}]}<\/script>\n<!-- \/ Yoast SEO plugin. -->","yoast_head_json":{"title":"Autoridade Mar\u00edtima apoia buscas de franc\u00eas desaparecido na margem do Guadiana - Portal Tela Portugal","robots":{"index":"index","follow":"follow","max-snippet":"max-snippet:-1","max-image-preview":"max-image-preview:large","max-video-preview":"max-video-preview:-1"},"og_locale":"pt_PT","og_type":"article","og_title":"Autoridade Mar\u00edtima apoia buscas de franc\u00eas desaparecido na margem do Guadiana - Portal Tela Portugal","og_description":"A Autoridade Mar\u00edtima Nacional (AMN) confirmou que participa nas buscas de um cidad\u00e3o franc\u00eas desaparecido na margem espanhola do Guadiana, na prov\u00edncia de Huelva. O homem, de 58 anos, foi dado como desaparecido no s\u00e1bado \u00e0s 19h10, alegadamente ap\u00f3s ter ca\u00eddo ao Guadiana, do lado de Espanha, a sul do Porto de La Laja. Est\u00e3o envolvidos elementos da Esta\u00e7\u00e3o Salva-Vidas de Vila Real de Santo Ant\u00f3nio, bem como da Capitania do Porto e do Comando Local da Pol\u00edcia Mar\u00edtima de Vila Real de Santo Ant\u00f3nio (Faro). A opera\u00e7\u00e3o, interrompida ao final do dia de hoje, contou com mergulhadores do Salvamento Mar\u00edtimo de Huelva e com o apoio de uma aeronave, sendo que dever\u00e1 ser retomada na segunda-feira de manh\u00e3.","og_url":"https:\/\/portaltela.pt\/noticias\/2026\/02\/15\/autoridade-maritima-apoia-buscas-de-frances-desaparecido-na-margem-do-guadiana\/","og_site_name":"Portal Tela Portugal","article_published_time":"2026-02-15T21:28:16+00:00","author":"Telinha","twitter_card":"summary_large_image","twitter_misc":{"Escrito por":"Telinha","Tempo estimado de leitura":"1 minuto"},"schema":{"@context":"https:\/\/schema.org","@graph":[{"@type":"Article","@id":"https:\/\/portaltela.pt\/noticias\/2026\/02\/15\/autoridade-maritima-apoia-buscas-de-frances-desaparecido-na-margem-do-guadiana\/#article","isPartOf":{"@id":"https:\/\/portaltela.pt\/noticias\/2026\/02\/15\/autoridade-maritima-apoia-buscas-de-frances-desaparecido-na-margem-do-guadiana\/"},"author":{"name":"Telinha","@id":"https:\/\/portaltela.pt\/#\/schema\/person\/c4278d4a6028830caff9ee44b42d32ed"},"headline":"Autoridade Mar\u00edtima apoia buscas de franc\u00eas desaparecido na margem do Guadiana","datePublished":"2026-02-15T21:28:16+00:00","mainEntityOfPage":{"@id":"https:\/\/portaltela.pt\/noticias\/2026\/02\/15\/autoridade-maritima-apoia-buscas-de-frances-desaparecido-na-margem-do-guadiana\/"},"wordCount":200,"image":{"@id":"https:\/\/portaltela.pt\/noticias\/2026\/02\/15\/autoridade-maritima-apoia-buscas-de-frances-desaparecido-na-margem-do-guadiana\/#primaryimage"},"thumbnailUrl":"https:\/\/portaltela.pt\/s.01k8rhncp4jt1\/2026\/02\/img_1500x1000uu2024-01-11-20-53-56-1538188-1.jpg","keywords":["Fran\u00e7a","Guadiana","Marinha","Portugal","Resgate Mar\u00edtimo"],"articleSection":["Not\u00edcias"],"inLanguage":"pt-PT"},{"@type":"WebPage","@id":"https:\/\/portaltela.pt\/noticias\/2026\/02\/15\/autoridade-maritima-apoia-buscas-de-frances-desaparecido-na-margem-do-guadiana\/","url":"https:\/\/portaltela.pt\/noticias\/2026\/02\/15\/autoridade-maritima-apoia-buscas-de-frances-desaparecido-na-margem-do-guadiana\/","name":"Autoridade Mar\u00edtima apoia buscas de franc\u00eas desaparecido na margem do Guadiana - Portal Tela Portugal","isPartOf":{"@id":"https:\/\/portaltela.pt\/#website"},"primaryImageOfPage":{"@id":"https:\/\/portaltela.pt\/noticias\/2026\/02\/15\/autoridade-maritima-apoia-buscas-de-frances-desaparecido-na-margem-do-guadiana\/#primaryimage"},"image":{"@id":"https:\/\/portaltela.pt\/noticias\/2026\/02\/15\/autoridade-maritima-apoia-buscas-de-frances-desaparecido-na-margem-do-guadiana\/#primaryimage"},"thumbnailUrl":"https:\/\/portaltela.pt\/s.01k8rhncp4jt1\/2026\/02\/img_1500x1000uu2024-01-11-20-53-56-1538188-1.jpg","datePublished":"2026-02-15T21:28:16+00:00","author":{"@id":"https:\/\/portaltela.pt\/#\/schema\/person\/c4278d4a6028830caff9ee44b42d32ed"},"breadcrumb":{"@id":"https:\/\/portaltela.pt\/noticias\/2026\/02\/15\/autoridade-maritima-apoia-buscas-de-frances-desaparecido-na-margem-do-guadiana\/#breadcrumb"},"inLanguage":"pt-PT","potentialAction":[{"@type":"ReadAction","target":["https:\/\/portaltela.pt\/noticias\/2026\/02\/15\/autoridade-maritima-apoia-buscas-de-frances-desaparecido-na-margem-do-guadiana\/"]}]},{"@type":"ImageObject","inLanguage":"pt-PT","@id":"https:\/\/portaltela.pt\/noticias\/2026\/02\/15\/autoridade-maritima-apoia-buscas-de-frances-desaparecido-na-margem-do-guadiana\/#primaryimage","url":"https:\/\/portaltela.pt\/s.01k8rhncp4jt1\/2026\/02\/img_1500x1000uu2024-01-11-20-53-56-1538188-1.jpg","contentUrl":"https:\/\/portaltela.pt\/s.01k8rhncp4jt1\/2026\/02\/img_1500x1000uu2024-01-11-20-53-56-1538188-1.jpg","width":796,"height":448,"caption":"Pol\u00edcia Mar\u00edtima"},{"@type":"BreadcrumbList","@id":"https:\/\/portaltela.pt\/noticias\/2026\/02\/15\/autoridade-maritima-apoia-buscas-de-frances-desaparecido-na-margem-do-guadiana\/#breadcrumb","itemListElement":[{"@type":"ListItem","position":1,"name":"In\u00edcio","item":"https:\/\/portaltela.pt\/"},{"@type":"ListItem","position":2,"name":"Autoridade Mar\u00edtima apoia buscas de franc\u00eas desaparecido na margem do Guadiana"}]},{"@type":"WebSite","@id":"https:\/\/portaltela.pt\/#website","url":"https:\/\/portaltela.pt\/","name":"Portal Tela Portugal","description":"","potentialAction":[{"@type":"SearchAction","target":{"@type":"EntryPoint","urlTemplate":"https:\/\/portaltela.pt\/?s={search_term_string}"},"query-input":{"@type":"PropertyValueSpecification","valueRequired":true,"valueName":"search_term_string"}}],"inLanguage":"pt-PT"},{"@type":"Person","@id":"https:\/\/portaltela.pt\/#\/schema\/person\/c4278d4a6028830caff9ee44b42d32ed","name":"Telinha","image":{"@type":"ImageObject","inLanguage":"pt-PT","@id":"https:\/\/portaltela.pt\/s.01k8rhncp4jt1\/2025\/11\/talking-bot-125x125.png","url":"https:\/\/portaltela.pt\/s.01k8rhncp4jt1\/2025\/11\/talking-bot-125x125.png","contentUrl":"https:\/\/portaltela.pt\/s.01k8rhncp4jt1\/2025\/11\/talking-bot-125x125.png","caption":"Telinha"},"sameAs":["https:\/\/portaltela.pt\/"],"url":"https:\/\/portaltela.pt\/por\/367410592786\/"}]}},"_links":{"self":[{"href":"https:\/\/portaltela.pt\/api\/wp\/v2\/posts\/213776","targetHints":{"allow":["GET"]}}],"collection":[{"href":"https:\/\/portaltela.pt\/api\/wp\/v2\/posts"}],"about":[{"href":"https:\/\/portaltela.pt\/api\/wp\/v2\/types\/post"}],"author":[{"embeddable":true,"href":"https:\/\/portaltela.pt\/api\/wp\/v2\/users\/2"}],"replies":[{"embeddable":true,"href":"https:\/\/portaltela.pt\/api\/wp\/v2\/comments?post=213776"}],"version-history":[{"count":0,"href":"https:\/\/portaltela.pt\/api\/wp\/v2\/posts\/213776\/revisions"}],"wp:featuredmedia":[{"embeddable":true,"href":"https:\/\/portaltela.pt\/api\/wp\/v2\/media\/213778"}],"wp:attachment":[{"href":"https:\/\/portaltela.pt\/api\/wp\/v2\/media?parent=213776"}],"wp:term":[{"taxonomy":"category","embeddable":true,"href":"https:\/\/portaltela.pt\/api\/wp\/v2\/categories?post=213776"},{"taxonomy":"post_tag","embeddable":true,"href":"https:\/\/portaltela.pt\/api\/wp\/v2\/tags?post=213776"}],"curies":[{"name":"wp","href":"https:\/\/api.w.org\/{rel}","templated":true}]}}