{"id":213768,"date":"2026-02-15T18:25:00","date_gmt":"2026-02-15T21:25:00","guid":{"rendered":"https:\/\/portaltela.pt\/noticias\/2026\/02\/15\/carrazeda-de-ansiaes-amplia-balneario-termal-de-sao-lourenco\/"},"modified":"2026-02-15T18:25:00","modified_gmt":"2026-02-15T21:25:00","slug":"carrazeda-de-ansiaes-amplia-balneario-termal-de-sao-lourenco","status":"publish","type":"post","link":"https:\/\/portaltela.pt\/noticias\/2026\/02\/15\/carrazeda-de-ansiaes-amplia-balneario-termal-de-sao-lourenco\/","title":{"rendered":"Carrazeda de Ansi\u00e3es amplia Balne\u00e1rio Termal de S\u00e3o Louren\u00e7o"},"content":{"rendered":"<p>A C\u00e2mara de Carrazeda de Ansi\u00e3es avan\u00e7a com o maior ciclo de investimento j\u00e1 realizado no concelho, superior a 15 milh\u00f5es de euros. Ao longo deste ano, est\u00e3o prontos para lan\u00e7ar novos projetos que somam mais 5,3 milh\u00f5es. Fonte aut\u00e1rquica adianta os n\u00fameros.<\/p>\n<p>As interven\u00e7\u00f5es abrangem \u00e1reas estrat\u00e9gicas como requalifica\u00e7\u00e3o e moderniza\u00e7\u00e3o de equipamentos municipais, habita\u00e7\u00e3o, acessibilidades e mobilidade, para al\u00e9m da valoriza\u00e7\u00e3o do espa\u00e7o p\u00fablico e das infraestruturas coletivas.<\/p>\n<p>O objetivo \u00e9 refor\u00e7ar servi\u00e7os locais, melhorar a qualidade de vida e dinamizar a economia do territ\u00f3rio, segundo a mesma fonte. O conjunto de a\u00e7\u00f5es pretende consolidar o desenvolvimento municipal ao longo dos pr\u00f3ximos meses.<\/p>\n<h3>Investimento e \u00e1reas-alvo<\/h3>\n<p>O montante global ultrapassa 15 milh\u00f5es, com admiss\u00f5es previstas de 5,3 milh\u00f5es em a\u00e7\u00f5es adicionais ainda este ano. As prioridades passam pela requalifica\u00e7\u00e3o de equipamentos municipais, programas de habita\u00e7\u00e3o e melhoria de acessibilidades.<\/p>\n<p>As iniciativas dever\u00e3o promover a moderniza\u00e7\u00e3o de infraestruturas p\u00fablicas, a melhoria da mobilidade local e a dinamiza\u00e7\u00e3o do espa\u00e7o urbano, ajudando a melhorar condi\u00e7\u00f5es de vida e atratividade do concelho.<\/p>\n","protected":false},"excerpt":{"rendered":"<ul>\n<li>Carrazeda de Ansi\u00e3es prepara o que \u00e9 descrito como o maior ciclo de investimento de sempre no concelho, com mais de 15 milh\u00f5es de euros j\u00e1 em marcha.<\/li>\n<li>Ao longo deste ano v\u00e3o ser lan\u00e7ados novos projetos, que somam mais 5,3 milh\u00f5es de euros, segundo uma fonte aut\u00e1rquica.<\/li>\n<li>As interven\u00e7\u00f5es abrangem v\u00e1rias \u00e1reas estrat\u00e9gicas, nomeadamente requalifica\u00e7\u00e3o e moderniza\u00e7\u00e3o de equipamentos municipais.<\/li>\n<li>Incluem tamb\u00e9mhabita\u00e7\u00e3o, acessibilidades e mobilidade, bem como valoriza\u00e7\u00e3o do espa\u00e7o p\u00fablico e de infraestruturas coletivas.<\/li>\n<li>O conjunto de a\u00e7\u00f5es visa fortalecer o desenvolvimento local, com foco na qualidade de servi\u00e7os p\u00fablicos e na melhoria das condi\u00e7\u00f5es de vida.<\/li>\n<\/ul>\n","protected":false},"author":2,"featured_media":213772,"comment_status":"closed","ping_status":"closed","sticky":false,"template":"","format":"standard","meta":{"footnotes":""},"categories":[1],"tags":[4946,4182,3724,150,258,2110],"class_list":["post-213768","post","type-post","status-publish","format-standard","has-post-thumbnail","hentry","category-noticias","tag-balnearios","tag-carrazeda-de-ansiaes","tag-desenvolvimento-urbano-sustentavel","tag-habitacao","tag-infraestruturas","tag-mobilidade"],"yoast_head":"<!-- This site is optimized with the Yoast SEO plugin v27.2 - https:\/\/yoast.com\/product\/yoast-seo-wordpress\/ -->\n<title>Carrazeda de Ansi\u00e3es amplia Balne\u00e1rio Termal de S\u00e3o Louren\u00e7o - Portal Tela Portugal<\/title>\n<meta name=\"robots\" content=\"index, follow, max-snippet:-1, max-image-preview:large, max-video-preview:-1\" \/>\n<meta property=\"og:locale\" content=\"pt_PT\" \/>\n<meta property=\"og:type\" content=\"article\" \/>\n<meta property=\"og:title\" content=\"Carrazeda de Ansi\u00e3es amplia Balne\u00e1rio Termal de S\u00e3o Louren\u00e7o - Portal Tela Portugal\" \/>\n<meta property=\"og:description\" content=\"Carrazeda de Ansi\u00e3es prepara o que \u00e9 descrito como o maior ciclo de investimento de sempre no concelho, com mais de 15 milh\u00f5es de euros j\u00e1 em marcha. Ao longo deste ano v\u00e3o ser lan\u00e7ados novos projetos, que somam mais 5,3 milh\u00f5es de euros, segundo uma fonte aut\u00e1rquica. As interven\u00e7\u00f5es abrangem v\u00e1rias \u00e1reas estrat\u00e9gicas, nomeadamente requalifica\u00e7\u00e3o e moderniza\u00e7\u00e3o de equipamentos municipais. Incluem tamb\u00e9mhabita\u00e7\u00e3o, acessibilidades e mobilidade, bem como valoriza\u00e7\u00e3o do espa\u00e7o p\u00fablico e de infraestruturas coletivas. O conjunto de a\u00e7\u00f5es visa fortalecer o desenvolvimento local, com foco na qualidade de servi\u00e7os p\u00fablicos e na melhoria das condi\u00e7\u00f5es de vida.\" \/>\n<meta property=\"og:url\" content=\"https:\/\/portaltela.pt\/noticias\/2026\/02\/15\/carrazeda-de-ansiaes-amplia-balneario-termal-de-sao-lourenco\/\" \/>\n<meta property=\"og:site_name\" content=\"Portal Tela Portugal\" \/>\n<meta property=\"article:published_time\" content=\"2026-02-15T21:25:00+00:00\" \/>\n<meta name=\"author\" content=\"Telinha\" \/>\n<meta name=\"twitter:card\" content=\"summary_large_image\" \/>\n<meta name=\"twitter:label1\" content=\"Escrito por\" \/>\n\t<meta name=\"twitter:data1\" content=\"Telinha\" \/>\n\t<meta name=\"twitter:label2\" content=\"Tempo estimado de leitura\" \/>\n\t<meta name=\"twitter:data2\" content=\"1 minuto\" \/>\n<script type=\"application\/ld+json\" class=\"yoast-schema-graph\">{\"@context\":\"https:\/\/schema.org\",\"@graph\":[{\"@type\":\"Article\",\"@id\":\"https:\/\/portaltela.pt\/noticias\/2026\/02\/15\/carrazeda-de-ansiaes-amplia-balneario-termal-de-sao-lourenco\/#article\",\"isPartOf\":{\"@id\":\"https:\/\/portaltela.pt\/noticias\/2026\/02\/15\/carrazeda-de-ansiaes-amplia-balneario-termal-de-sao-lourenco\/\"},\"author\":{\"name\":\"Telinha\",\"@id\":\"https:\/\/portaltela.pt\/#\/schema\/person\/c4278d4a6028830caff9ee44b42d32ed\"},\"headline\":\"Carrazeda de Ansi\u00e3es amplia Balne\u00e1rio Termal de S\u00e3o Louren\u00e7o\",\"datePublished\":\"2026-02-15T21:25:00+00:00\",\"mainEntityOfPage\":{\"@id\":\"https:\/\/portaltela.pt\/noticias\/2026\/02\/15\/carrazeda-de-ansiaes-amplia-balneario-termal-de-sao-lourenco\/\"},\"wordCount\":214,\"image\":{\"@id\":\"https:\/\/portaltela.pt\/noticias\/2026\/02\/15\/carrazeda-de-ansiaes-amplia-balneario-termal-de-sao-lourenco\/#primaryimage\"},\"thumbnailUrl\":\"https:\/\/portaltela.pt\/s.01k8rhncp4jt1\/2026\/02\/bba6fa9d-bc99-46db-8fa7-d1c24630eb56_1200x675.jpg\",\"keywords\":[\"balne\u00e1rios\",\"Carrazeda de Ansi\u00e3es\",\"desenvolvimento urbano sustent\u00e1vel\",\"habita\u00e7\u00e3o\",\"infraestruturas\",\"mobilidade\"],\"articleSection\":[\"Not\u00edcias\"],\"inLanguage\":\"pt-PT\"},{\"@type\":\"WebPage\",\"@id\":\"https:\/\/portaltela.pt\/noticias\/2026\/02\/15\/carrazeda-de-ansiaes-amplia-balneario-termal-de-sao-lourenco\/\",\"url\":\"https:\/\/portaltela.pt\/noticias\/2026\/02\/15\/carrazeda-de-ansiaes-amplia-balneario-termal-de-sao-lourenco\/\",\"name\":\"Carrazeda de Ansi\u00e3es amplia Balne\u00e1rio Termal de S\u00e3o Louren\u00e7o - Portal Tela Portugal\",\"isPartOf\":{\"@id\":\"https:\/\/portaltela.pt\/#website\"},\"primaryImageOfPage\":{\"@id\":\"https:\/\/portaltela.pt\/noticias\/2026\/02\/15\/carrazeda-de-ansiaes-amplia-balneario-termal-de-sao-lourenco\/#primaryimage\"},\"image\":{\"@id\":\"https:\/\/portaltela.pt\/noticias\/2026\/02\/15\/carrazeda-de-ansiaes-amplia-balneario-termal-de-sao-lourenco\/#primaryimage\"},\"thumbnailUrl\":\"https:\/\/portaltela.pt\/s.01k8rhncp4jt1\/2026\/02\/bba6fa9d-bc99-46db-8fa7-d1c24630eb56_1200x675.jpg\",\"datePublished\":\"2026-02-15T21:25:00+00:00\",\"author\":{\"@id\":\"https:\/\/portaltela.pt\/#\/schema\/person\/c4278d4a6028830caff9ee44b42d32ed\"},\"breadcrumb\":{\"@id\":\"https:\/\/portaltela.pt\/noticias\/2026\/02\/15\/carrazeda-de-ansiaes-amplia-balneario-termal-de-sao-lourenco\/#breadcrumb\"},\"inLanguage\":\"pt-PT\",\"potentialAction\":[{\"@type\":\"ReadAction\",\"target\":[\"https:\/\/portaltela.pt\/noticias\/2026\/02\/15\/carrazeda-de-ansiaes-amplia-balneario-termal-de-sao-lourenco\/\"]}]},{\"@type\":\"ImageObject\",\"inLanguage\":\"pt-PT\",\"@id\":\"https:\/\/portaltela.pt\/noticias\/2026\/02\/15\/carrazeda-de-ansiaes-amplia-balneario-termal-de-sao-lourenco\/#primaryimage\",\"url\":\"https:\/\/portaltela.pt\/s.01k8rhncp4jt1\/2026\/02\/bba6fa9d-bc99-46db-8fa7-d1c24630eb56_1200x675.jpg\",\"contentUrl\":\"https:\/\/portaltela.pt\/s.01k8rhncp4jt1\/2026\/02\/bba6fa9d-bc99-46db-8fa7-d1c24630eb56_1200x675.jpg\",\"width\":796,\"height\":448,\"caption\":\"Vilarinho da Castanheira ser\u00e1 uma aposta no turismo da natureza\"},{\"@type\":\"BreadcrumbList\",\"@id\":\"https:\/\/portaltela.pt\/noticias\/2026\/02\/15\/carrazeda-de-ansiaes-amplia-balneario-termal-de-sao-lourenco\/#breadcrumb\",\"itemListElement\":[{\"@type\":\"ListItem\",\"position\":1,\"name\":\"In\u00edcio\",\"item\":\"https:\/\/portaltela.pt\/\"},{\"@type\":\"ListItem\",\"position\":2,\"name\":\"Carrazeda de Ansi\u00e3es amplia Balne\u00e1rio Termal de S\u00e3o Louren\u00e7o\"}]},{\"@type\":\"WebSite\",\"@id\":\"https:\/\/portaltela.pt\/#website\",\"url\":\"https:\/\/portaltela.pt\/\",\"name\":\"Portal Tela Portugal\",\"description\":\"\",\"potentialAction\":[{\"@type\":\"SearchAction\",\"target\":{\"@type\":\"EntryPoint\",\"urlTemplate\":\"https:\/\/portaltela.pt\/?s={search_term_string}\"},\"query-input\":{\"@type\":\"PropertyValueSpecification\",\"valueRequired\":true,\"valueName\":\"search_term_string\"}}],\"inLanguage\":\"pt-PT\"},{\"@type\":\"Person\",\"@id\":\"https:\/\/portaltela.pt\/#\/schema\/person\/c4278d4a6028830caff9ee44b42d32ed\",\"name\":\"Telinha\",\"image\":{\"@type\":\"ImageObject\",\"inLanguage\":\"pt-PT\",\"@id\":\"https:\/\/portaltela.pt\/s.01k8rhncp4jt1\/2025\/11\/talking-bot-125x125.png\",\"url\":\"https:\/\/portaltela.pt\/s.01k8rhncp4jt1\/2025\/11\/talking-bot-125x125.png\",\"contentUrl\":\"https:\/\/portaltela.pt\/s.01k8rhncp4jt1\/2025\/11\/talking-bot-125x125.png\",\"caption\":\"Telinha\"},\"sameAs\":[\"https:\/\/portaltela.pt\/\"],\"url\":\"https:\/\/portaltela.pt\/por\/367410592786\/\"}]}<\/script>\n<!-- \/ Yoast SEO plugin. -->","yoast_head_json":{"title":"Carrazeda de Ansi\u00e3es amplia Balne\u00e1rio Termal de S\u00e3o Louren\u00e7o - Portal Tela Portugal","robots":{"index":"index","follow":"follow","max-snippet":"max-snippet:-1","max-image-preview":"max-image-preview:large","max-video-preview":"max-video-preview:-1"},"og_locale":"pt_PT","og_type":"article","og_title":"Carrazeda de Ansi\u00e3es amplia Balne\u00e1rio Termal de S\u00e3o Louren\u00e7o - Portal Tela Portugal","og_description":"Carrazeda de Ansi\u00e3es prepara o que \u00e9 descrito como o maior ciclo de investimento de sempre no concelho, com mais de 15 milh\u00f5es de euros j\u00e1 em marcha. Ao longo deste ano v\u00e3o ser lan\u00e7ados novos projetos, que somam mais 5,3 milh\u00f5es de euros, segundo uma fonte aut\u00e1rquica. As interven\u00e7\u00f5es abrangem v\u00e1rias \u00e1reas estrat\u00e9gicas, nomeadamente requalifica\u00e7\u00e3o e moderniza\u00e7\u00e3o de equipamentos municipais. Incluem tamb\u00e9mhabita\u00e7\u00e3o, acessibilidades e mobilidade, bem como valoriza\u00e7\u00e3o do espa\u00e7o p\u00fablico e de infraestruturas coletivas. O conjunto de a\u00e7\u00f5es visa fortalecer o desenvolvimento local, com foco na qualidade de servi\u00e7os p\u00fablicos e na melhoria das condi\u00e7\u00f5es de vida.","og_url":"https:\/\/portaltela.pt\/noticias\/2026\/02\/15\/carrazeda-de-ansiaes-amplia-balneario-termal-de-sao-lourenco\/","og_site_name":"Portal Tela Portugal","article_published_time":"2026-02-15T21:25:00+00:00","author":"Telinha","twitter_card":"summary_large_image","twitter_misc":{"Escrito por":"Telinha","Tempo estimado de leitura":"1 minuto"},"schema":{"@context":"https:\/\/schema.org","@graph":[{"@type":"Article","@id":"https:\/\/portaltela.pt\/noticias\/2026\/02\/15\/carrazeda-de-ansiaes-amplia-balneario-termal-de-sao-lourenco\/#article","isPartOf":{"@id":"https:\/\/portaltela.pt\/noticias\/2026\/02\/15\/carrazeda-de-ansiaes-amplia-balneario-termal-de-sao-lourenco\/"},"author":{"name":"Telinha","@id":"https:\/\/portaltela.pt\/#\/schema\/person\/c4278d4a6028830caff9ee44b42d32ed"},"headline":"Carrazeda de Ansi\u00e3es amplia Balne\u00e1rio Termal de S\u00e3o Louren\u00e7o","datePublished":"2026-02-15T21:25:00+00:00","mainEntityOfPage":{"@id":"https:\/\/portaltela.pt\/noticias\/2026\/02\/15\/carrazeda-de-ansiaes-amplia-balneario-termal-de-sao-lourenco\/"},"wordCount":214,"image":{"@id":"https:\/\/portaltela.pt\/noticias\/2026\/02\/15\/carrazeda-de-ansiaes-amplia-balneario-termal-de-sao-lourenco\/#primaryimage"},"thumbnailUrl":"https:\/\/portaltela.pt\/s.01k8rhncp4jt1\/2026\/02\/bba6fa9d-bc99-46db-8fa7-d1c24630eb56_1200x675.jpg","keywords":["balne\u00e1rios","Carrazeda de Ansi\u00e3es","desenvolvimento urbano sustent\u00e1vel","habita\u00e7\u00e3o","infraestruturas","mobilidade"],"articleSection":["Not\u00edcias"],"inLanguage":"pt-PT"},{"@type":"WebPage","@id":"https:\/\/portaltela.pt\/noticias\/2026\/02\/15\/carrazeda-de-ansiaes-amplia-balneario-termal-de-sao-lourenco\/","url":"https:\/\/portaltela.pt\/noticias\/2026\/02\/15\/carrazeda-de-ansiaes-amplia-balneario-termal-de-sao-lourenco\/","name":"Carrazeda de Ansi\u00e3es amplia Balne\u00e1rio Termal de S\u00e3o Louren\u00e7o - Portal Tela Portugal","isPartOf":{"@id":"https:\/\/portaltela.pt\/#website"},"primaryImageOfPage":{"@id":"https:\/\/portaltela.pt\/noticias\/2026\/02\/15\/carrazeda-de-ansiaes-amplia-balneario-termal-de-sao-lourenco\/#primaryimage"},"image":{"@id":"https:\/\/portaltela.pt\/noticias\/2026\/02\/15\/carrazeda-de-ansiaes-amplia-balneario-termal-de-sao-lourenco\/#primaryimage"},"thumbnailUrl":"https:\/\/portaltela.pt\/s.01k8rhncp4jt1\/2026\/02\/bba6fa9d-bc99-46db-8fa7-d1c24630eb56_1200x675.jpg","datePublished":"2026-02-15T21:25:00+00:00","author":{"@id":"https:\/\/portaltela.pt\/#\/schema\/person\/c4278d4a6028830caff9ee44b42d32ed"},"breadcrumb":{"@id":"https:\/\/portaltela.pt\/noticias\/2026\/02\/15\/carrazeda-de-ansiaes-amplia-balneario-termal-de-sao-lourenco\/#breadcrumb"},"inLanguage":"pt-PT","potentialAction":[{"@type":"ReadAction","target":["https:\/\/portaltela.pt\/noticias\/2026\/02\/15\/carrazeda-de-ansiaes-amplia-balneario-termal-de-sao-lourenco\/"]}]},{"@type":"ImageObject","inLanguage":"pt-PT","@id":"https:\/\/portaltela.pt\/noticias\/2026\/02\/15\/carrazeda-de-ansiaes-amplia-balneario-termal-de-sao-lourenco\/#primaryimage","url":"https:\/\/portaltela.pt\/s.01k8rhncp4jt1\/2026\/02\/bba6fa9d-bc99-46db-8fa7-d1c24630eb56_1200x675.jpg","contentUrl":"https:\/\/portaltela.pt\/s.01k8rhncp4jt1\/2026\/02\/bba6fa9d-bc99-46db-8fa7-d1c24630eb56_1200x675.jpg","width":796,"height":448,"caption":"Vilarinho da Castanheira ser\u00e1 uma aposta no turismo da natureza"},{"@type":"BreadcrumbList","@id":"https:\/\/portaltela.pt\/noticias\/2026\/02\/15\/carrazeda-de-ansiaes-amplia-balneario-termal-de-sao-lourenco\/#breadcrumb","itemListElement":[{"@type":"ListItem","position":1,"name":"In\u00edcio","item":"https:\/\/portaltela.pt\/"},{"@type":"ListItem","position":2,"name":"Carrazeda de Ansi\u00e3es amplia Balne\u00e1rio Termal de S\u00e3o Louren\u00e7o"}]},{"@type":"WebSite","@id":"https:\/\/portaltela.pt\/#website","url":"https:\/\/portaltela.pt\/","name":"Portal Tela Portugal","description":"","potentialAction":[{"@type":"SearchAction","target":{"@type":"EntryPoint","urlTemplate":"https:\/\/portaltela.pt\/?s={search_term_string}"},"query-input":{"@type":"PropertyValueSpecification","valueRequired":true,"valueName":"search_term_string"}}],"inLanguage":"pt-PT"},{"@type":"Person","@id":"https:\/\/portaltela.pt\/#\/schema\/person\/c4278d4a6028830caff9ee44b42d32ed","name":"Telinha","image":{"@type":"ImageObject","inLanguage":"pt-PT","@id":"https:\/\/portaltela.pt\/s.01k8rhncp4jt1\/2025\/11\/talking-bot-125x125.png","url":"https:\/\/portaltela.pt\/s.01k8rhncp4jt1\/2025\/11\/talking-bot-125x125.png","contentUrl":"https:\/\/portaltela.pt\/s.01k8rhncp4jt1\/2025\/11\/talking-bot-125x125.png","caption":"Telinha"},"sameAs":["https:\/\/portaltela.pt\/"],"url":"https:\/\/portaltela.pt\/por\/367410592786\/"}]}},"_links":{"self":[{"href":"https:\/\/portaltela.pt\/api\/wp\/v2\/posts\/213768","targetHints":{"allow":["GET"]}}],"collection":[{"href":"https:\/\/portaltela.pt\/api\/wp\/v2\/posts"}],"about":[{"href":"https:\/\/portaltela.pt\/api\/wp\/v2\/types\/post"}],"author":[{"embeddable":true,"href":"https:\/\/portaltela.pt\/api\/wp\/v2\/users\/2"}],"replies":[{"embeddable":true,"href":"https:\/\/portaltela.pt\/api\/wp\/v2\/comments?post=213768"}],"version-history":[{"count":0,"href":"https:\/\/portaltela.pt\/api\/wp\/v2\/posts\/213768\/revisions"}],"wp:featuredmedia":[{"embeddable":true,"href":"https:\/\/portaltela.pt\/api\/wp\/v2\/media\/213772"}],"wp:attachment":[{"href":"https:\/\/portaltela.pt\/api\/wp\/v2\/media?parent=213768"}],"wp:term":[{"taxonomy":"category","embeddable":true,"href":"https:\/\/portaltela.pt\/api\/wp\/v2\/categories?post=213768"},{"taxonomy":"post_tag","embeddable":true,"href":"https:\/\/portaltela.pt\/api\/wp\/v2\/tags?post=213768"}],"curies":[{"name":"wp","href":"https:\/\/api.w.org\/{rel}","templated":true}]}}